{"id":16820,"date":"2019-06-12T13:01:30","date_gmt":"2019-06-12T11:01:30","guid":{"rendered":"http:\/\/www.robertosedda.it\/?p=16820"},"modified":"2019-06-24T13:50:07","modified_gmt":"2019-06-24T11:50:07","slug":"cera-gia","status":"publish","type":"post","link":"http:\/\/www.robertosedda.it\/?p=16820","title":{"rendered":"C&#8217;era gi\u00e0"},"content":{"rendered":"\n<figure class=\"wp-block-image alignwide\"><img data-attachment-id=\"16821\" data-permalink=\"http:\/\/www.robertosedda.it\/?attachment_id=16821\" data-orig-file=\"https:\/\/i0.wp.com\/www.robertosedda.it\/wp-content\/uploads\/2019\/06\/Olivastro.jpg?fit=1300%2C975\" data-orig-size=\"1300,975\" data-comments-opened=\"1\" data-image-meta=\"{&quot;aperture&quot;:&quot;0&quot;,&quot;credit&quot;:&quot;&quot;,&quot;camera&quot;:&quot;&quot;,&quot;caption&quot;:&quot;&quot;,&quot;created_timestamp&quot;:&quot;0&quot;,&quot;copyright&quot;:&quot;&quot;,&quot;focal_length&quot;:&quot;0&quot;,&quot;iso&quot;:&quot;0&quot;,&quot;shutter_speed&quot;:&quot;0&quot;,&quot;title&quot;:&quot;&quot;,&quot;orientation&quot;:&quot;0&quot;}\" data-image-title=\"Olivastro\" data-image-description=\"\" data-image-caption=\"\" data-medium-file=\"https:\/\/i0.wp.com\/www.robertosedda.it\/wp-content\/uploads\/2019\/06\/Olivastro.jpg?fit=300%2C225\" data-large-file=\"https:\/\/i0.wp.com\/www.robertosedda.it\/wp-content\/uploads\/2019\/06\/Olivastro.jpg?fit=510%2C383\" decoding=\"async\" loading=\"lazy\" width=\"800\" height=\"600\" src=\"https:\/\/i0.wp.com\/www.robertosedda.it\/wp-content\/uploads\/2019\/06\/Olivastro.jpg?resize=800%2C600\" alt=\"\" class=\"wp-image-16821\" srcset=\"https:\/\/i0.wp.com\/www.robertosedda.it\/wp-content\/uploads\/2019\/06\/Olivastro.jpg?w=1300 1300w, https:\/\/i0.wp.com\/www.robertosedda.it\/wp-content\/uploads\/2019\/06\/Olivastro.jpg?resize=150%2C113 150w, https:\/\/i0.wp.com\/www.robertosedda.it\/wp-content\/uploads\/2019\/06\/Olivastro.jpg?resize=300%2C225 300w, https:\/\/i0.wp.com\/www.robertosedda.it\/wp-content\/uploads\/2019\/06\/Olivastro.jpg?resize=510%2C383 510w\" sizes=\"(max-width: 800px) 100vw, 800px\" data-recalc-dims=\"1\" \/><figcaption>L&#8217;olivastro millenario di Sant&#8217;Antonio di Luras<\/figcaption><\/figure>\n\n\n\n<p style=\"text-align:left\">Mi sono dimenticato di raccontare che durante una recente gita familiare in Gallura (dalla parte interna, verso il lago Liscia) siamo andati a vedere il gruppo degli olivastri millenari di Sant&#8217;Antonio di Luras.<\/p>\n\n\n\n<p>Che a dirlo cos\u00ec mi sembrava una cosa abbastanza normale: degli alberi molto antichi, magari un bosco intorno.<\/p>\n\n\n\n<p>\u00c8 stato quando la guida ci ha detto, con precisione, che il pi\u00f9 vecchio degli alberi ha fra i 3800 e i 4000 anni che mi sono fermato a riflettere: vuol dire che sono fra le cose pi\u00f9 antiche che ho mai visto. Pi\u00f9 vecchi di cose che consideriamo antichissime. E anche gli altri due olivastri millenari del gruppo, che magari hanno <em>solo<\/em> 2000 anni, sono pi\u00f9 antichi della nostra civilt\u00e0 cristiana. Vicino al <em>residence<\/em> dove abbiamo dormito c&#8217;era un altro ulivastro, non ancora censito, che secondo il padrone ha 3000 anni: non so se fosse vero, ma certo era maestoso.<\/p>\n\n\n\n<figure class=\"wp-block-image alignwide\"><img data-attachment-id=\"16822\" data-permalink=\"http:\/\/www.robertosedda.it\/?attachment_id=16822\" data-orig-file=\"https:\/\/i0.wp.com\/www.robertosedda.it\/wp-content\/uploads\/2019\/06\/Lago-Liscia.jpg?fit=1300%2C975\" data-orig-size=\"1300,975\" data-comments-opened=\"1\" data-image-meta=\"{&quot;aperture&quot;:&quot;0&quot;,&quot;credit&quot;:&quot;&quot;,&quot;camera&quot;:&quot;&quot;,&quot;caption&quot;:&quot;&quot;,&quot;created_timestamp&quot;:&quot;0&quot;,&quot;copyright&quot;:&quot;&quot;,&quot;focal_length&quot;:&quot;0&quot;,&quot;iso&quot;:&quot;0&quot;,&quot;shutter_speed&quot;:&quot;0&quot;,&quot;title&quot;:&quot;&quot;,&quot;orientation&quot;:&quot;0&quot;}\" data-image-title=\"Lago Liscia\" data-image-description=\"\" data-image-caption=\"\" data-medium-file=\"https:\/\/i0.wp.com\/www.robertosedda.it\/wp-content\/uploads\/2019\/06\/Lago-Liscia.jpg?fit=300%2C225\" data-large-file=\"https:\/\/i0.wp.com\/www.robertosedda.it\/wp-content\/uploads\/2019\/06\/Lago-Liscia.jpg?fit=510%2C383\" decoding=\"async\" loading=\"lazy\" width=\"800\" height=\"600\" src=\"https:\/\/i0.wp.com\/www.robertosedda.it\/wp-content\/uploads\/2019\/06\/Lago-Liscia.jpg?resize=800%2C600\" alt=\"\" class=\"wp-image-16822\" srcset=\"https:\/\/i0.wp.com\/www.robertosedda.it\/wp-content\/uploads\/2019\/06\/Lago-Liscia.jpg?w=1300 1300w, https:\/\/i0.wp.com\/www.robertosedda.it\/wp-content\/uploads\/2019\/06\/Lago-Liscia.jpg?resize=150%2C113 150w, https:\/\/i0.wp.com\/www.robertosedda.it\/wp-content\/uploads\/2019\/06\/Lago-Liscia.jpg?resize=300%2C225 300w, https:\/\/i0.wp.com\/www.robertosedda.it\/wp-content\/uploads\/2019\/06\/Lago-Liscia.jpg?resize=510%2C383 510w\" sizes=\"(max-width: 800px) 100vw, 800px\" data-recalc-dims=\"1\" \/><figcaption>Lago Liscia<\/figcaption><\/figure>\n\n\n\n<p>Devo dire che mi ha fatto molta impressione. Non solo perch\u00e9 la pianta affonda le radici in un passato che ci \u00e8 per molti aspetti sconosciuto e che non possiamo immaginare &#8211; se guardi al Colosseo sai chi l&#8217;ha fatto e perch\u00e9, e cosa gli \u00e8 successo nei secoli &#8211; ma anche perch\u00e9, ed \u00e8 un&#8217;altra cosa sulla quale non mi ero mai soffermato, \u00e8 un essere <em>vivente<\/em>.<\/p>\n\n\n\n<p>La zona \u00e8 bellissima e la visita, trattandosi anche dell&#8217;albero pi\u00f9 antico d&#8217;Italia, merita. <\/p>\n\n\n\n<p>Portatevi qualcosa di poesia da leggere, passeggiando attorno all&#8217;albero (che so, <em>A una quercia di Newstead<\/em> di Lord Byron mi parrebbe adatta). <\/p>\n\n\n\n<p>E un panino al salame, o mortadella, da mangiare subito dopo. Meglio non prendersi troppo sul serio: \u00e8 un essere vivente, e un vecchio amico, non una maledetta piramide di Cheope, anche se hanno solo pochi secoli di differenza.<\/p>\n","protected":false},"excerpt":{"rendered":"<p>Mi sono dimenticato di raccontare che durante una recente gita familiare in Gallura (dalla parte interna, verso il lago Liscia)<\/p>\n","protected":false},"author":1,"featured_media":16821,"comment_status":"open","ping_status":"open","sticky":false,"template":"","format":"standard","meta":{"_mi_skip_tracking":false,"_monsterinsights_sitenote_active":false,"_monsterinsights_sitenote_note":"","_monsterinsights_sitenote_category":0,"jetpack_post_was_ever_published":false,"_jetpack_newsletter_access":"","jetpack_publicize_message":"","jetpack_is_tweetstorm":false,"jetpack_publicize_feature_enabled":true,"jetpack_social_post_already_shared":true,"jetpack_social_options":{"image_generator_settings":{"template":"highway","enabled":false}}},"categories":[52,53,88],"tags":[],"jetpack_publicize_connections":[],"jetpack_featured_media_url":"https:\/\/i0.wp.com\/www.robertosedda.it\/wp-content\/uploads\/2019\/06\/Olivastro.jpg?fit=1300%2C975","jetpack_sharing_enabled":true,"jetpack_shortlink":"https:\/\/wp.me\/p4jV2T-4ni","jetpack_likes_enabled":true,"jetpack-related-posts":[{"id":12661,"url":"http:\/\/www.robertosedda.it\/?p=12661","url_meta":{"origin":16820,"position":0},"title":"Lo spiazzista non abita pi\u00f9 qui (e neanche Bob Dylan sta tanto bene)","author":"Rufus","date":"14\/10\/2016","format":"video","excerpt":"Le\u00a0 meravigliose discussioni sul Nobel a Bob Dylan, col loro meraviglioso ventaglio di opinioni e la loro (non tanto) meravigliosa superficialit\u00e0 mi hanno fatto pensare come l'avanzata galoppante del trasferimento del dibattito pubblico sui social e in generale sulla rete abbia comportato la repentina crisi di una figura che altrettanto\u2026","rel":"","context":"In &quot;Coordinate&quot;","block_context":{"text":"Coordinate","link":"http:\/\/www.robertosedda.it\/?cat=52"},"img":{"alt_text":"","src":"https:\/\/i0.wp.com\/img.youtube.com\/vi\/DHqqlm9yf7M\/0.jpg?resize=350%2C200","width":350,"height":200},"classes":[]},{"id":15463,"url":"http:\/\/www.robertosedda.it\/?p=15463","url_meta":{"origin":16820,"position":1},"title":"Come battere l&#8217;algoritmo di Facebook","author":"Rufus","date":"12\/07\/2018","format":false,"excerpt":"Vedo passare sulle bacheche di diversi miei contatti un testo che riguarda il modo di\u00a0bypassare il presunto nuovo algoritmo di\u00a0Facebook per evitare che ti faccia vedere sempre e solo i soliti venticinque amici. Ora, \u00e8 chiaro che \u00e8 una bufala, che tra l'altro girava pi\u00f9 o meno uguale un paio\u2026","rel":"","context":"In &quot;Coordinate&quot;","block_context":{"text":"Coordinate","link":"http:\/\/www.robertosedda.it\/?cat=52"},"img":{"alt_text":"","src":"https:\/\/i0.wp.com\/www.robertosedda.it\/wp-content\/uploads\/2018\/07\/Algoritmo-1.jpg?fit=1195%2C707&resize=350%2C200","width":350,"height":200,"srcset":"https:\/\/i0.wp.com\/www.robertosedda.it\/wp-content\/uploads\/2018\/07\/Algoritmo-1.jpg?fit=1195%2C707&resize=350%2C200 1x, https:\/\/i0.wp.com\/www.robertosedda.it\/wp-content\/uploads\/2018\/07\/Algoritmo-1.jpg?fit=1195%2C707&resize=700%2C400 2x, https:\/\/i0.wp.com\/www.robertosedda.it\/wp-content\/uploads\/2018\/07\/Algoritmo-1.jpg?fit=1195%2C707&resize=1050%2C600 3x"},"classes":[]},{"id":2796,"url":"http:\/\/www.robertosedda.it\/?p=2796","url_meta":{"origin":16820,"position":2},"title":"Nominations di Sant&#8217;Antonio","author":"Rufus","date":"05\/04\/2013","format":false,"excerpt":"Liebster Awards Mauro Cogoni, blogger-chef residente di Marito alla parmigiana, mi ha nominato all'interno dei Liebster Awards. Se non ho capito male, \u00e8 un giochillo fatto dai piccoli blogger per sostenersi a vicenda e\u00a0orientare reciprocamente il proprio pubblico. Un po' la cosa mi ha posto dei problemi morettiani (mi si\u2026","rel":"","context":"In &quot;Coordinate&quot;","block_context":{"text":"Coordinate","link":"http:\/\/www.robertosedda.it\/?cat=52"},"img":{"alt_text":"","src":"","width":0,"height":0},"classes":[]},{"id":15434,"url":"http:\/\/www.robertosedda.it\/?p=15434","url_meta":{"origin":16820,"position":3},"title":"Z-nation, percezioni, immigrati e altre ronde","author":"Rufus","date":"05\/07\/2018","format":false,"excerpt":"L'altro giorno ho visto passare sulla bacheca di una amica questo messaggio: STAMANE MI \u00c8 ARRIVATO QUESTO MESSAGGIO. \u00c8 ACCADUTO IERI 2 LUGLIO 2018 A SASSARI, IN VIA BOGINO. Ciao a tutt*, oggi purtroppo \u00e8 accaduto un fatto gravissimo e ve\u00a0ne parlo perch\u00e9 non possiamo lasciarlo passare inosservato. Nel pomeriggio\u2026","rel":"","context":"In &quot;Antropologia&quot;","block_context":{"text":"Antropologia","link":"http:\/\/www.robertosedda.it\/?cat=97"},"img":{"alt_text":"","src":"https:\/\/i0.wp.com\/www.robertosedda.it\/wp-content\/uploads\/2018\/07\/Zombie.jpeg?fit=900%2C557&resize=350%2C200","width":350,"height":200,"srcset":"https:\/\/i0.wp.com\/www.robertosedda.it\/wp-content\/uploads\/2018\/07\/Zombie.jpeg?fit=900%2C557&resize=350%2C200 1x, https:\/\/i0.wp.com\/www.robertosedda.it\/wp-content\/uploads\/2018\/07\/Zombie.jpeg?fit=900%2C557&resize=700%2C400 2x"},"classes":[]},{"id":13753,"url":"http:\/\/www.robertosedda.it\/?p=13753","url_meta":{"origin":16820,"position":4},"title":"Le chiavi dentro il negozio e la vergogna dell&#8217;ingenuo Rufus","author":"Rufus","date":"22\/05\/2017","format":false,"excerpt":"Questa \u00e8 la storia di una mia recente avventura torinese e, per rimanere in tema, inizia su un tram affollato. Avviene dunque che il giorno ci sia sciopero e quindi, all'improvviso, l'autista spenga le luci e annunci che la corsa finisce l\u00ec perch\u00e9 lui se ne va in deposito. Il\u2026","rel":"","context":"In &quot;Coordinate&quot;","block_context":{"text":"Coordinate","link":"http:\/\/www.robertosedda.it\/?cat=52"},"img":{"alt_text":"","src":"https:\/\/i0.wp.com\/www.robertosedda.it\/wp-content\/uploads\/2017\/05\/Truffa.jpg?fit=585%2C336&resize=350%2C200","width":350,"height":200},"classes":[]},{"id":532,"url":"http:\/\/www.robertosedda.it\/?p=532","url_meta":{"origin":16820,"position":5},"title":"Gli Inklings","author":"Rufus","date":"22\/08\/2012","format":false,"excerpt":"In due parole, gli Inklings \u00e8 una biografia parallela di Tolkien (autore de Il Signore degli Anelli, lo Hobbit e... ok, sapete di chi parlo), Lewis (Ciclo di Narnia, Lettere di Berlicche, Ciclo di Ransom etc), Charles Williams e altri esponenti della cultura inglese del secondo e terzo quarto del\u2026","rel":"","context":"In &quot;Coordinate&quot;","block_context":{"text":"Coordinate","link":"http:\/\/www.robertosedda.it\/?cat=52"},"img":{"alt_text":"","src":"","width":0,"height":0},"classes":[]}],"_links":{"self":[{"href":"http:\/\/www.robertosedda.it\/index.php?rest_route=\/wp\/v2\/posts\/16820"}],"collection":[{"href":"http:\/\/www.robertosedda.it\/index.php?rest_route=\/wp\/v2\/posts"}],"about":[{"href":"http:\/\/www.robertosedda.it\/index.php?rest_route=\/wp\/v2\/types\/post"}],"author":[{"embeddable":true,"href":"http:\/\/www.robertosedda.it\/index.php?rest_route=\/wp\/v2\/users\/1"}],"replies":[{"embeddable":true,"href":"http:\/\/www.robertosedda.it\/index.php?rest_route=%2Fwp%2Fv2%2Fcomments&post=16820"}],"version-history":[{"count":2,"href":"http:\/\/www.robertosedda.it\/index.php?rest_route=\/wp\/v2\/posts\/16820\/revisions"}],"predecessor-version":[{"id":16824,"href":"http:\/\/www.robertosedda.it\/index.php?rest_route=\/wp\/v2\/posts\/16820\/revisions\/16824"}],"wp:featuredmedia":[{"embeddable":true,"href":"http:\/\/www.robertosedda.it\/index.php?rest_route=\/wp\/v2\/media\/16821"}],"wp:attachment":[{"href":"http:\/\/www.robertosedda.it\/index.php?rest_route=%2Fwp%2Fv2%2Fmedia&parent=16820"}],"wp:term":[{"taxonomy":"category","embeddable":true,"href":"http:\/\/www.robertosedda.it\/index.php?rest_route=%2Fwp%2Fv2%2Fcategories&post=16820"},{"taxonomy":"post_tag","embeddable":true,"href":"http:\/\/www.robertosedda.it\/index.php?rest_route=%2Fwp%2Fv2%2Ftags&post=16820"}],"curies":[{"name":"wp","href":"https:\/\/api.w.org\/{rel}","templated":true}]}}