{"id":16650,"date":"2019-05-03T17:13:26","date_gmt":"2019-05-03T15:13:26","guid":{"rendered":"http:\/\/www.robertosedda.it\/?p=16650"},"modified":"2023-05-04T11:00:54","modified_gmt":"2023-05-04T09:00:54","slug":"viva-la-rivoluzione","status":"publish","type":"post","link":"http:\/\/www.robertosedda.it\/?p=16650","title":{"rendered":"Viva la rivoluzione!"},"content":{"rendered":"\n<figure class=\"wp-block-image\"><img data-attachment-id=\"16651\" data-permalink=\"http:\/\/www.robertosedda.it\/?attachment_id=16651\" data-orig-file=\"https:\/\/i0.wp.com\/www.robertosedda.it\/wp-content\/uploads\/2019\/05\/Rivoluzione.jpg?fit=817%2C365\" data-orig-size=\"817,365\" data-comments-opened=\"1\" data-image-meta=\"{&quot;aperture&quot;:&quot;0&quot;,&quot;credit&quot;:&quot;&quot;,&quot;camera&quot;:&quot;&quot;,&quot;caption&quot;:&quot;&quot;,&quot;created_timestamp&quot;:&quot;0&quot;,&quot;copyright&quot;:&quot;&quot;,&quot;focal_length&quot;:&quot;0&quot;,&quot;iso&quot;:&quot;0&quot;,&quot;shutter_speed&quot;:&quot;0&quot;,&quot;title&quot;:&quot;&quot;,&quot;orientation&quot;:&quot;0&quot;}\" data-image-title=\"Rivoluzione\" data-image-description=\"\" data-image-caption=\"\" data-medium-file=\"https:\/\/i0.wp.com\/www.robertosedda.it\/wp-content\/uploads\/2019\/05\/Rivoluzione.jpg?fit=300%2C134\" data-large-file=\"https:\/\/i0.wp.com\/www.robertosedda.it\/wp-content\/uploads\/2019\/05\/Rivoluzione.jpg?fit=510%2C228\" decoding=\"async\" loading=\"lazy\" width=\"800\" height=\"357\" src=\"https:\/\/i0.wp.com\/www.robertosedda.it\/wp-content\/uploads\/2019\/05\/Rivoluzione.jpg?resize=800%2C357\" alt=\"\" class=\"wp-image-16651\" srcset=\"https:\/\/i0.wp.com\/www.robertosedda.it\/wp-content\/uploads\/2019\/05\/Rivoluzione.jpg?w=817 817w, https:\/\/i0.wp.com\/www.robertosedda.it\/wp-content\/uploads\/2019\/05\/Rivoluzione.jpg?resize=150%2C67 150w, https:\/\/i0.wp.com\/www.robertosedda.it\/wp-content\/uploads\/2019\/05\/Rivoluzione.jpg?resize=300%2C134 300w, https:\/\/i0.wp.com\/www.robertosedda.it\/wp-content\/uploads\/2019\/05\/Rivoluzione.jpg?resize=510%2C228 510w\" sizes=\"(max-width: 800px) 100vw, 800px\" data-recalc-dims=\"1\" \/><\/figure>\n\n\n\n<p>Sto scrivendo un nuovo gioco (da tavolo), che ha come argomento formale &#8220;la rivoluzione&#8221; ma in realt\u00e0 fa parte di una trilogia di progetti che hanno a che fare col destino, con la delusione che accompagna i sogni, con la vita che alla fine non \u00e8 quella che ti aspetti, con la brutta fine che fanno, in certi casi, le amicizie e le confraternite che sembrerebbero inossidabili, con l&#8217;Avventura con la <em>A<\/em> maiuscola e con la materia della quale sono fatte le leggende.<\/p>\n\n\n\n<p>Un sacco di roba, lo so.<\/p>\n\n\n\n<p>Mi \u00e8 venuto in mente di raccontare man mano l&#8217;andamento della progettazione, e forse lo far\u00f2 se riuscir\u00f2 a trovare un modo che non sia noioso, o astruso.<\/p>\n\n\n\n<p>Quello che per\u00f2 posso fare \u00e8 chiedere aiuto, e quindi comincio con tre semplici domande. Suggeritemi:<\/p>\n\n\n\n<ul><li>motivi per i quali si fanno le rivoluzioni (terra e libert\u00e0, potere al popolo, pane e lavoro, niente tasse senza rappresentanza, morte a tutti i tiranni, libert\u00e0 di culto, <em>I have a dream<\/em>, quello che volete, anche non casi realmente accaduti o motivi secondo voi pi\u00f9 reali degli <em>slogan<\/em> che ho citato);<\/li><li>famosi tiranni, di qualunque epoca e profilo;<\/li><li>famosi (e meno famosi) rivoluzionari.<\/li><\/ul>\n\n\n\n<p>Grazie! Poi vi racconto e vi chiedo altro.<\/p>\n","protected":false},"excerpt":{"rendered":"<p>Sto scrivendo un nuovo gioco (da tavolo), che ha come argomento formale &#8220;la rivoluzione&#8221; ma in realt\u00e0 fa parte di<\/p>\n","protected":false},"author":1,"featured_media":16651,"comment_status":"open","ping_status":"open","sticky":false,"template":"","format":"standard","meta":{"_mi_skip_tracking":false,"_monsterinsights_sitenote_active":false,"_monsterinsights_sitenote_note":"","_monsterinsights_sitenote_category":0,"jetpack_post_was_ever_published":false,"_jetpack_newsletter_access":"","jetpack_publicize_message":"","jetpack_is_tweetstorm":false,"jetpack_publicize_feature_enabled":true,"jetpack_social_post_already_shared":true,"jetpack_social_options":{"image_generator_settings":{"template":"highway","enabled":false}}},"categories":[52,9,55,77],"tags":[],"jetpack_publicize_connections":[],"jetpack_featured_media_url":"https:\/\/i0.wp.com\/www.robertosedda.it\/wp-content\/uploads\/2019\/05\/Rivoluzione.jpg?fit=817%2C365","jetpack_sharing_enabled":true,"jetpack_shortlink":"https:\/\/wp.me\/p4jV2T-4ky","jetpack_likes_enabled":true,"jetpack-related-posts":[{"id":11945,"url":"http:\/\/www.robertosedda.it\/?p=11945","url_meta":{"origin":16650,"position":0},"title":"Oggi parliamo di libri arriva all&#8217;Ottocento","author":"Rufus","date":"11\/05\/2016","format":false,"excerpt":"Sono abbastanza soddisfatto della puntata di Oggi parliamo di libri con cui ho aperto l'ultimo, lungo, ciclo di trasmissioni della stagione (\u00e8 ormai chiaro che non riuscir\u00f2 a parlare del teatro del '900). http:\/\/www.radiokalaritana.it\/audio\/download\/LIB-S04E25-Il_teatro_nel_1800-20160317.mp3 Il teatro nell'800 Non \u00e8 che sempre bisogna dire cose straordinarie (infatti io non ci riesco\u2026","rel":"","context":"In &quot;Coordinate&quot;","block_context":{"text":"Coordinate","link":"http:\/\/www.robertosedda.it\/?cat=52"},"img":{"alt_text":"","src":"https:\/\/i0.wp.com\/www.robertosedda.it\/wp-content\/uploads\/2016\/05\/Hobsbawm-Et\u00e0-rivoluzione-e1683811506646.jpg?fit=750%2C1088&resize=350%2C200","width":350,"height":200,"srcset":"https:\/\/i0.wp.com\/www.robertosedda.it\/wp-content\/uploads\/2016\/05\/Hobsbawm-Et\u00e0-rivoluzione-e1683811506646.jpg?fit=750%2C1088&resize=350%2C200 1x, https:\/\/i0.wp.com\/www.robertosedda.it\/wp-content\/uploads\/2016\/05\/Hobsbawm-Et\u00e0-rivoluzione-e1683811506646.jpg?fit=750%2C1088&resize=700%2C400 2x"},"classes":[]},{"id":10652,"url":"http:\/\/www.robertosedda.it\/?p=10652","url_meta":{"origin":16650,"position":1},"title":"REBLOG: Micro guida per non cadere nella tentazione dello snobismo precario (e fare il primo passo verso la rivoluzione)","author":"Rufus","date":"18\/08\/2015","format":"link","excerpt":"Un articolo breve e efficace sull'essere precari (in realt\u00e0: precari a reddito medio-alto) e cosa fare di conseguenza. In tutta l'equazione mancano gli stranieri e forse qualche altra cosa, ma sarebbe stato pretendere troppo.","rel":"","context":"In &quot;Segnalazioni&quot;","block_context":{"text":"Segnalazioni","link":"http:\/\/www.robertosedda.it\/?cat=95"},"img":{"alt_text":"","src":"","width":0,"height":0},"classes":[]},{"id":2646,"url":"http:\/\/www.robertosedda.it\/?p=2646","url_meta":{"origin":16650,"position":2},"title":"Storie, politica, violenza","author":"Rufus","date":"26\/03\/2013","format":false,"excerpt":"Avviso: questo \u00e8 un post che parla di letteratura di genere (forse). Solo che ci mette un po' per arrivarci. \u00abLui le butta\u00bb Quando ero alle elementari ero molto amico di tre fratelli i cui genitori avevano una casa al mare sul litorale di Quartu. In quella casetta in cui\u2026","rel":"","context":"In &quot;Cappe e spade&quot;","block_context":{"text":"Cappe e spade","link":"http:\/\/www.robertosedda.it\/?cat=70"},"img":{"alt_text":"","src":"https:\/\/i0.wp.com\/www.robertosedda.it\/wp-content\/uploads\/2012\/08\/9788806187859g.jpg?fit=200%2C307&resize=350%2C200","width":350,"height":200},"classes":[]},{"id":11889,"url":"http:\/\/www.robertosedda.it\/?p=11889","url_meta":{"origin":16650,"position":3},"title":"Sono un secchione e Manzoni mi piace","author":"Rufus","date":"02\/05\/2016","format":false,"excerpt":"L'Adelchi non sar\u00e0 propriamente Game of Thrones\u00a0ma... http:\/\/www.radiokalaritana.it\/audio\/LIB-S04E24-Alessandro_Manzoni_Adelchi-20160310.mp3 Adelchi - Alessandro Manzoni Non ho molto da dire sulla puntata di Oggi parliamo di libri\u00a0dedicata all'Adelchi di Alessandro Manzoni se non lamentare che il poco tempo a disposizione per prepararmi mi abbia portato a una resa un po', come dire?, scolastica,\u2026","rel":"","context":"In &quot;Coordinate&quot;","block_context":{"text":"Coordinate","link":"http:\/\/www.robertosedda.it\/?cat=52"},"img":{"alt_text":"","src":"https:\/\/i0.wp.com\/www.robertosedda.it\/wp-content\/uploads\/2016\/05\/Adelchi.jpg?fit=768%2C1024&resize=350%2C200","width":350,"height":200,"srcset":"https:\/\/i0.wp.com\/www.robertosedda.it\/wp-content\/uploads\/2016\/05\/Adelchi.jpg?fit=768%2C1024&resize=350%2C200 1x, https:\/\/i0.wp.com\/www.robertosedda.it\/wp-content\/uploads\/2016\/05\/Adelchi.jpg?fit=768%2C1024&resize=700%2C400 2x"},"classes":[]},{"id":1520,"url":"http:\/\/www.robertosedda.it\/?p=1520","url_meta":{"origin":16650,"position":4},"title":"Storie che non capisco","author":"Rufus","date":"27\/11\/2012","format":false,"excerpt":"Come molti appassionati di fumetti, ho aspettato con una certa trepidazione l'uscita della nuova collana Bonelli Le storie: alla gente della mia generazione fa effetto\u00a0una pubblicit\u00e0 che annuncia\u00a0che una nuova uscita si propone di raccogliere l'eredit\u00e0 di una serie ormai leggendaria come la collana\u00a0Un uomo, un'avventura. Territori gi\u00e0 battuti In\u2026","rel":"","context":"In &quot;Cappe e spade&quot;","block_context":{"text":"Cappe e spade","link":"http:\/\/www.robertosedda.it\/?cat=70"},"img":{"alt_text":"","src":"https:\/\/i0.wp.com\/www.robertosedda.it\/wp-content\/uploads\/2012\/11\/le_storie_1.jpeg?resize=350%2C200","width":350,"height":200},"classes":[]},{"id":4751,"url":"http:\/\/www.robertosedda.it\/?p=4751","url_meta":{"origin":16650,"position":5},"title":"Fumetti da non perdere (e no)","author":"Rufus","date":"22\/10\/2013","format":false,"excerpt":"Una segnalazione su un'uscita in edicola imperdibile per tutti gli appassionati di fumetti e un paio di altri aggiornamenti. Ma andiamo con ordine: Almanacco dell'Avventura Bonelli 2014 L'Almanacco \u00e8 dedicato a due artisti scomparsi relativamente di recente: Sergio Toppi, uno dei pi\u00f9 grandi illustratori, disegnatori e sceneggiatori italiani, e Decio\u2026","rel":"","context":"In &quot;Cappe e spade&quot;","block_context":{"text":"Cappe e spade","link":"http:\/\/www.robertosedda.it\/?cat=70"},"img":{"alt_text":"","src":"https:\/\/i0.wp.com\/www.robertosedda.it\/wp-content\/uploads\/2013\/10\/Almanacco-avventura-Bonelli-2014.jpg?fit=381%2C502&resize=350%2C200","width":350,"height":200},"classes":[]}],"_links":{"self":[{"href":"http:\/\/www.robertosedda.it\/index.php?rest_route=\/wp\/v2\/posts\/16650"}],"collection":[{"href":"http:\/\/www.robertosedda.it\/index.php?rest_route=\/wp\/v2\/posts"}],"about":[{"href":"http:\/\/www.robertosedda.it\/index.php?rest_route=\/wp\/v2\/types\/post"}],"author":[{"embeddable":true,"href":"http:\/\/www.robertosedda.it\/index.php?rest_route=\/wp\/v2\/users\/1"}],"replies":[{"embeddable":true,"href":"http:\/\/www.robertosedda.it\/index.php?rest_route=%2Fwp%2Fv2%2Fcomments&post=16650"}],"version-history":[{"count":1,"href":"http:\/\/www.robertosedda.it\/index.php?rest_route=\/wp\/v2\/posts\/16650\/revisions"}],"predecessor-version":[{"id":16652,"href":"http:\/\/www.robertosedda.it\/index.php?rest_route=\/wp\/v2\/posts\/16650\/revisions\/16652"}],"wp:featuredmedia":[{"embeddable":true,"href":"http:\/\/www.robertosedda.it\/index.php?rest_route=\/wp\/v2\/media\/16651"}],"wp:attachment":[{"href":"http:\/\/www.robertosedda.it\/index.php?rest_route=%2Fwp%2Fv2%2Fmedia&parent=16650"}],"wp:term":[{"taxonomy":"category","embeddable":true,"href":"http:\/\/www.robertosedda.it\/index.php?rest_route=%2Fwp%2Fv2%2Fcategories&post=16650"},{"taxonomy":"post_tag","embeddable":true,"href":"http:\/\/www.robertosedda.it\/index.php?rest_route=%2Fwp%2Fv2%2Ftags&post=16650"}],"curies":[{"name":"wp","href":"https:\/\/api.w.org\/{rel}","templated":true}]}}