{"id":16587,"date":"2019-04-11T17:44:39","date_gmt":"2019-04-11T15:44:39","guid":{"rendered":"http:\/\/www.robertosedda.it\/?p=16587"},"modified":"2021-04-27T19:48:07","modified_gmt":"2021-04-27T17:48:07","slug":"pioggia-di-primavera","status":"publish","type":"post","link":"http:\/\/www.robertosedda.it\/?p=16587","title":{"rendered":"Pioggia di primavera"},"content":{"rendered":"\n<p>Controllando delle altre cose su <em>Facebook<\/em> mi sono accorto che c&#8217;\u00e8 stato un tempo (fra il 2008 e il 2009) nel quale pubblicavo una poesia al giorno.<\/p>\n\n\n\n<p>Cio\u00e8: che pubblicassi poesie me lo ricordavo. Quello che non ricordavo era di essere durato cos\u00ec tanto: almeno sei mesi interi, giorno dopo giorno, pi\u00f9 un altro paio di mesi dopo una pausa perch\u00e9 mi si era guastato il <em>computer<\/em>.<\/p>\n\n\n\n<p>Sono rimasto un po&#8217; stupito. Anche favorevolmente colpito, devo dire. E ho passato qualche momento tenero a rivedere quello che condividevo e a stupirmi di certi ritrovamenti, segno fra l&#8217;altro di una biblioteca di poesia pi\u00f9 ampia di quella che ho a casa (cercavo sul <em>web<\/em>, forse? E per\u00f2 gli autori non sono casuali, ma tutti quelli che pi\u00f9 o meno conosco e frequento, quindi vuol dire che erano ricerche mirate).<\/p>\n\n\n\n<p>Una delle cose che si nota \u00e8 che non solo pubblicavo poesie, ma le cercavo adeguate al <em>mood<\/em> del momento &#8211; dieci anni fa esatti, per esempio, era la Settimana Santa e le poesie sono tutte in tema; quelle pubblicate a luglio sono piene di luce e di sole, invece.<\/p>\n\n\n\n<p>Le poesie della Settimana Santa non sono adatte e magari saranno raccontate un&#8217;altra volta. Ma qualche giorno prima invece avevo condiviso questa, che vi dedico e che \u00e8 pi\u00f9 appropriata al tempo meteorologico&#8230; e alla situazione politica.<\/p>\n\n\n\n<div class=\"wp-block-image\"><figure class=\"alignright\"><img data-attachment-id=\"2362\" data-permalink=\"http:\/\/www.robertosedda.it\/?attachment_id=2362\" data-orig-file=\"https:\/\/i0.wp.com\/www.robertosedda.it\/wp-content\/uploads\/2013\/02\/Nazim_Hikmet.jpg?fit=240%2C268\" data-orig-size=\"240,268\" data-comments-opened=\"1\" data-image-meta=\"{&quot;aperture&quot;:&quot;0&quot;,&quot;credit&quot;:&quot;&quot;,&quot;camera&quot;:&quot;&quot;,&quot;caption&quot;:&quot;&quot;,&quot;created_timestamp&quot;:&quot;0&quot;,&quot;copyright&quot;:&quot;&quot;,&quot;focal_length&quot;:&quot;0&quot;,&quot;iso&quot;:&quot;0&quot;,&quot;shutter_speed&quot;:&quot;0&quot;,&quot;title&quot;:&quot;&quot;}\" data-image-title=\"Nazim_Hikmet\" data-image-description=\"\" data-image-caption=\"\" data-medium-file=\"https:\/\/i0.wp.com\/www.robertosedda.it\/wp-content\/uploads\/2013\/02\/Nazim_Hikmet.jpg?fit=240%2C268\" data-large-file=\"https:\/\/i0.wp.com\/www.robertosedda.it\/wp-content\/uploads\/2013\/02\/Nazim_Hikmet.jpg?fit=240%2C268\" decoding=\"async\" loading=\"lazy\" width=\"240\" height=\"268\" src=\"https:\/\/i0.wp.com\/www.robertosedda.it\/wp-content\/uploads\/2013\/02\/Nazim_Hikmet.jpg?resize=240%2C268\" alt=\"\" class=\"wp-image-2362\" data-recalc-dims=\"1\"\/><\/figure><\/div>\n\n\n\n<blockquote class=\"wp-block-quote\"><p>Sotto la pioggia camminava la primavera<br \/>con i suoi piedi esili e lunghi sull\u2019asfalto di Mosca<br \/>chiusa tra gli pneumatici i motori le stoffe le pelli<br \/>il mio cardiogramma era pessimo quel giorno<br \/>quel che si attende verr\u00e0 in un\u2019ora inattesa<br \/>verr\u00e0 tutto da solo<br \/>senza condurre con s\u00e9<br \/>coloro che gi\u00e0 partirono<br \/>suonavano il primo concerto di Ciajkowskj sotto la pioggia<br \/>salirai le scale senza di me<br \/>un garofano sta all&#8217;ultimo piano della casa al balcone<br \/>sotto la pioggia camminava la primavera<br \/>con i suoi piedi esili e lunghi sull&#8217;asfalto di Mosca<br \/>ti sei seduta di fronte a me non mi vedi<br \/>sorridi a una tristezza che fuma lontano<br \/>la primavera ti porta via da me ti conduce altrove<br \/>e un giorno non tornerai pi\u00f9 ti perderai nella pioggia. <br \/><\/p><cite>(Nazim Hikmet) <\/cite><\/blockquote>\n","protected":false},"excerpt":{"rendered":"<p>Controllando delle altre cose su Facebook mi sono accorto che c&#8217;\u00e8 stato un tempo (fra il 2008 e il 2009)<\/p>\n","protected":false},"author":1,"featured_media":2362,"comment_status":"open","ping_status":"open","sticky":false,"template":"","format":"standard","meta":{"_mi_skip_tracking":false,"_monsterinsights_sitenote_active":false,"_monsterinsights_sitenote_note":"","_monsterinsights_sitenote_category":0,"jetpack_post_was_ever_published":false,"_jetpack_newsletter_access":"","jetpack_publicize_message":"","jetpack_is_tweetstorm":false,"jetpack_publicize_feature_enabled":true,"jetpack_social_post_already_shared":true,"jetpack_social_options":{"image_generator_settings":{"template":"highway","enabled":false}}},"categories":[52,53,75,18,16],"tags":[],"jetpack_publicize_connections":[],"jetpack_featured_media_url":"https:\/\/i0.wp.com\/www.robertosedda.it\/wp-content\/uploads\/2013\/02\/Nazim_Hikmet.jpg?fit=240%2C268","jetpack_sharing_enabled":true,"jetpack_shortlink":"https:\/\/wp.me\/p4jV2T-4jx","jetpack_likes_enabled":true,"jetpack-related-posts":[{"id":17237,"url":"http:\/\/www.robertosedda.it\/?p=17237","url_meta":{"origin":16587,"position":0},"title":"Ma lei \u00e8 quello&#8230;","author":"Rufus","date":"13\/09\/2019","format":false,"excerpt":"Il 21 e 22 settembre apriamo casa ad Orani!","rel":"","context":"In &quot;Coordinate&quot;","block_context":{"text":"Coordinate","link":"http:\/\/www.robertosedda.it\/?cat=52"},"img":{"alt_text":"","src":"https:\/\/i0.wp.com\/www.robertosedda.it\/wp-content\/uploads\/2019\/09\/Orani-Cortes-Apertas.png?fit=552%2C804&resize=350%2C200","width":350,"height":200},"classes":[]},{"id":16727,"url":"http:\/\/www.robertosedda.it\/?p=16727","url_meta":{"origin":16587,"position":1},"title":"Licenzioso, ammirato omaggio","author":"Rufus","date":"24\/05\/2019","format":false,"excerpt":"Ben son, ben son Beatrice! E adesso ti faccio un mazzo cos\u00ec. Insomma, nella mia lettura del Purgatorio finalmente \u00e8 comparsa Beatrice: dato che nulla mi ricordavo mi sono molto divertito a vederla strascinare Dante nella polvere, traendone l'idea di un tipino che \u00e8 meglio non fare arrabbiare. Assolutamente, meglio\u2026","rel":"","context":"In &quot;Coordinate&quot;","block_context":{"text":"Coordinate","link":"http:\/\/www.robertosedda.it\/?cat=52"},"img":{"alt_text":"","src":"https:\/\/i0.wp.com\/www.robertosedda.it\/wp-content\/uploads\/2019\/05\/Dante-Rossetti-2.jpg?fit=593%2C334&resize=350%2C200","width":350,"height":200},"classes":[]},{"id":10839,"url":"http:\/\/www.robertosedda.it\/?p=10839","url_meta":{"origin":16587,"position":2},"title":"Stretti crinali","author":"Rufus","date":"16\/09\/2015","format":false,"excerpt":"Ho scritto oggi per varie questioni ai coordinatori dei gruppi dei soci di Banca Etica del centro Italia e nella mail ho incluso una poesia, che in realt\u00e0 ho gi\u00e0 postato a suo tempo qui sul\u00a0blog I GIACIGLI PER LA NOTTE Ho sentito dire che a New York all'angolo della\u2026","rel":"","context":"In &quot;Coordinate&quot;","block_context":{"text":"Coordinate","link":"http:\/\/www.robertosedda.it\/?cat=52"},"img":{"alt_text":"","src":"https:\/\/i0.wp.com\/www.robertosedda.it\/wp-content\/uploads\/2015\/09\/Brecht.jpg?fit=405%2C350&resize=350%2C200","width":350,"height":200},"classes":[]},{"id":663,"url":"http:\/\/www.robertosedda.it\/?p=663","url_meta":{"origin":16587,"position":3},"title":"Tebe dalle sette porte","author":"Rufus","date":"23\/08\/2012","format":false,"excerpt":"Avete visto qualche volta nella mia firma la domanda \"Tebe dalle sette porte, chi la costrui?\". Siccome qui sulla lista mi avete scritto, per prendermi in giro, \u00abInsomma, chi la costru\u00ec?!\u00bb, do... la soluzione. Si tratta del primo verso di una poesia di Bertolt Brecht, poeta e drammaturgo tedesco della\u2026","rel":"","context":"In &quot;Coordinate&quot;","block_context":{"text":"Coordinate","link":"http:\/\/www.robertosedda.it\/?cat=52"},"img":{"alt_text":"","src":"","width":0,"height":0},"classes":[]},{"id":16715,"url":"http:\/\/www.robertosedda.it\/?p=16715","url_meta":{"origin":16587,"position":4},"title":"Il Paradiso pu\u00f2 attendere","author":"Rufus","date":"21\/05\/2019","format":false,"excerpt":"Sto ancora leggendo la Divina Commedia: sono quasi alla fine del Purgatorio e quindi si vede che non ho letto proprio un canto al giorno come mi ero ripromesso, per\u00f2 procedo senza troppa fatica e con grandissimo piacere. Parentesi: mi sono accorto con una certa sorpresa, a un certo punto,\u2026","rel":"","context":"In &quot;Coordinate&quot;","block_context":{"text":"Coordinate","link":"http:\/\/www.robertosedda.it\/?cat=52"},"img":{"alt_text":"","src":"https:\/\/i0.wp.com\/www.robertosedda.it\/wp-content\/uploads\/2019\/05\/Dante-Casella.jpg?fit=1024%2C687&resize=350%2C200","width":350,"height":200,"srcset":"https:\/\/i0.wp.com\/www.robertosedda.it\/wp-content\/uploads\/2019\/05\/Dante-Casella.jpg?fit=1024%2C687&resize=350%2C200 1x, https:\/\/i0.wp.com\/www.robertosedda.it\/wp-content\/uploads\/2019\/05\/Dante-Casella.jpg?fit=1024%2C687&resize=700%2C400 2x"},"classes":[]},{"id":19171,"url":"http:\/\/www.robertosedda.it\/?p=19171","url_meta":{"origin":16587,"position":5},"title":"Fuori dalle tisanerie","author":"Rufus","date":"15\/02\/2022","format":false,"excerpt":"Grazie alla segnalazione di Lorenzo Trenti ho letto oggi un articolo di Sergio Garufi sul Post che riflette sulla curiosa sorte di Borges, non solo travisato e citato a sproposito ma diventato l'appendiabiti su cui stendere - cio\u00e8 attribuire - le poesie pi\u00f9 strampalate di altri autori, in un gioco\u2026","rel":"","context":"In &quot;Coordinate&quot;","block_context":{"text":"Coordinate","link":"http:\/\/www.robertosedda.it\/?cat=52"},"img":{"alt_text":"","src":"https:\/\/i0.wp.com\/www.robertosedda.it\/wp-content\/uploads\/2022\/02\/Borges-Post.jpg?fit=737%2C329&resize=350%2C200","width":350,"height":200,"srcset":"https:\/\/i0.wp.com\/www.robertosedda.it\/wp-content\/uploads\/2022\/02\/Borges-Post.jpg?fit=737%2C329&resize=350%2C200 1x, https:\/\/i0.wp.com\/www.robertosedda.it\/wp-content\/uploads\/2022\/02\/Borges-Post.jpg?fit=737%2C329&resize=700%2C400 2x"},"classes":[]}],"_links":{"self":[{"href":"http:\/\/www.robertosedda.it\/index.php?rest_route=\/wp\/v2\/posts\/16587"}],"collection":[{"href":"http:\/\/www.robertosedda.it\/index.php?rest_route=\/wp\/v2\/posts"}],"about":[{"href":"http:\/\/www.robertosedda.it\/index.php?rest_route=\/wp\/v2\/types\/post"}],"author":[{"embeddable":true,"href":"http:\/\/www.robertosedda.it\/index.php?rest_route=\/wp\/v2\/users\/1"}],"replies":[{"embeddable":true,"href":"http:\/\/www.robertosedda.it\/index.php?rest_route=%2Fwp%2Fv2%2Fcomments&post=16587"}],"version-history":[{"count":2,"href":"http:\/\/www.robertosedda.it\/index.php?rest_route=\/wp\/v2\/posts\/16587\/revisions"}],"predecessor-version":[{"id":18517,"href":"http:\/\/www.robertosedda.it\/index.php?rest_route=\/wp\/v2\/posts\/16587\/revisions\/18517"}],"wp:featuredmedia":[{"embeddable":true,"href":"http:\/\/www.robertosedda.it\/index.php?rest_route=\/wp\/v2\/media\/2362"}],"wp:attachment":[{"href":"http:\/\/www.robertosedda.it\/index.php?rest_route=%2Fwp%2Fv2%2Fmedia&parent=16587"}],"wp:term":[{"taxonomy":"category","embeddable":true,"href":"http:\/\/www.robertosedda.it\/index.php?rest_route=%2Fwp%2Fv2%2Fcategories&post=16587"},{"taxonomy":"post_tag","embeddable":true,"href":"http:\/\/www.robertosedda.it\/index.php?rest_route=%2Fwp%2Fv2%2Ftags&post=16587"}],"curies":[{"name":"wp","href":"https:\/\/api.w.org\/{rel}","templated":true}]}}