{"id":16554,"date":"2019-04-10T18:45:34","date_gmt":"2019-04-10T16:45:34","guid":{"rendered":"http:\/\/www.robertosedda.it\/?p=16554"},"modified":"2021-04-27T19:46:39","modified_gmt":"2021-04-27T17:46:39","slug":"linnamorato-la-luna-e-la-spia","status":"publish","type":"post","link":"http:\/\/www.robertosedda.it\/?p=16554","title":{"rendered":"L&#8217;innamorato, la luna e la spia"},"content":{"rendered":"\n<h3><em>L&#8217;uomo che compr\u00f2 la luna<\/em> (Zucca, Italia\/Albania\/Argentina 2018)<\/h3>\n\n\n\n<figure class=\"wp-block-embed is-type-video is-provider-youtube wp-block-embed-youtube wp-embed-aspect-16-9 wp-has-aspect-ratio\"><div class=\"wp-block-embed__wrapper\">\n<span class=\"embed-youtube\" style=\"text-align:center; display: block;\"><iframe loading=\"lazy\" class=\"youtube-player\" width=\"800\" height=\"450\" src=\"https:\/\/www.youtube.com\/embed\/2MxQLFBe98E?version=3&#038;rel=1&#038;showsearch=0&#038;showinfo=1&#038;iv_load_policy=1&#038;fs=1&#038;hl=it-IT&#038;autohide=2&#038;wmode=transparent\" allowfullscreen=\"true\" style=\"border:0;\" sandbox=\"allow-scripts allow-same-origin allow-popups allow-presentation\"><\/iframe><\/span>\n<\/div><\/figure>\n\n\n\n<p>Ho visto la settimana scorsa, nel giorno del suo esordio cagliaritano, <em>L&#8217;uomo che compr\u00f2 la luna<\/em> di Paolo Zucca, con Jacopo Cullin e Benito Urgu in gran spolvero e un <em>cast<\/em> di contorno molto buono.<\/p>\n\n\n\n<p>Lo dico subito: si ride moltissimo. Vale la pena di andare solo per passare due ore davvero piacevoli e per apprezzare una sceneggiatura che da uno spunto del tutto inverosimile trae occasione per un numero impressionante di <em>gag<\/em> divertenti.<\/p>\n\n\n\n<p>Le risate, per la verit\u00e0, sono concentrate nei primi due terzi del film, mentre seguiamo il processo con il quale Cullin, figlio di emigrati inizialmente dotato di un improbabile accento milanese e di improbabili capelli biondi, viene addestrato da Benito Urgu a <em>fare il sardo<\/em> per poter compiere una strana missione di spionaggio in quella strana terra che \u00e8 la Sardegna, misteriosa, antica, irta di impenetrabili costumi semitribali  e popolata da&#8230;, beh, <em>sardi<\/em>, gente fatta tutta a modo loro. <\/p>\n\n\n\n<figure class=\"wp-block-image\"><img data-attachment-id=\"16557\" data-permalink=\"http:\/\/www.robertosedda.it\/?attachment_id=16557\" data-orig-file=\"https:\/\/i0.wp.com\/www.robertosedda.it\/wp-content\/uploads\/2019\/04\/Cullin2.jpg?fit=644%2C360\" data-orig-size=\"644,360\" data-comments-opened=\"1\" data-image-meta=\"{&quot;aperture&quot;:&quot;0&quot;,&quot;credit&quot;:&quot;&quot;,&quot;camera&quot;:&quot;&quot;,&quot;caption&quot;:&quot;&quot;,&quot;created_timestamp&quot;:&quot;0&quot;,&quot;copyright&quot;:&quot;&quot;,&quot;focal_length&quot;:&quot;0&quot;,&quot;iso&quot;:&quot;0&quot;,&quot;shutter_speed&quot;:&quot;0&quot;,&quot;title&quot;:&quot;&quot;,&quot;orientation&quot;:&quot;0&quot;}\" data-image-title=\"Cullin2\" data-image-description=\"\" data-image-caption=\"\" data-medium-file=\"https:\/\/i0.wp.com\/www.robertosedda.it\/wp-content\/uploads\/2019\/04\/Cullin2.jpg?fit=300%2C168\" data-large-file=\"https:\/\/i0.wp.com\/www.robertosedda.it\/wp-content\/uploads\/2019\/04\/Cullin2.jpg?fit=510%2C285\" decoding=\"async\" loading=\"lazy\" width=\"644\" height=\"360\" src=\"https:\/\/i0.wp.com\/www.robertosedda.it\/wp-content\/uploads\/2019\/04\/Cullin2.jpg?resize=644%2C360\" alt=\"\" class=\"wp-image-16557\" srcset=\"https:\/\/i0.wp.com\/www.robertosedda.it\/wp-content\/uploads\/2019\/04\/Cullin2.jpg?w=644 644w, https:\/\/i0.wp.com\/www.robertosedda.it\/wp-content\/uploads\/2019\/04\/Cullin2.jpg?resize=150%2C84 150w, https:\/\/i0.wp.com\/www.robertosedda.it\/wp-content\/uploads\/2019\/04\/Cullin2.jpg?resize=300%2C168 300w, https:\/\/i0.wp.com\/www.robertosedda.it\/wp-content\/uploads\/2019\/04\/Cullin2.jpg?resize=510%2C285 510w\" sizes=\"(max-width: 644px) 100vw, 644px\" data-recalc-dims=\"1\" \/><\/figure>\n\n\n\n<p>L&#8217;addestramento \u00e8 molto divertente &#8211; Urgu giganteggia &#8211; e altrettanto divertenti sono le peregrinazioni di Cullin per la Sardegna fino al paese &#8211; si presume barbaricino, in realt\u00e0 \u00e8 lo stesso Santu Lussurgiu che faceva da sfondo a <em>L&#8217;arbitro<\/em>, paese labirintico e magico per eccellenza &#8211; dove dovr\u00e0 conquistarsi a fiducia degli aborigeni dimostrando in una sfida che ha i toni della ballata epica di essere pi\u00f9 <em>sardo<\/em> di loro in tutto, dal cantare una <em>battorina<\/em> alla partita a biliardino.<\/p>\n\n\n\n<p>Zucca diceva di aver voluto fare un film sulle rappresentazioni dei sardi &#8211; che sono sempre anche <em>auto<\/em>rappresentazioni &#8211; e riesce, con grande abilit\u00e0, a infilare in queste due prime parti tutti i possibili luoghi comuni sulla Sardegna, trasformandoli uno dopo l&#8217;altro in pretesti<em> <\/em>comici (non tutti, ma su questo ci torneremo). Mettere in fila tutta questa roba tenendo in equilibrio e coerente il tessuto  della trama (con quel pretesto narrativo, poi) e contemporaneamente utilizzandola per continui stravolgimenti comici mi \u00e8 parso un pezzo di bravura non da poco degli sceneggiatori (lo stesso Zucca, Barbara Alberti e Geppi Cucciari).<\/p>\n\n\n\n<figure class=\"wp-block-image\"><img data-attachment-id=\"16555\" data-permalink=\"http:\/\/www.robertosedda.it\/?attachment_id=16555\" data-orig-file=\"https:\/\/i0.wp.com\/www.robertosedda.it\/wp-content\/uploads\/2019\/04\/Cullin1.png?fit=681%2C388\" data-orig-size=\"681,388\" data-comments-opened=\"1\" data-image-meta=\"{&quot;aperture&quot;:&quot;0&quot;,&quot;credit&quot;:&quot;&quot;,&quot;camera&quot;:&quot;&quot;,&quot;caption&quot;:&quot;&quot;,&quot;created_timestamp&quot;:&quot;0&quot;,&quot;copyright&quot;:&quot;&quot;,&quot;focal_length&quot;:&quot;0&quot;,&quot;iso&quot;:&quot;0&quot;,&quot;shutter_speed&quot;:&quot;0&quot;,&quot;title&quot;:&quot;&quot;,&quot;orientation&quot;:&quot;0&quot;}\" data-image-title=\"Cullin1\" data-image-description=\"\" data-image-caption=\"\" data-medium-file=\"https:\/\/i0.wp.com\/www.robertosedda.it\/wp-content\/uploads\/2019\/04\/Cullin1.png?fit=300%2C171\" data-large-file=\"https:\/\/i0.wp.com\/www.robertosedda.it\/wp-content\/uploads\/2019\/04\/Cullin1.png?fit=510%2C291\" decoding=\"async\" loading=\"lazy\" width=\"681\" height=\"388\" src=\"https:\/\/i0.wp.com\/www.robertosedda.it\/wp-content\/uploads\/2019\/04\/Cullin1.png?resize=681%2C388\" alt=\"\" class=\"wp-image-16555\" srcset=\"https:\/\/i0.wp.com\/www.robertosedda.it\/wp-content\/uploads\/2019\/04\/Cullin1.png?w=681 681w, https:\/\/i0.wp.com\/www.robertosedda.it\/wp-content\/uploads\/2019\/04\/Cullin1.png?resize=150%2C85 150w, https:\/\/i0.wp.com\/www.robertosedda.it\/wp-content\/uploads\/2019\/04\/Cullin1.png?resize=300%2C171 300w, https:\/\/i0.wp.com\/www.robertosedda.it\/wp-content\/uploads\/2019\/04\/Cullin1.png?resize=510%2C291 510w\" sizes=\"(max-width: 681px) 100vw, 681px\" data-recalc-dims=\"1\" \/><\/figure>\n\n\n\n<p>Nella terza parte del film il tono cambia completamente e si fa volutamente poetico, lasciando spazio alla soluzione del mistero, all&#8217;epilogo della missione e portando in primo piano la storia d&#8217;amore fra un anziano pescatore (Lazar Ristovski) e una moglie un po&#8217; strega (Angela Molina). Devo dire, la cesura fra le due parti a me \u00e8 sembrata un po&#8217; brusca, per\u00f2 in questo senso \u00e8 un finale coerente e appropriato: se non vuoi spingere sulla farsa fino in fondo devi dare uno spazio di pausa e riflessione allo spettatore, e la transizione dalla farsa al lirismo mette al riparo dalla seriosit\u00e0 o dal capovolgere il senso del film.<\/p>\n\n\n\n<p>Quasi.<\/p>\n\n\n\n<p>Perch\u00e9 in realt\u00e0, per altri aspetti, il finale \u00e8 <em>sbagliato<\/em>.<\/p>\n\n\n\n<figure class=\"wp-block-image\"><img data-attachment-id=\"16559\" data-permalink=\"http:\/\/www.robertosedda.it\/?attachment_id=16559\" data-orig-file=\"https:\/\/i0.wp.com\/www.robertosedda.it\/wp-content\/uploads\/2019\/04\/Cullin5.jpg?fit=1280%2C720\" data-orig-size=\"1280,720\" data-comments-opened=\"1\" data-image-meta=\"{&quot;aperture&quot;:&quot;0&quot;,&quot;credit&quot;:&quot;&quot;,&quot;camera&quot;:&quot;&quot;,&quot;caption&quot;:&quot;&quot;,&quot;created_timestamp&quot;:&quot;0&quot;,&quot;copyright&quot;:&quot;&quot;,&quot;focal_length&quot;:&quot;0&quot;,&quot;iso&quot;:&quot;0&quot;,&quot;shutter_speed&quot;:&quot;0&quot;,&quot;title&quot;:&quot;&quot;,&quot;orientation&quot;:&quot;0&quot;}\" data-image-title=\"Cullin5\" data-image-description=\"\" data-image-caption=\"\" data-medium-file=\"https:\/\/i0.wp.com\/www.robertosedda.it\/wp-content\/uploads\/2019\/04\/Cullin5.jpg?fit=300%2C169\" data-large-file=\"https:\/\/i0.wp.com\/www.robertosedda.it\/wp-content\/uploads\/2019\/04\/Cullin5.jpg?fit=510%2C287\" decoding=\"async\" loading=\"lazy\" width=\"800\" height=\"450\" src=\"https:\/\/i0.wp.com\/www.robertosedda.it\/wp-content\/uploads\/2019\/04\/Cullin5.jpg?resize=800%2C450\" alt=\"\" class=\"wp-image-16559\" srcset=\"https:\/\/i0.wp.com\/www.robertosedda.it\/wp-content\/uploads\/2019\/04\/Cullin5.jpg?w=1280 1280w, https:\/\/i0.wp.com\/www.robertosedda.it\/wp-content\/uploads\/2019\/04\/Cullin5.jpg?resize=150%2C84 150w, https:\/\/i0.wp.com\/www.robertosedda.it\/wp-content\/uploads\/2019\/04\/Cullin5.jpg?resize=300%2C169 300w, https:\/\/i0.wp.com\/www.robertosedda.it\/wp-content\/uploads\/2019\/04\/Cullin5.jpg?resize=510%2C287 510w\" sizes=\"(max-width: 800px) 100vw, 800px\" data-recalc-dims=\"1\" \/><\/figure>\n\n\n\n<h3>Non si sfugge all&#8217;identit\u00e0<\/h3>\n\n\n\n<p><em>L&#8217;uomo che compr\u00f2 la luna<\/em> \u00e8 un film sulle rappresentazioni della Sardegna, quindi \u00e8, giocoforza, un film sull&#8217;<em>identit\u00e0<\/em> della Sardegna, affrontata attraverso un chiave di lettura ambigua: perch\u00e9 rappresentazioni e autorappresentazioni non sono la stessa cosa, ma non sono neanche due cose separate: ci\u00f2 che tu dici di te stesso influenza ci\u00f2 che gli altri diranno di te, e viceversa, basti pensare all&#8217;<em><a href=\"http:\/\/www.robertosedda.it\/?p=4423\">Ichnusa<\/a><\/em>. <\/p>\n\n\n\n<p>Sono andato a rivedermi quello che a suo tempo avevo scritto de <em>L&#8217;arbitro<\/em>, e ci ho trovato:<\/p>\n\n\n\n<blockquote class=\"wp-block-quote\"><p><em>L\u2019arbitro<\/em> non \u00e8, insomma, un film di denuncia o un film a  tesi: \u00e8 piuttosto una favola, o meglio un apologo, che enuncia delle  verit\u00e0 da tutti riconoscibili ma lascia a ciascuno di trarre le sue  conclusioni; sfugge cos\u00ec felicemente al rischio del didascalismo o della  metafora troppo insistita.<\/p><p>\u00c8 chiaro che siamo su un terreno scivoloso: l\u2019occasione di mettere  insieme faide e condizione pastorale della Sardegna, il calcio come  metafora dei rapporti di potere, perfino il rapporto fra realt\u00e0 locali  del calcio e l\u2019organizzazione nazionale pu\u00f2 spingere un certo tipo di  spettatore a verificare la \u201ctesi politica\u201d del film e la sua rispondenza  a una posizione o all\u2019altra. Ma il film mantiene sempre una sua  leggerezza che va rispettata, un rifiutarsi di prendere posizione in  maniera puntuale, anche se come la pensano regista e sceneggiatore \u00e8  chiarissimo: ma scelgono di non fare teoria, e invece semplicemente di  narrare. E se qualcuno, arcigno difensore delle tesi politiche  precostituite, dovesse provare a convergere su di lui, Zucca con un <em>dribbling<\/em> degno del suo Matzutzi si libera: \u00e8 gi\u00e0 l\u00e0, lanciato verso l\u2019area di rigore, solo davanti al portiere.<\/p><\/blockquote>\n\n\n\n<p>Ecco, per due terzi del film <em>L&#8217;uomo che compr\u00f2 la luna<\/em> riesce a mantenere la stessa leggerezza, poi per\u00f2 si fa <em>pesante<\/em>. Non nel senso che diventa noioso, o brutto, il film \u00e8 sempre godibile fino alla fine. Ma perde quella impalpabilit\u00e0 che permette di non farsi imprigionare e finisce per dover dare conto delle scelte che fa e delle posizioni che assume.<\/p>\n\n\n\n<p>Ho fatto la domanda a Zucca, nel dibattito dopo la proiezione, e mi ha risposto che voleva che il film fosse proprio cos\u00ec: dopo avere ironizzato sull&#8217;identit\u00e0, in qualche modo <em>celebrarla<\/em>.<\/p>\n\n\n\n<p>\u00c8 una scelta coerente: c&#8217;\u00e8 un sacco di gente che deve fare i conti con le sue radici, nel film, e lo scioglimento finale permette ai personaggi di chiudere il loro arco di sviluppo in maniera soddisfacente. Il figlio degli emigrati decide chi vuole essere, per dire.<\/p>\n\n\n\n<p>Ma il prezzo \u00e8 che quando non giri pi\u00f9 intorno all&#8217;identit\u00e0, ma la <em>definisci<\/em>, subito qualcuno te ne pu\u00f2 chiedere conto: per esempio, davvero l&#8217;identit\u00e0 dei sardi \u00e8 quella di essere per forza noi contro voi, invasori? Davvero la nostra storia \u00e8 quella, fin dai cartaginesi, di gente a cui hanno provato a sottrarre perfino la luna? Davvero nella sfilata di padri e madri nobili della Sardegna ci possono stare allo stesso modo Gramsci, Eleonora e Sant&#8217;Efisio? Davvero il nonno dinamitardo di Cullin e Grazia Deledda, l&#8217;uno anarchico e l&#8217;altra borghese, possono stare nello stesso empireo, perch\u00e9 entrambi sono <em>sardi<\/em>?<\/p>\n\n\n\n<figure class=\"wp-block-image\"><img data-attachment-id=\"16558\" data-permalink=\"http:\/\/www.robertosedda.it\/?attachment_id=16558\" data-orig-file=\"https:\/\/i0.wp.com\/www.robertosedda.it\/wp-content\/uploads\/2019\/04\/Cullin4.jpg?fit=1199%2C800\" data-orig-size=\"1199,800\" data-comments-opened=\"1\" data-image-meta=\"{&quot;aperture&quot;:&quot;0&quot;,&quot;credit&quot;:&quot;&quot;,&quot;camera&quot;:&quot;&quot;,&quot;caption&quot;:&quot;&quot;,&quot;created_timestamp&quot;:&quot;0&quot;,&quot;copyright&quot;:&quot;&quot;,&quot;focal_length&quot;:&quot;0&quot;,&quot;iso&quot;:&quot;0&quot;,&quot;shutter_speed&quot;:&quot;0&quot;,&quot;title&quot;:&quot;&quot;,&quot;orientation&quot;:&quot;0&quot;}\" data-image-title=\"Cullin4\" data-image-description=\"\" data-image-caption=\"\" data-medium-file=\"https:\/\/i0.wp.com\/www.robertosedda.it\/wp-content\/uploads\/2019\/04\/Cullin4.jpg?fit=300%2C200\" data-large-file=\"https:\/\/i0.wp.com\/www.robertosedda.it\/wp-content\/uploads\/2019\/04\/Cullin4.jpg?fit=510%2C340\" decoding=\"async\" loading=\"lazy\" width=\"800\" height=\"534\" src=\"https:\/\/i0.wp.com\/www.robertosedda.it\/wp-content\/uploads\/2019\/04\/Cullin4.jpg?resize=800%2C534\" alt=\"\" class=\"wp-image-16558\" srcset=\"https:\/\/i0.wp.com\/www.robertosedda.it\/wp-content\/uploads\/2019\/04\/Cullin4.jpg?w=1199 1199w, https:\/\/i0.wp.com\/www.robertosedda.it\/wp-content\/uploads\/2019\/04\/Cullin4.jpg?resize=150%2C100 150w, https:\/\/i0.wp.com\/www.robertosedda.it\/wp-content\/uploads\/2019\/04\/Cullin4.jpg?resize=300%2C200 300w, https:\/\/i0.wp.com\/www.robertosedda.it\/wp-content\/uploads\/2019\/04\/Cullin4.jpg?resize=510%2C340 510w\" sizes=\"(max-width: 800px) 100vw, 800px\" data-recalc-dims=\"1\" \/><\/figure>\n\n\n\n<p>Sarebbe stato utile, per equilibrare queste enunciazioni finali, poter usare ancora l&#8217;arma della satira, anche per sottolineare che in questa parte i luoghi comuni ci sono ancora: il sottomarino e le esercitazioni militari, le <em>launeddas<\/em>, la <em>bruxia<\/em>, la mangiata di pesce con i nomi strani&#8230; ma mentre prima a questi particolari sullo sfondo erano affiancati altri luoghi comuni portati in primo piano per usarli come pretesto comico, ora il tono poetico non lo consente pi\u00f9, la presenza anche in questa fase di <em>stereotipi<\/em> sfugge all&#8217;attenzione e questo spunta un po&#8217; la conclusione, come se Zucca stesse lavorando con una coperta troppo corta (in realt\u00e0 andando via riflettevo che il problema \u00e8 anche che il film funziona di pi\u00f9 quando in qualche modo Cullin mantiene il ruolo dell&#8217;osservatore esterno rispetto alla identit\u00e0 sarda; il suo passaggio a agente <em>interno<\/em>, dopo l&#8217;incontro con il pescatore di Ristovski, non \u00e8 accompagnato da abbastanza <em>pathos<\/em>).<\/p>\n\n\n\n<p>Non vorrei essere travisato: <em>L&#8217;uomo che compr\u00f2 la luna<\/em> \u00e8 un film molto consigliato e i difetti nella terza parte, che pure ci sono, non intaccano il giudizio complessivo sul film. E oltretutto il film ha un altro motivo di interesse.<\/p>\n\n\n\n<h3>Chiamando in causa padri nobili<\/h3>\n\n\n\n<figure class=\"wp-block-image\"><img data-attachment-id=\"16562\" data-permalink=\"http:\/\/www.robertosedda.it\/?attachment_id=16562\" data-orig-file=\"https:\/\/i0.wp.com\/www.robertosedda.it\/wp-content\/uploads\/2019\/04\/Cullin6.jpeg?fit=1280%2C800\" data-orig-size=\"1280,800\" data-comments-opened=\"1\" data-image-meta=\"{&quot;aperture&quot;:&quot;4&quot;,&quot;credit&quot;:&quot;Francesca Ardau&quot;,&quot;camera&quot;:&quot;ILCE-7RM2&quot;,&quot;caption&quot;:&quot;&quot;,&quot;created_timestamp&quot;:&quot;1506950907&quot;,&quot;copyright&quot;:&quot;Francesca Ardau&quot;,&quot;focal_length&quot;:&quot;29&quot;,&quot;iso&quot;:&quot;2500&quot;,&quot;shutter_speed&quot;:&quot;0.016666666666667&quot;,&quot;title&quot;:&quot;&quot;,&quot;orientation&quot;:&quot;0&quot;}\" data-image-title=\"Cullin6\" data-image-description=\"\" data-image-caption=\"\" data-medium-file=\"https:\/\/i0.wp.com\/www.robertosedda.it\/wp-content\/uploads\/2019\/04\/Cullin6.jpeg?fit=300%2C188\" data-large-file=\"https:\/\/i0.wp.com\/www.robertosedda.it\/wp-content\/uploads\/2019\/04\/Cullin6.jpeg?fit=510%2C319\" decoding=\"async\" loading=\"lazy\" width=\"800\" height=\"500\" src=\"https:\/\/i0.wp.com\/www.robertosedda.it\/wp-content\/uploads\/2019\/04\/Cullin6.jpeg?resize=800%2C500\" alt=\"\" class=\"wp-image-16562\" srcset=\"https:\/\/i0.wp.com\/www.robertosedda.it\/wp-content\/uploads\/2019\/04\/Cullin6.jpeg?w=1280 1280w, https:\/\/i0.wp.com\/www.robertosedda.it\/wp-content\/uploads\/2019\/04\/Cullin6.jpeg?resize=150%2C94 150w, https:\/\/i0.wp.com\/www.robertosedda.it\/wp-content\/uploads\/2019\/04\/Cullin6.jpeg?resize=300%2C188 300w, https:\/\/i0.wp.com\/www.robertosedda.it\/wp-content\/uploads\/2019\/04\/Cullin6.jpeg?resize=510%2C319 510w\" sizes=\"(max-width: 800px) 100vw, 800px\" data-recalc-dims=\"1\" \/><figcaption><br \/><\/figcaption><\/figure>\n\n\n\n<p>Purtroppo di Zucca ho visto solo questo e <em>L&#8217;arbitro<\/em>, e non conosco, per esempio, i corti. Trovo per\u00f2 molto interessante il suo percorso anche da punti di vista forse un po&#8217; strani: per esempio, trovo il suo modo di raccontare molto <em>sudamericano<\/em>: anche questa volta il suo film mi ha fatto pensare a Soriano, e mettendo insieme questo e <em>L&#8217;arbitro<\/em> si vede una grande capacit\u00e0 di lavorare su una resa della Sardegna contemporanea in termini di realismo magico (qui, ovviamente, i padri nobili che sto chiamando in causa aumentano, spero che questo mi faccia perdonare le critiche al finale del film): una creazione coerente, abbastanza distorta da avere una esistenza propria slegata dalla realt\u00e0 ma ancora abbastanza simile a questa da rimanere in qualche modo riconoscibile, esattamente come la realt\u00e0 in cui Benni (ok, ho finito con i padri nobili) fa muovere maghi Baol e strane compagnie di ragazzini \u00e8 un luogo fantastico del tutto immaginario che per\u00f2 sembra proprio proprio lo specchio di una terra che va da qualcosa che sembra Milano a una specie di Bologna o Rimini.<\/p>\n\n\n\n<p>Non so se questo \u00e8 il progetto che Zucca ha in testa, ma mi sembra una prospettiva (e una domanda) molto interessante: non quale realt\u00e0 meglio rispecchi la Sardegna, ma cosa si pu\u00f2 <em>ambientare<\/em> in quella realt\u00e0; quali storie possono vedere la luce in un terra nella quale alla radio, ogni domenica, si ascoltano le imprese dell&#8217;<em>Atletico Pabarile<\/em>, in cui un anziano pescatore possiede la luna e i veri <em>balentes<\/em>, quando vogliono farsi riconoscere come tali, vanno a sfidarsi a biliardino in un bar magico di un paese-labirinto?<br \/><\/p>\n","protected":false},"excerpt":{"rendered":"<p>L&#8217;uomo che compr\u00f2 la luna (Zucca, Italia\/Albania\/Argentina 2018) Ho visto la settimana scorsa, nel giorno del suo esordio cagliaritano, L&#8217;uomo<\/p>\n","protected":false},"author":1,"featured_media":16561,"comment_status":"open","ping_status":"open","sticky":false,"template":"","format":"video","meta":{"_mi_skip_tracking":false,"_monsterinsights_sitenote_active":false,"_monsterinsights_sitenote_note":"","_monsterinsights_sitenote_category":0,"jetpack_post_was_ever_published":false,"_jetpack_newsletter_access":"","jetpack_publicize_message":"","jetpack_is_tweetstorm":false,"jetpack_publicize_feature_enabled":true,"jetpack_social_post_already_shared":true,"jetpack_social_options":{"image_generator_settings":{"template":"highway","enabled":false}}},"categories":[52,198,14,56,12,61],"tags":[],"jetpack_publicize_connections":[],"jetpack_featured_media_url":"https:\/\/i0.wp.com\/www.robertosedda.it\/wp-content\/uploads\/2019\/04\/Cullin3.jpg?fit=420%2C600","jetpack_sharing_enabled":true,"jetpack_shortlink":"https:\/\/wp.me\/p4jV2T-4j0","jetpack_likes_enabled":true,"jetpack-related-posts":[{"id":4447,"url":"http:\/\/www.robertosedda.it\/?p=4447","url_meta":{"origin":16554,"position":0},"title":"L&#8217;arbitro","author":"Rufus","date":"16\/09\/2013","format":"video","excerpt":"Sembra scritto dalla penna di Osvaldo Soriano (e infatti mi \u00e8 subito venuta voglia di rileggere Futbol) L'arbitro di Paolo Zucca. Come faceva Soriano, infatti, Zucca (e Barbara Alberti, co-sceneggiatrice) prende una vicenda di calcio con tutti i suoi classici addentellati - la rivalit\u00e0 fra le tifoserie, gli allenatori come\u2026","rel":"","context":"In &quot;Coordinate&quot;","block_context":{"text":"Coordinate","link":"http:\/\/www.robertosedda.it\/?cat=52"},"img":{"alt_text":"","src":"https:\/\/i0.wp.com\/www.robertosedda.it\/wp-content\/uploads\/2013\/09\/Soriano-Futbol.jpg?fit=458%2C744&resize=350%2C200","width":350,"height":200},"classes":[]},{"id":14047,"url":"http:\/\/www.robertosedda.it\/?p=14047","url_meta":{"origin":16554,"position":1},"title":"Le vampire vanno sempre in tre","author":"Rufus","date":"03\/08\/2017","format":false,"excerpt":"Sto leggendo\u00a0Il Conte di Montecristo, in francese, e scoprendo che non \u00e8 assolutamente come pensavo. Ma ne scriver\u00f2 meglio quando lo avr\u00f2 finito; nel frattempo noto una scena, verso la fine del primo libro, quando Franz ha gustato l'hashish e sogna che le statue della stanza prendano vita e lo\u2026","rel":"","context":"In &quot;Cappe e spade&quot;","block_context":{"text":"Cappe e spade","link":"http:\/\/www.robertosedda.it\/?cat=70"},"img":{"alt_text":"","src":"https:\/\/i0.wp.com\/www.robertosedda.it\/wp-content\/uploads\/2017\/08\/Tre-sorelle-2.jpg?fit=600%2C300&resize=350%2C200","width":350,"height":200},"classes":[]},{"id":9312,"url":"http:\/\/www.robertosedda.it\/?p=9312","url_meta":{"origin":16554,"position":2},"title":"La stessa capacit\u00e0 di calcolo di un&#8217;astronave","author":"Rufus","date":"05\/01\/2015","format":false,"excerpt":"Mentre torno da Firenze e smonto la valigia faccio un conto dell'elettronica che mi sono portato dietro: un PC portatile un tablet da 5\" un telefono cellulare (preistorico, ma comunque...) sei pennine USB una pennina-modem USB un macchina fotografica digitale, con la propria sua scheda di memoria due dischi rigidi\u2026","rel":"","context":"In &quot;Coordinate&quot;","block_context":{"text":"Coordinate","link":"http:\/\/www.robertosedda.it\/?cat=52"},"img":{"alt_text":"","src":"https:\/\/i0.wp.com\/www.robertosedda.it\/wp-content\/uploads\/2015\/01\/ALIM3862.jpg?fit=1200%2C900&resize=350%2C200","width":350,"height":200,"srcset":"https:\/\/i0.wp.com\/www.robertosedda.it\/wp-content\/uploads\/2015\/01\/ALIM3862.jpg?fit=1200%2C900&resize=350%2C200 1x, https:\/\/i0.wp.com\/www.robertosedda.it\/wp-content\/uploads\/2015\/01\/ALIM3862.jpg?fit=1200%2C900&resize=700%2C400 2x, https:\/\/i0.wp.com\/www.robertosedda.it\/wp-content\/uploads\/2015\/01\/ALIM3862.jpg?fit=1200%2C900&resize=1050%2C600 3x"},"classes":[]},{"id":17820,"url":"http:\/\/www.robertosedda.it\/?p=17820","url_meta":{"origin":16554,"position":3},"title":"L&#8217;opzione della violenza","author":"Rufus","date":"20\/02\/2020","format":false,"excerpt":"Fare i conti con la violenza. Una strana riflessione a partire dal dibattito fra Luigi Manconi e Giovanni De Luna a Storie in trasformazione fino alla visione recente di The Image you missed di D\u00f3nal Foreman organizzata da L'Ambulante.","rel":"","context":"In &quot;Coordinate&quot;","block_context":{"text":"Coordinate","link":"http:\/\/www.robertosedda.it\/?cat=52"},"img":{"alt_text":"","src":"https:\/\/i0.wp.com\/www.robertosedda.it\/wp-content\/uploads\/2020\/02\/Manconi-De-Luna.jpg?fit=1200%2C900&resize=350%2C200","width":350,"height":200,"srcset":"https:\/\/i0.wp.com\/www.robertosedda.it\/wp-content\/uploads\/2020\/02\/Manconi-De-Luna.jpg?fit=1200%2C900&resize=350%2C200 1x, https:\/\/i0.wp.com\/www.robertosedda.it\/wp-content\/uploads\/2020\/02\/Manconi-De-Luna.jpg?fit=1200%2C900&resize=700%2C400 2x, https:\/\/i0.wp.com\/www.robertosedda.it\/wp-content\/uploads\/2020\/02\/Manconi-De-Luna.jpg?fit=1200%2C900&resize=1050%2C600 3x"},"classes":[]},{"id":5629,"url":"http:\/\/www.robertosedda.it\/?p=5629","url_meta":{"origin":16554,"position":4},"title":"Due cortometraggi  ambientati a Cagliari","author":"Rufus","date":"29\/12\/2013","format":"video","excerpt":"Mi\u00a0sono capitati recentemente sotto gli occhi due cortometraggi entrambi ambientati a Cagliari: uno \u00e8 Buio di Jacopo Cullin, cabarettista, attore e regista molto noto al nostro pubblico locale (e anche oltre, ed \u00e8 stato anche il protagonista de L'arbitro di Paolo Zucca), l'altro \u00e8 il norvegese (immagino per la potenza\u2026","rel":"","context":"In &quot;Coordinate&quot;","block_context":{"text":"Coordinate","link":"http:\/\/www.robertosedda.it\/?cat=52"},"img":{"alt_text":"","src":"https:\/\/i0.wp.com\/img.youtube.com\/vi\/neREcQ5RJ1Y\/0.jpg?resize=350%2C200","width":350,"height":200},"classes":[]},{"id":13908,"url":"http:\/\/www.robertosedda.it\/?p=13908","url_meta":{"origin":16554,"position":5},"title":"Irraggiungibile","author":"Rufus","date":"05\/07\/2017","format":false,"excerpt":"Ho letto in questi giorni Tintin. Quando ero ragazzino lo presentavano come cartone animato su Gulp e mi piaceva molto, ma non era il tipo di fumetto che si trovasse in edicola durante la mia giovinezza e in seguito l'ho sempre considerato un po' per bambini e quindi non l'ho\u2026","rel":"","context":"In &quot;Cappe e spade&quot;","block_context":{"text":"Cappe e spade","link":"http:\/\/www.robertosedda.it\/?cat=70"},"img":{"alt_text":"","src":"https:\/\/i0.wp.com\/www.robertosedda.it\/wp-content\/uploads\/2017\/07\/Tintin.jpg?fit=350%2C500&resize=350%2C200","width":350,"height":200},"classes":[]}],"_links":{"self":[{"href":"http:\/\/www.robertosedda.it\/index.php?rest_route=\/wp\/v2\/posts\/16554"}],"collection":[{"href":"http:\/\/www.robertosedda.it\/index.php?rest_route=\/wp\/v2\/posts"}],"about":[{"href":"http:\/\/www.robertosedda.it\/index.php?rest_route=\/wp\/v2\/types\/post"}],"author":[{"embeddable":true,"href":"http:\/\/www.robertosedda.it\/index.php?rest_route=\/wp\/v2\/users\/1"}],"replies":[{"embeddable":true,"href":"http:\/\/www.robertosedda.it\/index.php?rest_route=%2Fwp%2Fv2%2Fcomments&post=16554"}],"version-history":[{"count":7,"href":"http:\/\/www.robertosedda.it\/index.php?rest_route=\/wp\/v2\/posts\/16554\/revisions"}],"predecessor-version":[{"id":18516,"href":"http:\/\/www.robertosedda.it\/index.php?rest_route=\/wp\/v2\/posts\/16554\/revisions\/18516"}],"wp:featuredmedia":[{"embeddable":true,"href":"http:\/\/www.robertosedda.it\/index.php?rest_route=\/wp\/v2\/media\/16561"}],"wp:attachment":[{"href":"http:\/\/www.robertosedda.it\/index.php?rest_route=%2Fwp%2Fv2%2Fmedia&parent=16554"}],"wp:term":[{"taxonomy":"category","embeddable":true,"href":"http:\/\/www.robertosedda.it\/index.php?rest_route=%2Fwp%2Fv2%2Fcategories&post=16554"},{"taxonomy":"post_tag","embeddable":true,"href":"http:\/\/www.robertosedda.it\/index.php?rest_route=%2Fwp%2Fv2%2Ftags&post=16554"}],"curies":[{"name":"wp","href":"https:\/\/api.w.org\/{rel}","templated":true}]}}