{"id":16549,"date":"2019-04-09T11:47:33","date_gmt":"2019-04-09T09:47:33","guid":{"rendered":"http:\/\/www.robertosedda.it\/?p=16549"},"modified":"2021-04-27T19:43:18","modified_gmt":"2021-04-27T17:43:18","slug":"neolingue","status":"publish","type":"post","link":"http:\/\/www.robertosedda.it\/?p=16549","title":{"rendered":"Neolingue"},"content":{"rendered":"\n<p>Sabato, mentre cercavo di chiarirmi un dubbio sulla <a href=\"https:\/\/www.cagliaripad.it\/379175\/cagliari-lunedi-8-aprile-esercitazioni-nella-caserma-monfenera\">esercitazione prevista alla caserma <\/a><em><a href=\"https:\/\/www.cagliaripad.it\/379175\/cagliari-lunedi-8-aprile-esercitazioni-nella-caserma-monfenera\">Monfenera<\/a><\/em> (ero convinto, chiss\u00e0 perch\u00e9, che non si potessero svolgere  esercitazioni militari a fuoco nei centri abitati) mi sono imbattuto sul sito della Difesa in un <a href=\"http:\/\/www.esercito.difesa.it\/comunicazione\/Pagine\/Le-esercitazioni-pluriarma-dell-Acqui-181220.aspx\">articolo<\/a>, del tutto scollegato, che mi ha fatto fare molte riflessioni sul piano puramente linguistico. <\/p>\n\n\n\n<p>Per capirci, il testo \u00e8 questo (l&#8217;immagine a corredo \u00e8 presa dallo stesso articolo, i <em>link<\/em> presenti non sono particolarmente importanti, ma li ho mantenuti):<\/p>\n\n\n\n<h2>Reparti della Divisione &#8220;Acqui&#8221; si addestrano in un&#8217;esercitazione di Gruppo Tattico a fuoco.<\/h2>\n\n\n\n<figure class=\"wp-block-image\"><img data-attachment-id=\"16550\" data-permalink=\"http:\/\/www.robertosedda.it\/?attachment_id=16550\" data-orig-file=\"https:\/\/i0.wp.com\/www.robertosedda.it\/wp-content\/uploads\/2019\/04\/Briefing-in-area-addestrativa.jpg?fit=1600%2C1068\" data-orig-size=\"1600,1068\" data-comments-opened=\"1\" data-image-meta=\"{&quot;aperture&quot;:&quot;5.6&quot;,&quot;credit&quot;:&quot;&quot;,&quot;camera&quot;:&quot;NIKON D750&quot;,&quot;caption&quot;:&quot;&quot;,&quot;created_timestamp&quot;:&quot;1545214913&quot;,&quot;copyright&quot;:&quot;&quot;,&quot;focal_length&quot;:&quot;24&quot;,&quot;iso&quot;:&quot;2500&quot;,&quot;shutter_speed&quot;:&quot;0.01&quot;,&quot;title&quot;:&quot;&quot;,&quot;orientation&quot;:&quot;1&quot;}\" data-image-title=\"Briefing in area addestrativa\" data-image-description=\"\" data-image-caption=\"&lt;p&gt;Briefing in area addestrativa&lt;\/p&gt;\n\" data-medium-file=\"https:\/\/i0.wp.com\/www.robertosedda.it\/wp-content\/uploads\/2019\/04\/Briefing-in-area-addestrativa.jpg?fit=300%2C200\" data-large-file=\"https:\/\/i0.wp.com\/www.robertosedda.it\/wp-content\/uploads\/2019\/04\/Briefing-in-area-addestrativa.jpg?fit=510%2C340\" decoding=\"async\" loading=\"lazy\" width=\"510\" height=\"340\" src=\"https:\/\/i0.wp.com\/www.robertosedda.it\/wp-content\/uploads\/2019\/04\/Briefing-in-area-addestrativa.jpg?resize=510%2C340\" alt=\"\" class=\"wp-image-16550\" srcset=\"https:\/\/i0.wp.com\/www.robertosedda.it\/wp-content\/uploads\/2019\/04\/Briefing-in-area-addestrativa.jpg?resize=510%2C340 510w, https:\/\/i0.wp.com\/www.robertosedda.it\/wp-content\/uploads\/2019\/04\/Briefing-in-area-addestrativa.jpg?resize=150%2C100 150w, https:\/\/i0.wp.com\/www.robertosedda.it\/wp-content\/uploads\/2019\/04\/Briefing-in-area-addestrativa.jpg?resize=300%2C200 300w, https:\/\/i0.wp.com\/www.robertosedda.it\/wp-content\/uploads\/2019\/04\/Briefing-in-area-addestrativa.jpg?w=1600 1600w\" sizes=\"(max-width: 510px) 100vw, 510px\" data-recalc-dims=\"1\" \/><figcaption>Briefing in area addestrativa<\/figcaption><\/figure>\n\n\n\n<p>\u200bSi \u00e8 svolta oggi, nell&#8217;area addestrativa del Poligono di Capo Teulada, alla presenza del Comandante della&nbsp;<a href=\"http:\/\/www.esercito.difesa.it\/organizzazione\/capo-di-sme\/Comando-Forze-Operative-Sud\/Divisione-Acqui\/Pagine\/default.aspx\">Divisione &#8220;Acqui&#8221;<\/a>&nbsp;il Generale di Divisione Fabio Polli e del Comandante della&nbsp;<a href=\"http:\/\/www.esercito.difesa.it\/organizzazione\/capo-di-sme\/comando-forze-operative-sud\/divisione-acqui\/brigata-meccanizzata-sassari\">Brigata &#8220;Sassari&#8221;<\/a>&nbsp;il Generale di Brigata Andrea Di Stasio, l&#8217;esercitazione di Gruppo Tattico a fuoco pluriarma del&nbsp;<a href=\"http:\/\/www.esercito.difesa.it\/organizzazione\/capo-di-sme\/Comando-Forze-Operative-Sud\/Divisione-Acqui\/Brigata-meccanizzata-Sassari\/152-Reggimento-Fanteria-Sassari\">152\u00b0 Reggimento fanteria &#8220;Sassari&#8221;<\/a>, che ha visto il concorso di assetti del&nbsp;<a href=\"http:\/\/www.esercito.difesa.it\/organizzazione\/capo-di-sme\/comando-forze-operative-sud\/divisione-acqui\/brigata-meccanizzata-pinerolo\/31-reggimento-carri\">31\u00b0 Reggimento Carri<\/a>, del Reggimento&nbsp;<a href=\"http:\/\/www.esercito.difesa.it\/organizzazione\/capo-di-sme\/comando-forze-operative-sud\/divisione-acqui\/brigata-meccanizzata-aosta\/reggimento-lancieri-di-aosta-6\">Lancieri d&#8217;Aosta (6\u00b0)<\/a>, dell&#8217;&nbsp;<a href=\"http:\/\/www.esercito.difesa.it\/organizzazione\/capo-di-sme\/comando-forze-operative-sud\/divisione-acqui\/brigata-meccanizzata-pinerolo\/82-reggimento-fanteria-torino\">82\u00b0 Reggimento Fanteria<\/a>&nbsp;e di elicotteri dell&#8217;Aviazione dell&#8217;Esercito.<\/p>\n\n\n\n<p>La Task Organization cos\u00ec eterogenea risponde alla volont\u00e0 del Comandante della Divisione &#8220;Acqui&#8221; di addestrare il pi\u00f9 elevato numero di assetti (e Comandanti a tutti i livelli) con il Main Equipment in organico alle rispettive Unit\u00e0 dipendenti continuando ad assicurare l&#8217;usuale contributo di forze per le operazioni sul territorio nazionale e all&#8217;estero. L&#8217;esercitazione ha permesso di ottimizzare le risorse a disposizione, conseguendo il duplice obiettivo di assicurare al 152\u00b0 Reggimento Fanteria lo svolgimento delle attivit\u00e0 di approntamento previste per il pacchetto Land Reserve Forces (LRF) e, nello stesso tempo, di consentire ai Reparti che hanno fatto convergere i propri assetti in concorso di svolgere le attivit\u00e0 di mantenimento peculiari della propria specialit\u00e0.<br \/><\/p>\n\n\n\n<p>A premessa dell&#8217;esercitazione, nella data di ieri, ha avuto luogo un Visitor Day nella caserma &#8220;Monfenera&#8221; di Cagliari, nell&#8217;ambito del quale il Comando Divisione &#8220;Acqui&#8221; ha illustrato a qualificati rappresentanti dello Stato Maggiore dell&#8217;Esercito, del&nbsp;<a href=\"http:\/\/www.esercito.difesa.it\/organizzazione\/capo-di-sme\/comfoter-coe\">COMFOTER-COE<\/a>, del&nbsp;<a href=\"http:\/\/www.esercito.difesa.it\/organizzazione\/capo-di-sme\/comando-per-la-formazione-specializzazione-e-dottrina-dell-esercito\">Comando per la Formazione e la Dottrina<\/a>, delle&nbsp;<a href=\"http:\/\/www.esercito.difesa.it\/organizzazione\/armi-e-corpi\/fanteria\">Scuole di Specialit\u00e0 della Fanteria<\/a>&nbsp;e della&nbsp;<a href=\"http:\/\/www.esercito.difesa.it\/organizzazione\/armi-e-corpi\/Cavalleria\">Cavalleria<\/a>, e di numerosi Comandi di Brigata sia della Divisione &#8220;Acqui&#8221; che della&nbsp;<a href=\"http:\/\/www.esercito.difesa.it\/organizzazione\/capo-di-sme\/comando-forze-operative-nord\/divisione-friuli\">Divisione &#8220;Friuli&#8221;<\/a>&nbsp;tutte le attivit\u00e0 organizzative e la ratio dell&#8217;esercitazione.<\/p>\n\n\n\n<p>Essa rappresenta la capstone di una serie di attivit\u00e0 a fuoco di Gruppo Tattico di previsto svolgimento con cadenza semestrale che coinvolgeranno i Reparti dipendenti della Divisione &#8220;Acqui&#8221; di volta in volta disponibili.<\/p>\n","protected":false},"excerpt":{"rendered":"<p>Sabato, mentre cercavo di chiarirmi un dubbio sulla esercitazione prevista alla caserma Monfenera (ero convinto, chiss\u00e0 perch\u00e9, che non si<\/p>\n","protected":false},"author":1,"featured_media":16550,"comment_status":"open","ping_status":"open","sticky":false,"template":"","format":"standard","meta":{"_mi_skip_tracking":false,"_monsterinsights_sitenote_active":false,"_monsterinsights_sitenote_note":"","_monsterinsights_sitenote_category":0,"jetpack_post_was_ever_published":false,"_jetpack_newsletter_access":"","jetpack_publicize_message":"","jetpack_is_tweetstorm":false,"jetpack_publicize_feature_enabled":true,"jetpack_social_post_already_shared":true,"jetpack_social_options":{"image_generator_settings":{"template":"highway","enabled":false}}},"categories":[52,56,18,61,16],"tags":[],"jetpack_publicize_connections":[],"jetpack_featured_media_url":"https:\/\/i0.wp.com\/www.robertosedda.it\/wp-content\/uploads\/2019\/04\/Briefing-in-area-addestrativa.jpg?fit=1600%2C1068","jetpack_sharing_enabled":true,"jetpack_shortlink":"https:\/\/wp.me\/p4jV2T-4iV","jetpack_likes_enabled":true,"jetpack-related-posts":[{"id":11178,"url":"http:\/\/www.robertosedda.it\/?p=11178","url_meta":{"origin":16549,"position":0},"title":"Ma come mai&#8230;","author":"Rufus","date":"16\/11\/2015","format":false,"excerpt":"Mi dice l'altra sera a cena mia sorella: \u00abMa come mai sul\u00a0blog di queste esercitazioni NATO e di tutto il resto non hai parlato? Eppure sono argomenti che ti interessano...\u00bb e un po' il tono suggeriva, anche, che magari sono pure\u00a0un pochino pi\u00f9 importanti di\u00a0altre cose alle quali invece ho\u2026","rel":"","context":"In &quot;Coordinate&quot;","block_context":{"text":"Coordinate","link":"http:\/\/www.robertosedda.it\/?cat=52"},"img":{"alt_text":"","src":"https:\/\/i0.wp.com\/www.robertosedda.it\/wp-content\/uploads\/2014\/02\/Roberto-Sedda.jpg?fit=477%2C720&resize=350%2C200","width":350,"height":200},"classes":[]},{"id":19598,"url":"http:\/\/www.robertosedda.it\/?p=19598","url_meta":{"origin":16549,"position":1},"title":"La guerra moderna","author":"Rufus","date":"09\/05\/2022","format":false,"excerpt":"Al piano superiore c'era Lambert, il civile alla direzione del Centro, insieme con una dozzina di osservatori di vario tipo: generali e ammiragli, un tizio dal Dipartimento di Stato americano e uno dal Ministero della Difesa, un altro che la sicurezza aveva indicato appartenere alla CIA. C'era caff\u00e8 a disposizione,\u2026","rel":"","context":"In &quot;Coordinate&quot;","block_context":{"text":"Coordinate","link":"http:\/\/www.robertosedda.it\/?cat=52"},"img":{"alt_text":"","src":"https:\/\/i0.wp.com\/www.robertosedda.it\/wp-content\/uploads\/2022\/04\/Scholars-of-Night.jpg?fit=312%2C499&resize=350%2C200","width":350,"height":200},"classes":[]},{"id":2100,"url":"http:\/\/www.robertosedda.it\/?p=2100","url_meta":{"origin":16549,"position":2},"title":"A Cagliari il 2 e 3 marzo il corso &#8220;Il web 2.0 e la sostenibilit\u00e0&#8221;","author":"Rufus","date":"28\/01\/2013","format":false,"excerpt":"Dopo un paio di spostamenti di date finalmente arriva a Cagliari Il web 2.0 e la sostenibilit\u00e0, corso di formazione sulle dinamiche di rete per le aziende e i cittadini sostenibili e responsabili, organizzato dalla Fondazione Culturale Responsabilit\u00e0 Etica (la fondazione culturale di Banca Etica) che si \u00e8 tenuto sinora\u2026","rel":"","context":"In &quot;Coordinate&quot;","block_context":{"text":"Coordinate","link":"http:\/\/www.robertosedda.it\/?cat=52"},"img":{"alt_text":"","src":"","width":0,"height":0},"classes":[]},{"id":15651,"url":"http:\/\/www.robertosedda.it\/?p=15651","url_meta":{"origin":16549,"position":3},"title":"Seminari africani","author":"Rufus","date":"06\/09\/2018","format":false,"excerpt":"Segnalo un ciclo di seminari all'Universit\u00e0 che, soprattutto in questo periodo, mi pare oltremodo interessante (detto in altro modo, magari qualcuno potrebbe dire meno sciocchezze - o credere a meno schiocchezze). I seminari si terranno nell'Aula CM 7 del Campus Aresu, in via S. Giorgio 12. Ciclo di seminari di\u2026","rel":"","context":"In &quot;Coordinate&quot;","block_context":{"text":"Coordinate","link":"http:\/\/www.robertosedda.it\/?cat=52"},"img":{"alt_text":"","src":"https:\/\/i0.wp.com\/www.robertosedda.it\/wp-content\/uploads\/2018\/09\/Seminari-Africa.jpg?fit=606%2C855&resize=350%2C200","width":350,"height":200},"classes":[]},{"id":17969,"url":"http:\/\/www.robertosedda.it\/?p=17969","url_meta":{"origin":16549,"position":4},"title":"Cosa scrivere, questo \u00e8 il problema","author":"Rufus","date":"16\/03\/2020","format":false,"excerpt":"Quando ho iniziato a scrivere questo blog, mi sono dato alcune regole, la pi\u00f9 importante delle quali era che avrei scritto principalmente per me. La regola ha una serie di corollari di cui ho gi\u00e0 parlato intorno all'epoca dell'attentato a Charlie Hebdo: fondamentalmente che se non mi sembra di avere\u2026","rel":"","context":"In &quot;Coordinate&quot;","block_context":{"text":"Coordinate","link":"http:\/\/www.robertosedda.it\/?cat=52"},"img":{"alt_text":"","src":"https:\/\/i0.wp.com\/www.robertosedda.it\/wp-content\/uploads\/2016\/12\/Rufus-Facebook.jpg?fit=856%2C357&resize=350%2C200","width":350,"height":200,"srcset":"https:\/\/i0.wp.com\/www.robertosedda.it\/wp-content\/uploads\/2016\/12\/Rufus-Facebook.jpg?fit=856%2C357&resize=350%2C200 1x, https:\/\/i0.wp.com\/www.robertosedda.it\/wp-content\/uploads\/2016\/12\/Rufus-Facebook.jpg?fit=856%2C357&resize=700%2C400 2x"},"classes":[]},{"id":3978,"url":"http:\/\/www.robertosedda.it\/?p=3978","url_meta":{"origin":16549,"position":5},"title":"Ancora al Festival delle Terre","author":"Rufus","date":"15\/07\/2013","format":"video","excerpt":"Dopo un'assenza dovuta alla partecipazione a una grigliata di famiglia ieri sono tornato al Festival delle Terre. In programma c'erano un reading dei Mama Sabot su Quirra e due cortometraggi. Sul reading, che era di fatto propedeutico alla prima proiezione, passo. Non l'ho trovato efficacissimo - temo che la scrittura\u2026","rel":"","context":"In &quot;Coordinate&quot;","block_context":{"text":"Coordinate","link":"http:\/\/www.robertosedda.it\/?cat=52"},"img":{"alt_text":"","src":"https:\/\/i0.wp.com\/www.robertosedda.it\/wp-content\/uploads\/2013\/07\/Materia-oscura.png?fit=998%2C513&resize=350%2C200","width":350,"height":200,"srcset":"https:\/\/i0.wp.com\/www.robertosedda.it\/wp-content\/uploads\/2013\/07\/Materia-oscura.png?fit=998%2C513&resize=350%2C200 1x, https:\/\/i0.wp.com\/www.robertosedda.it\/wp-content\/uploads\/2013\/07\/Materia-oscura.png?fit=998%2C513&resize=700%2C400 2x"},"classes":[]}],"_links":{"self":[{"href":"http:\/\/www.robertosedda.it\/index.php?rest_route=\/wp\/v2\/posts\/16549"}],"collection":[{"href":"http:\/\/www.robertosedda.it\/index.php?rest_route=\/wp\/v2\/posts"}],"about":[{"href":"http:\/\/www.robertosedda.it\/index.php?rest_route=\/wp\/v2\/types\/post"}],"author":[{"embeddable":true,"href":"http:\/\/www.robertosedda.it\/index.php?rest_route=\/wp\/v2\/users\/1"}],"replies":[{"embeddable":true,"href":"http:\/\/www.robertosedda.it\/index.php?rest_route=%2Fwp%2Fv2%2Fcomments&post=16549"}],"version-history":[{"count":4,"href":"http:\/\/www.robertosedda.it\/index.php?rest_route=\/wp\/v2\/posts\/16549\/revisions"}],"predecessor-version":[{"id":18515,"href":"http:\/\/www.robertosedda.it\/index.php?rest_route=\/wp\/v2\/posts\/16549\/revisions\/18515"}],"wp:featuredmedia":[{"embeddable":true,"href":"http:\/\/www.robertosedda.it\/index.php?rest_route=\/wp\/v2\/media\/16550"}],"wp:attachment":[{"href":"http:\/\/www.robertosedda.it\/index.php?rest_route=%2Fwp%2Fv2%2Fmedia&parent=16549"}],"wp:term":[{"taxonomy":"category","embeddable":true,"href":"http:\/\/www.robertosedda.it\/index.php?rest_route=%2Fwp%2Fv2%2Fcategories&post=16549"},{"taxonomy":"post_tag","embeddable":true,"href":"http:\/\/www.robertosedda.it\/index.php?rest_route=%2Fwp%2Fv2%2Ftags&post=16549"}],"curies":[{"name":"wp","href":"https:\/\/api.w.org\/{rel}","templated":true}]}}