{"id":16501,"date":"2019-04-02T17:22:55","date_gmt":"2019-04-02T15:22:55","guid":{"rendered":"http:\/\/www.robertosedda.it\/?p=16501"},"modified":"2019-05-03T17:17:15","modified_gmt":"2019-05-03T15:17:15","slug":"cose-che-ho-imparato-dalla-storia-di-dante","status":"publish","type":"post","link":"http:\/\/www.robertosedda.it\/?p=16501","title":{"rendered":"Cose che ho imparato dalla storia di Dante"},"content":{"rendered":"\n<p>Ieri, per la prima volta nella nella storia del <em>blog<\/em> ho pubblicato <a href=\"http:\/\/www.robertosedda.it\/?p=16496\">un pesce di aprile<\/a>.<\/p>\n\n\n\n<figure class=\"wp-block-image\"><img data-attachment-id=\"16505\" data-permalink=\"http:\/\/www.robertosedda.it\/?attachment_id=16505\" data-orig-file=\"https:\/\/i0.wp.com\/www.robertosedda.it\/wp-content\/uploads\/2019\/04\/Dante1a-1.jpg?fit=498%2C904\" data-orig-size=\"498,904\" data-comments-opened=\"1\" data-image-meta=\"{&quot;aperture&quot;:&quot;0&quot;,&quot;credit&quot;:&quot;Roberto Sedda&quot;,&quot;camera&quot;:&quot;&quot;,&quot;caption&quot;:&quot;&quot;,&quot;created_timestamp&quot;:&quot;1554217576&quot;,&quot;copyright&quot;:&quot;&quot;,&quot;focal_length&quot;:&quot;0&quot;,&quot;iso&quot;:&quot;0&quot;,&quot;shutter_speed&quot;:&quot;0&quot;,&quot;title&quot;:&quot;&quot;,&quot;orientation&quot;:&quot;0&quot;}\" data-image-title=\"Dante1a\" data-image-description=\"\" data-image-caption=\"\" data-medium-file=\"https:\/\/i0.wp.com\/www.robertosedda.it\/wp-content\/uploads\/2019\/04\/Dante1a-1.jpg?fit=165%2C300\" data-large-file=\"https:\/\/i0.wp.com\/www.robertosedda.it\/wp-content\/uploads\/2019\/04\/Dante1a-1.jpg?fit=498%2C904\" decoding=\"async\" loading=\"lazy\" width=\"498\" height=\"904\" src=\"https:\/\/i0.wp.com\/www.robertosedda.it\/wp-content\/uploads\/2019\/04\/Dante1a-1.jpg?resize=498%2C904\" alt=\"\" class=\"wp-image-16505\" srcset=\"https:\/\/i0.wp.com\/www.robertosedda.it\/wp-content\/uploads\/2019\/04\/Dante1a-1.jpg?w=498 498w, https:\/\/i0.wp.com\/www.robertosedda.it\/wp-content\/uploads\/2019\/04\/Dante1a-1.jpg?resize=83%2C150 83w, https:\/\/i0.wp.com\/www.robertosedda.it\/wp-content\/uploads\/2019\/04\/Dante1a-1.jpg?resize=165%2C300 165w\" sizes=\"(max-width: 498px) 100vw, 498px\" data-recalc-dims=\"1\" \/><\/figure>\n\n\n\n<p>\u00c8 stato abbastanza divertente e l&#8217;occasione per qualche scherzo con gli amici su <em>Facebook<\/em>, per non parlare di di quelli che non hanno commentato ma sono rimasti zitti e un po&#8217; perplessi, aspettando di parlarmene a parte, perch\u00e9 tutto il tono gli sembrava un po&#8217; strano. Contemporaneamente, diciamocelo: come scherzo in s\u00e9 \u00e8 fallito, perch\u00e9 quando fai di queste cose sogni sempre che ti riprende l&#8217;<em>Unione<\/em> e ti pubblica, oppure che qualche conoscente ci caschi con tutti e due i piedi, e invece <em>nisba<\/em>.<\/p>\n\n\n\n<figure class=\"wp-block-image\"><img data-attachment-id=\"16506\" data-permalink=\"http:\/\/www.robertosedda.it\/?attachment_id=16506\" data-orig-file=\"https:\/\/i0.wp.com\/www.robertosedda.it\/wp-content\/uploads\/2019\/04\/Dante-2a.jpg?fit=493%2C906\" data-orig-size=\"493,906\" data-comments-opened=\"1\" data-image-meta=\"{&quot;aperture&quot;:&quot;0&quot;,&quot;credit&quot;:&quot;Roberto Sedda&quot;,&quot;camera&quot;:&quot;&quot;,&quot;caption&quot;:&quot;&quot;,&quot;created_timestamp&quot;:&quot;1554217627&quot;,&quot;copyright&quot;:&quot;&quot;,&quot;focal_length&quot;:&quot;0&quot;,&quot;iso&quot;:&quot;0&quot;,&quot;shutter_speed&quot;:&quot;0&quot;,&quot;title&quot;:&quot;&quot;,&quot;orientation&quot;:&quot;0&quot;}\" data-image-title=\"Dante 2a\" data-image-description=\"\" data-image-caption=\"\" data-medium-file=\"https:\/\/i0.wp.com\/www.robertosedda.it\/wp-content\/uploads\/2019\/04\/Dante-2a.jpg?fit=163%2C300\" data-large-file=\"https:\/\/i0.wp.com\/www.robertosedda.it\/wp-content\/uploads\/2019\/04\/Dante-2a.jpg?fit=493%2C906\" decoding=\"async\" loading=\"lazy\" width=\"493\" height=\"906\" src=\"https:\/\/i0.wp.com\/www.robertosedda.it\/wp-content\/uploads\/2019\/04\/Dante-2a.jpg?resize=493%2C906\" alt=\"\" class=\"wp-image-16506\" srcset=\"https:\/\/i0.wp.com\/www.robertosedda.it\/wp-content\/uploads\/2019\/04\/Dante-2a.jpg?w=493 493w, https:\/\/i0.wp.com\/www.robertosedda.it\/wp-content\/uploads\/2019\/04\/Dante-2a.jpg?resize=82%2C150 82w, https:\/\/i0.wp.com\/www.robertosedda.it\/wp-content\/uploads\/2019\/04\/Dante-2a.jpg?resize=163%2C300 163w\" sizes=\"(max-width: 493px) 100vw, 493px\" data-recalc-dims=\"1\" \/><\/figure>\n\n\n\n<p>E infatti \u00e8 questo che volevo discutere, di come sia difficile confezionare una bufala virale. <\/p>\n\n\n\n<p>Per esempio: la viralit\u00e0 richiede un <em>mix<\/em> fra credibilit\u00e0 e satira che non \u00e8 per niente facile. Io ho ecceduto nella prima, ma questo ha reso il <em>post<\/em> un po&#8217; noiosetto e quindi non invitava alla condivisione: col senno di poi avrei dovuto essere pi\u00f9 diretto nella notizia, senza tante prove, e contemporaneamente eccedere di pi\u00f9 nella satira. Invece tutto il ragionamento sulle prove \u00e8 sembrato cos\u00ec prosaico e poco affascinante da non suscitare alcun dubbio, e i riferimenti sarcastici &#8211; i nomi dei personaggi e dei luoghi, in particolare, non li ha colti nessuno. Ne devi mangiare pagnotte, Roberto, se vuoi fare carriera con le <em>fake new<\/em>.<\/p>\n\n\n\n<p>Magari era meglio qualcosa di pi\u00f9 diretto e ricolto alla pancia, tipo: <em>fischiato al Convegno della Societ\u00e0 Dantistica il professor De Bortoli che presentava uno studio secondo cui Dante \u00e8 nato in Sardegna<\/em>; svolgimento: niente particolari sulla teoria, se non un accenno fuggevole a documenti di archivio ed evidenze archeologiche a Luogosanto, ma invece particolari succosi sui boati di scherno dei pomposi professoroni italioti, dichiarazioni del sindaco di Firenze e di un paio di politici galluresi eccetera. Forse cos\u00ec funzionava di pi\u00f9.<\/p>\n\n\n\n<p>Forse. <\/p>\n\n\n\n<p>Perch\u00e9 in realt\u00e0 perch\u00e9 una cosa acchiappi deve anche avere un richiamo al sentire profondo dei lettori, e non sono per niente sicuro che un articolo che abbia <em>Dante<\/em> e <em>Sardegna<\/em> nello stesso paragrafo in realt\u00e0 evochi alcunch\u00e9. La prova, magari, \u00e8 che a reagire con pi\u00f9 interesse, tutto sommato,  sono stati un paio di contatti continentali.<\/p>\n\n\n\n<p>E poi certe cose non funzionano perch\u00e9 siamo attorniati da altre bufale: in un mondo nel quale si parla serenamente dei terrapiattisti, notizie come queste facilmente non viene rubricata pi\u00f9 alla voce: <em>wow, che cosa incredibboli<\/em>, ma alla voce <em>uffa, la solita minchiata<\/em>. Fa una certa differenza, ne converrete. <\/p>\n\n\n\n<figure class=\"wp-block-image\"><img data-attachment-id=\"16507\" data-permalink=\"http:\/\/www.robertosedda.it\/?attachment_id=16507\" data-orig-file=\"https:\/\/i0.wp.com\/www.robertosedda.it\/wp-content\/uploads\/2019\/04\/Dante-3a.jpg?fit=461%2C745\" data-orig-size=\"461,745\" data-comments-opened=\"1\" data-image-meta=\"{&quot;aperture&quot;:&quot;0&quot;,&quot;credit&quot;:&quot;Roberto Sedda&quot;,&quot;camera&quot;:&quot;&quot;,&quot;caption&quot;:&quot;&quot;,&quot;created_timestamp&quot;:&quot;1554217670&quot;,&quot;copyright&quot;:&quot;&quot;,&quot;focal_length&quot;:&quot;0&quot;,&quot;iso&quot;:&quot;0&quot;,&quot;shutter_speed&quot;:&quot;0&quot;,&quot;title&quot;:&quot;&quot;,&quot;orientation&quot;:&quot;0&quot;}\" data-image-title=\"Dante 3a\" data-image-description=\"\" data-image-caption=\"\" data-medium-file=\"https:\/\/i0.wp.com\/www.robertosedda.it\/wp-content\/uploads\/2019\/04\/Dante-3a.jpg?fit=186%2C300\" data-large-file=\"https:\/\/i0.wp.com\/www.robertosedda.it\/wp-content\/uploads\/2019\/04\/Dante-3a.jpg?fit=461%2C745\" decoding=\"async\" loading=\"lazy\" width=\"461\" height=\"745\" src=\"https:\/\/i0.wp.com\/www.robertosedda.it\/wp-content\/uploads\/2019\/04\/Dante-3a.jpg?resize=461%2C745\" alt=\"\" class=\"wp-image-16507\" srcset=\"https:\/\/i0.wp.com\/www.robertosedda.it\/wp-content\/uploads\/2019\/04\/Dante-3a.jpg?w=461 461w, https:\/\/i0.wp.com\/www.robertosedda.it\/wp-content\/uploads\/2019\/04\/Dante-3a.jpg?resize=93%2C150 93w, https:\/\/i0.wp.com\/www.robertosedda.it\/wp-content\/uploads\/2019\/04\/Dante-3a.jpg?resize=186%2C300 186w\" sizes=\"(max-width: 461px) 100vw, 461px\" data-recalc-dims=\"1\" \/><\/figure>\n\n\n\n<p>In realt\u00e0 il problema sta anche nella <em>fonte<\/em>: se tu costruisce il tuo scherzo come una <em>notizia<\/em>, ma non sei un sito che di solito ne fornisce, diventa tutto molto pi\u00f9 complicato, perch\u00e9 il tuo lettore si chieder\u00e0 come mai di questa notizia non abbia visto traccia altrove. La devi rendere <em>personale<\/em>, e diventa tutto molto pi\u00f9 complicato:  boh, magari devi scrivere che hai questo articolo fantastico che dimostra che Dante \u00e8 nato in Sardegna, ma che la scienza ufficiale <em>toscanista <\/em>non ti permette di pubblicarlo, che \u00e8 la terza volta che le riviste prima te lo accettano e poi, dopo pressioni inconfessabili dei soliti noti che temono che siano messe in crisi le loro poco autorevoli banalit\u00e0, ti bloccano quando  la rivista era gi\u00e0 in stampa einsomma, non sai pi\u00f9 cosa fare.<\/p>\n\n\n\n<p>Solo che cos\u00ec apri un altro problema: com&#8217;\u00e8 che tu, proprio tu, che non hai mai scritto di Dante, hai un articolo del genere? Come vedete, costruire la burla non \u00e8 <a href=\"http:\/\/www.robertosedda.it\/?p=14867\">difficile<\/a> in teoria, ma \u00e8 complicato.<\/p>\n\n\n\n<p>Un&#8217;altra cosa interessante \u00e8 che si ha un bel parlare di <em>Easter Eggs<\/em>, ma in realt\u00e0 a parte il mio amico Maurizio Masala nessuno si \u00e8 preso la briga di leggere i <em>link<\/em> di cui l&#8217;articolo era ricco. Avrebbero trovato che erano in buona parte irrilevanti e che fra loro ce n&#8217;era addirittura uno che rimandava a un articolo scientifico sulla costruzione delle burle del Primo Aprile. <\/p>\n\n\n\n<p>In realt\u00e0 questo rafforza quello che dicevo: non \u00e8 che la gente abbia le difese particolarmente alzate, ma ci sono schemi di lettura consolidati che occorre rispettare, perch\u00e9 le burle appiccichino. <\/p>\n\n\n\n<figure class=\"wp-block-image\"><img data-attachment-id=\"16508\" data-permalink=\"http:\/\/www.robertosedda.it\/?attachment_id=16508\" data-orig-file=\"https:\/\/i0.wp.com\/www.robertosedda.it\/wp-content\/uploads\/2019\/04\/Dante4a.jpg?fit=499%2C799\" data-orig-size=\"499,799\" data-comments-opened=\"1\" data-image-meta=\"{&quot;aperture&quot;:&quot;0&quot;,&quot;credit&quot;:&quot;Roberto Sedda&quot;,&quot;camera&quot;:&quot;&quot;,&quot;caption&quot;:&quot;&quot;,&quot;created_timestamp&quot;:&quot;1554217798&quot;,&quot;copyright&quot;:&quot;&quot;,&quot;focal_length&quot;:&quot;0&quot;,&quot;iso&quot;:&quot;0&quot;,&quot;shutter_speed&quot;:&quot;0&quot;,&quot;title&quot;:&quot;&quot;,&quot;orientation&quot;:&quot;0&quot;}\" data-image-title=\"Dante4a\" data-image-description=\"\" data-image-caption=\"\" data-medium-file=\"https:\/\/i0.wp.com\/www.robertosedda.it\/wp-content\/uploads\/2019\/04\/Dante4a.jpg?fit=187%2C300\" data-large-file=\"https:\/\/i0.wp.com\/www.robertosedda.it\/wp-content\/uploads\/2019\/04\/Dante4a.jpg?fit=499%2C799\" decoding=\"async\" loading=\"lazy\" width=\"499\" height=\"799\" src=\"https:\/\/i0.wp.com\/www.robertosedda.it\/wp-content\/uploads\/2019\/04\/Dante4a.jpg?resize=499%2C799\" alt=\"\" class=\"wp-image-16508\" srcset=\"https:\/\/i0.wp.com\/www.robertosedda.it\/wp-content\/uploads\/2019\/04\/Dante4a.jpg?w=499 499w, https:\/\/i0.wp.com\/www.robertosedda.it\/wp-content\/uploads\/2019\/04\/Dante4a.jpg?resize=94%2C150 94w, https:\/\/i0.wp.com\/www.robertosedda.it\/wp-content\/uploads\/2019\/04\/Dante4a.jpg?resize=187%2C300 187w\" sizes=\"(max-width: 499px) 100vw, 499px\" data-recalc-dims=\"1\" \/><\/figure>\n\n\n\n<p>Per\u00f2 \u00e8 stato divertente. Il prossimo Primo Aprile ci riprovo.<\/p>\n","protected":false},"excerpt":{"rendered":"<p>Ieri, per la prima volta nella nella storia del blog ho pubblicato un pesce di aprile. \u00c8 stato abbastanza divertente<\/p>\n","protected":false},"author":1,"featured_media":16504,"comment_status":"open","ping_status":"open","sticky":false,"template":"","format":"standard","meta":{"_mi_skip_tracking":false,"_monsterinsights_sitenote_active":false,"_monsterinsights_sitenote_note":"","_monsterinsights_sitenote_category":0,"jetpack_post_was_ever_published":false,"_jetpack_newsletter_access":"","jetpack_publicize_message":"","jetpack_is_tweetstorm":false,"jetpack_publicize_feature_enabled":true,"jetpack_social_post_already_shared":true,"jetpack_social_options":{"image_generator_settings":{"template":"highway","enabled":false}}},"categories":[52,64,55,17,16],"tags":[],"jetpack_publicize_connections":[],"jetpack_featured_media_url":"https:\/\/i0.wp.com\/www.robertosedda.it\/wp-content\/uploads\/2019\/04\/Dante1a.jpg?fit=498%2C904","jetpack_sharing_enabled":true,"jetpack_shortlink":"https:\/\/wp.me\/p4jV2T-4i9","jetpack_likes_enabled":true,"jetpack-related-posts":[{"id":11767,"url":"http:\/\/www.robertosedda.it\/?p=11767","url_meta":{"origin":16501,"position":0},"title":"La strana vita del vostro amichevole Rufus","author":"Rufus","date":"15\/04\/2016","format":false,"excerpt":"Quando si esplorano gli angoli davvero pi\u00f9 riposti della rete, il meno che si possa scoprire \u00e8... L'altro giorno per una cosa dei Fabbricastorie cercavo un dizionario accadico-italiano. Tutti, immagino, nella loro vita hanno avuto bisogno una volta di tradurre qualcosa di italiano in una lingua straniera: quindi, perch\u00e9 non\u2026","rel":"","context":"In &quot;Famiglia&quot;","block_context":{"text":"Famiglia","link":"http:\/\/www.robertosedda.it\/?cat=86"},"img":{"alt_text":"","src":"https:\/\/i0.wp.com\/www.robertosedda.it\/wp-content\/uploads\/2016\/04\/Dizionario-Assiro.png?fit=836%2C579&resize=350%2C200","width":350,"height":200,"srcset":"https:\/\/i0.wp.com\/www.robertosedda.it\/wp-content\/uploads\/2016\/04\/Dizionario-Assiro.png?fit=836%2C579&resize=350%2C200 1x, https:\/\/i0.wp.com\/www.robertosedda.it\/wp-content\/uploads\/2016\/04\/Dizionario-Assiro.png?fit=836%2C579&resize=700%2C400 2x"},"classes":[]},{"id":10631,"url":"http:\/\/www.robertosedda.it\/?p=10631","url_meta":{"origin":16501,"position":1},"title":"Di sequestri di persona e continentali","author":"Rufus","date":"14\/08\/2015","format":false,"excerpt":"Durante la mia recente permanenza a Stintino mi \u00e8 stato donato Beppe Anfossi - Di Acqua e di Tonnara, un lavoro dedicato alla vita di un importante imprenditore genovese che in Sardegna ha legato il suo nome in particolare a Stintino e alla sua Tonnara Saline. Anfossi \u00e8 un personaggio\u2026","rel":"","context":"In &quot;Coordinate&quot;","block_context":{"text":"Coordinate","link":"http:\/\/www.robertosedda.it\/?cat=52"},"img":{"alt_text":"","src":"https:\/\/i0.wp.com\/www.robertosedda.it\/wp-content\/uploads\/2015\/08\/Anfossi.jpg?fit=671%2C633&resize=350%2C200","width":350,"height":200},"classes":[]},{"id":16445,"url":"http:\/\/www.robertosedda.it\/?p=16445","url_meta":{"origin":16501,"position":2},"title":"Post-profetico","author":"Rufus","date":"26\/03\/2019","format":false,"excerpt":"Quando scrivevo le avventure di Cyberpunk 2.0.2.0. per i vari tornei nazionali, negli anni '90, facevo sempre in modo di metterci come comprimari i Cz\u0119stochowa Riders, una banda (inesistente) di motociclisti polacchi, cattolici e anarchici. Barbe lunghe, rosari appesi ai manubri delle moto, icone della Madonna che sventolano dalle antenne\u2026","rel":"","context":"In &quot;Coordinate&quot;","block_context":{"text":"Coordinate","link":"http:\/\/www.robertosedda.it\/?cat=52"},"img":{"alt_text":"","src":"https:\/\/i0.wp.com\/www.robertosedda.it\/wp-content\/uploads\/2019\/03\/Jasna-Gora-Bikers.jpg?fit=1000%2C541&resize=350%2C200","width":350,"height":200,"srcset":"https:\/\/i0.wp.com\/www.robertosedda.it\/wp-content\/uploads\/2019\/03\/Jasna-Gora-Bikers.jpg?fit=1000%2C541&resize=350%2C200 1x, https:\/\/i0.wp.com\/www.robertosedda.it\/wp-content\/uploads\/2019\/03\/Jasna-Gora-Bikers.jpg?fit=1000%2C541&resize=700%2C400 2x"},"classes":[]},{"id":14427,"url":"http:\/\/www.robertosedda.it\/?p=14427","url_meta":{"origin":16501,"position":3},"title":"Il ritorno di Roland Moreno e l&#8217;ottusit\u00e0 di Facebook","author":"Rufus","date":"15\/12\/2017","format":false,"excerpt":"Sarete d'accordo con me che fra tutte le cose strane che mi devono essere capitate sul web le mie avventure con Roland Moreno\u00a0siano abbastanza in cime alla classifica delle bizzarrie. Ebbene: pare che non sia finita e siccome so che il buon Roland gode di sconfinati ammiratori, ecco a voi\u2026","rel":"","context":"In &quot;Coordinate&quot;","block_context":{"text":"Coordinate","link":"http:\/\/www.robertosedda.it\/?cat=52"},"img":{"alt_text":"","src":"https:\/\/i0.wp.com\/www.robertosedda.it\/wp-content\/uploads\/2017\/12\/IMG-20171209-WA0000.jpg?fit=675%2C1200&resize=350%2C200","width":350,"height":200},"classes":[]},{"id":17362,"url":"http:\/\/www.robertosedda.it\/?p=17362","url_meta":{"origin":16501,"position":4},"title":"Bene mortu","author":"Rufus","date":"26\/09\/2019","format":false,"excerpt":"In paese una volta avvisarono il tale che era stato ucciso uno, che era suo rivale. E lui, imperturbabile, rispose: \u00abBene mortu, bene mortu!\u00bb. E precis\u00f2: \u00abFio po l'occhider deo, una de custas dies\u00bb. Lo stavo per uccidere io, uno di questi giorni. Poi, come a compensare, aggiunse: \u00abComunque sono\u2026","rel":"","context":"In &quot;Biografie&quot;","block_context":{"text":"Biografie","link":"http:\/\/www.robertosedda.it\/?cat=83"},"img":{"alt_text":"","src":"https:\/\/i0.wp.com\/www.robertosedda.it\/wp-content\/uploads\/2019\/09\/Banditi-a-Orgosolo-2.jpg?fit=640%2C480&resize=350%2C200","width":350,"height":200},"classes":[]},{"id":14867,"url":"http:\/\/www.robertosedda.it\/?p=14867","url_meta":{"origin":16501,"position":5},"title":"La truffa della finanza islamica","author":"Rufus","date":"16\/03\/2018","format":false,"excerpt":"La settimana scorsa, in viaggio verso Milano, ho letto l'interessante storia dell'esperimento fatto dal giornalista Mattia Salvia di Vice, il quale voleva provare se i giornali italiani sia davvero cos\u00ec permeabili alle notizie false, o meglio: se possa davvero bastare un minimo di lavoro e un paio di comunicati stampa\u2026","rel":"","context":"In &quot;Coordinate&quot;","block_context":{"text":"Coordinate","link":"http:\/\/www.robertosedda.it\/?cat=52"},"img":{"alt_text":"","src":"https:\/\/i0.wp.com\/www.robertosedda.it\/wp-content\/uploads\/2018\/03\/al-Salwiya-3.png?fit=588%2C495&resize=350%2C200","width":350,"height":200},"classes":[]}],"_links":{"self":[{"href":"http:\/\/www.robertosedda.it\/index.php?rest_route=\/wp\/v2\/posts\/16501"}],"collection":[{"href":"http:\/\/www.robertosedda.it\/index.php?rest_route=\/wp\/v2\/posts"}],"about":[{"href":"http:\/\/www.robertosedda.it\/index.php?rest_route=\/wp\/v2\/types\/post"}],"author":[{"embeddable":true,"href":"http:\/\/www.robertosedda.it\/index.php?rest_route=\/wp\/v2\/users\/1"}],"replies":[{"embeddable":true,"href":"http:\/\/www.robertosedda.it\/index.php?rest_route=%2Fwp%2Fv2%2Fcomments&post=16501"}],"version-history":[{"count":2,"href":"http:\/\/www.robertosedda.it\/index.php?rest_route=\/wp\/v2\/posts\/16501\/revisions"}],"predecessor-version":[{"id":16510,"href":"http:\/\/www.robertosedda.it\/index.php?rest_route=\/wp\/v2\/posts\/16501\/revisions\/16510"}],"wp:featuredmedia":[{"embeddable":true,"href":"http:\/\/www.robertosedda.it\/index.php?rest_route=\/wp\/v2\/media\/16504"}],"wp:attachment":[{"href":"http:\/\/www.robertosedda.it\/index.php?rest_route=%2Fwp%2Fv2%2Fmedia&parent=16501"}],"wp:term":[{"taxonomy":"category","embeddable":true,"href":"http:\/\/www.robertosedda.it\/index.php?rest_route=%2Fwp%2Fv2%2Fcategories&post=16501"},{"taxonomy":"post_tag","embeddable":true,"href":"http:\/\/www.robertosedda.it\/index.php?rest_route=%2Fwp%2Fv2%2Ftags&post=16501"}],"curies":[{"name":"wp","href":"https:\/\/api.w.org\/{rel}","templated":true}]}}