{"id":16484,"date":"2019-03-29T10:08:29","date_gmt":"2019-03-29T09:08:29","guid":{"rendered":"http:\/\/www.robertosedda.it\/?p=16484"},"modified":"2023-03-30T11:25:06","modified_gmt":"2023-03-30T09:25:06","slug":"frontiere-del-passato-e-del-futuro","status":"publish","type":"post","link":"http:\/\/www.robertosedda.it\/?p=16484","title":{"rendered":"Frontiere del passato (e del futuro)"},"content":{"rendered":"\n<figure class=\"wp-block-image\"><img data-attachment-id=\"16486\" data-permalink=\"http:\/\/www.robertosedda.it\/?attachment_id=16486\" data-orig-file=\"https:\/\/i0.wp.com\/www.robertosedda.it\/wp-content\/uploads\/2019\/03\/NY-Times-DNA.jpg?fit=1050%2C549\" data-orig-size=\"1050,549\" data-comments-opened=\"1\" data-image-meta=\"{&quot;aperture&quot;:&quot;0&quot;,&quot;credit&quot;:&quot;&quot;,&quot;camera&quot;:&quot;&quot;,&quot;caption&quot;:&quot;&quot;,&quot;created_timestamp&quot;:&quot;0&quot;,&quot;copyright&quot;:&quot;&quot;,&quot;focal_length&quot;:&quot;0&quot;,&quot;iso&quot;:&quot;0&quot;,&quot;shutter_speed&quot;:&quot;0&quot;,&quot;title&quot;:&quot;&quot;,&quot;orientation&quot;:&quot;0&quot;}\" data-image-title=\"NY Times DNA\" data-image-description=\"\" data-image-caption=\"\" data-medium-file=\"https:\/\/i0.wp.com\/www.robertosedda.it\/wp-content\/uploads\/2019\/03\/NY-Times-DNA.jpg?fit=300%2C157\" data-large-file=\"https:\/\/i0.wp.com\/www.robertosedda.it\/wp-content\/uploads\/2019\/03\/NY-Times-DNA.jpg?fit=510%2C267\" decoding=\"async\" loading=\"lazy\" width=\"800\" height=\"418\" src=\"https:\/\/i0.wp.com\/www.robertosedda.it\/wp-content\/uploads\/2019\/03\/NY-Times-DNA.jpg?resize=800%2C418\" alt=\"\" class=\"wp-image-16486\" srcset=\"https:\/\/i0.wp.com\/www.robertosedda.it\/wp-content\/uploads\/2019\/03\/NY-Times-DNA.jpg?w=1050 1050w, https:\/\/i0.wp.com\/www.robertosedda.it\/wp-content\/uploads\/2019\/03\/NY-Times-DNA.jpg?resize=150%2C78 150w, https:\/\/i0.wp.com\/www.robertosedda.it\/wp-content\/uploads\/2019\/03\/NY-Times-DNA.jpg?resize=300%2C157 300w, https:\/\/i0.wp.com\/www.robertosedda.it\/wp-content\/uploads\/2019\/03\/NY-Times-DNA.jpg?resize=510%2C267 510w, https:\/\/i0.wp.com\/www.robertosedda.it\/wp-content\/uploads\/2019\/03\/NY-Times-DNA.jpg?resize=390%2C205 390w\" sizes=\"(max-width: 800px) 100vw, 800px\" data-recalc-dims=\"1\" \/><\/figure>\n\n\n\n<p>Ho letto sul <em>New York Times<\/em> un bellissimo <a href=\"https:\/\/www.google.com\/amp\/s\/www.nytimes.com\/2019\/01\/17\/magazine\/ancient-dna-paleogenomics.amp.html\">articolo<\/a> sulle nuove frontiere della paleoarcheologia, basata sull&#8217;analisi del DNA estraibile dalle ossa dei nostri progenitori. L&#8217;articolo \u00e8 molto lungo (e appassionante) e non posso tradurlo, ma cerco qui di segnalare gli elementi di interesse.<\/p>\n\n\n\n<ul>\n<li>Presenta alcune affascinanti figure di scienziati pi\u00f9 grandi del vero e prometeici, che hanno rivoluzionato la ricerca e il cui pensiero probabilmente influenzer\u00e0, senza che nemmeno ce ne accorgiamo, le nostre vite e la cultura dei prossimi cento anni;<\/li>\n\n\n\n<li>Presenta in maniera chiara e comprensibile nuovi e rivoluzionari metodi di ricerca in archeologia, dandoci un nuovo punto di vista su come si lavora oggi nella disciplina &#8211; e spiega perch\u00e9 i vecchi e (non, attenzione, <em>non<\/em>) superati metodi mantengono la loro importanza;<\/li>\n\n\n\n<li>D\u00e0 descrizioni interessanti sul come si lavora sul campo nella paleoarcheologia;<\/li>\n\n\n\n<li>Dei suddetti scienziati prometeici a met\u00e0 dell&#8217;articolo ho pensato: \u00abQuesto mente\u00bb. Beh, no, magari non mente, ma certo l&#8217;articolo suggerisce inquietanti considerazioni su cosa succede nella ricerca quando ci sono sbilanciamenti di potere e su che errori si possono commettere quando gli archeologi diventano procacciatori di ossa per i biologi e non pi\u00f9, come dovrebbe essere, che i biologi agiscono come consulenti della ricerca archeologica;<\/li>\n\n\n\n<li>In particolare, fa vedere cosa succede se i suddetti biologi, avendo poco da dire a parte che il DNA \u00e8 fatto in un certo modo, rimpolpano il loro articolo con conclusioni storiografiche che, non avendo grandi basi, sono per forza generali; torna cio\u00e8 la storia per etichette (al modo delle <em>Invasioni Barbariche<\/em>) che \u00e8 molto interessata a interpretazioni non storiche ma culturali: lo Scontro di Civilt\u00e0, la Legge del Pi\u00f9 Forte, Cacciatori contro Contadini e cose cos\u00ec.;<\/li>\n\n\n\n<li>E quando succede questo l&#8217;uso della storia a scopo nazionalistico \u00e8 dietro l&#8217;angolo, ma c&#8217;\u00e8 di peggio: la ricerca sul DNA, accoppiata a questo tipo di semplificazioni storiche, permette di cominciare a affermare che, per carit\u00e0, la <em>razza<\/em> \u00e8 un concetto superato e le razze non esistono, per\u00f2 certi popoli avevano certi caratteri nel DNA e guarda caso si sono affermati, e quindi, insomma&#8230;<\/li>\n<\/ul>\n","protected":false},"excerpt":{"rendered":"<p>Ho letto sul New York Times un bellissimo articolo sulle nuove frontiere della paleoarcheologia, basata sull&#8217;analisi del DNA estraibile dalle<\/p>\n","protected":false},"author":1,"featured_media":16486,"comment_status":"open","ping_status":"open","sticky":false,"template":"","format":"standard","meta":{"_mi_skip_tracking":false,"_monsterinsights_sitenote_active":false,"_monsterinsights_sitenote_note":"","_monsterinsights_sitenote_category":0,"jetpack_post_was_ever_published":false,"_jetpack_newsletter_access":"","jetpack_publicize_message":"","jetpack_is_tweetstorm":false,"jetpack_publicize_feature_enabled":true,"jetpack_social_post_already_shared":true,"jetpack_social_options":{"image_generator_settings":{"template":"highway","enabled":false}}},"categories":[97,52,57,95],"tags":[],"jetpack_publicize_connections":[],"jetpack_featured_media_url":"https:\/\/i0.wp.com\/www.robertosedda.it\/wp-content\/uploads\/2019\/03\/NY-Times-DNA.jpg?fit=1050%2C549","jetpack_sharing_enabled":true,"jetpack_shortlink":"https:\/\/wp.me\/p4jV2T-4hS","jetpack_likes_enabled":true,"jetpack-related-posts":[{"id":19219,"url":"http:\/\/www.robertosedda.it\/?p=19219","url_meta":{"origin":16484,"position":0},"title":"Guerra di informazione","author":"Rufus","date":"03\/03\/2022","format":false,"excerpt":"Una delle cose che trovi pi\u00f9 disturbanti di questa settimana orribile \u00e8 che, complessivamente, le informazioni migliori, pi\u00f9 equilibrate e pi\u00f9 interessanti provengono dagli analisti militari, cio\u00e8 gente da cui complessivamente sarebbe meglio tenersi alla larga. Non gli analisti militari italiani, che in molti casi non solo non sono per\u2026","rel":"","context":"In &quot;Coordinate&quot;","block_context":{"text":"Coordinate","link":"http:\/\/www.robertosedda.it\/?cat=52"},"img":{"alt_text":"","src":"https:\/\/i0.wp.com\/www.robertosedda.it\/wp-content\/uploads\/2022\/03\/Information-war.jpg?fit=779%2C399&resize=350%2C200","width":350,"height":200,"srcset":"https:\/\/i0.wp.com\/www.robertosedda.it\/wp-content\/uploads\/2022\/03\/Information-war.jpg?fit=779%2C399&resize=350%2C200 1x, https:\/\/i0.wp.com\/www.robertosedda.it\/wp-content\/uploads\/2022\/03\/Information-war.jpg?fit=779%2C399&resize=700%2C400 2x"},"classes":[]},{"id":4189,"url":"http:\/\/www.robertosedda.it\/?p=4189","url_meta":{"origin":16484,"position":1},"title":"Violenza banalizzata","author":"Rufus","date":"01\/08\/2013","format":false,"excerpt":"L'altro giorno Un altro genere di comunicazione\u00a0ha pubblicato (in anteprima, la campagna \u00e8 uscita oggi) il titolo e le immagini della nuova campagna della Yamamay (la vedete qui a fianco). Una campagna apparentemente \"sociale\", dedicata al tema della violenza contro le donne. La redazione di Un altro genere di comunicazione\u2026","rel":"","context":"In &quot;Coordinate&quot;","block_context":{"text":"Coordinate","link":"http:\/\/www.robertosedda.it\/?cat=52"},"img":{"alt_text":"","src":"https:\/\/i0.wp.com\/www.robertosedda.it\/wp-content\/uploads\/2013\/08\/Ferma-il-bastardo.jpg?fit=546%2C768&resize=350%2C200","width":350,"height":200},"classes":[]},{"id":11542,"url":"http:\/\/www.robertosedda.it\/?p=11542","url_meta":{"origin":16484,"position":2},"title":"Le strane esitazioni di I\u00f1\u00e1rritu","author":"Rufus","date":"10\/02\/2016","format":"video","excerpt":"Revenant (Alejandro G. I\u00f1\u00e1rritu, USA 2015) Avviso: lievi spoiler. Ho visto Revenant ormai una decina di giorni fa ma non avevo mai avuto occasione di parlarne. Per molti aspetti \u00e8 un gran film: girato benissimo (non dico che il piano sequenza iniziale nel bosco valga da solo il prezzo del\u2026","rel":"","context":"In &quot;Cappe e spade&quot;","block_context":{"text":"Cappe e spade","link":"http:\/\/www.robertosedda.it\/?cat=70"},"img":{"alt_text":"","src":"https:\/\/i0.wp.com\/img.youtube.com\/vi\/vnUuZUln768\/0.jpg?resize=350%2C200","width":350,"height":200},"classes":[]},{"id":6864,"url":"http:\/\/www.robertosedda.it\/?p=6864","url_meta":{"origin":16484,"position":3},"title":"Venti indipendentisti oltre la provocazione del Canton Marittimo (di Nicol\u00f2 Migheli)","author":"Rufus","date":"01\/04\/2014","format":false,"excerpt":"I\u00a0blogger del luned\u00ec, che a questo punto sarebbe pi\u00f9 corretto chiamare\u00a0blogger indipendentisti, procedono nei loro incontri. \u00c8 un po' che non ricevo direttamente l'articolo per la pubblicazione, ma vedo che tutti continuano a citare questo blog\u00a0come parte della catena e perci\u00f2 continuo a stare al gioco dei rimandi: peraltro\u00a0mai come\u2026","rel":"","context":"In &quot;Coordinate&quot;","block_context":{"text":"Coordinate","link":"http:\/\/www.robertosedda.it\/?cat=52"},"img":{"alt_text":"","src":"https:\/\/i0.wp.com\/www.robertosedda.it\/wp-content\/uploads\/2014\/04\/Nicol\u00f2-Migheli.jpg?fit=720%2C960&resize=350%2C200","width":350,"height":200,"srcset":"https:\/\/i0.wp.com\/www.robertosedda.it\/wp-content\/uploads\/2014\/04\/Nicol\u00f2-Migheli.jpg?fit=720%2C960&resize=350%2C200 1x, https:\/\/i0.wp.com\/www.robertosedda.it\/wp-content\/uploads\/2014\/04\/Nicol\u00f2-Migheli.jpg?fit=720%2C960&resize=700%2C400 2x"},"classes":[]},{"id":17158,"url":"http:\/\/www.robertosedda.it\/?p=17158","url_meta":{"origin":16484,"position":4},"title":"Il costo di Hong Kong","author":"Rufus","date":"05\/09\/2019","format":false,"excerpt":"Sul New Yorker un articolo ormai di qualche giorno fa spiega le difficolt\u00e0 delle autorit\u00e0 cinesi nell'affrontare le proteste a Hong Kong. Niente di trascendentale (\u00e8 un articolo breve) per\u00f2 \u00e8 completo e ci sono di passaggio dei particolari specifici interessanti.","rel":"","context":"In &quot;Coordinate&quot;","block_context":{"text":"Coordinate","link":"http:\/\/www.robertosedda.it\/?cat=52"},"img":{"alt_text":"","src":"https:\/\/i0.wp.com\/www.robertosedda.it\/wp-content\/uploads\/2019\/09\/Governatrice-Hong-Kong.jpg?fit=560%2C315&resize=350%2C200","width":350,"height":200},"classes":[]},{"id":12298,"url":"http:\/\/www.robertosedda.it\/?p=12298","url_meta":{"origin":16484,"position":5},"title":"Nuove frontiere collaborative della ristorazione","author":"Rufus","date":"02\/08\/2016","format":false,"excerpt":"Un'amica al bar. Siamo in una nota localit\u00e0 turistica della Sardegna e lei ha ospite un branco di ragazzine. Ordina: \"Tre frittelle e una, due, tre... cinque cornetti\". La padrona, sbrigativa: \"Scusi, non siamo mica una pasticceria. \u00a0Eh, dico: cos\u00ec io resto senza. Facciamo cos\u00ec: gliene porto cinque in tutto\u2026","rel":"","context":"In &quot;Cibo e cucine&quot;","block_context":{"text":"Cibo e cucine","link":"http:\/\/www.robertosedda.it\/?cat=71"},"img":{"alt_text":"","src":"https:\/\/i0.wp.com\/www.robertosedda.it\/wp-content\/uploads\/2016\/08\/20160802_162819.jpg?fit=1200%2C720&resize=350%2C200","width":350,"height":200,"srcset":"https:\/\/i0.wp.com\/www.robertosedda.it\/wp-content\/uploads\/2016\/08\/20160802_162819.jpg?fit=1200%2C720&resize=350%2C200 1x, https:\/\/i0.wp.com\/www.robertosedda.it\/wp-content\/uploads\/2016\/08\/20160802_162819.jpg?fit=1200%2C720&resize=700%2C400 2x, https:\/\/i0.wp.com\/www.robertosedda.it\/wp-content\/uploads\/2016\/08\/20160802_162819.jpg?fit=1200%2C720&resize=1050%2C600 3x"},"classes":[]}],"_links":{"self":[{"href":"http:\/\/www.robertosedda.it\/index.php?rest_route=\/wp\/v2\/posts\/16484"}],"collection":[{"href":"http:\/\/www.robertosedda.it\/index.php?rest_route=\/wp\/v2\/posts"}],"about":[{"href":"http:\/\/www.robertosedda.it\/index.php?rest_route=\/wp\/v2\/types\/post"}],"author":[{"embeddable":true,"href":"http:\/\/www.robertosedda.it\/index.php?rest_route=\/wp\/v2\/users\/1"}],"replies":[{"embeddable":true,"href":"http:\/\/www.robertosedda.it\/index.php?rest_route=%2Fwp%2Fv2%2Fcomments&post=16484"}],"version-history":[{"count":4,"href":"http:\/\/www.robertosedda.it\/index.php?rest_route=\/wp\/v2\/posts\/16484\/revisions"}],"predecessor-version":[{"id":20007,"href":"http:\/\/www.robertosedda.it\/index.php?rest_route=\/wp\/v2\/posts\/16484\/revisions\/20007"}],"wp:featuredmedia":[{"embeddable":true,"href":"http:\/\/www.robertosedda.it\/index.php?rest_route=\/wp\/v2\/media\/16486"}],"wp:attachment":[{"href":"http:\/\/www.robertosedda.it\/index.php?rest_route=%2Fwp%2Fv2%2Fmedia&parent=16484"}],"wp:term":[{"taxonomy":"category","embeddable":true,"href":"http:\/\/www.robertosedda.it\/index.php?rest_route=%2Fwp%2Fv2%2Fcategories&post=16484"},{"taxonomy":"post_tag","embeddable":true,"href":"http:\/\/www.robertosedda.it\/index.php?rest_route=%2Fwp%2Fv2%2Ftags&post=16484"}],"curies":[{"name":"wp","href":"https:\/\/api.w.org\/{rel}","templated":true}]}}