{"id":1642,"date":"2012-12-18T10:45:53","date_gmt":"2012-12-18T09:45:53","guid":{"rendered":"http:\/\/www.robertosedda.it\/?p=1642"},"modified":"2013-12-19T18:17:38","modified_gmt":"2013-12-19T17:17:38","slug":"quel-che-ho-detto-o-volevo-dire-a-eben-ezer-la-sardegna","status":"publish","type":"post","link":"http:\/\/www.robertosedda.it\/?p=1642","title":{"rendered":"Quel che ho detto (o volevo dire) a Eben Ezer &#8211; la Sardegna"},"content":{"rendered":"<p><a href=\"http:\/\/www.robertosedda.it\/?p=1555\">L&#8217;altro giorno mi sono dilungato molto di pi\u00f9<\/a>, oggi sar\u00f2 (per fortuna di tutti) pi\u00f9 breve.<\/p>\n<p>La domanda a cui avrei dovuto rispondere nella seconda parte del mio intervento era, pi\u00f9 o meno: com&#8217;\u00e8 la Sardegna vista dalla visuale di Banca Popolare Etica? Pi\u00f9 esattamente, come \u00e8 la Sardegna vista dalla visuale di un socio attivo di Banca Etica, visto che non pretendo certo di parlare per tutti i soci e tutta la Banca?<\/p>\n<p>Risposta: la Sardegna \u00e8 un posto straordinario, dove accadono molte cose che sono di livello nazionale, esperimenti che qualificano la Sardegna come un laboratorio che riesce a fare cose che l&#8217;economia sociale di altre aree geografiche, con maggiori risorse economiche ed umane, non riesce a fare.<\/p>\n<p>Insisto sulla dimensione di laboratorio, perch\u00e9 sappiamo tutti che la Sardegna rimane, comunque, un&#8217;area depressa; ma mostra in questa situazione una vitalit\u00e0, una capacit\u00e0 inventiva, una consapevolezza politica e una dedizione che sono, proprio in rapporto ai problemi che tutti conosciamo benissimo,\u00a0davvero impressionante.<\/p>\n<p>Questa vitalit\u00e0 si mostra anche in un&#8217;area che \u00e8 spesso sottovalutata, e che \u00e8 la capacit\u00e0 di costruire reti. Negli anni in cui ho collaborato con la Banca ho potuto sperimentare che non \u00e8 vero quel trito luogo comune che vuole i sardi <em>pocos, locos y malos unidos<\/em>.<\/p>\n<p>La persistenza di questo tipo di espressioni, la forza con cui sono continuamente ripetute,\u00a0dice di una colonizzazione dell&#8217;immaginario, di una coazione a farsi del male mortificandosi, di un certo tipo di masochismo, e d\u00e0 ragione del fatto che il punto d&#8217;attacco di qualunque iniziativa di sviluppo in Sardegna non pu\u00f2 che essere culturale, come ho imparato con <em>Nuove Officine<\/em>, il progetto europeo svolto da Banca Etica nel 2005-2008. Sono espressioni spesso ossessivamente ripetute, ma\u00a0considerate dal punto di vista di chi vede mille aspetti diversi dell&#8217;economia sociale in Sardegna semplicemente non sono vere.<\/p>\n<p>Il problema, casomai, non \u00e8 che non si faccia rete in Sardegna. \u00c8 che le reti non dialogano fra loro, che \u00e8 un tema diverso. C&#8217;\u00e8 stato da pochi giorni <em>Scirarindi<\/em>, che pu\u00f2 essere considerato il grande punto di incontro delle reti della sostenibilit\u00e0, del biologico, del benessere interiore (e gi\u00e0 questo \u00e8 straordinario, perch\u00e9 sono tre reti diverse): negli stessi giorni un&#8217;importante rete di artigiani faceva una importantissima manifestazione a Nuoro; l&#8217;anno scorso nei giorni di <em>Scirarindi<\/em> tutti gli operatori culturali cittadini hanno fissato\u00a0un loro\u00a0importante congresso in contemporanea, in un&#8217;altra parte della citt\u00e0. A <em>Scirarindi<\/em> non c&#8217;era la cooperazione sociale, ed era complessivamente assente la rete dei cristiani attenti ai temi della giustizia e della pace.<\/p>\n<p>Non voglio dare colpe a nessuno, o puntare il dito: anche noi di Banca Etica saltiamo spesso e volentieri gli appuntamenti, e tutti hanno esigenze organizzative e logistiche di mille tipi diversi. Il problema non \u00e8 fare le cose tutti assieme &#8211; evitare le concomitanze di date magari si, ma non \u00e8 neanche questo il punto &#8211; il problema \u00e8 ancora di una conoscenza e di un riconoscimento reciproco. Se le reti dialogassero si comprenderebbe che le esigenze sono del tutto comuni, si potrebbero sviluppare importanti sinergie, anche economiche, migliorerebbe la rappresentanza politica&#8230; ma soprattutto ci sarebbe la possibilit\u00e0, per ciascuna, di fare un salto culturale in avanti di enormi proporzioni.<\/p>\n<p>Se le reti non dialogano vuol dire che, complessivamente, non ce la fanno, magari semplicemente perch\u00e9 schiacciate dal quotidiano. Due sono i soggetti che potrebbero proporsi come\u00a0snodi di una costruzione della rete delle reti in Sardegna, o almeno\u00a0facilitatori della comunicazione. Uno \u00e8 la politica, sulla quale non mi dilungo. L&#8217;altro sono le realt\u00e0 che hanno una autorit\u00e0 morale, la capacit\u00e0 innata di stare al di sopra delle parti offrendosi come punti di incontro accoglienti. Fra questi, secondo me, ci sono i cristiani, e in questo campo anche un centro culturale come <em>Eben Ezer<\/em> potrebbe trovare parte della sua vocazione.<\/p>\n","protected":false},"excerpt":{"rendered":"<p>L&#8217;altro giorno mi sono dilungato molto di pi\u00f9, oggi sar\u00f2 (per fortuna di tutti) pi\u00f9 breve. La domanda a cui<\/p>\n","protected":false},"author":1,"featured_media":0,"comment_status":"open","ping_status":"open","sticky":false,"template":"","format":"standard","meta":{"_mi_skip_tracking":false,"_monsterinsights_sitenote_active":false,"_monsterinsights_sitenote_note":"","_monsterinsights_sitenote_category":0,"jetpack_post_was_ever_published":false,"_jetpack_newsletter_access":"","jetpack_publicize_message":"","jetpack_is_tweetstorm":false,"jetpack_publicize_feature_enabled":true,"jetpack_social_post_already_shared":false,"jetpack_social_options":{"image_generator_settings":{"template":"highway","enabled":false}}},"categories":[52,55,77,17,16],"tags":[],"jetpack_publicize_connections":[],"jetpack_featured_media_url":"","jetpack_sharing_enabled":true,"jetpack_shortlink":"https:\/\/wp.me\/p4jV2T-qu","jetpack_likes_enabled":true,"jetpack-related-posts":[{"id":6796,"url":"http:\/\/www.robertosedda.it\/?p=6796","url_meta":{"origin":1642,"position":0},"title":"Quel che ho detto alla festa dei quindici anni di Banca Etica a Sassari","author":"Rufus","date":"21\/03\/2014","format":false,"excerpt":"Ieri con Gaetano e Claudio siamo andati in trasferta (piuttosto stancante, devo dire, si vede che non ho pi\u00f9 l'et\u00e0) a Sassari per festeggiare anche l\u00ec i quindici anni di Banca Etica, insieme ai soci della Sardegna Settentrionale in un incontro davvero molto partecipato all'Universit\u00e0. Nell'occasione\u00a0mi hanno chiesto un saluto\u2026","rel":"","context":"In &quot;Banche e finanza&quot;","block_context":{"text":"Banche e finanza","link":"http:\/\/www.robertosedda.it\/?cat=72"},"img":{"alt_text":"","src":"https:\/\/i0.wp.com\/www.robertosedda.it\/wp-content\/uploads\/2014\/03\/Rufus-a-Cinque-su-quindici.jpg?fit=600%2C800&resize=350%2C200","width":350,"height":200},"classes":[]},{"id":3312,"url":"http:\/\/www.robertosedda.it\/?p=3312","url_meta":{"origin":1642,"position":1},"title":"Quel che ho raccontato a Bologna","author":"Rufus","date":"31\/05\/2013","format":false,"excerpt":"Mi \u00e8 arrivata avantieri una mail che mi ha fatto molto piacere e che, nel ringraziare tanti che hanno collaborato a Terra Equa, tra l'altro dice: Grazie a tutti quelli che hanno partecipato alla tavola rotonda di sabato 25 [...]... a Roberto Sedda (Sardegna) per aver ricordato che le reti\u2026","rel":"","context":"In &quot;Banche e finanza&quot;","block_context":{"text":"Banche e finanza","link":"http:\/\/www.robertosedda.it\/?cat=72"},"img":{"alt_text":"","src":"https:\/\/i0.wp.com\/www.robertosedda.it\/wp-content\/uploads\/2013\/05\/2013-05-25-11.10.44.jpg?fit=640%2C480&resize=350%2C200","width":350,"height":200},"classes":[]},{"id":6640,"url":"http:\/\/www.robertosedda.it\/?p=6640","url_meta":{"origin":1642,"position":2},"title":"Cominciate a segnarvi queste due date&#8230;","author":"Rufus","date":"04\/03\/2014","format":false,"excerpt":"Festeggiamenti! Festeggiamenti! In questo stesso momento in cui scrivo alla Sala delle Colonne della Camera dei Deputati viene presentata la ricerca sull'impatto sociale di Banca Etica nei suoi primi quindici anni di vita\u00a0(e no, questa volta non sono potuto andare). Con questa presentazione iniziano di fatto i quindici giorni di\u2026","rel":"","context":"In &quot;Banche e finanza&quot;","block_context":{"text":"Banche e finanza","link":"http:\/\/www.robertosedda.it\/?cat=72"},"img":{"alt_text":"","src":"https:\/\/i0.wp.com\/www.robertosedda.it\/wp-content\/uploads\/2014\/02\/Banca-Etica-15-anni.jpg?fit=510%2C250&resize=350%2C200","width":350,"height":200},"classes":[]},{"id":18376,"url":"http:\/\/www.robertosedda.it\/?p=18376","url_meta":{"origin":1642,"position":3},"title":"E fra poco va in onda la Filiale","author":"Rufus","date":"02\/12\/2020","format":false,"excerpt":"Alle 17,30 vado in onda a reti unificate (cio\u00e8: su Facebook e YouTube) per la festa on line di inugurazione della nuova Filiale di Banca Etica di Sassari, l'agognata filiale regionale della Sardegna. In realt\u00e0 la festa sarebbe pi\u00f9 una festa di compleanno, dato che la Filiale ha aperto praticamente\u2026","rel":"","context":"In &quot;Banche e finanza&quot;","block_context":{"text":"Banche e finanza","link":"http:\/\/www.robertosedda.it\/?cat=72"},"img":{"alt_text":"","src":"https:\/\/i0.wp.com\/www.robertosedda.it\/wp-content\/uploads\/2020\/12\/126126054_3693012367416326_3145716816525082391_o.jpg?fit=1200%2C801&resize=350%2C200","width":350,"height":200,"srcset":"https:\/\/i0.wp.com\/www.robertosedda.it\/wp-content\/uploads\/2020\/12\/126126054_3693012367416326_3145716816525082391_o.jpg?fit=1200%2C801&resize=350%2C200 1x, https:\/\/i0.wp.com\/www.robertosedda.it\/wp-content\/uploads\/2020\/12\/126126054_3693012367416326_3145716816525082391_o.jpg?fit=1200%2C801&resize=700%2C400 2x, https:\/\/i0.wp.com\/www.robertosedda.it\/wp-content\/uploads\/2020\/12\/126126054_3693012367416326_3145716816525082391_o.jpg?fit=1200%2C801&resize=1050%2C600 3x"},"classes":[]},{"id":6151,"url":"http:\/\/www.robertosedda.it\/?p=6151","url_meta":{"origin":1642,"position":4},"title":"Ricchezza, imprenditorialit\u00e0 sociale, politiche di sviluppo","author":"Rufus","date":"05\/02\/2014","format":false,"excerpt":"Fra il 2006 e il 2008 Banca Etica condusse in Sardegna un progetto chiamato Nuove Officine (per i tecnici: era un PIC Equal finanziato dal Fondo Sociale Europeo e codificato come IT-G2-SAR-026 - a distanza di tanto tempo ricordo ancora l'identificativo, perch\u00e9 per anni \u00e8 stato il mio pane e\u2026","rel":"","context":"In &quot;Banche e finanza&quot;","block_context":{"text":"Banche e finanza","link":"http:\/\/www.robertosedda.it\/?cat=72"},"img":{"alt_text":"","src":"https:\/\/i0.wp.com\/www.robertosedda.it\/wp-content\/uploads\/2014\/02\/A.jpg?fit=425%2C423&resize=350%2C200","width":350,"height":200},"classes":[]},{"id":6352,"url":"http:\/\/www.robertosedda.it\/?p=6352","url_meta":{"origin":1642,"position":5},"title":"Una modesta proposta per le reti sociali della Sardegna","author":"Rufus","date":"11\/02\/2014","format":false,"excerpt":"Sabato 8 febbraio sono andato con Gaetano ed Elena a portare il saluto dei soci di Banca Etica all'Assemblea regionale dell'ARCI: oltre a noi si sono alternati, nel corso della mattinata, un gran numero di altri ospiti in rappresentanza di associazioni e organizzazioni di vario genere che collaborano o comunque\u2026","rel":"","context":"In &quot;Banche e finanza&quot;","block_context":{"text":"Banche e finanza","link":"http:\/\/www.robertosedda.it\/?cat=72"},"img":{"alt_text":"","src":"https:\/\/i0.wp.com\/www.robertosedda.it\/wp-content\/uploads\/2014\/02\/ARCI-discussione.jpg?fit=1200%2C900&resize=350%2C200","width":350,"height":200,"srcset":"https:\/\/i0.wp.com\/www.robertosedda.it\/wp-content\/uploads\/2014\/02\/ARCI-discussione.jpg?fit=1200%2C900&resize=350%2C200 1x, https:\/\/i0.wp.com\/www.robertosedda.it\/wp-content\/uploads\/2014\/02\/ARCI-discussione.jpg?fit=1200%2C900&resize=700%2C400 2x, https:\/\/i0.wp.com\/www.robertosedda.it\/wp-content\/uploads\/2014\/02\/ARCI-discussione.jpg?fit=1200%2C900&resize=1050%2C600 3x"},"classes":[]}],"_links":{"self":[{"href":"http:\/\/www.robertosedda.it\/index.php?rest_route=\/wp\/v2\/posts\/1642"}],"collection":[{"href":"http:\/\/www.robertosedda.it\/index.php?rest_route=\/wp\/v2\/posts"}],"about":[{"href":"http:\/\/www.robertosedda.it\/index.php?rest_route=\/wp\/v2\/types\/post"}],"author":[{"embeddable":true,"href":"http:\/\/www.robertosedda.it\/index.php?rest_route=\/wp\/v2\/users\/1"}],"replies":[{"embeddable":true,"href":"http:\/\/www.robertosedda.it\/index.php?rest_route=%2Fwp%2Fv2%2Fcomments&post=1642"}],"version-history":[{"count":9,"href":"http:\/\/www.robertosedda.it\/index.php?rest_route=\/wp\/v2\/posts\/1642\/revisions"}],"predecessor-version":[{"id":5533,"href":"http:\/\/www.robertosedda.it\/index.php?rest_route=\/wp\/v2\/posts\/1642\/revisions\/5533"}],"wp:attachment":[{"href":"http:\/\/www.robertosedda.it\/index.php?rest_route=%2Fwp%2Fv2%2Fmedia&parent=1642"}],"wp:term":[{"taxonomy":"category","embeddable":true,"href":"http:\/\/www.robertosedda.it\/index.php?rest_route=%2Fwp%2Fv2%2Fcategories&post=1642"},{"taxonomy":"post_tag","embeddable":true,"href":"http:\/\/www.robertosedda.it\/index.php?rest_route=%2Fwp%2Fv2%2Ftags&post=1642"}],"curies":[{"name":"wp","href":"https:\/\/api.w.org\/{rel}","templated":true}]}}