{"id":16397,"date":"2019-03-20T12:33:50","date_gmt":"2019-03-20T11:33:50","guid":{"rendered":"http:\/\/www.robertosedda.it\/?p=16397"},"modified":"2019-03-21T14:56:24","modified_gmt":"2019-03-21T13:56:24","slug":"armi-italiane-in-turkmenistan","status":"publish","type":"post","link":"http:\/\/www.robertosedda.it\/?p=16397","title":{"rendered":"Armi italiane in Turkmenistan"},"content":{"rendered":"\n<p>Dopo l&#8217;articolo di ieri mi sono messo a leggere meglio il sito  di giornalismo investigativo <em>Bell\u00bfngcat<\/em>, che trovo straordinario e di cui mi chiedo come ho fatto a vivere senza.<\/p>\n\n\n\n<p>Fra le altre cose, guarda caso, trovo <a href=\"https:\/\/www.bellingcat.com\/news\/uk-and-europe\/2019\/01\/25\/turkmenistan-italianarms-a-dictator-millions-of-euros-and-italys-bureaucracy\/\">un articolo sulle forniture di armi italiane al Turkmenistan<\/a>, uno dei paesi pi\u00f9 oppressivi al mondo.<\/p>\n\n\n\n<figure class=\"wp-block-image\"><img data-attachment-id=\"16398\" data-permalink=\"http:\/\/www.robertosedda.it\/?attachment_id=16398\" data-orig-file=\"https:\/\/i0.wp.com\/www.robertosedda.it\/wp-content\/uploads\/2019\/03\/Turkmenistan.png?fit=955%2C685\" data-orig-size=\"955,685\" data-comments-opened=\"1\" data-image-meta=\"{&quot;aperture&quot;:&quot;0&quot;,&quot;credit&quot;:&quot;&quot;,&quot;camera&quot;:&quot;&quot;,&quot;caption&quot;:&quot;&quot;,&quot;created_timestamp&quot;:&quot;0&quot;,&quot;copyright&quot;:&quot;&quot;,&quot;focal_length&quot;:&quot;0&quot;,&quot;iso&quot;:&quot;0&quot;,&quot;shutter_speed&quot;:&quot;0&quot;,&quot;title&quot;:&quot;&quot;,&quot;orientation&quot;:&quot;0&quot;}\" data-image-title=\"Turkmenistan\" data-image-description=\"\" data-image-caption=\"\" data-medium-file=\"https:\/\/i0.wp.com\/www.robertosedda.it\/wp-content\/uploads\/2019\/03\/Turkmenistan.png?fit=300%2C215\" data-large-file=\"https:\/\/i0.wp.com\/www.robertosedda.it\/wp-content\/uploads\/2019\/03\/Turkmenistan.png?fit=510%2C366\" decoding=\"async\" loading=\"lazy\" width=\"800\" height=\"574\" src=\"https:\/\/i0.wp.com\/www.robertosedda.it\/wp-content\/uploads\/2019\/03\/Turkmenistan.png?resize=800%2C574\" alt=\"\" class=\"wp-image-16398\" srcset=\"https:\/\/i0.wp.com\/www.robertosedda.it\/wp-content\/uploads\/2019\/03\/Turkmenistan.png?w=955 955w, https:\/\/i0.wp.com\/www.robertosedda.it\/wp-content\/uploads\/2019\/03\/Turkmenistan.png?resize=150%2C108 150w, https:\/\/i0.wp.com\/www.robertosedda.it\/wp-content\/uploads\/2019\/03\/Turkmenistan.png?resize=300%2C215 300w, https:\/\/i0.wp.com\/www.robertosedda.it\/wp-content\/uploads\/2019\/03\/Turkmenistan.png?resize=510%2C366 510w\" sizes=\"(max-width: 800px) 100vw, 800px\" data-recalc-dims=\"1\" \/><\/figure>\n\n\n\n<p>I punti essenziali dell&#8217;articolo sono due: da una parte la struttura volutamente oscura del rapporto al Parlamento sulle forniture di armi all&#8217;estero, come previsto dalla legge 185, e poi il fatto che utilizzando fonti di informazione liberamente disponibili le forze armate del Turkmenistan risultano in possesso di materiali e armamenti per i quali i giornalisti non sono riusciti a trovare autorizzazioni (che non \u00e8 proprio una cosina da poco).<\/p>\n\n\n\n<p>Sul secondo punto non dico niente, \u00e8 gi\u00e0 evidente da solo. Sul primo osservo che il governo del cambiamento, che vuole cambiare la 185 per renderla pi\u00f9 efficace, se veramente ci tiene potrebbe fare gi\u00e0 un bel lavoro a costo zero mettendo nel rapporto tabelle comprensibili e valutabili.<\/p>\n","protected":false},"excerpt":{"rendered":"<p>Dopo l&#8217;articolo di ieri mi sono messo a leggere meglio il sito di giornalismo investigativo Bell\u00bfngcat, che trovo straordinario e<\/p>\n","protected":false},"author":1,"featured_media":16398,"comment_status":"open","ping_status":"open","sticky":false,"template":"","format":"standard","meta":{"_mi_skip_tracking":false,"_monsterinsights_sitenote_active":false,"_monsterinsights_sitenote_note":"","_monsterinsights_sitenote_category":0,"jetpack_post_was_ever_published":false,"_jetpack_newsletter_access":"","jetpack_publicize_message":"","jetpack_is_tweetstorm":false,"jetpack_publicize_feature_enabled":true,"jetpack_social_post_already_shared":true,"jetpack_social_options":{"image_generator_settings":{"template":"highway","enabled":false}}},"categories":[95],"tags":[],"jetpack_publicize_connections":[],"jetpack_featured_media_url":"https:\/\/i0.wp.com\/www.robertosedda.it\/wp-content\/uploads\/2019\/03\/Turkmenistan.png?fit=955%2C685","jetpack_sharing_enabled":true,"jetpack_shortlink":"https:\/\/wp.me\/p4jV2T-4gt","jetpack_likes_enabled":true,"jetpack-related-posts":[{"id":17308,"url":"http:\/\/www.robertosedda.it\/?p=17308","url_meta":{"origin":16397,"position":0},"title":"Allarme rosso","author":"Rufus","date":"22\/09\/2019","format":false,"excerpt":"Trovo su Wired un interessante articolo che racconta come in diversi Stati degli USA sia possibile ottenere un ordine del tribunale nei confronti di persone che mostrano indizi evidenti di voler commettere suicidio o compiere violenze domestiche o stragi, in modo che temporaneamente gli vengano sottratte le armi che possiedono.\u2026","rel":"","context":"In &quot;Coordinate&quot;","block_context":{"text":"Coordinate","link":"http:\/\/www.robertosedda.it\/?cat=52"},"img":{"alt_text":"","src":"","width":0,"height":0},"classes":[]},{"id":19794,"url":"http:\/\/www.robertosedda.it\/?p=19794","url_meta":{"origin":16397,"position":1},"title":"Quel che non sappiamo sulle stragi e non solo","author":"Rufus","date":"14\/07\/2022","format":false,"excerpt":"Tempo fa ho salvato il riferimento a un articolo sull'Harvard Public Health Magazine, la rivista dell'Universit\u00e0 di Harvard sui temi della salute pubblica. Mi ha colpito molto perch\u00e9 aveva un approccio particolarmente problematico al tema delle stragi compiute negli Stati Uniti con armi da fuoco. Visto che negli ultimi giorni\u2026","rel":"","context":"In &quot;Coordinate&quot;","block_context":{"text":"Coordinate","link":"http:\/\/www.robertosedda.it\/?cat=52"},"img":{"alt_text":"","src":"https:\/\/i0.wp.com\/www.robertosedda.it\/wp-content\/uploads\/2022\/07\/David-Hemenway.png?fit=255%2C300&resize=350%2C200","width":350,"height":200},"classes":[]},{"id":11659,"url":"http:\/\/www.robertosedda.it\/?p=11659","url_meta":{"origin":16397,"position":2},"title":"Bambini e pistole","author":"Rufus","date":"15\/03\/2016","format":false,"excerpt":"Non so se la settimana scorsa avete visto passare da qualche parte la notizia che riguarda Jamie Gilt. Chi \u00e8 Jamie Gilt? Questa. Bella figliola, no? Molto fotogenica. Tanto che \u00e8 diventata famosetta, negli USA, come testimonial delle varie campagne a favore del diritto a portare armi, nonch\u00e9 piccolo idolo\u2026","rel":"","context":"In &quot;Coordinate&quot;","block_context":{"text":"Coordinate","link":"http:\/\/www.robertosedda.it\/?cat=52"},"img":{"alt_text":"","src":"https:\/\/i0.wp.com\/www.robertosedda.it\/wp-content\/uploads\/2016\/03\/Genitori-e-armi.jpg?fit=640%2C433&resize=350%2C200","width":350,"height":200},"classes":[]},{"id":11641,"url":"http:\/\/www.robertosedda.it\/?p=11641","url_meta":{"origin":16397,"position":3},"title":"A proposito di traffico d&#8217;armi","author":"Rufus","date":"04\/03\/2016","format":false,"excerpt":"Un articolo su Visual capitalist fa il punto sulla crescita del commercio d'armi nell'ultimo paio d'anni: non vi stupir\u00e0 scoprire che fra i paesi di maggiore importanza ci sono l'Arabia Saudita, gli Emirati Arabi, la Turchia, l'India, il Pakistan e altri paesi orientali. Qui sotto una della infografiche pi\u00f9 significative,\u2026","rel":"","context":"In &quot;Coordinate&quot;","block_context":{"text":"Coordinate","link":"http:\/\/www.robertosedda.it\/?cat=52"},"img":{"alt_text":"","src":"https:\/\/i0.wp.com\/www.robertosedda.it\/wp-content\/uploads\/2016\/03\/world-arm-trade.png?fit=620%2C1141&resize=350%2C200","width":350,"height":200},"classes":[]},{"id":14384,"url":"http:\/\/www.robertosedda.it\/?p=14384","url_meta":{"origin":16397,"position":4},"title":"Quel che ho detto al convegno &#8220;Pace &#8211; Lavoro &#8211; Sviluppo&#8221; di Iglesias","author":"Rufus","date":"06\/12\/2017","format":false,"excerpt":"Domenica scorsa in compagnia di un po' di soci di Banca Etica sono andato al Convegno\u00a0Pace - Lavoro - Sviluppo dedicato al tema della riconversione della fabbrica di Domusnovas della RWM. Al convegno hanno preso la parola molti relatori, tanti di alto livello. Fra quelli che hanno parlato ma che\u2026","rel":"","context":"In &quot;Banche e finanza&quot;","block_context":{"text":"Banche e finanza","link":"http:\/\/www.robertosedda.it\/?cat=72"},"img":{"alt_text":"","src":"https:\/\/i0.wp.com\/www.robertosedda.it\/wp-content\/uploads\/2017\/12\/Arcobaleno.jpg?fit=510%2C458&resize=350%2C200","width":350,"height":200},"classes":[]},{"id":16058,"url":"http:\/\/www.robertosedda.it\/?p=16058","url_meta":{"origin":16397,"position":5},"title":"I Vescovi sardi e la RWM","author":"Rufus","date":"27\/12\/2018","format":false,"excerpt":"Il documento dei Vescovi sardi per la giornata della pace 2019 affronta, sebbene senza nominarla direttamente, la questione della fabbrica RWM di Domusnovas. Sentiamo il dovere di dire no a tutto il business delle armi, in Sardegna e nel Paese intero. Chiediamo un serio sforzo per la riconversione di quelle\u2026","rel":"","context":"In &quot;Segnalazioni&quot;","block_context":{"text":"Segnalazioni","link":"http:\/\/www.robertosedda.it\/?cat=95"},"img":{"alt_text":"","src":"https:\/\/i0.wp.com\/www.robertosedda.it\/wp-content\/uploads\/2018\/12\/Francesco-2.jpeg?fit=540%2C281&resize=350%2C200","width":350,"height":200},"classes":[]}],"_links":{"self":[{"href":"http:\/\/www.robertosedda.it\/index.php?rest_route=\/wp\/v2\/posts\/16397"}],"collection":[{"href":"http:\/\/www.robertosedda.it\/index.php?rest_route=\/wp\/v2\/posts"}],"about":[{"href":"http:\/\/www.robertosedda.it\/index.php?rest_route=\/wp\/v2\/types\/post"}],"author":[{"embeddable":true,"href":"http:\/\/www.robertosedda.it\/index.php?rest_route=\/wp\/v2\/users\/1"}],"replies":[{"embeddable":true,"href":"http:\/\/www.robertosedda.it\/index.php?rest_route=%2Fwp%2Fv2%2Fcomments&post=16397"}],"version-history":[{"count":2,"href":"http:\/\/www.robertosedda.it\/index.php?rest_route=\/wp\/v2\/posts\/16397\/revisions"}],"predecessor-version":[{"id":16400,"href":"http:\/\/www.robertosedda.it\/index.php?rest_route=\/wp\/v2\/posts\/16397\/revisions\/16400"}],"wp:featuredmedia":[{"embeddable":true,"href":"http:\/\/www.robertosedda.it\/index.php?rest_route=\/wp\/v2\/media\/16398"}],"wp:attachment":[{"href":"http:\/\/www.robertosedda.it\/index.php?rest_route=%2Fwp%2Fv2%2Fmedia&parent=16397"}],"wp:term":[{"taxonomy":"category","embeddable":true,"href":"http:\/\/www.robertosedda.it\/index.php?rest_route=%2Fwp%2Fv2%2Fcategories&post=16397"},{"taxonomy":"post_tag","embeddable":true,"href":"http:\/\/www.robertosedda.it\/index.php?rest_route=%2Fwp%2Fv2%2Ftags&post=16397"}],"curies":[{"name":"wp","href":"https:\/\/api.w.org\/{rel}","templated":true}]}}