{"id":16360,"date":"2019-03-18T18:44:18","date_gmt":"2019-03-18T17:44:18","guid":{"rendered":"http:\/\/www.robertosedda.it\/?p=16360"},"modified":"2019-09-26T11:49:28","modified_gmt":"2019-09-26T09:49:28","slug":"morire-gonfi","status":"publish","type":"post","link":"http:\/\/www.robertosedda.it\/?p=16360","title":{"rendered":"Morire gonfi"},"content":{"rendered":"\n<p>Mi scuserete se oggi mi concedo una delle rare occasioni in cui questo <em>blog<\/em> ragiona di pancia.<\/p>\n\n\n\n<figure class=\"wp-block-image\"><img data-attachment-id=\"16361\" data-permalink=\"http:\/\/www.robertosedda.it\/?attachment_id=16361\" data-orig-file=\"https:\/\/i0.wp.com\/www.robertosedda.it\/wp-content\/uploads\/2019\/03\/apocalypse.jpg?fit=1280%2C693\" data-orig-size=\"1280,693\" data-comments-opened=\"1\" data-image-meta=\"{&quot;aperture&quot;:&quot;0&quot;,&quot;credit&quot;:&quot;&quot;,&quot;camera&quot;:&quot;&quot;,&quot;caption&quot;:&quot;&quot;,&quot;created_timestamp&quot;:&quot;0&quot;,&quot;copyright&quot;:&quot;&quot;,&quot;focal_length&quot;:&quot;0&quot;,&quot;iso&quot;:&quot;0&quot;,&quot;shutter_speed&quot;:&quot;0&quot;,&quot;title&quot;:&quot;&quot;,&quot;orientation&quot;:&quot;0&quot;}\" data-image-title=\"apocalypse\" data-image-description=\"\" data-image-caption=\"\" data-medium-file=\"https:\/\/i0.wp.com\/www.robertosedda.it\/wp-content\/uploads\/2019\/03\/apocalypse.jpg?fit=300%2C162\" data-large-file=\"https:\/\/i0.wp.com\/www.robertosedda.it\/wp-content\/uploads\/2019\/03\/apocalypse.jpg?fit=510%2C276\" decoding=\"async\" loading=\"lazy\" width=\"800\" height=\"433\" src=\"https:\/\/i0.wp.com\/www.robertosedda.it\/wp-content\/uploads\/2019\/03\/apocalypse.jpg?resize=800%2C433\" alt=\"\" class=\"wp-image-16361\" srcset=\"https:\/\/i0.wp.com\/www.robertosedda.it\/wp-content\/uploads\/2019\/03\/apocalypse.jpg?w=1280 1280w, https:\/\/i0.wp.com\/www.robertosedda.it\/wp-content\/uploads\/2019\/03\/apocalypse.jpg?resize=150%2C81 150w, https:\/\/i0.wp.com\/www.robertosedda.it\/wp-content\/uploads\/2019\/03\/apocalypse.jpg?resize=300%2C162 300w, https:\/\/i0.wp.com\/www.robertosedda.it\/wp-content\/uploads\/2019\/03\/apocalypse.jpg?resize=510%2C276 510w\" sizes=\"(max-width: 800px) 100vw, 800px\" data-recalc-dims=\"1\" \/><\/figure>\n\n\n\n<p>Riflettevo stamattina, a proposito di tutti quelli che criticano Greta Thunberg perch\u00e9 sono di destra, perch\u00e9 sono di sinistra, perch\u00e9 sono troppo furbi, perch\u00e9 la linea non \u00e8 quella giusta, perch\u00e9 i <em>media<\/em>, perch\u00e9 \u00e8 vegana, perch\u00e9 c&#8217;\u00e8 sotto qualcosa, perch\u00e9 gli prude il culo a rinunciare ai loro privilegi, perch\u00e9 sono saccenti, perch\u00e9 credono a Diego Fusaro, perch\u00e9 sono cretini, perch\u00e9 non vedono oltre il loro naso, perch\u00e9 pensano che se stringono forte forte gli occhi l&#8217;assassino non li vedr\u00e0 e se ne andr\u00e0 va, insomma tutti quelli l\u00ec, che intanto il cambiamento climatico va avanti e loro fermi: ecco riflettevo che se si potesse dire: \u00abEcco, quando creperete male verr\u00f2 e vi dir\u00f2: <em>Vedete che avevamo ragione? <\/em>Coglioni! Adesso morite gonfi\u00bb, allora magari andrebbe anche bene.<\/p>\n\n\n\n<p>Invece gonfi ci moriremo tutti, e quindi il problema \u00e8 tutto l\u00ec. Morissero solo loro saremmo salvi.<\/p>\n\n\n\n<p>Che poi ovviamente non \u00e8 vero: perch\u00e9 la morte non si augura a nessuno e a me dispiace se muore uno solo, figuriamoci i milioni e milioni che ci aspettano nel prossimo secolo e perfino tutta questa gente che, come diceva quello, sta al mondo solo perch\u00e9 c&#8217;\u00e8 posto. E anche solo a pensare cos\u00ec, anche senza dirlo, si apre la strada alla violenza e non va bene.<\/p>\n\n\n\n<p>Per\u00f2 cazzo, manco questa piccola soddisfazione.<\/p>\n\n\n\n<p>Coglioni.<\/p>\n","protected":false},"excerpt":{"rendered":"<p>Mi scuserete se oggi mi concedo una delle rare occasioni in cui questo blog ragiona di pancia. Riflettevo stamattina, a<\/p>\n","protected":false},"author":1,"featured_media":16361,"comment_status":"open","ping_status":"open","sticky":false,"template":"","format":"standard","meta":{"_mi_skip_tracking":false,"_monsterinsights_sitenote_active":false,"_monsterinsights_sitenote_note":"","_monsterinsights_sitenote_category":0,"jetpack_post_was_ever_published":false,"_jetpack_newsletter_access":"","jetpack_publicize_message":"","jetpack_is_tweetstorm":false,"jetpack_publicize_feature_enabled":true,"jetpack_social_post_already_shared":true,"jetpack_social_options":{"image_generator_settings":{"template":"highway","enabled":false}}},"categories":[52,57,17,59,16],"tags":[],"jetpack_publicize_connections":[],"jetpack_featured_media_url":"https:\/\/i0.wp.com\/www.robertosedda.it\/wp-content\/uploads\/2019\/03\/apocalypse.jpg?fit=1280%2C693","jetpack_sharing_enabled":true,"jetpack_shortlink":"https:\/\/wp.me\/p4jV2T-4fS","jetpack_likes_enabled":true,"jetpack-related-posts":[{"id":17590,"url":"http:\/\/www.robertosedda.it\/?p=17590","url_meta":{"origin":16360,"position":0},"title":"Recupero politico di categorie popolari","author":"Rufus","date":"02\/12\/2019","format":false,"excerpt":"Forse qualcuno di voi ricorder\u00e0 che tempo fa avevo suggerito il recupero, come linea di azione nel delirio dei tempi contemporanei, dell'intraducibile atteggiamento cagliaritano che si traduce nell'espressione Ma ri pozzu toccai? Che al confronto ok, boomer \u00e8 roba per pischelli (infatti, \u00e8 effettivamente roba per pischelli. Pischelli scemi, oltretutto).\u2026","rel":"","context":"In &quot;Coordinate&quot;","block_context":{"text":"Coordinate","link":"http:\/\/www.robertosedda.it\/?cat=52"},"img":{"alt_text":"","src":"https:\/\/i0.wp.com\/www.robertosedda.it\/wp-content\/uploads\/2019\/12\/Pagu-bessiu.jpg?fit=800%2C597&resize=350%2C200","width":350,"height":200,"srcset":"https:\/\/i0.wp.com\/www.robertosedda.it\/wp-content\/uploads\/2019\/12\/Pagu-bessiu.jpg?fit=800%2C597&resize=350%2C200 1x, https:\/\/i0.wp.com\/www.robertosedda.it\/wp-content\/uploads\/2019\/12\/Pagu-bessiu.jpg?fit=800%2C597&resize=700%2C400 2x"},"classes":[]},{"id":16971,"url":"http:\/\/www.robertosedda.it\/?p=16971","url_meta":{"origin":16360,"position":1},"title":"Racconti di genere","author":"Rufus","date":"08\/08\/2019","format":false,"excerpt":"Segnalo, con colpevole ritardo, la bella intervista che Femme FM ha dedicato alla mia amica e compagna di Banca Etica Elena Piseddu. Nell'intervista Elena, per quanto sorprendentemente emozionata, fa il meritato figurone. Ho anche dato un'occhiata al resto delle puntate (casualmente non avevo mai avuto di ascoltarle): trovo la trasmissione\u2026","rel":"","context":"In &quot;Biografie&quot;","block_context":{"text":"Biografie","link":"http:\/\/www.robertosedda.it\/?cat=83"},"img":{"alt_text":"","src":"https:\/\/i0.wp.com\/www.robertosedda.it\/wp-content\/uploads\/2019\/08\/elenapis-femmefm-620x350.jpg?fit=620%2C350&resize=350%2C200","width":350,"height":200},"classes":[]},{"id":11829,"url":"http:\/\/www.robertosedda.it\/?p=11829","url_meta":{"origin":16360,"position":2},"title":"Gli Irochesi e Casapound","author":"Rufus","date":"13\/04\/2016","format":false,"excerpt":"Nella contemporaneit\u00e0\u00a0strani nomadismi si incrociano Le bacheche di molti miei contatti di\u00a0Facebook sono piene di considerazioni sulla piccola aggressione messa in scena da un paio di esponenti di Casapound\u00a0\u00a0di Roma allo stand della casa editrice Shockdom (quella che pubblica anche\u00a0Eriadan) durante la recente fiera del fumetto Romics. Non ho granch\u00e9\u2026","rel":"","context":"In &quot;Antropologia&quot;","block_context":{"text":"Antropologia","link":"http:\/\/www.robertosedda.it\/?cat=97"},"img":{"alt_text":"","src":"https:\/\/i0.wp.com\/www.robertosedda.it\/wp-content\/uploads\/2016\/04\/Qvando-cera-LVI.jpg?fit=800%2C1200&resize=350%2C200","width":350,"height":200,"srcset":"https:\/\/i0.wp.com\/www.robertosedda.it\/wp-content\/uploads\/2016\/04\/Qvando-cera-LVI.jpg?fit=800%2C1200&resize=350%2C200 1x, https:\/\/i0.wp.com\/www.robertosedda.it\/wp-content\/uploads\/2016\/04\/Qvando-cera-LVI.jpg?fit=800%2C1200&resize=700%2C400 2x"},"classes":[]},{"id":17035,"url":"http:\/\/www.robertosedda.it\/?p=17035","url_meta":{"origin":16360,"position":3},"title":"Pentecostali con la Madonna","author":"Rufus","date":"21\/08\/2019","format":false,"excerpt":"Stamattina in casa si rifletteva su certi leader politici che brandiscono i simboli cristiani come garanzia di successo. \u00ab\u00c8 come un certo tipo di cristianesimo africano\u00bb, ha detto Bonaria. Ho capito che parlava delle varie correnti che si riconoscono in una teologia della prosperit\u00e0. Vedo che Civilt\u00e0 Cattolica la descrive\u2026","rel":"","context":"In &quot;Coordinate&quot;","block_context":{"text":"Coordinate","link":"http:\/\/www.robertosedda.it\/?cat=52"},"img":{"alt_text":"","src":"https:\/\/i0.wp.com\/www.robertosedda.it\/wp-content\/uploads\/2019\/08\/Rosario.jpg?fit=906%2C560&resize=350%2C200","width":350,"height":200,"srcset":"https:\/\/i0.wp.com\/www.robertosedda.it\/wp-content\/uploads\/2019\/08\/Rosario.jpg?fit=906%2C560&resize=350%2C200 1x, https:\/\/i0.wp.com\/www.robertosedda.it\/wp-content\/uploads\/2019\/08\/Rosario.jpg?fit=906%2C560&resize=700%2C400 2x"},"classes":[]},{"id":18364,"url":"http:\/\/www.robertosedda.it\/?p=18364","url_meta":{"origin":16360,"position":4},"title":"Inganni dell&#8217;identit\u00e0","author":"Rufus","date":"27\/11\/2020","format":false,"excerpt":"Fra le scoperte spotifaiane di questo periodo c'\u00e8 questa Song of the old communist di Leen Rosselson, una canzone che mi piace molto (anche se secondo me \u00e8 pi\u00f9 bella World turned upside down). https:\/\/www.youtube.com\/watch?v=A5ecU2yGDpM Ora, mentre la riascoltavo riflettevo che, in realt\u00e0, tutta la comunanza che sento con il\u2026","rel":"","context":"In &quot;Antropologia&quot;","block_context":{"text":"Antropologia","link":"http:\/\/www.robertosedda.it\/?cat=97"},"img":{"alt_text":"","src":"https:\/\/i0.wp.com\/www.robertosedda.it\/wp-content\/uploads\/2014\/03\/Rufus-e-Pino.jpg?fit=604%2C453&resize=350%2C200","width":350,"height":200},"classes":[]},{"id":9583,"url":"http:\/\/www.robertosedda.it\/?p=9583","url_meta":{"origin":16360,"position":5},"title":"L&#8217;autore e il suo pubblico","author":"Rufus","date":"12\/02\/2015","format":false,"excerpt":"Come molti altri ho seguito per diversi anni il\u00a0blog\u00a0a fumetti di Eriadan: \u00e8 stata per me, come per molti altri, una lettura mattutina piacevole, appena acceso il computer, un modo per iniziare la giornata col sorriso in compagnia delle avventure quotidiane di un'altra famiglia, quella di Eriadan, cio\u00e8 Paolo, Federica,\u2026","rel":"","context":"In &quot;Coordinate&quot;","block_context":{"text":"Coordinate","link":"http:\/\/www.robertosedda.it\/?cat=52"},"img":{"alt_text":"","src":"https:\/\/i0.wp.com\/www.robertosedda.it\/wp-content\/uploads\/2015\/02\/Eriadan-famiglia.gif?fit=600%2C734&resize=350%2C200","width":350,"height":200},"classes":[]}],"_links":{"self":[{"href":"http:\/\/www.robertosedda.it\/index.php?rest_route=\/wp\/v2\/posts\/16360"}],"collection":[{"href":"http:\/\/www.robertosedda.it\/index.php?rest_route=\/wp\/v2\/posts"}],"about":[{"href":"http:\/\/www.robertosedda.it\/index.php?rest_route=\/wp\/v2\/types\/post"}],"author":[{"embeddable":true,"href":"http:\/\/www.robertosedda.it\/index.php?rest_route=\/wp\/v2\/users\/1"}],"replies":[{"embeddable":true,"href":"http:\/\/www.robertosedda.it\/index.php?rest_route=%2Fwp%2Fv2%2Fcomments&post=16360"}],"version-history":[{"count":3,"href":"http:\/\/www.robertosedda.it\/index.php?rest_route=\/wp\/v2\/posts\/16360\/revisions"}],"predecessor-version":[{"id":17349,"href":"http:\/\/www.robertosedda.it\/index.php?rest_route=\/wp\/v2\/posts\/16360\/revisions\/17349"}],"wp:featuredmedia":[{"embeddable":true,"href":"http:\/\/www.robertosedda.it\/index.php?rest_route=\/wp\/v2\/media\/16361"}],"wp:attachment":[{"href":"http:\/\/www.robertosedda.it\/index.php?rest_route=%2Fwp%2Fv2%2Fmedia&parent=16360"}],"wp:term":[{"taxonomy":"category","embeddable":true,"href":"http:\/\/www.robertosedda.it\/index.php?rest_route=%2Fwp%2Fv2%2Fcategories&post=16360"},{"taxonomy":"post_tag","embeddable":true,"href":"http:\/\/www.robertosedda.it\/index.php?rest_route=%2Fwp%2Fv2%2Ftags&post=16360"}],"curies":[{"name":"wp","href":"https:\/\/api.w.org\/{rel}","templated":true}]}}