{"id":16338,"date":"2019-03-14T19:12:18","date_gmt":"2019-03-14T18:12:18","guid":{"rendered":"http:\/\/www.robertosedda.it\/?p=16338"},"modified":"2022-06-15T10:09:28","modified_gmt":"2022-06-15T08:09:28","slug":"labbrivio-e-il-precipizio","status":"publish","type":"post","link":"http:\/\/www.robertosedda.it\/?p=16338","title":{"rendered":"L&#8217;abbrivio e il precipizio"},"content":{"rendered":"\n<figure class=\"wp-block-image aligncenter size-full\"><img data-attachment-id=\"16339\" data-permalink=\"http:\/\/www.robertosedda.it\/?attachment_id=16339\" data-orig-file=\"https:\/\/i0.wp.com\/www.robertosedda.it\/wp-content\/uploads\/2019\/03\/Le-storie.jpg?fit=800%2C1055\" data-orig-size=\"800,1055\" data-comments-opened=\"1\" data-image-meta=\"{&quot;aperture&quot;:&quot;0&quot;,&quot;credit&quot;:&quot;&quot;,&quot;camera&quot;:&quot;&quot;,&quot;caption&quot;:&quot;&quot;,&quot;created_timestamp&quot;:&quot;0&quot;,&quot;copyright&quot;:&quot;&quot;,&quot;focal_length&quot;:&quot;0&quot;,&quot;iso&quot;:&quot;0&quot;,&quot;shutter_speed&quot;:&quot;0&quot;,&quot;title&quot;:&quot;&quot;,&quot;orientation&quot;:&quot;0&quot;}\" data-image-title=\"Le storie\" data-image-description=\"\" data-image-caption=\"\" data-medium-file=\"https:\/\/i0.wp.com\/www.robertosedda.it\/wp-content\/uploads\/2019\/03\/Le-storie.jpg?fit=227%2C300\" data-large-file=\"https:\/\/i0.wp.com\/www.robertosedda.it\/wp-content\/uploads\/2019\/03\/Le-storie.jpg?fit=510%2C673\" decoding=\"async\" loading=\"lazy\" width=\"800\" height=\"1055\" src=\"https:\/\/i0.wp.com\/www.robertosedda.it\/wp-content\/uploads\/2019\/03\/Le-storie.jpg?resize=800%2C1055\" alt=\"\" class=\"wp-image-16339\" srcset=\"https:\/\/i0.wp.com\/www.robertosedda.it\/wp-content\/uploads\/2019\/03\/Le-storie.jpg?w=800 800w, https:\/\/i0.wp.com\/www.robertosedda.it\/wp-content\/uploads\/2019\/03\/Le-storie.jpg?resize=114%2C150 114w, https:\/\/i0.wp.com\/www.robertosedda.it\/wp-content\/uploads\/2019\/03\/Le-storie.jpg?resize=227%2C300 227w, https:\/\/i0.wp.com\/www.robertosedda.it\/wp-content\/uploads\/2019\/03\/Le-storie.jpg?resize=510%2C673 510w\" sizes=\"(max-width: 800px) 100vw, 800px\" data-recalc-dims=\"1\" \/><\/figure>\n\n\n\n<p>Seguo fin dal primo numero, anzi fin dall&#8217;anteprima fuori serie, <em><a href=\"https:\/\/www.sergiobonelli.it\/sezioni\/100079\/mercurio-loi\">Mercurio Loi<\/a><\/em>, pubblicato dalla Sergio Bonelli Editore e scritto da Alessandro Bilotta.<\/p>\n\n\n\n<p>Mi piace molto ma, dopo una prima mezza dozzina di numeri molto interessanti, \u00e8 subentrata una certa perplessit\u00e0: \u00e8 un fumetto filosofico, d&#8217;accordo, \u00e8 un fumetto sperimentale, d&#8217;accordo, \u00e8 un fumetto che ha pi\u00f9 livelli di lettura e che incastra in maniera deliziosa umorismo e tematiche molto pi\u00f9 profonde, d&#8217;accordo, ma la serie sembrava cambiarmi sotto gli occhi, i gialli che teoricamente ne avrebbero dovuto essere il filo conduttore sembravano sempre meno significativi, le diramazioni filosofiche sembravano talvolta un po&#8217; fini a se stesse e Bilotta, per quanto bravissimo, pareva pure un po&#8217; innamorato della propria abilit\u00e0.<\/p>\n\n\n\n<p>Dev&#8217;essere per questo che gli ultimi due numeri li avevo messi da parte riservandomi la lettura a tempi migliori e il precedente l&#8217;avevo letto frettolosamente.<\/p>\n\n\n\n<figure class=\"wp-block-image\"><img data-attachment-id=\"16341\" data-permalink=\"http:\/\/www.robertosedda.it\/?attachment_id=16341\" data-orig-file=\"https:\/\/i0.wp.com\/www.robertosedda.it\/wp-content\/uploads\/2019\/03\/Mercurio-e.png?fit=1200%2C1583\" data-orig-size=\"1200,1583\" data-comments-opened=\"1\" data-image-meta=\"{&quot;aperture&quot;:&quot;0&quot;,&quot;credit&quot;:&quot;&quot;,&quot;camera&quot;:&quot;&quot;,&quot;caption&quot;:&quot;&quot;,&quot;created_timestamp&quot;:&quot;0&quot;,&quot;copyright&quot;:&quot;&quot;,&quot;focal_length&quot;:&quot;0&quot;,&quot;iso&quot;:&quot;0&quot;,&quot;shutter_speed&quot;:&quot;0&quot;,&quot;title&quot;:&quot;&quot;,&quot;orientation&quot;:&quot;0&quot;}\" data-image-title=\"Mercurio e\" data-image-description=\"\" data-image-caption=\"\" data-medium-file=\"https:\/\/i0.wp.com\/www.robertosedda.it\/wp-content\/uploads\/2019\/03\/Mercurio-e.png?fit=227%2C300\" data-large-file=\"https:\/\/i0.wp.com\/www.robertosedda.it\/wp-content\/uploads\/2019\/03\/Mercurio-e.png?fit=510%2C673\" decoding=\"async\" loading=\"lazy\" width=\"800\" height=\"1055\" src=\"https:\/\/i0.wp.com\/www.robertosedda.it\/wp-content\/uploads\/2019\/03\/Mercurio-e.png?resize=800%2C1055\" alt=\"\" class=\"wp-image-16341\" srcset=\"https:\/\/i0.wp.com\/www.robertosedda.it\/wp-content\/uploads\/2019\/03\/Mercurio-e.png?w=1200 1200w, https:\/\/i0.wp.com\/www.robertosedda.it\/wp-content\/uploads\/2019\/03\/Mercurio-e.png?resize=114%2C150 114w, https:\/\/i0.wp.com\/www.robertosedda.it\/wp-content\/uploads\/2019\/03\/Mercurio-e.png?resize=227%2C300 227w, https:\/\/i0.wp.com\/www.robertosedda.it\/wp-content\/uploads\/2019\/03\/Mercurio-e.png?resize=510%2C673 510w\" sizes=\"(max-width: 800px) 100vw, 800px\" data-recalc-dims=\"1\" \/><\/figure>\n\n\n\n<p>L&#8217;altra sera, per\u00f2, ho ripreso in mano la lettura interrotta e mentre leggevo vedevo come i pezzi di un <em>puzzle<\/em> che si ricomponevano finch\u00e9, improvvisamente, c&#8217;\u00e8 stato come un <em>clic<\/em> e l&#8217;universo si \u00e8 riallineato: e quelle che mi erano parse un anno e mezzo di divagazioni un po&#8217; fini a se stesse si sono ricomposte in uno straordinario romanzo unitario e affascinante, mentre gli eventi che fino a quel momento sembravano essere messi l\u00ec a caso improvvisamente acquistavano passo, tensione narrativa, urgenza e poi vera e propria sostanza di dramma. Ho chiuso il fumetto e ho detto: \u00abPer\u00f2!\u00bb.<\/p>\n\n\n\n<p>Un po&#8217; me l&#8217;immaginavo: vedo che dipende dal fatto che la serie si sta per concludere per motivi credo di sostenibilit\u00e0 economica, e quindi Bilotta sta per forza portando a conclusione i vari fili della vicenda che ha dipanato sinora. Magistralmente, devo dire.<\/p>\n\n\n\n<figure class=\"wp-block-image aligncenter\"><img data-attachment-id=\"16342\" data-permalink=\"http:\/\/www.robertosedda.it\/?attachment_id=16342\" data-orig-file=\"https:\/\/i0.wp.com\/www.robertosedda.it\/wp-content\/uploads\/2019\/03\/Mercurio-d.jpg?fit=800%2C1055\" data-orig-size=\"800,1055\" data-comments-opened=\"1\" data-image-meta=\"{&quot;aperture&quot;:&quot;0&quot;,&quot;credit&quot;:&quot;&quot;,&quot;camera&quot;:&quot;&quot;,&quot;caption&quot;:&quot;&quot;,&quot;created_timestamp&quot;:&quot;0&quot;,&quot;copyright&quot;:&quot;&quot;,&quot;focal_length&quot;:&quot;0&quot;,&quot;iso&quot;:&quot;0&quot;,&quot;shutter_speed&quot;:&quot;0&quot;,&quot;title&quot;:&quot;&quot;,&quot;orientation&quot;:&quot;0&quot;}\" data-image-title=\"Mercurio d\" data-image-description=\"\" data-image-caption=\"\" data-medium-file=\"https:\/\/i0.wp.com\/www.robertosedda.it\/wp-content\/uploads\/2019\/03\/Mercurio-d.jpg?fit=227%2C300\" data-large-file=\"https:\/\/i0.wp.com\/www.robertosedda.it\/wp-content\/uploads\/2019\/03\/Mercurio-d.jpg?fit=510%2C673\" decoding=\"async\" loading=\"lazy\" width=\"800\" height=\"1055\" src=\"https:\/\/i0.wp.com\/www.robertosedda.it\/wp-content\/uploads\/2019\/03\/Mercurio-d.jpg?resize=800%2C1055\" alt=\"\" class=\"wp-image-16342\" srcset=\"https:\/\/i0.wp.com\/www.robertosedda.it\/wp-content\/uploads\/2019\/03\/Mercurio-d.jpg?w=800 800w, https:\/\/i0.wp.com\/www.robertosedda.it\/wp-content\/uploads\/2019\/03\/Mercurio-d.jpg?resize=114%2C150 114w, https:\/\/i0.wp.com\/www.robertosedda.it\/wp-content\/uploads\/2019\/03\/Mercurio-d.jpg?resize=227%2C300 227w, https:\/\/i0.wp.com\/www.robertosedda.it\/wp-content\/uploads\/2019\/03\/Mercurio-d.jpg?resize=510%2C673 510w\" sizes=\"(max-width: 800px) 100vw, 800px\" data-recalc-dims=\"1\" \/><\/figure>\n\n\n\n<p>Racconto questa storia per due motivi. Il primo \u00e8 per dire che mi sono chiesto se, certe volte, la sorte economica non <em>migliori<\/em>, sia pure fortunosamente, la sostanza di una storia, cospirando per darle proprio quella lunghezza che le si conf\u00e0 maggiormente. Voglio dire: adesso <em>Mercurio Loi<\/em> sar\u00e0 un romanzo a fumetti in sedici capitoli che ha una magistrale costruzione dell&#8217;ambientazione e del <em>cast<\/em>, una serie di capitoli centrali che attirano sempre pi\u00f9 il visitatore al loro interno, come un labirinto nel quale perdersi, salvo poi rivelargli che \u00e8 stato condotto su un piano inclinato lungo il quale gli avvenimenti prendono sempre pi\u00f9 abbrivio finch\u00e9 non precipitano verso una conclusione che mi immagino e spero drammatica e pienamente soddisfacente. Una lunghezza e uno svolgimento perfettamente <em>giusti<\/em>, proprio della giusta misura.<\/p>\n\n\n\n<p>C&#8217;\u00e8 fortuna nella sfortuna? Se il fumetto avesse avuto pi\u00f9 fortuna economica e fosse durato ventiquattro numeri o trentasei o addirittura decine di anni (<em>Tex<\/em> ne ha fatto settanta proprio da poco), sarebbe stato altrettanto soddisfacente? L&#8217;appassionato di fumetti, ovviamente, desidera sempre di poter andare in edicola e trovare il suo fumetto preferito mese dopo mese e per tutti i fumetti che leggevo e hanno chiuso a me \u00e8 sempre dispiaciuto molto &#8211; non oso immaginare quanto dispiaccia a Bilotta &#8211; ma per <em>Mercurio Loi<\/em> mi sono chiesto, per la prima volta, se invece non sia meglio cos\u00ec.  <\/p>\n\n\n\n<figure class=\"wp-block-image aligncenter\"><img data-attachment-id=\"16343\" data-permalink=\"http:\/\/www.robertosedda.it\/?attachment_id=16343\" data-orig-file=\"https:\/\/i0.wp.com\/www.robertosedda.it\/wp-content\/uploads\/2019\/03\/Mercurio-a.jpg?fit=1000%2C1426\" data-orig-size=\"1000,1426\" data-comments-opened=\"1\" data-image-meta=\"{&quot;aperture&quot;:&quot;0&quot;,&quot;credit&quot;:&quot;&quot;,&quot;camera&quot;:&quot;&quot;,&quot;caption&quot;:&quot;&quot;,&quot;created_timestamp&quot;:&quot;0&quot;,&quot;copyright&quot;:&quot;&quot;,&quot;focal_length&quot;:&quot;0&quot;,&quot;iso&quot;:&quot;0&quot;,&quot;shutter_speed&quot;:&quot;0&quot;,&quot;title&quot;:&quot;&quot;,&quot;orientation&quot;:&quot;0&quot;}\" data-image-title=\"Mercurio a\" data-image-description=\"\" data-image-caption=\"\" data-medium-file=\"https:\/\/i0.wp.com\/www.robertosedda.it\/wp-content\/uploads\/2019\/03\/Mercurio-a.jpg?fit=210%2C300\" data-large-file=\"https:\/\/i0.wp.com\/www.robertosedda.it\/wp-content\/uploads\/2019\/03\/Mercurio-a.jpg?fit=510%2C727\" decoding=\"async\" loading=\"lazy\" width=\"800\" height=\"1141\" src=\"https:\/\/i0.wp.com\/www.robertosedda.it\/wp-content\/uploads\/2019\/03\/Mercurio-a.jpg?resize=800%2C1141\" alt=\"\" class=\"wp-image-16343\" srcset=\"https:\/\/i0.wp.com\/www.robertosedda.it\/wp-content\/uploads\/2019\/03\/Mercurio-a.jpg?w=1000 1000w, https:\/\/i0.wp.com\/www.robertosedda.it\/wp-content\/uploads\/2019\/03\/Mercurio-a.jpg?resize=105%2C150 105w, https:\/\/i0.wp.com\/www.robertosedda.it\/wp-content\/uploads\/2019\/03\/Mercurio-a.jpg?resize=210%2C300 210w, https:\/\/i0.wp.com\/www.robertosedda.it\/wp-content\/uploads\/2019\/03\/Mercurio-a.jpg?resize=510%2C727 510w\" sizes=\"(max-width: 800px) 100vw, 800px\" data-recalc-dims=\"1\" \/><\/figure>\n\n\n\n<p>Il secondo motivo per cui ve lo racconto \u00e8 che, secondo me, recuperare <em>in extremis<\/em> i vari numeri &#8211; in fumetteria dovrebbe essere abbastanza facile &#8211; e leggerli <em>prima<\/em> che esca l&#8217;ultimo numero, il 22 marzo, dovrebbe essere molto appagante. E poi andare in edicola e gustare la sorpresa dell&#8217;ultimo numero, ovviamente. E comunque procurarsi i numeri e leggere tutto il fumetto, insomma, che poi con le vicende del mercato editoriale chiss\u00e0 che succede e se potrete leggerlo in futuro.<\/p>\n\n\n\n<figure class=\"wp-block-image aligncenter\"><img data-attachment-id=\"16344\" data-permalink=\"http:\/\/www.robertosedda.it\/?attachment_id=16344\" data-orig-file=\"https:\/\/i0.wp.com\/www.robertosedda.it\/wp-content\/uploads\/2019\/03\/Mercurio-c.jpg?fit=800%2C1055\" data-orig-size=\"800,1055\" data-comments-opened=\"1\" data-image-meta=\"{&quot;aperture&quot;:&quot;0&quot;,&quot;credit&quot;:&quot;&quot;,&quot;camera&quot;:&quot;&quot;,&quot;caption&quot;:&quot;&quot;,&quot;created_timestamp&quot;:&quot;0&quot;,&quot;copyright&quot;:&quot;&quot;,&quot;focal_length&quot;:&quot;0&quot;,&quot;iso&quot;:&quot;0&quot;,&quot;shutter_speed&quot;:&quot;0&quot;,&quot;title&quot;:&quot;&quot;,&quot;orientation&quot;:&quot;0&quot;}\" data-image-title=\"Mercurio c\" data-image-description=\"\" data-image-caption=\"\" data-medium-file=\"https:\/\/i0.wp.com\/www.robertosedda.it\/wp-content\/uploads\/2019\/03\/Mercurio-c.jpg?fit=227%2C300\" data-large-file=\"https:\/\/i0.wp.com\/www.robertosedda.it\/wp-content\/uploads\/2019\/03\/Mercurio-c.jpg?fit=510%2C673\" decoding=\"async\" loading=\"lazy\" width=\"800\" height=\"1055\" src=\"https:\/\/i0.wp.com\/www.robertosedda.it\/wp-content\/uploads\/2019\/03\/Mercurio-c.jpg?resize=800%2C1055\" alt=\"\" class=\"wp-image-16344\" srcset=\"https:\/\/i0.wp.com\/www.robertosedda.it\/wp-content\/uploads\/2019\/03\/Mercurio-c.jpg?w=800 800w, https:\/\/i0.wp.com\/www.robertosedda.it\/wp-content\/uploads\/2019\/03\/Mercurio-c.jpg?resize=114%2C150 114w, https:\/\/i0.wp.com\/www.robertosedda.it\/wp-content\/uploads\/2019\/03\/Mercurio-c.jpg?resize=227%2C300 227w, https:\/\/i0.wp.com\/www.robertosedda.it\/wp-content\/uploads\/2019\/03\/Mercurio-c.jpg?resize=510%2C673 510w\" sizes=\"(max-width: 800px) 100vw, 800px\" data-recalc-dims=\"1\" \/><\/figure>\n\n\n\n<p>Siccome ci tengo, mi permetto di dirvi alcune cose in pi\u00f9: che \u00e8 un fumetto filosofico l&#8217;ho detto, cos\u00ec come sull&#8217;impasto narrativo e la leggerezza profonda del racconto. In pi\u00f9:<\/p>\n\n\n\n<ul><li>\u00c8 un fumetto ambientato all&#8217;epoca del Papa Re ma in realt\u00e0 di storia ce n&#8217;\u00e8 molto poca. Invece c&#8217;\u00e8 moltissima <em>romanit\u00e0<\/em>, intrisa di carnalit\u00e0 e di vita quotidiana e che si apre alla contemplazione improvvisa della bellezza di Roma. <\/li><li>\u00c8 un fumetto che incrocia in maniera stimolante la riflessione su due grandi tradizioni narrative: quella dei supereroi (eroi mascherati, vigilanti, guerre private tra figure eccezionali, l&#8217;aiutante dell&#8217;eroe&#8230;) e quella del romanzone d&#8217;appendice (cattivoni, agnizioni, coincidenze improbabili, societ\u00e0 segrete) incrociandoli attraverso l&#8217;esplorazione ripetuta del tema del superuomo.<\/li><li>\u00c8 un fumetto nel quale il tema filosofico di fondo (esplorare divagando, o divagazioni esplorative) e l&#8217;approccio fisico del protagonista (passeggiare per Roma) sono l\u00ec che coincidono, ma sono accoppiate con abilit\u00e0 e tu non te ne accorgi. E, ora che ci penso, questo tipo di corrispondenze su due piani torna e torna ancora, pi\u00f9 e pi\u00f9 volte.<\/li><li>\u00c8 un fumetto disegnato e colorato benissimo.<\/li><li>\u00c8 un fumetto che ha vinto ripetutamente praticamente tutti i premi importanti in Italia negli ultimi due anni.<\/li><\/ul>\n","protected":false},"excerpt":{"rendered":"<p>Seguo fin dal primo numero, anzi fin dall&#8217;anteprima fuori serie, Mercurio Loi, pubblicato dalla Sergio Bonelli Editore e scritto da<\/p>\n","protected":false},"author":1,"featured_media":16342,"comment_status":"open","ping_status":"open","sticky":false,"template":"","format":"standard","meta":{"_mi_skip_tracking":false,"_monsterinsights_sitenote_active":false,"_monsterinsights_sitenote_note":"","_monsterinsights_sitenote_category":0,"jetpack_post_was_ever_published":false,"_jetpack_newsletter_access":"","jetpack_publicize_message":"","jetpack_is_tweetstorm":false,"jetpack_publicize_feature_enabled":true,"jetpack_social_post_already_shared":true,"jetpack_social_options":{"image_generator_settings":{"template":"highway","enabled":false}}},"categories":[52,56,17,82,16],"tags":[],"jetpack_publicize_connections":[],"jetpack_featured_media_url":"https:\/\/i0.wp.com\/www.robertosedda.it\/wp-content\/uploads\/2019\/03\/Mercurio-d.jpg?fit=800%2C1055","jetpack_sharing_enabled":true,"jetpack_shortlink":"https:\/\/wp.me\/p4jV2T-4fw","jetpack_likes_enabled":true,"jetpack-related-posts":[{"id":8256,"url":"http:\/\/www.robertosedda.it\/?p=8256","url_meta":{"origin":16338,"position":0},"title":"Fumetti che ho fatto bene a smettere di comprare","author":"Rufus","date":"09\/09\/2014","format":false,"excerpt":"Julia\u00a0190,\u00a0In malafede\u00a0(Sergio Bonelli Editore\u00a0luglio 2014, Berardi\/Calza\u00a0e\u00a0Zaghi) Avevo\u00a0letto recentemente da qualche parte un esperto di fumetti (o forse un autore, ora mi sfugge) dire che\u00a0Julia \u00e8 oggi la serie a fumetti Bonelli che ha il linguaggio pi\u00f9 moderno: nel contesto non era chiaro se \"linguaggio\" si riferiva alle tematiche proposte, allo\u2026","rel":"","context":"In &quot;Coordinate&quot;","block_context":{"text":"Coordinate","link":"http:\/\/www.robertosedda.it\/?cat=52"},"img":{"alt_text":"","src":"https:\/\/i0.wp.com\/www.robertosedda.it\/wp-content\/uploads\/2014\/09\/Il-calvario-Dylan-Dog.jpg?fit=381%2C502&resize=350%2C200","width":350,"height":200},"classes":[]},{"id":10650,"url":"http:\/\/www.robertosedda.it\/?p=10650","url_meta":{"origin":16338,"position":1},"title":"Buone abitudini fumettistiche (e segnalazioni)","author":"Rufus","date":"20\/08\/2015","format":false,"excerpt":"Dopo pi\u00f9 o meno un anno di interruzione (o forse pi\u00f9) ho ripreso a comprare Skorpio e Lanciostory, un'abitudine di lettura che mi ha accompagnato fin dalla giovinezza e che sicuramente ha avuto un gran peso nel formare il mio gusto in termini di fumetti e di racconti di avventura\u2026","rel":"","context":"In &quot;Cappe e spade&quot;","block_context":{"text":"Cappe e spade","link":"http:\/\/www.robertosedda.it\/?cat=70"},"img":{"alt_text":"","src":"https:\/\/i0.wp.com\/www.robertosedda.it\/wp-content\/uploads\/2015\/08\/Nestor-Burma.gif?fit=368%2C475&resize=350%2C200","width":350,"height":200},"classes":[]},{"id":4751,"url":"http:\/\/www.robertosedda.it\/?p=4751","url_meta":{"origin":16338,"position":2},"title":"Fumetti da non perdere (e no)","author":"Rufus","date":"22\/10\/2013","format":false,"excerpt":"Una segnalazione su un'uscita in edicola imperdibile per tutti gli appassionati di fumetti e un paio di altri aggiornamenti. Ma andiamo con ordine: Almanacco dell'Avventura Bonelli 2014 L'Almanacco \u00e8 dedicato a due artisti scomparsi relativamente di recente: Sergio Toppi, uno dei pi\u00f9 grandi illustratori, disegnatori e sceneggiatori italiani, e Decio\u2026","rel":"","context":"In &quot;Cappe e spade&quot;","block_context":{"text":"Cappe e spade","link":"http:\/\/www.robertosedda.it\/?cat=70"},"img":{"alt_text":"","src":"https:\/\/i0.wp.com\/www.robertosedda.it\/wp-content\/uploads\/2013\/10\/Almanacco-avventura-Bonelli-2014.jpg?fit=381%2C502&resize=350%2C200","width":350,"height":200},"classes":[]},{"id":8500,"url":"http:\/\/www.robertosedda.it\/?p=8500","url_meta":{"origin":16338,"position":3},"title":"Dieci fumetti da leggere almeno una volta nella vita","author":"Rufus","date":"30\/09\/2014","format":false,"excerpt":"Il mio amico Giovanni Piredda, copiando un'idea di un altro comune amico, Graziano Montanini, mi ha inserito in quella che lui ritiene la catena definitiva, nella quale mi tocca di indicare dieci fumetti \"che\u00a0si dovrebbe provare a leggere\". Per essere una catena (in realt\u00e0 finta, fintissima, perch\u00e9 non va avanti\u2026","rel":"","context":"In &quot;Coordinate&quot;","block_context":{"text":"Coordinate","link":"http:\/\/www.robertosedda.it\/?cat=52"},"img":{"alt_text":"","src":"https:\/\/i0.wp.com\/www.robertosedda.it\/wp-content\/uploads\/2014\/09\/Corto-Maltese-comodo.jpg?fit=625%2C309&resize=350%2C200","width":350,"height":200},"classes":[]},{"id":8260,"url":"http:\/\/www.robertosedda.it\/?p=8260","url_meta":{"origin":16338,"position":4},"title":"Un evento di tanto tempo fa","author":"Rufus","date":"25\/08\/2014","format":false,"excerpt":"Stavo scrivendo una recensione di un paio di letture recenti di fumetti quando improvvisamente mi sono reso conto che per parlare di\u00a0Julia avrei dovuto raccontare cosa ne pensavo tanto tempo fa e perch\u00e9 ho smesso di leggerlo: tutte cose che mi avrebbero portato un po' lontano. Poi mi sono ricordato\u2026","rel":"","context":"In &quot;Biografie&quot;","block_context":{"text":"Biografie","link":"http:\/\/www.robertosedda.it\/?cat=83"},"img":{"alt_text":"","src":"https:\/\/i0.wp.com\/www.robertosedda.it\/wp-content\/uploads\/2014\/08\/Julia-Bonelli.jpg?fit=292%2C407&resize=350%2C200","width":350,"height":200},"classes":[]},{"id":2219,"url":"http:\/\/www.robertosedda.it\/?p=2219","url_meta":{"origin":16338,"position":5},"title":"Davvero","author":"Rufus","date":"15\/02\/2013","format":false,"excerpt":"Ho conosciuto il progetto di Davvero a Lucca, anche se un po' en passant, come credo di avere gi\u00e0 raccontato. Arrivati adesso al terzo numero credo che si possa provare a tracciare un bilancio: naturalmente, considerato che io sto seguendo l'edizione in edicola mentre on line il fumetto \u00e8 andato\u2026","rel":"","context":"In &quot;Coordinate&quot;","block_context":{"text":"Coordinate","link":"http:\/\/www.robertosedda.it\/?cat=52"},"img":{"alt_text":"","src":"https:\/\/i0.wp.com\/www.robertosedda.it\/wp-content\/uploads\/2013\/02\/davvero-di-paola-barbato-edizioni-star-comics-L-Popq4s.jpeg?fit=368%2C556&resize=350%2C200","width":350,"height":200},"classes":[]}],"_links":{"self":[{"href":"http:\/\/www.robertosedda.it\/index.php?rest_route=\/wp\/v2\/posts\/16338"}],"collection":[{"href":"http:\/\/www.robertosedda.it\/index.php?rest_route=\/wp\/v2\/posts"}],"about":[{"href":"http:\/\/www.robertosedda.it\/index.php?rest_route=\/wp\/v2\/types\/post"}],"author":[{"embeddable":true,"href":"http:\/\/www.robertosedda.it\/index.php?rest_route=\/wp\/v2\/users\/1"}],"replies":[{"embeddable":true,"href":"http:\/\/www.robertosedda.it\/index.php?rest_route=%2Fwp%2Fv2%2Fcomments&post=16338"}],"version-history":[{"count":8,"href":"http:\/\/www.robertosedda.it\/index.php?rest_route=\/wp\/v2\/posts\/16338\/revisions"}],"predecessor-version":[{"id":19741,"href":"http:\/\/www.robertosedda.it\/index.php?rest_route=\/wp\/v2\/posts\/16338\/revisions\/19741"}],"wp:featuredmedia":[{"embeddable":true,"href":"http:\/\/www.robertosedda.it\/index.php?rest_route=\/wp\/v2\/media\/16342"}],"wp:attachment":[{"href":"http:\/\/www.robertosedda.it\/index.php?rest_route=%2Fwp%2Fv2%2Fmedia&parent=16338"}],"wp:term":[{"taxonomy":"category","embeddable":true,"href":"http:\/\/www.robertosedda.it\/index.php?rest_route=%2Fwp%2Fv2%2Fcategories&post=16338"},{"taxonomy":"post_tag","embeddable":true,"href":"http:\/\/www.robertosedda.it\/index.php?rest_route=%2Fwp%2Fv2%2Ftags&post=16338"}],"curies":[{"name":"wp","href":"https:\/\/api.w.org\/{rel}","templated":true}]}}