{"id":16310,"date":"2019-03-06T10:08:45","date_gmt":"2019-03-06T09:08:45","guid":{"rendered":"http:\/\/www.robertosedda.it\/?p=16310"},"modified":"2019-04-04T14:41:00","modified_gmt":"2019-04-04T12:41:00","slug":"expertise-specialistiche","status":"publish","type":"post","link":"http:\/\/www.robertosedda.it\/?p=16310","title":{"rendered":"Expertise specialistiche"},"content":{"rendered":"\n<p>Come vi ho raccontato a proposito dell&#8217;abito in velluto, nei giorni scorsi sono stato a Roma per partecipare al convegno <em>Produzione e commercio di armi: le nostre responsabilit\u00e0<\/em>, un&#8217;occasione molto interessante della quale conto di raccontarvi le impressioni quanto prima. Al termine del convegno uno dei relatori, Kiflemariam Gebrewold, che lavora come consulente per le tematiche della pace e dell&#8217;ambiente per la Chiesa evangelica del Baden, \u00e8 venuto in Sardegna per conoscere il territorio, studiare pi\u00f9 da vicino i casi di produzione in Sardegna e incontrare operatori e attivisti.<\/p>\n\n\n\n<p>Tutto questo per dire che essendo sardi tutte le attivit\u00e0 politiche e sociali sono state religiosamente interrotte per permettere pranzi e cene, durante una delle quali si situa l&#8217;episodio che volevo raccontarvi.<\/p>\n\n\n\n<p>Dunque, a un certo punto Kiflemariam stava dicendo che, in termini di politiche per lo sviluppo nel Sud del mondo, <em>there&#8217;s no silver bullet<\/em>, \u00abnon c&#8217;\u00e8 un proiettile d&#8217;argento\u00bb. Io <a href=\"http:\/\/www.robertosedda.it\/?p=11027\">assentivo vigorosamente<\/a> ma altri commensali si sono un po&#8217; stupiti: <em>proiettile d&#8217;argento??<\/em><\/p>\n\n\n\n<p>E io, servizievole, ho spiegato che l&#8217;espressione, tipicamente anglosassone, ha a che fare coi lupi mannari, che possono essere feriti solo dall&#8217;argento. Quindi avere un&#8217;arma con un proiettile d&#8217;argento in canna \u00e8 una soluzione sicura quando si affronta un lupo mannaro. O un altro mostro, come la povert\u00e0. <\/p>\n\n\n\n<p>Solo che nella realt\u00e0 le cose ovviamente non sono cos\u00ec semplici.<\/p>\n\n\n\n<p>\u00abNoi diremmo forse in italiano che <em>non c&#8217;\u00e8 una bacchetta magica<\/em>\u00bb, ho aggiunto, servizievole.<\/p>\n\n\n\n<p>\u00abAh, vedi, ammazza, che modo di dire interessante, non lo sapevo\u00bb, hanno fatto i commensali. E Bonaria ha aggiunto: \u00abCio\u00e8, come nei film dove incontri un vampiro&#8230;\u00bb.<\/p>\n\n\n\n<p>\u00abNo, no, ho fatto io, per i vampiri serve il paletto di frassino\u00bb (<em>a stake<\/em>, ho spiegato a un perplesso Kiflemariam, perch\u00e9 la conversazione si svolgeva in diverse lingue in contemporanea, tentando di ricordarmi disperatamente se &#8220;frassino&#8221; facesse <em>rowan<\/em>[1]).<\/p>\n\n\n\n<p>\u00abAh, ecco, un demone, insomma\u00bb, ha fatto un altro commensale.<\/p>\n\n\n\n<p>Interi manuali dei mostri di giochi di ruolo si agitavano dentro di me. \u00abNo! Per i demoni serve l&#8217;acqua benedetta. O il crocifisso\u00bb, ho fatto un po&#8217; piccato.<\/p>\n\n\n\n<p>\u00abEh, insomma, uno <em>zombie\u00bb.<\/em><\/p>\n\n\n\n<p>\u00abNo, a quelli devi tagliare la testa\u00bb. <\/p>\n\n\n\n<p>Ed ero gi\u00e0 pronto a rispondere: \u00abCreature fatate? Non l&#8217;argento ma il ferro. Mummie? Il fuoco! Troll? La luce del sole li pietrifica! Draghi? Una freccia nera forgiata dal Re Sotto la Montagna!! Basilischiilcantodelgallo! All&#8217;idradevitagliarelatestaebruciareilcollo! &#8230;\u00bb[2].<\/p>\n\n\n\n<p>\u00c8 stato quando mi sono reso conto che avrei potuto andare avanti per <em>ore <\/em>che ho avuto paura di me stesso. <\/p>\n\n\n\n<figure class=\"wp-block-image\"><img data-attachment-id=\"16314\" data-permalink=\"http:\/\/www.robertosedda.it\/?attachment_id=16314\" data-orig-file=\"https:\/\/i0.wp.com\/www.robertosedda.it\/wp-content\/uploads\/2019\/03\/Vampire-hunter-kit-2.jpg?fit=852%2C1080\" data-orig-size=\"852,1080\" data-comments-opened=\"1\" data-image-meta=\"{&quot;aperture&quot;:&quot;0&quot;,&quot;credit&quot;:&quot;&quot;,&quot;camera&quot;:&quot;&quot;,&quot;caption&quot;:&quot;&quot;,&quot;created_timestamp&quot;:&quot;0&quot;,&quot;copyright&quot;:&quot;&quot;,&quot;focal_length&quot;:&quot;0&quot;,&quot;iso&quot;:&quot;0&quot;,&quot;shutter_speed&quot;:&quot;0&quot;,&quot;title&quot;:&quot;&quot;,&quot;orientation&quot;:&quot;0&quot;}\" data-image-title=\"Vampire hunter kit 2\" data-image-description=\"\" data-image-caption=\"&lt;p&gt;Kit buono per tutte le occasioni. Parr\u00e0 strano, ma c&#8217;\u00e8 un fiorente commercio di questi oggetti fabbricasti da artigiani specializzati.&lt;\/p&gt;\n\" data-medium-file=\"https:\/\/i0.wp.com\/www.robertosedda.it\/wp-content\/uploads\/2019\/03\/Vampire-hunter-kit-2.jpg?fit=237%2C300\" data-large-file=\"https:\/\/i0.wp.com\/www.robertosedda.it\/wp-content\/uploads\/2019\/03\/Vampire-hunter-kit-2.jpg?fit=510%2C646\" decoding=\"async\" loading=\"lazy\" width=\"510\" height=\"646\" src=\"https:\/\/i0.wp.com\/www.robertosedda.it\/wp-content\/uploads\/2019\/03\/Vampire-hunter-kit-2.jpg?resize=510%2C646\" alt=\"\" class=\"wp-image-16314\" srcset=\"https:\/\/i0.wp.com\/www.robertosedda.it\/wp-content\/uploads\/2019\/03\/Vampire-hunter-kit-2.jpg?resize=510%2C646 510w, https:\/\/i0.wp.com\/www.robertosedda.it\/wp-content\/uploads\/2019\/03\/Vampire-hunter-kit-2.jpg?resize=118%2C150 118w, https:\/\/i0.wp.com\/www.robertosedda.it\/wp-content\/uploads\/2019\/03\/Vampire-hunter-kit-2.jpg?resize=237%2C300 237w, https:\/\/i0.wp.com\/www.robertosedda.it\/wp-content\/uploads\/2019\/03\/Vampire-hunter-kit-2.jpg?w=852 852w\" sizes=\"(max-width: 510px) 100vw, 510px\" data-recalc-dims=\"1\" \/><figcaption>Kit buono per tutte le occasioni. Parr\u00e0 strano, ma c&#8217;\u00e8 un fiorente commercio di questi oggetti fabbricati da artigiani specializzati.<\/figcaption><\/figure>\n\n\n\n<h4>Note<\/h4>\n\n\n\n<p>[1] No, <em>rowan<\/em> \u00e8 il sorbo, frassino si dice <em>ash<\/em>. E il sorbo si usa per fabbricare le bacchette magiche: qui ero impreparato, in effetti. Comunque nell&#8217;occasione ho scoperto con sorpresa che in inglese il legno specifico del paletto non \u00e8 considerato particolarmente importante, e casomai si usa la quercia. Il frassino \u00e8 sopraffino per questo uso solo secondo la tradizione slava. Ho anche trovato uno che su <em>Yahoo Answers<\/em> cercava di sapere se il bamb\u00f9 potesse essere un materiale accettabile, e in confronto a lui mi sono sentito sollevato e, beh, <em>normale<\/em>.<\/p>\n\n\n\n<p>[2] L&#8217;antropologo dilettante che \u00e8 in me sarebbe stato pronto anche a discutere del curioso fatto che <em>Superman<\/em> [3], che non \u00e8 un mostro, per\u00f2 ha la <em>kryptonite<\/em>. Da l\u00ec sarei passato indagare su perch\u00e9 gli unicorni possano essere catturati solo dalle vergini, e l\u00ec s\u00ec che la cena magari diventava interessante.<\/p>\n\n\n\n<p>[3] Invece Batman, come si sa, forse ha delle debolezze, ma nessuno dura abbastanza a lungo da sfruttarle.<\/p>\n\n\n\n<p> <\/p>\n","protected":false},"excerpt":{"rendered":"<p>Come vi ho raccontato a proposito dell&#8217;abito in velluto, nei giorni scorsi sono stato a Roma per partecipare al convegno<\/p>\n","protected":false},"author":1,"featured_media":16314,"comment_status":"open","ping_status":"open","sticky":false,"template":"","format":"standard","meta":{"_mi_skip_tracking":false,"_monsterinsights_sitenote_active":false,"_monsterinsights_sitenote_note":"","_monsterinsights_sitenote_category":0,"jetpack_post_was_ever_published":false,"_jetpack_newsletter_access":"","jetpack_publicize_message":"","jetpack_is_tweetstorm":false,"jetpack_publicize_feature_enabled":true,"jetpack_social_post_already_shared":true,"jetpack_social_options":{"image_generator_settings":{"template":"highway","enabled":false}}},"categories":[52,86,53,18,16],"tags":[],"jetpack_publicize_connections":[],"jetpack_featured_media_url":"https:\/\/i0.wp.com\/www.robertosedda.it\/wp-content\/uploads\/2019\/03\/Vampire-hunter-kit-2.jpg?fit=852%2C1080","jetpack_sharing_enabled":true,"jetpack_shortlink":"https:\/\/wp.me\/p4jV2T-4f4","jetpack_likes_enabled":true,"jetpack-related-posts":[{"id":16300,"url":"http:\/\/www.robertosedda.it\/?p=16300","url_meta":{"origin":16310,"position":0},"title":"Trova le somiglianze","author":"Rufus","date":"04\/03\/2019","format":false,"excerpt":"Anni fa stavo andando in aereo da qualche parte per Banca Etica e mi trovai in un aeroporto con un signore che aveva un elegante abito in velluto dal taglio molto tradizionale, una camicia bianca alla sarda, il bonnete e una folta barba bianca. Era cos\u00ec evidentemente e pienamente sardo\u2026","rel":"","context":"In &quot;Coordinate&quot;","block_context":{"text":"Coordinate","link":"http:\/\/www.robertosedda.it\/?cat=52"},"img":{"alt_text":"","src":"https:\/\/i0.wp.com\/www.robertosedda.it\/wp-content\/uploads\/2019\/03\/Rufus-velluto.jpg?fit=1200%2C913&resize=350%2C200","width":350,"height":200,"srcset":"https:\/\/i0.wp.com\/www.robertosedda.it\/wp-content\/uploads\/2019\/03\/Rufus-velluto.jpg?fit=1200%2C913&resize=350%2C200 1x, https:\/\/i0.wp.com\/www.robertosedda.it\/wp-content\/uploads\/2019\/03\/Rufus-velluto.jpg?fit=1200%2C913&resize=700%2C400 2x, https:\/\/i0.wp.com\/www.robertosedda.it\/wp-content\/uploads\/2019\/03\/Rufus-velluto.jpg?fit=1200%2C913&resize=1050%2C600 3x"},"classes":[]},{"id":7923,"url":"http:\/\/www.robertosedda.it\/?p=7923","url_meta":{"origin":16310,"position":1},"title":"Anche i professori a volte sbagliano (un intervento di Nicol\u00f2 Migheli)","author":"Rufus","date":"08\/07\/2014","format":false,"excerpt":"L'articolo dei blogger del luned\u00ec\u00a0\u00e8 pubblicato oltre che su questo sito anche su quelli\u00a0di\u00a0Fondazione Sardinia,\u00a0Tramas de amistade,\u00a0Aladin pensiero,\u00a0Vito Biolchini,\u00a0Sardegna soprattutto,\u00a0Enrico Lobina,\u00a0Madrigopolis,\u00a0Forma paris\u00a0e\u00a0Tottus in pari. Anche i professori a volte sbagliano di Nicol\u00f2 Migheli Chiunque in questi ultimi vent'anni abbia seguito le tendenze demografiche della Sardegna ha consapevolezza che l'isola \u00e8\u2026","rel":"","context":"In &quot;Coordinate&quot;","block_context":{"text":"Coordinate","link":"http:\/\/www.robertosedda.it\/?cat=52"},"img":{"alt_text":"","src":"https:\/\/i0.wp.com\/www.robertosedda.it\/wp-content\/uploads\/2014\/07\/Nicol\u00f2-Migheli.jpg?fit=417%2C628&resize=350%2C200","width":350,"height":200},"classes":[]},{"id":9814,"url":"http:\/\/www.robertosedda.it\/?p=9814","url_meta":{"origin":16310,"position":2},"title":"In vino vita: e io bevo","author":"Rufus","date":"23\/03\/2015","format":false,"excerpt":"Gioved\u00ec sera ho ricevuto da mia moglie (che come sempre la sa molto pi\u00f9 lunga di me) un bel regalo: mi ha portato a una degustazione di vini, esperienza che non avevo mai fatto. Voglio dire: non \u00e8 che non ho mai bevuto vino (decisamente no). E in realt\u00e0 mi\u2026","rel":"","context":"In &quot;Coordinate&quot;","block_context":{"text":"Coordinate","link":"http:\/\/www.robertosedda.it\/?cat=52"},"img":{"alt_text":"","src":"https:\/\/i0.wp.com\/www.robertosedda.it\/wp-content\/uploads\/2015\/03\/Meloni-Frius.jpg?fit=372%2C1196&resize=350%2C200","width":350,"height":200},"classes":[]},{"id":556,"url":"http:\/\/www.robertosedda.it\/?p=556","url_meta":{"origin":16310,"position":3},"title":"Camminando si apre cammino","author":"Rufus","date":"22\/08\/2012","format":false,"excerpt":"Per una strana\u00a0 fortunata coincidenza, la Nuova Sardegna di ieri ha pubblicato in due pagine successive sia la notizia dell\u2019inaugurazione del\u00a0sentiero Frassati della Sardegna sia la notizia di\u00a0Caminantes, un convegno di studi che da oggi fino a domenica, a Sedilo, mette a confronto sul tema del pellegrinaggio religioso in Sardegna\u2026","rel":"","context":"In &quot;Coordinate&quot;","block_context":{"text":"Coordinate","link":"http:\/\/www.robertosedda.it\/?cat=52"},"img":{"alt_text":"","src":"","width":0,"height":0},"classes":[]},{"id":8456,"url":"http:\/\/www.robertosedda.it\/?p=8456","url_meta":{"origin":16310,"position":4},"title":"Un pensiero volante sul Convegno pastorale della diocesi di Cagliari","author":"Rufus","date":"18\/09\/2014","format":false,"excerpt":"Sono andato ieri alla prima sessione di lavori del Convegno pastorale annuale della diocesi di Cagliari. Impegnato in altre cose ho fatto in tempo solo a sentire un bell'intervento di una coppia di trentini che sono venuti in Sardegna a gestire una cooperativa sociale che fa biologico, il dibattito e\u2026","rel":"","context":"In &quot;Coordinate&quot;","block_context":{"text":"Coordinate","link":"http:\/\/www.robertosedda.it\/?cat=52"},"img":{"alt_text":"","src":"https:\/\/i0.wp.com\/www.robertosedda.it\/wp-content\/uploads\/2014\/09\/Convegno-pastorale-diocesano.jpg?fit=907%2C680&resize=350%2C200","width":350,"height":200,"srcset":"https:\/\/i0.wp.com\/www.robertosedda.it\/wp-content\/uploads\/2014\/09\/Convegno-pastorale-diocesano.jpg?fit=907%2C680&resize=350%2C200 1x, https:\/\/i0.wp.com\/www.robertosedda.it\/wp-content\/uploads\/2014\/09\/Convegno-pastorale-diocesano.jpg?fit=907%2C680&resize=700%2C400 2x"},"classes":[]},{"id":5100,"url":"http:\/\/www.robertosedda.it\/?p=5100","url_meta":{"origin":16310,"position":5},"title":"Manco a farlo apposta","author":"Rufus","date":"25\/11\/2013","format":false,"excerpt":"Qualche giorno fa ho scritto dicendo che Scirarindi \u00e8 uno degli eventi culturali pi\u00f9 importanti della Sardegna e che c'era un certo numero di persone e organizzazioni che dovrebbe partecipare: Gli artigiani di Artimanos, i teatranti, gli artisti, gli operatori culturali: perch\u00e9 il benessere della persona li riguarda prima di\u2026","rel":"","context":"In &quot;Coordinate&quot;","block_context":{"text":"Coordinate","link":"http:\/\/www.robertosedda.it\/?cat=52"},"img":{"alt_text":"","src":"https:\/\/i0.wp.com\/www.robertosedda.it\/wp-content\/uploads\/2013\/11\/Liberos.jpg?fit=213%2C213&resize=350%2C200","width":350,"height":200},"classes":[]}],"_links":{"self":[{"href":"http:\/\/www.robertosedda.it\/index.php?rest_route=\/wp\/v2\/posts\/16310"}],"collection":[{"href":"http:\/\/www.robertosedda.it\/index.php?rest_route=\/wp\/v2\/posts"}],"about":[{"href":"http:\/\/www.robertosedda.it\/index.php?rest_route=\/wp\/v2\/types\/post"}],"author":[{"embeddable":true,"href":"http:\/\/www.robertosedda.it\/index.php?rest_route=\/wp\/v2\/users\/1"}],"replies":[{"embeddable":true,"href":"http:\/\/www.robertosedda.it\/index.php?rest_route=%2Fwp%2Fv2%2Fcomments&post=16310"}],"version-history":[{"count":3,"href":"http:\/\/www.robertosedda.it\/index.php?rest_route=\/wp\/v2\/posts\/16310\/revisions"}],"predecessor-version":[{"id":16322,"href":"http:\/\/www.robertosedda.it\/index.php?rest_route=\/wp\/v2\/posts\/16310\/revisions\/16322"}],"wp:featuredmedia":[{"embeddable":true,"href":"http:\/\/www.robertosedda.it\/index.php?rest_route=\/wp\/v2\/media\/16314"}],"wp:attachment":[{"href":"http:\/\/www.robertosedda.it\/index.php?rest_route=%2Fwp%2Fv2%2Fmedia&parent=16310"}],"wp:term":[{"taxonomy":"category","embeddable":true,"href":"http:\/\/www.robertosedda.it\/index.php?rest_route=%2Fwp%2Fv2%2Fcategories&post=16310"},{"taxonomy":"post_tag","embeddable":true,"href":"http:\/\/www.robertosedda.it\/index.php?rest_route=%2Fwp%2Fv2%2Ftags&post=16310"}],"curies":[{"name":"wp","href":"https:\/\/api.w.org\/{rel}","templated":true}]}}