{"id":16300,"date":"2019-03-04T14:31:11","date_gmt":"2019-03-04T13:31:11","guid":{"rendered":"http:\/\/www.robertosedda.it\/?p=16300"},"modified":"2022-03-07T11:28:47","modified_gmt":"2022-03-07T10:28:47","slug":"trova-le-somiglianze","status":"publish","type":"post","link":"http:\/\/www.robertosedda.it\/?p=16300","title":{"rendered":"Trova le somiglianze"},"content":{"rendered":"\n<p>Anni fa stavo andando in aereo da qualche parte per Banca Etica e mi trovai in un aeroporto con un signore che aveva un elegante abito in velluto dal taglio molto tradizionale, una camicia bianca alla sarda, il <em>bonnete <\/em>e una folta barba bianca.<\/p>\n\n\n\n<p>Era cos\u00ec evidentemente e pienamente <em>sardo<\/em> &#8211; un po&#8217; incongruo in quel piccolo aeroporto del Nord &#8211; che non resistetti e gli attaccai bottone per scoprire chi fosse.<\/p>\n\n\n\n<p>Era un simpatico e disponibile poeta dialettale &#8211; feci male a non segnarmi il nome, altrimenti mi sarei potuto procurare qualcosa di suo &#8211; che andava da qualche parte, forse per una gara poetica o un incontro con un circolo di sardi all&#8217;ester&#8230; cio\u00e8, in Ital&#8230;, ehm, fuori Sardegna. <\/p>\n\n\n\n<p>Facemmo due chiacchiere e alla fine gli chiesi il permesso di fargli una foto.<\/p>\n\n\n\n<figure class=\"wp-block-image\"><img data-attachment-id=\"16301\" data-permalink=\"http:\/\/www.robertosedda.it\/?attachment_id=16301\" data-orig-file=\"https:\/\/i0.wp.com\/www.robertosedda.it\/wp-content\/uploads\/2019\/03\/2013-09-28-10.28.50.jpg?fit=2048%2C1536\" data-orig-size=\"2048,1536\" data-comments-opened=\"1\" data-image-meta=\"{&quot;aperture&quot;:&quot;2.6&quot;,&quot;credit&quot;:&quot;&quot;,&quot;camera&quot;:&quot;YP-G70&quot;,&quot;caption&quot;:&quot;&quot;,&quot;created_timestamp&quot;:&quot;1380364130&quot;,&quot;copyright&quot;:&quot;&quot;,&quot;focal_length&quot;:&quot;3.79&quot;,&quot;iso&quot;:&quot;50&quot;,&quot;shutter_speed&quot;:&quot;0.0075187969924812&quot;,&quot;title&quot;:&quot;&quot;,&quot;orientation&quot;:&quot;1&quot;}\" data-image-title=\"2013-09-28 10.28.50\" data-image-description=\"\" data-image-caption=\"\" data-medium-file=\"https:\/\/i0.wp.com\/www.robertosedda.it\/wp-content\/uploads\/2019\/03\/2013-09-28-10.28.50.jpg?fit=300%2C225\" data-large-file=\"https:\/\/i0.wp.com\/www.robertosedda.it\/wp-content\/uploads\/2019\/03\/2013-09-28-10.28.50.jpg?fit=510%2C383\" decoding=\"async\" loading=\"lazy\" width=\"800\" height=\"600\" src=\"https:\/\/i0.wp.com\/www.robertosedda.it\/wp-content\/uploads\/2019\/03\/2013-09-28-10.28.50.jpg?resize=800%2C600\" alt=\"\" class=\"wp-image-16301\" srcset=\"https:\/\/i0.wp.com\/www.robertosedda.it\/wp-content\/uploads\/2019\/03\/2013-09-28-10.28.50.jpg?w=2048 2048w, https:\/\/i0.wp.com\/www.robertosedda.it\/wp-content\/uploads\/2019\/03\/2013-09-28-10.28.50.jpg?resize=150%2C113 150w, https:\/\/i0.wp.com\/www.robertosedda.it\/wp-content\/uploads\/2019\/03\/2013-09-28-10.28.50.jpg?resize=300%2C225 300w, https:\/\/i0.wp.com\/www.robertosedda.it\/wp-content\/uploads\/2019\/03\/2013-09-28-10.28.50.jpg?resize=510%2C383 510w, https:\/\/i0.wp.com\/www.robertosedda.it\/wp-content\/uploads\/2019\/03\/2013-09-28-10.28.50.jpg?w=1600 1600w\" sizes=\"(max-width: 800px) 100vw, 800px\" data-recalc-dims=\"1\" \/><\/figure>\n\n\n\n<p>Gioved\u00ec dovevo andare a Roma per un convegno sul commercio di armamenti, di cui magari vi racconter\u00f2 poi. Il convegno era ospitato nella sala dei gruppi parlamentari a Montecitorio e perci\u00f2 era obbligatoria la giacca. Forse anche la cravatta, ma forse su quella chiudono un occhio, dai.<\/p>\n\n\n\n<p>Esaminato lo stato delle mie giacche &#8211; e considerata anche la poca voglia che avevo di mettermi la cravatta &#8211; ho deciso che l&#8217;unica alternativa praticabile era l&#8217;abito di velluto che mi sono fatto fare a Orani da Mura, che aveva in pi\u00f9 il vantaggio che si poteva portare con le camicie che fa lo stesso Mura e quindi giustificava anche l&#8217;assenza di cravatta. E poi ho pensato che secondo come andava il dibattito poteva servire avere uno pronto con l&#8217;abito adatto a rappresentare la voce della Sardegna tutta&#8230;<\/p>\n\n\n\n<p>&#8230; che, se non ve ne eravate mai accorti, l&#8217;amichevole Rufus di quartiere ragiona sempre in senso un po&#8217; strategico.<\/p>\n\n\n\n<p>E insomma, il risultato era questo:<\/p>\n\n\n\n<figure class=\"wp-block-image\"><img data-attachment-id=\"16302\" data-permalink=\"http:\/\/www.robertosedda.it\/?attachment_id=16302\" data-orig-file=\"https:\/\/i0.wp.com\/www.robertosedda.it\/wp-content\/uploads\/2019\/03\/Rufus-velluto.jpg?fit=2976%2C2263\" data-orig-size=\"2976,2263\" data-comments-opened=\"1\" data-image-meta=\"{&quot;aperture&quot;:&quot;2.2&quot;,&quot;credit&quot;:&quot;&quot;,&quot;camera&quot;:&quot;STF-L09&quot;,&quot;caption&quot;:&quot;sdr&quot;,&quot;created_timestamp&quot;:&quot;1551533850&quot;,&quot;copyright&quot;:&quot;&quot;,&quot;focal_length&quot;:&quot;3.95&quot;,&quot;iso&quot;:&quot;80&quot;,&quot;shutter_speed&quot;:&quot;0.016666&quot;,&quot;title&quot;:&quot;sdr&quot;,&quot;orientation&quot;:&quot;0&quot;}\" data-image-title=\"Rufus velluto\" data-image-description=\"\" data-image-caption=\"&lt;p&gt;sdr&lt;\/p&gt;\n\" data-medium-file=\"https:\/\/i0.wp.com\/www.robertosedda.it\/wp-content\/uploads\/2019\/03\/Rufus-velluto.jpg?fit=300%2C228\" data-large-file=\"https:\/\/i0.wp.com\/www.robertosedda.it\/wp-content\/uploads\/2019\/03\/Rufus-velluto.jpg?fit=510%2C388\" decoding=\"async\" loading=\"lazy\" width=\"800\" height=\"608\" src=\"https:\/\/i0.wp.com\/www.robertosedda.it\/wp-content\/uploads\/2019\/03\/Rufus-velluto.jpg?resize=800%2C608\" alt=\"\" class=\"wp-image-16302\" srcset=\"https:\/\/i0.wp.com\/www.robertosedda.it\/wp-content\/uploads\/2019\/03\/Rufus-velluto.jpg?w=2976 2976w, https:\/\/i0.wp.com\/www.robertosedda.it\/wp-content\/uploads\/2019\/03\/Rufus-velluto.jpg?resize=150%2C114 150w, https:\/\/i0.wp.com\/www.robertosedda.it\/wp-content\/uploads\/2019\/03\/Rufus-velluto.jpg?resize=300%2C228 300w, https:\/\/i0.wp.com\/www.robertosedda.it\/wp-content\/uploads\/2019\/03\/Rufus-velluto.jpg?resize=510%2C388 510w, https:\/\/i0.wp.com\/www.robertosedda.it\/wp-content\/uploads\/2019\/03\/Rufus-velluto.jpg?w=1600 1600w, https:\/\/i0.wp.com\/www.robertosedda.it\/wp-content\/uploads\/2019\/03\/Rufus-velluto.jpg?w=2400 2400w\" sizes=\"(max-width: 800px) 100vw, 800px\" data-recalc-dims=\"1\" \/><\/figure>\n\n\n\n<p>E in aeroporto ho pensato che avrei potuto darmi arie da poeta dialettale e citare appropriatamente:<\/p>\n\n\n\n<pre class=\"wp-block-verse\">\nBestidelu unu furcone,<br \/>paret unu Sassone;<br \/>torralu a ispozare,<br \/>unu furcone paret.\n\n<\/pre>\n\n\n\n<p>P.S. Colgo l&#8217;occasione: se qualcuno riconoscesse il poeta della foto e mi dicesse il nome, a me farebbe piacere trovare un libro coi suoi versi, o comunque leggere qualcosa di suo.<br \/><br \/><\/p>\n","protected":false},"excerpt":{"rendered":"<p>Anni fa stavo andando in aereo da qualche parte per Banca Etica e mi trovai in un aeroporto con un<\/p>\n","protected":false},"author":1,"featured_media":16302,"comment_status":"open","ping_status":"open","sticky":false,"template":"","format":"standard","meta":{"_mi_skip_tracking":false,"_monsterinsights_sitenote_active":false,"_monsterinsights_sitenote_note":"","_monsterinsights_sitenote_category":0,"jetpack_post_was_ever_published":false,"_jetpack_newsletter_access":"","jetpack_publicize_message":"","jetpack_is_tweetstorm":false,"jetpack_publicize_feature_enabled":true,"jetpack_social_post_already_shared":true,"jetpack_social_options":{"image_generator_settings":{"template":"highway","enabled":false}}},"categories":[52,53,18,88,16],"tags":[],"jetpack_publicize_connections":[],"jetpack_featured_media_url":"https:\/\/i0.wp.com\/www.robertosedda.it\/wp-content\/uploads\/2019\/03\/Rufus-velluto.jpg?fit=2976%2C2263","jetpack_sharing_enabled":true,"jetpack_shortlink":"https:\/\/wp.me\/p4jV2T-4eU","jetpack_likes_enabled":true,"jetpack-related-posts":[{"id":10376,"url":"http:\/\/www.robertosedda.it\/?p=10376","url_meta":{"origin":16300,"position":0},"title":"Sradicamenti e aeroporti","author":"Rufus","date":"15\/06\/2015","format":false,"excerpt":"Quella sensazione di spaesamento che solo i veri cagliaritani possono capire Venerd\u00ec ero a Bologna per questioni di Banca Etica. Appena sceso dall'aereo mi dirigo al bar, una\u00a0qualche\u00a0catena del gruppo Autogrill, credo, per un caff\u00e8. Un bar ben messo, grande, con una grande vetrina di cornetti e panini e ovviamente\u2026","rel":"","context":"In &quot;Coordinate&quot;","block_context":{"text":"Coordinate","link":"http:\/\/www.robertosedda.it\/?cat=52"},"img":{"alt_text":"","src":"https:\/\/i0.wp.com\/www.robertosedda.it\/wp-content\/uploads\/2015\/06\/Aeroporto-Marconi-Bologna.jpg?fit=550%2C315&resize=350%2C200","width":350,"height":200},"classes":[]},{"id":17061,"url":"http:\/\/www.robertosedda.it\/?p=17061","url_meta":{"origin":16300,"position":1},"title":"Un giorno a Cagliari","author":"Rufus","date":"24\/08\/2019","format":false,"excerpt":"Vedo che Cagliari ha un nuovo video istituzionale di presentazione per i turisti. https:\/\/www.youtube.com\/watch?v=V0zYpeuUA2E&fbclid=IwAR1ywZfCwsJVj1PeijRzLzjE6_x6cmtZUfmKRGOS_yDmNxZDOhPCuxbMjKI Resto un pochino perplesso per un paio di insistenze su certi esercizi commerciali rispetto ad altri, per alcune clamorose omissioni (niente Museo Archeologico, niente lungomare Poetto con quelli che fanno sport o si godono la vita,\u2026","rel":"","context":"In &quot;Coordinate&quot;","block_context":{"text":"Coordinate","link":"http:\/\/www.robertosedda.it\/?cat=52"},"img":{"alt_text":"","src":"https:\/\/i0.wp.com\/www.robertosedda.it\/wp-content\/uploads\/2019\/08\/Logo-Cagliari.jpg?fit=1200%2C758&resize=350%2C200","width":350,"height":200,"srcset":"https:\/\/i0.wp.com\/www.robertosedda.it\/wp-content\/uploads\/2019\/08\/Logo-Cagliari.jpg?fit=1200%2C758&resize=350%2C200 1x, https:\/\/i0.wp.com\/www.robertosedda.it\/wp-content\/uploads\/2019\/08\/Logo-Cagliari.jpg?fit=1200%2C758&resize=700%2C400 2x, https:\/\/i0.wp.com\/www.robertosedda.it\/wp-content\/uploads\/2019\/08\/Logo-Cagliari.jpg?fit=1200%2C758&resize=1050%2C600 3x"},"classes":[]},{"id":5100,"url":"http:\/\/www.robertosedda.it\/?p=5100","url_meta":{"origin":16300,"position":2},"title":"Manco a farlo apposta","author":"Rufus","date":"25\/11\/2013","format":false,"excerpt":"Qualche giorno fa ho scritto dicendo che Scirarindi \u00e8 uno degli eventi culturali pi\u00f9 importanti della Sardegna e che c'era un certo numero di persone e organizzazioni che dovrebbe partecipare: Gli artigiani di Artimanos, i teatranti, gli artisti, gli operatori culturali: perch\u00e9 il benessere della persona li riguarda prima di\u2026","rel":"","context":"In &quot;Coordinate&quot;","block_context":{"text":"Coordinate","link":"http:\/\/www.robertosedda.it\/?cat=52"},"img":{"alt_text":"","src":"https:\/\/i0.wp.com\/www.robertosedda.it\/wp-content\/uploads\/2013\/11\/Liberos.jpg?fit=213%2C213&resize=350%2C200","width":350,"height":200},"classes":[]},{"id":14227,"url":"http:\/\/www.robertosedda.it\/?p=14227","url_meta":{"origin":16300,"position":3},"title":"Triste stato degli studi storici in Sardegna","author":"Rufus","date":"17\/10\/2017","format":false,"excerpt":"Veramente no, da quel che mi risulta gli studi storici seri, in Sardegna, godono di buona salute o, perlomeno, di una salute normale, come dappertutto (che, visto come vanno le cose nell'Universit\u00e0 italiana di questi tempi, potrebbe voler dire che sono in pericolo di vita). Per\u00f2 l'altro giorno l'ho pensato.\u2026","rel":"","context":"In &quot;Coordinate&quot;","block_context":{"text":"Coordinate","link":"http:\/\/www.robertosedda.it\/?cat=52"},"img":{"alt_text":"","src":"https:\/\/i0.wp.com\/www.robertosedda.it\/wp-content\/uploads\/2017\/10\/Ichnos.jpg?fit=1200%2C675&resize=350%2C200","width":350,"height":200,"srcset":"https:\/\/i0.wp.com\/www.robertosedda.it\/wp-content\/uploads\/2017\/10\/Ichnos.jpg?fit=1200%2C675&resize=350%2C200 1x, https:\/\/i0.wp.com\/www.robertosedda.it\/wp-content\/uploads\/2017\/10\/Ichnos.jpg?fit=1200%2C675&resize=700%2C400 2x, https:\/\/i0.wp.com\/www.robertosedda.it\/wp-content\/uploads\/2017\/10\/Ichnos.jpg?fit=1200%2C675&resize=1050%2C600 3x"},"classes":[]},{"id":18291,"url":"http:\/\/www.robertosedda.it\/?p=18291","url_meta":{"origin":16300,"position":4},"title":"Battaglie perse","author":"Rufus","date":"09\/09\/2020","format":false,"excerpt":"https:\/\/www.youtube.com\/watch?v=AL8chWFuM-s Ho visto l'altro giorno alla Manifattura Tabacchi L'agnello di Mario Piredda, un film che ultimamente in Sardegna sta riempiendo le sale ovunque venga proiettato. Mi ha fatto molto piacere vedere nel film due persone che conosco benissimo come Piero Marcialis e Michele Dr Drer Atzori, tutti e due impegnati\u2026","rel":"","context":"In &quot;Coordinate&quot;","block_context":{"text":"Coordinate","link":"http:\/\/www.robertosedda.it\/?cat=52"},"img":{"alt_text":"","src":"https:\/\/i0.wp.com\/www.robertosedda.it\/wp-content\/uploads\/2020\/09\/Lagnello.jpg?fit=1200%2C675&resize=350%2C200","width":350,"height":200,"srcset":"https:\/\/i0.wp.com\/www.robertosedda.it\/wp-content\/uploads\/2020\/09\/Lagnello.jpg?fit=1200%2C675&resize=350%2C200 1x, https:\/\/i0.wp.com\/www.robertosedda.it\/wp-content\/uploads\/2020\/09\/Lagnello.jpg?fit=1200%2C675&resize=700%2C400 2x, https:\/\/i0.wp.com\/www.robertosedda.it\/wp-content\/uploads\/2020\/09\/Lagnello.jpg?fit=1200%2C675&resize=1050%2C600 3x"},"classes":[]},{"id":752,"url":"http:\/\/www.robertosedda.it\/?p=752","url_meta":{"origin":16300,"position":5},"title":"Destinazione Sardegna","author":"Rufus","date":"24\/08\/2012","format":false,"excerpt":"La destinazione \u00e8 uno strano film. Superficialmente, la trama non \u00e8 particolarmente originale: Emilio Todeschini, riminese (interpretato da Roberto Magnani, un ragazzo che pare il clone di Valentino Rossi), dovendo fare il servizio di leva, sceglie di fare il carabiniere, per avere una paga un po' pi\u00f9 alta e vedere\/fare\u2026","rel":"","context":"In &quot;Coordinate&quot;","block_context":{"text":"Coordinate","link":"http:\/\/www.robertosedda.it\/?cat=52"},"img":{"alt_text":"","src":"https:\/\/i0.wp.com\/www.robertosedda.it\/wp-content\/uploads\/2012\/08\/ballorecc-206x300.jpg?resize=350%2C200","width":350,"height":200},"classes":[]}],"_links":{"self":[{"href":"http:\/\/www.robertosedda.it\/index.php?rest_route=\/wp\/v2\/posts\/16300"}],"collection":[{"href":"http:\/\/www.robertosedda.it\/index.php?rest_route=\/wp\/v2\/posts"}],"about":[{"href":"http:\/\/www.robertosedda.it\/index.php?rest_route=\/wp\/v2\/types\/post"}],"author":[{"embeddable":true,"href":"http:\/\/www.robertosedda.it\/index.php?rest_route=\/wp\/v2\/users\/1"}],"replies":[{"embeddable":true,"href":"http:\/\/www.robertosedda.it\/index.php?rest_route=%2Fwp%2Fv2%2Fcomments&post=16300"}],"version-history":[{"count":2,"href":"http:\/\/www.robertosedda.it\/index.php?rest_route=\/wp\/v2\/posts\/16300\/revisions"}],"predecessor-version":[{"id":16304,"href":"http:\/\/www.robertosedda.it\/index.php?rest_route=\/wp\/v2\/posts\/16300\/revisions\/16304"}],"wp:featuredmedia":[{"embeddable":true,"href":"http:\/\/www.robertosedda.it\/index.php?rest_route=\/wp\/v2\/media\/16302"}],"wp:attachment":[{"href":"http:\/\/www.robertosedda.it\/index.php?rest_route=%2Fwp%2Fv2%2Fmedia&parent=16300"}],"wp:term":[{"taxonomy":"category","embeddable":true,"href":"http:\/\/www.robertosedda.it\/index.php?rest_route=%2Fwp%2Fv2%2Fcategories&post=16300"},{"taxonomy":"post_tag","embeddable":true,"href":"http:\/\/www.robertosedda.it\/index.php?rest_route=%2Fwp%2Fv2%2Ftags&post=16300"}],"curies":[{"name":"wp","href":"https:\/\/api.w.org\/{rel}","templated":true}]}}