{"id":16250,"date":"2019-02-11T16:40:32","date_gmt":"2019-02-11T15:40:32","guid":{"rendered":"http:\/\/www.robertosedda.it\/?p=16250"},"modified":"2019-02-11T16:40:40","modified_gmt":"2019-02-11T15:40:40","slug":"non-passa-piu","status":"publish","type":"post","link":"http:\/\/www.robertosedda.it\/?p=16250","title":{"rendered":"Non passa pi\u00f9"},"content":{"rendered":"\n<p>Trovo nella buona intervista di Zerocalcare a <em>Sapiens<\/em>:<em> <\/em><br \/><\/p>\n\n\n\n<blockquote class=\"wp-block-quote\"><p><strong>Quando hai pubblicato un manifesto per un\u2019iniziativa No Tav, per\u00f2, in molti hanno avuto una reazione negativa.<\/strong><\/p><p>\u00abVenduto ai <em>No Tav\u00bb<\/em>, mi hanno detto. Ho fatto il giro di tutti i profili e ho risposto a uno a uno: 50 persone a cui ho risposto personalmente. Mi sono fatto un\u2019idea: non c\u2019\u00e8 una chiara percezione del fatto che la battaglia contro il <em>TAV<\/em> sia esistita prima dei <em>5 Stelle<\/em>, \u00e8 stato rimosso tutto. Non essendoci pi\u00f9 una voce autorevole a sinistra all\u2019interno del dibattito pubblico che dice qualcosa sul <em>TAV<\/em>, l\u2019unica voce pi\u00f9 o meno di sinistra che un pischello sente \u00e8 quella del PD che \u00e8 <em>S\u00ec TAV<\/em>. Quindi automaticamente se una parte del governo \u00e8 <em>No TAV<\/em>, i <em>No TAV<\/em> diventano antivaccinisti, quelli della terra piatta e delle scie chimiche. Tutto il resto l\u2019hanno rimosso, e me ne accorgevo guardando i profili <em>Facebook<\/em> di ciascuno: gente che magari aveva come immagini di copertina <em>selfie<\/em> con me e poi, in maniera assolutamente interscambiabile, una roba che andava da Jovanotti a Zoro, a Mentana, a Burioni. Tutto quello che in qualche modo gli sembrava di buon senso veniva messo in una casella e quindi era inspiegabile che su quel determinato argomento io la pensassi come gli altri. Per\u00f2 \u00e8 terribile se per te tutto diventa interscambiabile: non ho nulla contro quelli che ho detto, per\u00f2 evidentemente non siamo la stessa cosa. Ma tutto questo non passa pi\u00f9.<\/p><\/blockquote>\n\n\n\n<p><em>Ma tutto questo non passa pi\u00f9.<\/em><\/p>\n\n\n\n<p>Non avrei saputo <a href=\"http:\/\/www.robertosedda.it\/?p=15584\">come meglio dirlo<\/a>. Perch\u00e9, per restare in tema, la politica non \u00e8 <a href=\"http:\/\/espresso.repubblica.it\/foto\/2018\/01\/16\/galleria\/questa-non-e-una-partita-a-bocce-la-graphic-novel-integrale-di-zerocalcare-1.317179\">una partita a bocce<\/a>.<\/p>\n\n\n\n<figure class=\"wp-block-image\"><a href=\"http:\/\/espresso.repubblica.it\/foto\/2018\/01\/16\/galleria\/questa-non-e-una-partita-a-bocce-la-graphic-novel-integrale-di-zerocalcare-1.317179\"><img data-attachment-id=\"16252\" data-permalink=\"http:\/\/www.robertosedda.it\/?attachment_id=16252\" data-orig-file=\"https:\/\/i0.wp.com\/www.robertosedda.it\/wp-content\/uploads\/2019\/02\/Calcare.jpg?fit=806%2C700\" data-orig-size=\"806,700\" data-comments-opened=\"1\" data-image-meta=\"{&quot;aperture&quot;:&quot;0&quot;,&quot;credit&quot;:&quot;&quot;,&quot;camera&quot;:&quot;&quot;,&quot;caption&quot;:&quot;&quot;,&quot;created_timestamp&quot;:&quot;0&quot;,&quot;copyright&quot;:&quot;&quot;,&quot;focal_length&quot;:&quot;0&quot;,&quot;iso&quot;:&quot;0&quot;,&quot;shutter_speed&quot;:&quot;0&quot;,&quot;title&quot;:&quot;&quot;,&quot;orientation&quot;:&quot;0&quot;}\" data-image-title=\"Calcare\" data-image-description=\"\" data-image-caption=\"\" data-medium-file=\"https:\/\/i0.wp.com\/www.robertosedda.it\/wp-content\/uploads\/2019\/02\/Calcare.jpg?fit=300%2C261\" data-large-file=\"https:\/\/i0.wp.com\/www.robertosedda.it\/wp-content\/uploads\/2019\/02\/Calcare.jpg?fit=510%2C443\" decoding=\"async\" loading=\"lazy\" width=\"800\" height=\"695\" src=\"https:\/\/i0.wp.com\/www.robertosedda.it\/wp-content\/uploads\/2019\/02\/Calcare.jpg?resize=800%2C695\" alt=\"\" class=\"wp-image-16252\" srcset=\"https:\/\/i0.wp.com\/www.robertosedda.it\/wp-content\/uploads\/2019\/02\/Calcare.jpg?w=806 806w, https:\/\/i0.wp.com\/www.robertosedda.it\/wp-content\/uploads\/2019\/02\/Calcare.jpg?resize=150%2C130 150w, https:\/\/i0.wp.com\/www.robertosedda.it\/wp-content\/uploads\/2019\/02\/Calcare.jpg?resize=300%2C261 300w, https:\/\/i0.wp.com\/www.robertosedda.it\/wp-content\/uploads\/2019\/02\/Calcare.jpg?resize=510%2C443 510w\" sizes=\"(max-width: 800px) 100vw, 800px\" data-recalc-dims=\"1\" \/><\/a><\/figure>\n","protected":false},"excerpt":{"rendered":"<p>Trovo nella buona intervista di Zerocalcare a Sapiens: Quando hai pubblicato un manifesto per un\u2019iniziativa No Tav, per\u00f2, in molti<\/p>\n","protected":false},"author":1,"featured_media":16252,"comment_status":"open","ping_status":"open","sticky":false,"template":"","format":"standard","meta":{"_mi_skip_tracking":false,"_monsterinsights_sitenote_active":false,"_monsterinsights_sitenote_note":"","_monsterinsights_sitenote_category":0,"jetpack_post_was_ever_published":false,"_jetpack_newsletter_access":"","jetpack_publicize_message":"","jetpack_is_tweetstorm":false,"jetpack_publicize_feature_enabled":true,"jetpack_social_post_already_shared":true,"jetpack_social_options":{"image_generator_settings":{"template":"highway","enabled":false}}},"categories":[95],"tags":[],"jetpack_publicize_connections":[],"jetpack_featured_media_url":"https:\/\/i0.wp.com\/www.robertosedda.it\/wp-content\/uploads\/2019\/02\/Calcare.jpg?fit=806%2C700","jetpack_sharing_enabled":true,"jetpack_shortlink":"https:\/\/wp.me\/p4jV2T-4e6","jetpack_likes_enabled":true,"jetpack-related-posts":[{"id":68,"url":"http:\/\/www.robertosedda.it\/?p=68","url_meta":{"origin":16250,"position":0},"title":"Val di Susa e autostoppisti spaziali","author":"Rufus","date":"27\/07\/2012","format":false,"excerpt":"La Guida galattica per autostoppisti \u00e8 un classico della fantascienza umoristica (e abbastanza lisergica) degli anni '70, e potrebbe sembrare a prima vista non il punto di partenza migliore per ragionare sulla TAV e la Val di Susa. Eppure, se avete voglia, diamo un'occhiata alla trama. Il romanzo si apre\u2026","rel":"","context":"In &quot;Coordinate&quot;","block_context":{"text":"Coordinate","link":"http:\/\/www.robertosedda.it\/?cat=52"},"img":{"alt_text":"","src":"https:\/\/i0.wp.com\/www.robertosedda.it\/wp-content\/uploads\/2012\/07\/Guida-galattica.webp?fit=300%2C444&resize=350%2C200","width":350,"height":200},"classes":[]},{"id":11184,"url":"http:\/\/www.robertosedda.it\/?p=11184","url_meta":{"origin":16250,"position":1},"title":"Fuenteovejuna","author":"Rufus","date":"19\/11\/2015","format":false,"excerpt":"La prima volta che ho sentito parlare di Fuenteovejuna \u00e8 stato intorno ai tredici\u00a0anni, quando ho letto la\u00a0Garzantina sul teatro che stava a casa dei miei nonni e di Enrica. L'idea dei paesani che sotto tortura indicano tutti come colpevole il nome generico\u00a0Fuenteovejuna colp\u00ec molto la mia fantasia di adolescente\u2026","rel":"","context":"In &quot;Coordinate&quot;","block_context":{"text":"Coordinate","link":"http:\/\/www.robertosedda.it\/?cat=52"},"img":{"alt_text":"","src":"https:\/\/i0.wp.com\/www.robertosedda.it\/wp-content\/uploads\/2015\/11\/Fuenteovejuna.jpg?fit=470%2C382&resize=350%2C200","width":350,"height":200},"classes":[]},{"id":9939,"url":"http:\/\/www.robertosedda.it\/?p=9939","url_meta":{"origin":16250,"position":2},"title":"DUN, dun, dun \u2026 il governo ribusser\u00e0 alle nostre porte","author":"Rufus","date":"10\/04\/2015","format":false,"excerpt":"Questo articolo viene pubblicato anche sui siti di Fondazione Sardinia, Tramasdeamistade, Sardegna Soprattutto, Sportello Formaparis,Tottusinpari e sui blog di Enrico Lobina, Vito Biolchini e\u00a0Francesca Madrigali. DUN, dun, dun \u2026 il governo ribusser\u00e0 alle nostre porte di Salvatore Cubeddu La notizia \u00e8 che il ministro Gian Luca Galletti seguir\u00e0 per il\u2026","rel":"","context":"In &quot;Coordinate&quot;","block_context":{"text":"Coordinate","link":"http:\/\/www.robertosedda.it\/?cat=52"},"img":{"alt_text":"","src":"https:\/\/i0.wp.com\/www.robertosedda.it\/wp-content\/uploads\/2013\/12\/Salvatore-Cubeddu.jpg?fit=500%2C374&resize=350%2C200","width":350,"height":200},"classes":[]},{"id":3524,"url":"http:\/\/www.robertosedda.it\/?p=3524","url_meta":{"origin":16250,"position":3},"title":"Ian &#8220;Nathan Never&#8221; Aranill, fantasy Bonelli in edicola","author":"Rufus","date":"14\/06\/2013","format":false,"excerpt":"Dragonero: una novit\u00e0? Dragonero, la nuova serie a fumetti mensile della Bonelli, scritta da Luca Enoch e Stefano Vietti e che vede un ottimo Giuseppe Matteoni come disegnatore principale, \u00e8 unanimemente considerata una novit\u00e0. Lo\u00a0fa intendere\u00a0anche Davide Bonelli nella sua presentazione Il fantasy, negli ultimi anni, \u00e8 passato da essere\u2026","rel":"","context":"In &quot;Coordinate&quot;","block_context":{"text":"Coordinate","link":"http:\/\/www.robertosedda.it\/?cat=52"},"img":{"alt_text":"","src":"https:\/\/i0.wp.com\/www.robertosedda.it\/wp-content\/uploads\/2013\/06\/dragonero-illustrazione-ian-copy-620x350.jpg?fit=620%2C350&resize=350%2C200","width":350,"height":200},"classes":[]},{"id":16069,"url":"http:\/\/www.robertosedda.it\/?p=16069","url_meta":{"origin":16250,"position":4},"title":"Una cornice per l&#8217;azione","author":"Rufus","date":"28\/12\/2018","format":false,"excerpt":"Da alcuni anni la Fondazione\u00a0Finanza\u00a0Etica fa azionariato critico alla Rheinmetall e segue in maniera particolare la questione delle bombe che sono prodotte in Sardegna per essere usate nella guerra in Yemen: la fabbrica che le produce appartiene infatti a una consociata della multinazionale tedesca. https:\/\/youtu.be\/uy99hxCogSg All'interno di questa azione siamo\u2026","rel":"","context":"In &quot;Coordinate&quot;","block_context":{"text":"Coordinate","link":"http:\/\/www.robertosedda.it\/?cat=52"},"img":{"alt_text":"","src":"https:\/\/i0.wp.com\/www.robertosedda.it\/wp-content\/uploads\/2018\/12\/Diapositiva1.jpg?fit=960%2C720&resize=350%2C200","width":350,"height":200,"srcset":"https:\/\/i0.wp.com\/www.robertosedda.it\/wp-content\/uploads\/2018\/12\/Diapositiva1.jpg?fit=960%2C720&resize=350%2C200 1x, https:\/\/i0.wp.com\/www.robertosedda.it\/wp-content\/uploads\/2018\/12\/Diapositiva1.jpg?fit=960%2C720&resize=700%2C400 2x"},"classes":[]},{"id":5018,"url":"http:\/\/www.robertosedda.it\/?p=5018","url_meta":{"origin":16250,"position":5},"title":"Di film visti in posti improbabili","author":"Rufus","date":"14\/11\/2013","format":"video","excerpt":"Come forse ho gi\u00e0 detto o fatto capire, qualche settimana fa il mitico Pino si \u00e8 rotto una gamba e adesso sta recuperando\u00a0e facendo terapia in una residenza sanitaria assistenziale (in gergo: RSA). Per quelli di voi che non sanno cosa sia una RSA, diciamo che \u00e8 una struttura che\u2026","rel":"","context":"In &quot;Coordinate&quot;","block_context":{"text":"Coordinate","link":"http:\/\/www.robertosedda.it\/?cat=52"},"img":{"alt_text":"","src":"https:\/\/i0.wp.com\/www.robertosedda.it\/wp-content\/uploads\/2013\/11\/8010927090741.jpg?fit=200%2C282&resize=350%2C200","width":350,"height":200},"classes":[]}],"_links":{"self":[{"href":"http:\/\/www.robertosedda.it\/index.php?rest_route=\/wp\/v2\/posts\/16250"}],"collection":[{"href":"http:\/\/www.robertosedda.it\/index.php?rest_route=\/wp\/v2\/posts"}],"about":[{"href":"http:\/\/www.robertosedda.it\/index.php?rest_route=\/wp\/v2\/types\/post"}],"author":[{"embeddable":true,"href":"http:\/\/www.robertosedda.it\/index.php?rest_route=\/wp\/v2\/users\/1"}],"replies":[{"embeddable":true,"href":"http:\/\/www.robertosedda.it\/index.php?rest_route=%2Fwp%2Fv2%2Fcomments&post=16250"}],"version-history":[{"count":2,"href":"http:\/\/www.robertosedda.it\/index.php?rest_route=\/wp\/v2\/posts\/16250\/revisions"}],"predecessor-version":[{"id":16253,"href":"http:\/\/www.robertosedda.it\/index.php?rest_route=\/wp\/v2\/posts\/16250\/revisions\/16253"}],"wp:featuredmedia":[{"embeddable":true,"href":"http:\/\/www.robertosedda.it\/index.php?rest_route=\/wp\/v2\/media\/16252"}],"wp:attachment":[{"href":"http:\/\/www.robertosedda.it\/index.php?rest_route=%2Fwp%2Fv2%2Fmedia&parent=16250"}],"wp:term":[{"taxonomy":"category","embeddable":true,"href":"http:\/\/www.robertosedda.it\/index.php?rest_route=%2Fwp%2Fv2%2Fcategories&post=16250"},{"taxonomy":"post_tag","embeddable":true,"href":"http:\/\/www.robertosedda.it\/index.php?rest_route=%2Fwp%2Fv2%2Ftags&post=16250"}],"curies":[{"name":"wp","href":"https:\/\/api.w.org\/{rel}","templated":true}]}}