{"id":16237,"date":"2019-02-08T16:25:38","date_gmt":"2019-02-08T15:25:38","guid":{"rendered":"http:\/\/www.robertosedda.it\/?p=16237"},"modified":"2019-02-08T19:02:11","modified_gmt":"2019-02-08T18:02:11","slug":"spiegare-con-humour","status":"publish","type":"post","link":"http:\/\/www.robertosedda.it\/?p=16237","title":{"rendered":"Spiegare con humour"},"content":{"rendered":"\n<p>Io ho un cugino che fa il libraio.<\/p>\n\n\n\n<p>Non mi spingo a dire che \u00e8 il mio cugino preferito perch\u00e9 poi gli altri si dispiacciono e comunque io voglio bene a tutti i miei cugini, ma certo gli sono sempre stato molto affezionato perch\u00e9 fra tutta la vasta geografia della cuginanza (tutta di secondo grado, peraltro) \u00e8 quello che ha praticamente la mia et\u00e0: siamo nati a due settimane di distanza.<\/p>\n\n\n\n<p>Dunque, io ho un cugino che fa il libraio e quando passo da Roma faccio spesso in modo da andare a trovarlo. Nella mia ingenuit\u00e0 non avviso mai prima, perch\u00e9 ho questa strana idea che Paolo praticamente <em>viva <\/em>in\u00a0libreria, e che quindi mi basti andare l\u00e0, senza troppi sbattimenti e appuntamenti.<\/p>\n\n\n\n<p>Quindi sabato mattina, sotto una pioggia battente, sono entrato con Maria Bonaria alla <a href=\"https:\/\/www.facebook.com\/libreria.koob\/\">libreria <\/a><em><a href=\"https:\/\/www.facebook.com\/libreria.koob\/\">Koob<\/a><\/em> a Roma. <\/p>\n\n\n\n<figure class=\"wp-block-image\"><img data-attachment-id=\"16238\" data-permalink=\"http:\/\/www.robertosedda.it\/?attachment_id=16238\" data-orig-file=\"https:\/\/i0.wp.com\/www.robertosedda.it\/wp-content\/uploads\/2019\/02\/Koob.jpg?fit=2048%2C1536\" data-orig-size=\"2048,1536\" data-comments-opened=\"1\" data-image-meta=\"{&quot;aperture&quot;:&quot;0&quot;,&quot;credit&quot;:&quot;&quot;,&quot;camera&quot;:&quot;&quot;,&quot;caption&quot;:&quot;&quot;,&quot;created_timestamp&quot;:&quot;0&quot;,&quot;copyright&quot;:&quot;&quot;,&quot;focal_length&quot;:&quot;0&quot;,&quot;iso&quot;:&quot;0&quot;,&quot;shutter_speed&quot;:&quot;0&quot;,&quot;title&quot;:&quot;&quot;,&quot;orientation&quot;:&quot;0&quot;}\" data-image-title=\"Koob\" data-image-description=\"\" data-image-caption=\"\" data-medium-file=\"https:\/\/i0.wp.com\/www.robertosedda.it\/wp-content\/uploads\/2019\/02\/Koob.jpg?fit=300%2C225\" data-large-file=\"https:\/\/i0.wp.com\/www.robertosedda.it\/wp-content\/uploads\/2019\/02\/Koob.jpg?fit=510%2C383\" decoding=\"async\" loading=\"lazy\" width=\"800\" height=\"600\" src=\"https:\/\/i0.wp.com\/www.robertosedda.it\/wp-content\/uploads\/2019\/02\/Koob.jpg?resize=800%2C600\" alt=\"\" class=\"wp-image-16238\" srcset=\"https:\/\/i0.wp.com\/www.robertosedda.it\/wp-content\/uploads\/2019\/02\/Koob.jpg?w=2048 2048w, https:\/\/i0.wp.com\/www.robertosedda.it\/wp-content\/uploads\/2019\/02\/Koob.jpg?resize=150%2C113 150w, https:\/\/i0.wp.com\/www.robertosedda.it\/wp-content\/uploads\/2019\/02\/Koob.jpg?resize=300%2C225 300w, https:\/\/i0.wp.com\/www.robertosedda.it\/wp-content\/uploads\/2019\/02\/Koob.jpg?resize=510%2C383 510w, https:\/\/i0.wp.com\/www.robertosedda.it\/wp-content\/uploads\/2019\/02\/Koob.jpg?w=1600 1600w\" sizes=\"(max-width: 800px) 100vw, 800px\" data-recalc-dims=\"1\" \/><\/figure>\n\n\n\n<p>E Paolo non c&#8217;era. Contrariamente alle mie aspettative, ha un <em>turno<\/em>.<\/p>\n\n\n\n<p>Una scoperta che mi ha turbato, devo dire, un po&#8217; come scoprire che il sole sorge a ovest, ecco. Poi ho scoperto che il turno sono praticamente due ore il sabato mattina, e quindi insomma, pi\u00f9 o meno tutte le cose del mondo sono tornate al loro posto.<\/p>\n\n\n\n<p>Comunque, non \u00e8 di questo che volevo parlare. Il fatto \u00e8 che allora ci siamo sentiti per telefono, un marchingegno che mia sorella sostiene che se usato pi\u00f9 spesso migliorerebbe le mie percentuali di incontri di parenti residenti in citt\u00e0 lontane, e per\u00f2 io dovevo andare a vedere la mostra di Zerocalcare e lui doveva fare altro e alla fine mi ha detto: \u00abPerch\u00e9 non passi domattina, che c&#8217;\u00e8 Antonio Pascale che parla di Joyce?\u00bb.<\/p>\n\n\n\n<p>Ora, io di Antonio Pascale non sapevo praticamente nulla, ma ricordavo di averne visto passare qualche libro nella comunit\u00e0 del pianerottolo, cio\u00e8 le case nostre e di Iole e Alberto, e poi questa idea della domenica mattina in cui la libreria apre apposta perch\u00e9 uno scrittore racconti altri grandi scrittori (ho visto che erano gi\u00e0 passati Proust, Cechov e Kafka) \u00e8 di quelle cose proprio adatte a noi, e quindi il giorno dopo ci siamo trovati l\u00e0, abbiamo salutato zii e cugini riuniti per l&#8217;occasione e ci siamo fatti condurre da Pascale dentro l&#8217;<em>Ulisse<\/em>, che non \u00e8 proprio un&#8217;avventura da poco.<\/p>\n\n\n\n<p>Oh, che la sala era strapiena e non erano tutti miei parenti, sia chiaro. <\/p>\n\n\n\n<p>E a me \u00e8 piaciuto <em>moltissimo<\/em>. Con un po&#8217; di invidia, devo dire, che se avessi fato roba di quel genere a <em>Oggi&nbsp;parliamo di&nbsp;libri<\/em> adesso sarei ricco e famoso e <em>Radio&nbsp;Kalaritana<\/em> avrebbe antenne in tutto il globo, altro che <em>Radio&nbsp;Maria<\/em>. <\/p>\n\n\n\n<p>Oh, <em>wait<\/em>. Forse no, nel senso che forse a recensire libri non si diventa ricchi e famosi. <\/p>\n\n\n\n<figure class=\"wp-block-image\"><img data-attachment-id=\"16239\" data-permalink=\"http:\/\/www.robertosedda.it\/?attachment_id=16239\" data-orig-file=\"https:\/\/i0.wp.com\/www.robertosedda.it\/wp-content\/uploads\/2019\/02\/Pascale-Koob.jpg?fit=768%2C513\" data-orig-size=\"768,513\" data-comments-opened=\"1\" data-image-meta=\"{&quot;aperture&quot;:&quot;0&quot;,&quot;credit&quot;:&quot;&quot;,&quot;camera&quot;:&quot;&quot;,&quot;caption&quot;:&quot;&quot;,&quot;created_timestamp&quot;:&quot;0&quot;,&quot;copyright&quot;:&quot;&quot;,&quot;focal_length&quot;:&quot;0&quot;,&quot;iso&quot;:&quot;0&quot;,&quot;shutter_speed&quot;:&quot;0&quot;,&quot;title&quot;:&quot;&quot;,&quot;orientation&quot;:&quot;0&quot;}\" data-image-title=\"Pascale Koob\" data-image-description=\"\" data-image-caption=\"\" data-medium-file=\"https:\/\/i0.wp.com\/www.robertosedda.it\/wp-content\/uploads\/2019\/02\/Pascale-Koob.jpg?fit=300%2C200\" data-large-file=\"https:\/\/i0.wp.com\/www.robertosedda.it\/wp-content\/uploads\/2019\/02\/Pascale-Koob.jpg?fit=510%2C341\" decoding=\"async\" loading=\"lazy\" width=\"768\" height=\"513\" src=\"https:\/\/i0.wp.com\/www.robertosedda.it\/wp-content\/uploads\/2019\/02\/Pascale-Koob.jpg?resize=768%2C513\" alt=\"\" class=\"wp-image-16239\" srcset=\"https:\/\/i0.wp.com\/www.robertosedda.it\/wp-content\/uploads\/2019\/02\/Pascale-Koob.jpg?w=768 768w, https:\/\/i0.wp.com\/www.robertosedda.it\/wp-content\/uploads\/2019\/02\/Pascale-Koob.jpg?resize=150%2C100 150w, https:\/\/i0.wp.com\/www.robertosedda.it\/wp-content\/uploads\/2019\/02\/Pascale-Koob.jpg?resize=300%2C200 300w, https:\/\/i0.wp.com\/www.robertosedda.it\/wp-content\/uploads\/2019\/02\/Pascale-Koob.jpg?resize=510%2C341 510w\" sizes=\"(max-width: 768px) 100vw, 768px\" data-recalc-dims=\"1\" \/><\/figure>\n\n\n\n<p>Per\u00f2 Pascale, a cui avrei voluto fare i complimenti alla fine ma mi sono  ritratto un po&#8217; per vergogna un po&#8217; perch\u00e9 preso a parlare con parenti, ha questo miscuglio di serena mitezza, gran cultura e modo affilato di porgere (che non \u00e8 una combinazione facile) che per parlare di libri \u00e8 <em>perfetta<\/em> (poi magari uno <a href=\"https:\/\/youtu.be\/9jq3W11e9Zs\">sugli OGM non l&#8217;azzecca<\/a>, ma nessuno \u00e8 cos\u00ec perfetto).<\/p>\n\n\n\n<p>Vi segnalo che su <em>Cronache letterarie<\/em>, se non ho capito male, man mano compaiono i sunti delle lezioni: io per il momento ho trovato solo <a href=\"http:\/\/cronacheletterarie.com\/2018\/12\/03\/antonio-pascale-proust-e-il-senso-della-vita\/\">Proust<\/a>, quindi se il <em>blog<\/em> non si aggiorna e io ho capito male vi toccher\u00e0 andare in libreria, che tutto sommato non mi pare una cattiva cosa.<\/p>\n","protected":false},"excerpt":{"rendered":"<p>Io ho un cugino che fa il libraio. Non mi spingo a dire che \u00e8 il mio cugino preferito perch\u00e9<\/p>\n","protected":false},"author":1,"featured_media":16239,"comment_status":"open","ping_status":"open","sticky":false,"template":"","format":"standard","meta":{"_mi_skip_tracking":false,"_monsterinsights_sitenote_active":false,"_monsterinsights_sitenote_note":"","_monsterinsights_sitenote_category":0,"jetpack_post_was_ever_published":false,"_jetpack_newsletter_access":"","jetpack_publicize_message":"","jetpack_is_tweetstorm":false,"jetpack_publicize_feature_enabled":true,"jetpack_social_post_already_shared":true,"jetpack_social_options":{"image_generator_settings":{"template":"highway","enabled":false}}},"categories":[52,95],"tags":[],"jetpack_publicize_connections":[],"jetpack_featured_media_url":"https:\/\/i0.wp.com\/www.robertosedda.it\/wp-content\/uploads\/2019\/02\/Pascale-Koob.jpg?fit=768%2C513","jetpack_sharing_enabled":true,"jetpack_shortlink":"https:\/\/wp.me\/p4jV2T-4dT","jetpack_likes_enabled":true,"jetpack-related-posts":[{"id":20070,"url":"http:\/\/www.robertosedda.it\/?p=20070","url_meta":{"origin":16237,"position":0},"title":"Discutere con i cretini","author":"Rufus","date":"22\/06\/2023","format":false,"excerpt":"Premessa: in questo articolo, per proteggere gli innocenti (cio\u00e8 me) dalla riprovazione dei polemisti di professione, non ci si riferir\u00e0 a situazioni reali ma, per prudenza, a cugini inesistenti che discutono di paperi e topi. Primo stadio Libro dei Proverbi, 26,4 Riflettevo, in questi giorni, che \u00e8 diffusa la battuta\u2026","rel":"","context":"In &quot;Coordinate&quot;","block_context":{"text":"Coordinate","link":"http:\/\/www.robertosedda.it\/?cat=52"},"img":{"alt_text":"","src":"https:\/\/i0.wp.com\/www.robertosedda.it\/wp-content\/uploads\/2023\/06\/Hogtez.png?fit=894%2C493&resize=350%2C200","width":350,"height":200,"srcset":"https:\/\/i0.wp.com\/www.robertosedda.it\/wp-content\/uploads\/2023\/06\/Hogtez.png?fit=894%2C493&resize=350%2C200 1x, https:\/\/i0.wp.com\/www.robertosedda.it\/wp-content\/uploads\/2023\/06\/Hogtez.png?fit=894%2C493&resize=700%2C400 2x"},"classes":[]},{"id":11236,"url":"http:\/\/www.robertosedda.it\/?p=11236","url_meta":{"origin":16237,"position":1},"title":"I Fabbricastorie da Tuttestorie","author":"Rufus","date":"01\/12\/2015","format":false,"excerpt":"Dice (Beniamino Sidoti) che facciamo cose insieme perch\u00e9 abbiamo lo stesso cognome (\"Storie\") e quindi siamo cugini.","rel":"","context":"In &quot;Coordinate&quot;","block_context":{"text":"Coordinate","link":"http:\/\/www.robertosedda.it\/?cat=52"},"img":{"alt_text":"","src":"https:\/\/i0.wp.com\/www.robertosedda.it\/wp-content\/uploads\/2015\/12\/Fabbricastorie-da-Tutte-Storie.jpg?fit=681%2C960&resize=350%2C200","width":350,"height":200},"classes":[]},{"id":1730,"url":"http:\/\/www.robertosedda.it\/?p=1730","url_meta":{"origin":16237,"position":2},"title":"Celebrit\u00e0, povere zie e amori","author":"Rufus","date":"20\/12\/2012","format":false,"excerpt":"L'altra mattina in pausa pranzo vado in una piadineria e, al momento di pagare, il proprietario (un ragazzo di rara gentilezza) mi fa: \u00abHo letto i suoi post\u00bb. Io: \u00abEh?!\u00bb Lui: \u00abSul suo blog...\u00bb. Io: \u00abEh?!?!\u00bb. Paziente, spiega: \u00abNo, perch\u00e9 siamo vicini di locale con Piazza Repubblica Libri e lei\u2026","rel":"","context":"In &quot;Coordinate&quot;","block_context":{"text":"Coordinate","link":"http:\/\/www.robertosedda.it\/?cat=52"},"img":{"alt_text":"","src":"https:\/\/i0.wp.com\/www.robertosedda.it\/wp-content\/uploads\/2012\/12\/Gusto-piadineria.jpg?fit=960%2C1200&resize=350%2C200","width":350,"height":200,"srcset":"https:\/\/i0.wp.com\/www.robertosedda.it\/wp-content\/uploads\/2012\/12\/Gusto-piadineria.jpg?fit=960%2C1200&resize=350%2C200 1x, https:\/\/i0.wp.com\/www.robertosedda.it\/wp-content\/uploads\/2012\/12\/Gusto-piadineria.jpg?fit=960%2C1200&resize=700%2C400 2x"},"classes":[]},{"id":10554,"url":"http:\/\/www.robertosedda.it\/?p=10554","url_meta":{"origin":16237,"position":3},"title":"Luoghi cari al cuore","author":"Rufus","date":"16\/07\/2015","format":false,"excerpt":"Ieri sono andato per questioni di Banca Etica a Porto Torres. Finito quel che dovevo fare risalgo in macchina e vedo l'indicazione:\u00a0Stintino. Ventiquattro chilometri. Siccome ne faccio gi\u00e0 quasi cinquecento in una sola serata penso che una cinquantina in pi\u00f9 cosa vuoi che sia e quindi giro a destra invece\u2026","rel":"","context":"In &quot;Coordinate&quot;","block_context":{"text":"Coordinate","link":"http:\/\/www.robertosedda.it\/?cat=52"},"img":{"alt_text":"","src":"https:\/\/i0.wp.com\/www.robertosedda.it\/wp-content\/uploads\/2015\/07\/Iole-Sedda-e-famiglia.jpg?fit=960%2C720&resize=350%2C200","width":350,"height":200,"srcset":"https:\/\/i0.wp.com\/www.robertosedda.it\/wp-content\/uploads\/2015\/07\/Iole-Sedda-e-famiglia.jpg?fit=960%2C720&resize=350%2C200 1x, https:\/\/i0.wp.com\/www.robertosedda.it\/wp-content\/uploads\/2015\/07\/Iole-Sedda-e-famiglia.jpg?fit=960%2C720&resize=700%2C400 2x"},"classes":[]},{"id":15366,"url":"http:\/\/www.robertosedda.it\/?p=15366","url_meta":{"origin":16237,"position":4},"title":"Cose di cui non parlare","author":"Rufus","date":"15\/06\/2018","format":false,"excerpt":"Ho letto tempo fa un articolo interessante, che purtroppo non riesco a ritrovare, sugli argomenti che gli americani non avrebbero voluto toccare all'ultima festa del Ringraziamento. Si tratta di un sondaggio che viene fatto tutti gli anni, perch\u00e9 pare che tradizionalmente il Ringraziamento, che rimette insieme famiglie che magari non\u2026","rel":"","context":"In &quot;Coordinate&quot;","block_context":{"text":"Coordinate","link":"http:\/\/www.robertosedda.it\/?cat=52"},"img":{"alt_text":"","src":"https:\/\/i0.wp.com\/www.robertosedda.it\/wp-content\/uploads\/2018\/06\/Thanksgiving.jpg?fit=768%2C488&resize=350%2C200","width":350,"height":200,"srcset":"https:\/\/i0.wp.com\/www.robertosedda.it\/wp-content\/uploads\/2018\/06\/Thanksgiving.jpg?fit=768%2C488&resize=350%2C200 1x, https:\/\/i0.wp.com\/www.robertosedda.it\/wp-content\/uploads\/2018\/06\/Thanksgiving.jpg?fit=768%2C488&resize=700%2C400 2x"},"classes":[]},{"id":10544,"url":"http:\/\/www.robertosedda.it\/?p=10544","url_meta":{"origin":16237,"position":5},"title":"E vissero felici e contenti (davvero?! ne siamo sicuri?)","author":"Rufus","date":"14\/07\/2015","format":"video","excerpt":"Dopo un piccolo intervallo ho ripreso a caricare su\u00a0YouTube le puntate di Oggi parliamo di libri. La trentatreesima \u00e8, come avrete sentito, lievemente anomala: non solo per il racconto dell'aneddoto personale riguardante l'incontro con i vecchietti che ha allietato il pranzo mio, di Maria Bonaria e di Enzo Tuveri vicino\u2026","rel":"","context":"In &quot;Coordinate&quot;","block_context":{"text":"Coordinate","link":"http:\/\/www.robertosedda.it\/?cat=52"},"img":{"alt_text":"","src":"https:\/\/i0.wp.com\/www.robertosedda.it\/wp-content\/uploads\/2015\/07\/OPL-210515.jpg?fit=769%2C449&resize=350%2C200","width":350,"height":200,"srcset":"https:\/\/i0.wp.com\/www.robertosedda.it\/wp-content\/uploads\/2015\/07\/OPL-210515.jpg?fit=769%2C449&resize=350%2C200 1x, https:\/\/i0.wp.com\/www.robertosedda.it\/wp-content\/uploads\/2015\/07\/OPL-210515.jpg?fit=769%2C449&resize=700%2C400 2x"},"classes":[]}],"_links":{"self":[{"href":"http:\/\/www.robertosedda.it\/index.php?rest_route=\/wp\/v2\/posts\/16237"}],"collection":[{"href":"http:\/\/www.robertosedda.it\/index.php?rest_route=\/wp\/v2\/posts"}],"about":[{"href":"http:\/\/www.robertosedda.it\/index.php?rest_route=\/wp\/v2\/types\/post"}],"author":[{"embeddable":true,"href":"http:\/\/www.robertosedda.it\/index.php?rest_route=\/wp\/v2\/users\/1"}],"replies":[{"embeddable":true,"href":"http:\/\/www.robertosedda.it\/index.php?rest_route=%2Fwp%2Fv2%2Fcomments&post=16237"}],"version-history":[{"count":8,"href":"http:\/\/www.robertosedda.it\/index.php?rest_route=\/wp\/v2\/posts\/16237\/revisions"}],"predecessor-version":[{"id":16249,"href":"http:\/\/www.robertosedda.it\/index.php?rest_route=\/wp\/v2\/posts\/16237\/revisions\/16249"}],"wp:featuredmedia":[{"embeddable":true,"href":"http:\/\/www.robertosedda.it\/index.php?rest_route=\/wp\/v2\/media\/16239"}],"wp:attachment":[{"href":"http:\/\/www.robertosedda.it\/index.php?rest_route=%2Fwp%2Fv2%2Fmedia&parent=16237"}],"wp:term":[{"taxonomy":"category","embeddable":true,"href":"http:\/\/www.robertosedda.it\/index.php?rest_route=%2Fwp%2Fv2%2Fcategories&post=16237"},{"taxonomy":"post_tag","embeddable":true,"href":"http:\/\/www.robertosedda.it\/index.php?rest_route=%2Fwp%2Fv2%2Ftags&post=16237"}],"curies":[{"name":"wp","href":"https:\/\/api.w.org\/{rel}","templated":true}]}}