{"id":16188,"date":"2019-01-28T19:01:41","date_gmt":"2019-01-28T18:01:41","guid":{"rendered":"http:\/\/www.robertosedda.it\/?p=16188"},"modified":"2026-02-02T11:48:02","modified_gmt":"2026-02-02T10:48:02","slug":"di-buona-politica","status":"publish","type":"post","link":"http:\/\/www.robertosedda.it\/?p=16188","title":{"rendered":"Di buona politica"},"content":{"rendered":"\n<div class=\"wp-block-image\"><figure class=\"alignright\"><img data-attachment-id=\"16190\" data-permalink=\"http:\/\/www.robertosedda.it\/?attachment_id=16190\" data-orig-file=\"https:\/\/i0.wp.com\/www.robertosedda.it\/wp-content\/uploads\/2019\/01\/Copertina-Mosaico.png?fit=559%2C792\" data-orig-size=\"559,792\" data-comments-opened=\"1\" data-image-meta=\"{&quot;aperture&quot;:&quot;0&quot;,&quot;credit&quot;:&quot;&quot;,&quot;camera&quot;:&quot;&quot;,&quot;caption&quot;:&quot;&quot;,&quot;created_timestamp&quot;:&quot;0&quot;,&quot;copyright&quot;:&quot;&quot;,&quot;focal_length&quot;:&quot;0&quot;,&quot;iso&quot;:&quot;0&quot;,&quot;shutter_speed&quot;:&quot;0&quot;,&quot;title&quot;:&quot;&quot;,&quot;orientation&quot;:&quot;0&quot;}\" data-image-title=\"Copertina Mosaico\" data-image-description=\"\" data-image-caption=\"\" data-medium-file=\"https:\/\/i0.wp.com\/www.robertosedda.it\/wp-content\/uploads\/2019\/01\/Copertina-Mosaico.png?fit=212%2C300\" data-large-file=\"https:\/\/i0.wp.com\/www.robertosedda.it\/wp-content\/uploads\/2019\/01\/Copertina-Mosaico.png?fit=510%2C723\" decoding=\"async\" loading=\"lazy\" width=\"212\" height=\"300\" src=\"https:\/\/i0.wp.com\/www.robertosedda.it\/wp-content\/uploads\/2019\/01\/Copertina-Mosaico.png?resize=212%2C300\" alt=\"\" class=\"wp-image-16190\" srcset=\"https:\/\/i0.wp.com\/www.robertosedda.it\/wp-content\/uploads\/2019\/01\/Copertina-Mosaico.png?resize=212%2C300 212w, https:\/\/i0.wp.com\/www.robertosedda.it\/wp-content\/uploads\/2019\/01\/Copertina-Mosaico.png?resize=106%2C150 106w, https:\/\/i0.wp.com\/www.robertosedda.it\/wp-content\/uploads\/2019\/01\/Copertina-Mosaico.png?resize=510%2C723 510w, https:\/\/i0.wp.com\/www.robertosedda.it\/wp-content\/uploads\/2019\/01\/Copertina-Mosaico.png?w=559 559w\" sizes=\"(max-width: 212px) 100vw, 212px\" data-recalc-dims=\"1\" \/><\/figure><\/div>\n\n\n\n<p>Mi \u00e8 arrivato il numero di gennaio di <em>Mosaico di pace<\/em>, tutto dedicato alla buona politica. Mi sembra molto interessante e ci sono un sacco di articoli davvero buoni che legger\u00f2 con interesse<\/p>\n\n\n\n<p>Poi, probabilmente meno buono, ce n&#8217;\u00e8 uno mio che parla di La Pira, che avevo <a href=\"http:\/\/www.robertosedda.it\/?p=16058\">preannunciato<\/a> tempo fa. Adesso che \u00e8 pubblicato ve lo propongo.<\/p>\n\n\n\n<h2>Al servizio<\/h2>\n\n\n\n<h4>Da Giorgio La Pira ai giorni nostri: l\u2019impegno del sindaco del capoluogo toscano in difesa delle citt\u00e0 e di chi le abita, della pace e del dialogo.<\/h4>\n\n\n\n<figure class=\"wp-block-image\"><img data-attachment-id=\"16191\" data-permalink=\"http:\/\/www.robertosedda.it\/?attachment_id=16191\" data-orig-file=\"https:\/\/i0.wp.com\/www.robertosedda.it\/wp-content\/uploads\/2019\/01\/Mosaico-di-pace-politica.png?fit=560%2C281\" data-orig-size=\"560,281\" data-comments-opened=\"1\" data-image-meta=\"{&quot;aperture&quot;:&quot;0&quot;,&quot;credit&quot;:&quot;&quot;,&quot;camera&quot;:&quot;&quot;,&quot;caption&quot;:&quot;&quot;,&quot;created_timestamp&quot;:&quot;0&quot;,&quot;copyright&quot;:&quot;&quot;,&quot;focal_length&quot;:&quot;0&quot;,&quot;iso&quot;:&quot;0&quot;,&quot;shutter_speed&quot;:&quot;0&quot;,&quot;title&quot;:&quot;&quot;,&quot;orientation&quot;:&quot;0&quot;}\" data-image-title=\"Mosaico di pace politica\" data-image-description=\"\" data-image-caption=\"\" data-medium-file=\"https:\/\/i0.wp.com\/www.robertosedda.it\/wp-content\/uploads\/2019\/01\/Mosaico-di-pace-politica.png?fit=300%2C151\" data-large-file=\"https:\/\/i0.wp.com\/www.robertosedda.it\/wp-content\/uploads\/2019\/01\/Mosaico-di-pace-politica.png?fit=510%2C256\" decoding=\"async\" loading=\"lazy\" width=\"560\" height=\"281\" src=\"https:\/\/i0.wp.com\/www.robertosedda.it\/wp-content\/uploads\/2019\/01\/Mosaico-di-pace-politica.png?resize=560%2C281\" alt=\"\" class=\"wp-image-16191\" srcset=\"https:\/\/i0.wp.com\/www.robertosedda.it\/wp-content\/uploads\/2019\/01\/Mosaico-di-pace-politica.png?w=560 560w, https:\/\/i0.wp.com\/www.robertosedda.it\/wp-content\/uploads\/2019\/01\/Mosaico-di-pace-politica.png?resize=150%2C75 150w, https:\/\/i0.wp.com\/www.robertosedda.it\/wp-content\/uploads\/2019\/01\/Mosaico-di-pace-politica.png?resize=300%2C151 300w, https:\/\/i0.wp.com\/www.robertosedda.it\/wp-content\/uploads\/2019\/01\/Mosaico-di-pace-politica.png?resize=510%2C256 510w\" sizes=\"(max-width: 560px) 100vw, 560px\" data-recalc-dims=\"1\" \/><figcaption>Devo aggiornare il <em>curriculum<\/em> presentato a <em>Mosaico di Pace<\/em>, temo.<\/figcaption><\/figure>\n\n\n\n<blockquote class=\"wp-block-quote\"><p>In un momento in cui la  complessit\u00e0 della vita politica italiana e internazionale necessita di fedeli laici e di statisti di alto spessore umano e cristiano per il servizio al bene comune, \u00e8 importante riscoprire Giorgio La Pira, figura esemplare per la chiesa e per il mondo contemporaneo.<\/p><\/blockquote>\n\n\n\n<p>Lo ha detto papa Francesco lo scorso 22 settembre ricevendo i componenti delle varie associazioni, enti e fondazioni intitolate a Giorgio La Pira durante il loro incontro annuale. Una delle peculiarit\u00e0 del carattere  e dell\u2019impegno di La Pira fu che durante la sua vita scrisse spessissimo ai vari papi che si succedettero durante la sua vita: 149 lettere a Pio XII, altre centinaia a Giovanni XXXIII, ben 1100 a Paolo VI. Sono lettere spesso non sollecitate, scritte d\u2019impulso, che trattano i temi d\u2019attualit\u00e0 pi\u00f9 disparati ma che tutte ruotano attorno all&#8217;unico intreccio fra la fedelt\u00e0 al Vangelo e il ruolo della politica per il bene comune.<\/p>\n\n\n\n<p>Mi sono chiesto cosa avrebbe scritto La Pira a papa Francesco se avesse saputo che stava preparando un messaggio per la Giornata della Pace 2019 dal titolo <em>La buona politica \u00e8 al servizio della pace<\/em>. Certamente avrebbe scritto: il tema gli sarebbe apparso troppo ghiotto, troppo pressante per non condividere una riflessione.<\/p>\n\n\n\n<p>Io credo che gli avrebbe suggerito di ritornare sui temi della <em>Laudato si\u2019<\/em> e di trattare del rapporto fra buona politica e questione ambientale. Vi \u00e8 in La Pira una coscienza costante che orienta la sua azione, quella del crinale<br \/> apocalittico della storia, del rischio supremo di estinzione che corre l\u2019umanit\u00e0: \u00e8, ai suoi tempi, l\u2019apocalisse atomica; altri sono oggi i rischi di estinzione (anche se i venti di guerra atomica proprio in questi giorni tornano a soffiare) e La Pira li avrebbe avuti ben presenti: il surriscaldamento globale, l\u2019inquinamento senza controllo, le catastrofi indotte dall&#8217;uomo.<\/p>\n\n\n\n<h3>Le citt\u00e0<\/h3>\n\n\n\n<p> Un\u2019espressione giustamente famosa di La Pira \u00e8 il grido <em>Le citt\u00e0 non vogliono morire<\/em>. Ne fece la bandiera di un impegno per la pace costruito<br \/> su incontri multilaterali di sindaci e personalit\u00e0 che costruivano una diplomazia alternativa a quella ufficiale, una rete di amicizie e solidariet\u00e0<br \/> fondamentali in un mondo diviso da steccati ferocemente presidiati. Il<br \/> pensiero della sua Firenze, con la sua bellezza, con la sua storia, coi suoi fiorentini, consumata dal fuoco atomico gli era insopportabile, e lo stesso per ogni altra citt\u00e0 del mondo, con la sua storia, i suoi abitanti. <em>Le citt\u00e0 non<br \/> vogliono morire<\/em> \u00e8 una affermazione di concretezza che non avrebbe mancato di ricordare al papa: il professore, l\u2019intellettuale, l\u2019esperto del<br \/> diritto romano e del pensiero dei Padri della chiesa sapeva che la buona politica che preserva dal rischio apocalittico non \u00e8 fatta solo di pensieri<br \/> alti e di ideali ma si intride della vita delle persone, dei poveri soprattutto, dei concreti abitanti di luoghi storicamente determinati, di coloro che ogni mattina si incontrano per strada o che affollano l\u2019ufficio del sindaco coi loro problemi.<\/p>\n\n\n\n<p>Le citt\u00e0 sono fatte di persone concrete, ma le citt\u00e0 sono anche tutte uguali, in ciascuna le persone desiderano solo essere al sicuro con le proprie famiglie, avere cibo, lavoro, le esigenze spirituali soddisfatte e godere della<br \/> bellezza. Il ragionamento di La Pira \u00e8 che se tutte le citt\u00e0 in questo senso sono uguali e tutte desiderano le stesse cose allora la pista della collaborazione \u00e8 gi\u00e0 segnata e permette risultati straordinari che sono preclusi agli egoismi nazionali.<\/p>\n\n\n\n<p>La Pira avrebbe visto nelle immagini televisive di citt\u00e0 californiane interamente consumate dal fuoco la necessit\u00e0 di riprendere con forza le azioni dal basso, le azioni profetiche, da parte dei <em>leader <\/em>locali, di coloro che ricoprono ruoli di governo di medio livello. Quando i grandi della Terra restano bloccati da particolarismi e interessi nazionali e gli accordi ambientali vengono fatti al ribasso, la pace col Creato dovrebbe essere<br \/> sospinta dalla voce di mille citt\u00e0 che ripetano con forza di non voler morire.<\/p>\n\n\n\n<p>D\u2019altra parte, le responsabilit\u00e0 all&#8217;interno delle citt\u00e0 non sono tutte uguali. Ci sarebbe stata anche, in questa ipotetica lettera (conoscendo l\u2019uomo, dovremmo usare il plurale: lettere!) di La Pira a Francesco, la serena consapevolezza dell\u2019importanza del ruolo di coloro che ricoprono incarichi di <em>leadership <\/em>politica e l\u2019invito al papa a sottolineare la necessit\u00e0 di svolgere questo ruolo fino in fondo, come missione di valore universale. Durante il famoso dibattito in consiglio comunale, quando aveva fatto requisire le case sfitte, disse: \u00abEbbene signori consiglieri, io ve lo dichiaro con fermezza fraterna ma decisa: voi avete nei miei confronti un solo diritto: quello di negarmi la fiducia! Ma non avete il diritto di dirmi: signor sindaco, non si interessi delle creature senza lavoro (licenziati o disoccupati), senza casa<br \/> (sfrattati), senza assistenza (vecchi, malati, bambini). \u00c8 il mio dovere fondamentale, questo: dovere che non ammette discriminazioni e che<br \/> mi deriva prima che dalla mia posizione di capo della citt\u00e0 e quindi capo dell\u2019unica e solidale famiglia cittadina\u00bb. E a Fanfani aveva scritto: \u00abI politici sono guide civili, cui il Signore affida, attraverso le tecniche mutevoli dei tempi, il mandato di guidare i popoli verso la pace, l\u2019unit\u00e0, la promozione spirituale e civile di ciascun popolo e di tutti insieme\u00bb. <\/p>\n\n\n\n<p>Colpisce, in queste tre righe cos\u00ec dense, la ripetizione del termine <em>guida\/guidare <\/em>(e si era definito \u00abcapo della citt\u00e0\u00bb) e la sottolineatura insistita<br \/> del bene comune di tutta l\u2019umanit\u00e0 come misura unica dell\u2019azione politica: non c\u2019\u00e8 posto, sul crinale apocalittico della storia, per politici che millantino di essere semplici impiegati del popolo n\u00e9 per coloro che mettono al primo posto gli interessi particolari di una sola nazione: vale per l\u2019ambiente ma vale naturalmente per qualunque altra questione: per la casa, il cibo, il lavoro La Pira non avrebbe detto mai: \u00abPrima i fiorentini\u00bb.<\/p>\n\n\n\n<h3>Guerre<\/h3>\n\n\n\n<p>Le cronache quotidiane ci dicono che la politica che abbia a cuore il bene comune si misura oggi con altre questioni pressanti oltre a quella ambientale. L\u2019espressione di papa Francesco di una <em>terza guerra mondiale a pezzi<\/em> evoca certamente il crinale apocalittico lapririano ed \u00e8 una espressione che sicuramente avrebbe trovato eco nel pensiero del professore (probabilmente avrebbe dedicato all&#8217;argomento tutta un\u2019altra serie di lettere!).<\/p>\n\n\n\n<p> Come Gandhi, la Pira era contemporaneamente cose molto diverse: un santo, un giurista e un <em>homo politicus<\/em> ed \u00e8 questa sua contraddizione,<br \/> felicemente risolta, che segna ancora delle piste per l\u2019oggi. Ci sono qui due temi dell\u2019azione di La Pira che possono esserci d\u2019aiuto. <\/p>\n\n\n\n<p>Il primo \u00e8 che se guardiamo la sua azione politica ci rendiamo conto che anche allora molti conflitti assumevano dimensioni trasversali: assieme alla contrapposizione atomica fra i blocchi si vivevano nel Mediterraneo il<br \/> conflitto fra Francia e Algeria e quello arabo-israeliano, per non parlare del sudest asiatico e dell\u2019America latina: La Pira e altri uomini di pace ebbero la capacit\u00e0 di affrontare conflitti multilaterali con una visione unitaria ma un\u2019azione altrettanto multilaterale, e questa \u00e8 una dimensione che oggi,<br \/> drammaticamente, ci manca (potremmo dire che tanti <em>leader<\/em> mondiali hanno visioni multilaterali \u2013 quando non schizofreniche \u2013 e soluzioni<br \/> unilaterali).<\/p>\n\n\n\n<p>E poi c\u2019\u00e8 la dimensione per la quale l\u2019azione di La Pira \u00e8 pi\u00f9 conosciuta anche oggi: i grandi viaggi diplomatici a Mosca e poi ad Hanoi, la costruzione di ipotesi di superamento della contrapposizione fra i blocchi e la definizione di una concreta proposta di pace che avrebbe fatto terminare la guerra del Vietnam in anticipo di anni.<\/p>\n\n\n\n<p>Viaggi straordinari perch\u00e9 volti a cercare il dialogo con chi, nella percezione comune dell\u2019epoca, era il mostro dall&#8217;altra parte della<br \/> barricata. Oggi viviamo in un\u2019epoca di scomuniche reciproche feroci, non solo fra due blocchi ma fra una molteplicit\u00e0 di attori diversi, anche piccolissimi: lo sperimentiamo noi stessi sui <em>social<\/em>. Rabbie e frustrazioni non aspettano altro che di esser sfogate sul nemico di volta in volta individuato. La Pira e i suoi viaggi ci ricordano che la buona politica, prima<br \/> dell\u2019invettiva e della scomunica, si preoccupa di chiedersi se l\u2019altro, per quanto avversario, abbia domande di senso alle quali si possa dare risposta o quanto meno a partire dalle quali si possa intrecciare un dialogo.<\/p>\n","protected":false},"excerpt":{"rendered":"<p>Mi \u00e8 arrivato il numero di gennaio di Mosaico di pace, tutto dedicato alla buona politica. Mi sembra molto interessante<\/p>\n","protected":false},"author":1,"featured_media":16191,"comment_status":"open","ping_status":"open","sticky":false,"template":"","format":"standard","meta":{"_mi_skip_tracking":false,"_monsterinsights_sitenote_active":false,"_monsterinsights_sitenote_note":"","_monsterinsights_sitenote_category":0,"jetpack_post_was_ever_published":false,"_jetpack_newsletter_access":"","jetpack_publicize_message":"","jetpack_is_tweetstorm":false,"jetpack_publicize_feature_enabled":true,"jetpack_social_post_already_shared":true,"jetpack_social_options":{"image_generator_settings":{"template":"highway","enabled":false}}},"categories":[52,73,54,17,16],"tags":[],"jetpack_publicize_connections":[],"jetpack_featured_media_url":"https:\/\/i0.wp.com\/www.robertosedda.it\/wp-content\/uploads\/2019\/01\/Mosaico-di-pace-politica.png?fit=560%2C281","jetpack_sharing_enabled":true,"jetpack_shortlink":"https:\/\/wp.me\/p4jV2T-4d6","jetpack_likes_enabled":true,"jetpack-related-posts":[{"id":15472,"url":"http:\/\/www.robertosedda.it\/?p=15472","url_meta":{"origin":16188,"position":0},"title":"Gli articoli su La Pira del Portico","author":"Rufus","date":"16\/07\/2018","format":false,"excerpt":"Come ho raccontato l'altro giorno ho scritto un articolo per Il Portico, il settimanale diocesano, sull'impegno per la pace di Giorgio La Pira. Lo riporto qui sotto, segnalandovi che sul giornale trovate anche un\u00a0 articolo sul gruppo diocesano Giorgio La Pira, ne quale mi onoro di militare, e un editoriale\u2026","rel":"","context":"In &quot;Coordinate&quot;","block_context":{"text":"Coordinate","link":"http:\/\/www.robertosedda.it\/?cat=52"},"img":{"alt_text":"","src":"https:\/\/i0.wp.com\/www.robertosedda.it\/wp-content\/uploads\/2018\/07\/giorgio-la-pira-uomo-di-pace-dialogo.jpg?resize=350%2C200","width":350,"height":200,"srcset":"https:\/\/i0.wp.com\/www.robertosedda.it\/wp-content\/uploads\/2018\/07\/giorgio-la-pira-uomo-di-pace-dialogo.jpg?resize=350%2C200 1x, https:\/\/i0.wp.com\/www.robertosedda.it\/wp-content\/uploads\/2018\/07\/giorgio-la-pira-uomo-di-pace-dialogo.jpg?resize=700%2C400 2x"},"classes":[]},{"id":16058,"url":"http:\/\/www.robertosedda.it\/?p=16058","url_meta":{"origin":16188,"position":1},"title":"I Vescovi sardi e la RWM","author":"Rufus","date":"27\/12\/2018","format":false,"excerpt":"Il documento dei Vescovi sardi per la giornata della pace 2019 affronta, sebbene senza nominarla direttamente, la questione della fabbrica RWM di Domusnovas. Sentiamo il dovere di dire no a tutto il business delle armi, in Sardegna e nel Paese intero. Chiediamo un serio sforzo per la riconversione di quelle\u2026","rel":"","context":"In &quot;Segnalazioni&quot;","block_context":{"text":"Segnalazioni","link":"http:\/\/www.robertosedda.it\/?cat=95"},"img":{"alt_text":"","src":"https:\/\/i0.wp.com\/www.robertosedda.it\/wp-content\/uploads\/2018\/12\/Francesco-2.jpeg?fit=540%2C281&resize=350%2C200","width":350,"height":200},"classes":[]},{"id":8789,"url":"http:\/\/www.robertosedda.it\/?p=8789","url_meta":{"origin":16188,"position":2},"title":"La concretezza dell&#8217;utopia. Ricordando Giorgio La Pira","author":"Rufus","date":"03\/11\/2014","format":false,"excerpt":"Non mi capita spesso, o almeno spesso quanto vorrei, di raccontare cose del gruppo \"Giorgio La Pira\" attraverso il quale faccio parte dell'Azione Cattolica. Mi fa perci\u00f2 doppiamente piacere invitarvi, anche qui sul\u00a0blog,\u00a0a condividere con noi\u00a0un sobrio momento di riflessione in occasione dell'anniversario della morte di La Pira, dopodomani 5\u2026","rel":"","context":"In &quot;Coordinate&quot;","block_context":{"text":"Coordinate","link":"http:\/\/www.robertosedda.it\/?cat=52"},"img":{"alt_text":"","src":"https:\/\/i0.wp.com\/www.robertosedda.it\/wp-content\/uploads\/2014\/11\/La-Pira-2014-3.jpg?fit=1200%2C561&resize=350%2C200","width":350,"height":200,"srcset":"https:\/\/i0.wp.com\/www.robertosedda.it\/wp-content\/uploads\/2014\/11\/La-Pira-2014-3.jpg?fit=1200%2C561&resize=350%2C200 1x, https:\/\/i0.wp.com\/www.robertosedda.it\/wp-content\/uploads\/2014\/11\/La-Pira-2014-3.jpg?fit=1200%2C561&resize=700%2C400 2x, https:\/\/i0.wp.com\/www.robertosedda.it\/wp-content\/uploads\/2014\/11\/La-Pira-2014-3.jpg?fit=1200%2C561&resize=1050%2C600 3x"},"classes":[]},{"id":15453,"url":"http:\/\/www.robertosedda.it\/?p=15453","url_meta":{"origin":16188,"position":3},"title":"La strada di Firenze","author":"Rufus","date":"11\/07\/2018","format":false,"excerpt":"L'altro giorno mi \u00e8 stato commissionato un breve articolo a commento della proclamazione della venerabilit\u00e0 di Giorgio La Pira; per scriverlo sono andato a rivedermi, fra le altre cose, la Premessa di Cagliari, cio\u00e8 il discorso che La Pira tenne a Cagliari nel 1973 per introdurre il convegno dell'IPALMO, l'Istituto\u2026","rel":"","context":"In &quot;Coordinate&quot;","block_context":{"text":"Coordinate","link":"http:\/\/www.robertosedda.it\/?cat=52"},"img":{"alt_text":"","src":"https:\/\/i0.wp.com\/www.robertosedda.it\/wp-content\/uploads\/2018\/07\/La-Pira-2.jpg?fit=720%2C625&resize=350%2C200","width":350,"height":200,"srcset":"https:\/\/i0.wp.com\/www.robertosedda.it\/wp-content\/uploads\/2018\/07\/La-Pira-2.jpg?fit=720%2C625&resize=350%2C200 1x, https:\/\/i0.wp.com\/www.robertosedda.it\/wp-content\/uploads\/2018\/07\/La-Pira-2.jpg?fit=720%2C625&resize=700%2C400 2x"},"classes":[]},{"id":8492,"url":"http:\/\/www.robertosedda.it\/?p=8492","url_meta":{"origin":16188,"position":4},"title":"Venite a pregare per la pace in Terra Santa?","author":"Rufus","date":"24\/09\/2014","format":false,"excerpt":"Cagliari, venerd\u00ec 26 settembre, ore 20.00, Chiesa di San Lorenzo, viale Buoncammino Come avevo\u00a0scritto\u00a0nel momento pi\u00f9 acuto della guerra di Gaza ho proposto al gruppo \"La Pira\" di farci carico di organizzare anche a Cagliari il momento di preghiera proposto dal\u00a0Forum ecumenico Palestina Israele -\u00a0espressione del Consiglio Mondiale delle Chiese\u2026","rel":"","context":"In &quot;Coordinate&quot;","block_context":{"text":"Coordinate","link":"http:\/\/www.robertosedda.it\/?cat=52"},"img":{"alt_text":"","src":"","width":0,"height":0},"classes":[]},{"id":11217,"url":"http:\/\/www.robertosedda.it\/?p=11217","url_meta":{"origin":16188,"position":5},"title":"Dieci anni non sono pochi","author":"Rufus","date":"24\/11\/2015","format":false,"excerpt":"Domani, con un piccolo rinfresco, il gruppo \"La Pira\" celebra dieci anni di vita. Pu\u00f2 non sembrare molto a confronto di molte venerande associazioni parrocchiali, la cui esistenza supera agevolmente il secolo, ma chi questa vita l'ha vissuta non pu\u00f2 che girarsi indietro e restare sbigottito: \u00abGi\u00e0 dieci anni?\u00bb. La\u2026","rel":"","context":"In &quot;Azione Cattolica&quot;","block_context":{"text":"Azione Cattolica","link":"http:\/\/www.robertosedda.it\/?cat=76"},"img":{"alt_text":"","src":"https:\/\/i0.wp.com\/www.robertosedda.it\/wp-content\/uploads\/2015\/11\/Gruppo-La-Pira-Pasquetta-2014.jpg?fit=1024%2C414&resize=350%2C200","width":350,"height":200,"srcset":"https:\/\/i0.wp.com\/www.robertosedda.it\/wp-content\/uploads\/2015\/11\/Gruppo-La-Pira-Pasquetta-2014.jpg?fit=1024%2C414&resize=350%2C200 1x, https:\/\/i0.wp.com\/www.robertosedda.it\/wp-content\/uploads\/2015\/11\/Gruppo-La-Pira-Pasquetta-2014.jpg?fit=1024%2C414&resize=700%2C400 2x"},"classes":[]}],"_links":{"self":[{"href":"http:\/\/www.robertosedda.it\/index.php?rest_route=\/wp\/v2\/posts\/16188"}],"collection":[{"href":"http:\/\/www.robertosedda.it\/index.php?rest_route=\/wp\/v2\/posts"}],"about":[{"href":"http:\/\/www.robertosedda.it\/index.php?rest_route=\/wp\/v2\/types\/post"}],"author":[{"embeddable":true,"href":"http:\/\/www.robertosedda.it\/index.php?rest_route=\/wp\/v2\/users\/1"}],"replies":[{"embeddable":true,"href":"http:\/\/www.robertosedda.it\/index.php?rest_route=%2Fwp%2Fv2%2Fcomments&post=16188"}],"version-history":[{"count":2,"href":"http:\/\/www.robertosedda.it\/index.php?rest_route=\/wp\/v2\/posts\/16188\/revisions"}],"predecessor-version":[{"id":16192,"href":"http:\/\/www.robertosedda.it\/index.php?rest_route=\/wp\/v2\/posts\/16188\/revisions\/16192"}],"wp:featuredmedia":[{"embeddable":true,"href":"http:\/\/www.robertosedda.it\/index.php?rest_route=\/wp\/v2\/media\/16191"}],"wp:attachment":[{"href":"http:\/\/www.robertosedda.it\/index.php?rest_route=%2Fwp%2Fv2%2Fmedia&parent=16188"}],"wp:term":[{"taxonomy":"category","embeddable":true,"href":"http:\/\/www.robertosedda.it\/index.php?rest_route=%2Fwp%2Fv2%2Fcategories&post=16188"},{"taxonomy":"post_tag","embeddable":true,"href":"http:\/\/www.robertosedda.it\/index.php?rest_route=%2Fwp%2Fv2%2Ftags&post=16188"}],"curies":[{"name":"wp","href":"https:\/\/api.w.org\/{rel}","templated":true}]}}