{"id":16165,"date":"2019-01-18T10:09:42","date_gmt":"2019-01-18T09:09:42","guid":{"rendered":"http:\/\/www.robertosedda.it\/?p=16165"},"modified":"2020-02-19T13:59:24","modified_gmt":"2020-02-19T12:59:24","slug":"corrispondenze","status":"publish","type":"post","link":"http:\/\/www.robertosedda.it\/?p=16165","title":{"rendered":"Corrispondenze"},"content":{"rendered":"\n<p>Stamattina alla fermata dell&#8217;autobus ho aperto il canto XXIII dell&#8217;<em>Inferno&nbsp;<\/em>(come&nbsp;vedete&nbsp;procedo, anche se non riesco a tenere il ritmo di un canto al giorno che mi ero <a href=\"http:\/\/www.robertosedda.it\/?p=15981\">proposto<\/a>) e ci ho trovato i versi iniziali<\/p>\n\n\n\n<blockquote class=\"wp-block-quote\"><p> Taciti, soli, sanza compagnia<br \/>n\u2019andavam l\u2019un dinanzi e l\u2019altro dopo,<br \/>come frati minor vanno per via.<\/p><\/blockquote>\n\n\n\n<div class=\"wp-block-image\"><figure class=\"alignright\"><img data-attachment-id=\"16167\" data-permalink=\"http:\/\/www.robertosedda.it\/?attachment_id=16167\" data-orig-file=\"https:\/\/i0.wp.com\/www.robertosedda.it\/wp-content\/uploads\/2019\/01\/Libro-Satta.jpg?fit=364%2C624\" data-orig-size=\"364,624\" data-comments-opened=\"1\" data-image-meta=\"{&quot;aperture&quot;:&quot;0&quot;,&quot;credit&quot;:&quot;&quot;,&quot;camera&quot;:&quot;&quot;,&quot;caption&quot;:&quot;&quot;,&quot;created_timestamp&quot;:&quot;0&quot;,&quot;copyright&quot;:&quot;&quot;,&quot;focal_length&quot;:&quot;0&quot;,&quot;iso&quot;:&quot;0&quot;,&quot;shutter_speed&quot;:&quot;0&quot;,&quot;title&quot;:&quot;&quot;,&quot;orientation&quot;:&quot;0&quot;}\" data-image-title=\"Libro Satta\" data-image-description=\"\" data-image-caption=\"\" data-medium-file=\"https:\/\/i0.wp.com\/www.robertosedda.it\/wp-content\/uploads\/2019\/01\/Libro-Satta.jpg?fit=175%2C300\" data-large-file=\"https:\/\/i0.wp.com\/www.robertosedda.it\/wp-content\/uploads\/2019\/01\/Libro-Satta.jpg?fit=364%2C624\" decoding=\"async\" loading=\"lazy\" width=\"175\" height=\"300\" src=\"https:\/\/i0.wp.com\/www.robertosedda.it\/wp-content\/uploads\/2019\/01\/Libro-Satta.jpg?resize=175%2C300\" alt=\"\" class=\"wp-image-16167\" srcset=\"https:\/\/i0.wp.com\/www.robertosedda.it\/wp-content\/uploads\/2019\/01\/Libro-Satta.jpg?resize=175%2C300 175w, https:\/\/i0.wp.com\/www.robertosedda.it\/wp-content\/uploads\/2019\/01\/Libro-Satta.jpg?resize=88%2C150 88w, https:\/\/i0.wp.com\/www.robertosedda.it\/wp-content\/uploads\/2019\/01\/Libro-Satta.jpg?w=364 364w\" sizes=\"(max-width: 175px) 100vw, 175px\" data-recalc-dims=\"1\" \/><\/figure><\/div>\n\n\n\n<p>e subito mi \u00e8 tornato in mente l&#8217;inizio del <em>Vespro&nbsp;di&nbsp;Natale&nbsp;<\/em>di&nbsp;Sebastiano Satta, che non ho mai dimenticato fin dai tempi della scuola:<\/p>\n\n\n\n<blockquote class=\"wp-block-quote\"><p>Incappucciati, foschi a passo lento<br \/>tre banditi ascendevano la strada<br \/>deserta e grigia, tra la selva rada<br \/>dei sughereti, sotto il ciel d\u2019argento. <\/p><\/blockquote>\n\n\n\n<p>e ho pensato (soprattutto del primo verso): \u00ab\u00c8 <em>uguale\u00bb.<\/em><\/p>\n\n\n\n<p>Uguale, boh. Ovviamente la somiglianza \u00e8 data dal ritmo dell&#8217;endecasillabo, perch\u00e9 per il resto c&#8217;\u00e8 poco, apparentemente: una terzina di un componimento molto pi\u00f9 lungo contro l&#8217;inizio di un sonetto&#8230;<\/p>\n\n\n\n<p>&#8230; o almeno mi pare un sonetto, a occhio, solo non mi ricordo se lo schema <em>ABBA ABBA CDE CDE<\/em> \u00e8 canonico, e comunque pace: <em>\u00e8<\/em> un sonetto&#8230;<\/p>\n\n\n\n<p>&#8230; dicevo: sembra che ci sia poco in comune, eppure giurerei che quando Satta l&#8217;ha scritto aveva esattamente in mente quei versi danteschi, la stessa immagine di un cammino silenzioso e affaticato in un contesto ostile, in cui ognuno cammina solo coi pensieri suoi.<\/p>\n\n\n\n<p>E mi sono sentito soddisfattissimo di averlo pensato, di avere fatto una piccola scoperta, e molto consolato, a pensare come la poesia richiami altra poesia.<\/p>\n","protected":false},"excerpt":{"rendered":"<p>Stamattina alla fermata dell&#8217;autobus ho aperto il canto XXIII dell&#8217;Inferno&nbsp;(come&nbsp;vedete&nbsp;procedo, anche se non riesco a tenere il ritmo di un<\/p>\n","protected":false},"author":1,"featured_media":16167,"comment_status":"open","ping_status":"open","sticky":false,"template":"","format":"standard","meta":{"_mi_skip_tracking":false,"_monsterinsights_sitenote_active":false,"_monsterinsights_sitenote_note":"","_monsterinsights_sitenote_category":0,"jetpack_post_was_ever_published":false,"_jetpack_newsletter_access":"","jetpack_publicize_message":"","jetpack_is_tweetstorm":false,"jetpack_publicize_feature_enabled":true,"jetpack_social_post_already_shared":true,"jetpack_social_options":{"image_generator_settings":{"template":"highway","enabled":false}}},"categories":[52,53,75,17,16],"tags":[],"jetpack_publicize_connections":[],"jetpack_featured_media_url":"https:\/\/i0.wp.com\/www.robertosedda.it\/wp-content\/uploads\/2019\/01\/Libro-Satta.jpg?fit=364%2C624","jetpack_sharing_enabled":true,"jetpack_shortlink":"https:\/\/wp.me\/p4jV2T-4cJ","jetpack_likes_enabled":true,"jetpack-related-posts":[{"id":5951,"url":"http:\/\/www.robertosedda.it\/?p=5951","url_meta":{"origin":16165,"position":0},"title":"Il &#8220;Canto di Natale&#8221; di Charles Dickens","author":"Rufus","date":"24\/01\/2014","format":"video","excerpt":"Non so se pecco di immodestia, ma la puntata del giorno di Santo Stefano di Oggi parliamo di libri, dedicata al Canto di Natale mi sembra essere riuscita piuttosto bene. Suggerimenti che non sono riuscito a dare All'inizio avevo una mezza idea di provare a leggere l'intero Canto, ma mi\u2026","rel":"","context":"In &quot;Coordinate&quot;","block_context":{"text":"Coordinate","link":"http:\/\/www.robertosedda.it\/?cat=52"},"img":{"alt_text":"","src":"https:\/\/i0.wp.com\/www.robertosedda.it\/wp-content\/uploads\/2014\/01\/Tomalin-Dickens.jpg?fit=260%2C401&resize=350%2C200","width":350,"height":200},"classes":[]},{"id":15981,"url":"http:\/\/www.robertosedda.it\/?p=15981","url_meta":{"origin":16165,"position":1},"title":"Eh, non \u00e8 un sirventese","author":"Rufus","date":"12\/12\/2018","format":false,"excerpt":"Come molti italiani ho letto la Divina Commedia a scuola e poi, salvo piccoli brani ogni tanto e l'irrinunciabile esibizione di Benigni, non l'ho pi\u00f9 toccata. Adesso ho deciso di leggerla dal principio alla fine (quando cominci a essere alla mezza et\u00e0 secondo me ti devi mettere l'obiettivo di recuperare\u2026","rel":"","context":"In &quot;Coordinate&quot;","block_context":{"text":"Coordinate","link":"http:\/\/www.robertosedda.it\/?cat=52"},"img":{"alt_text":"","src":"https:\/\/i0.wp.com\/www.robertosedda.it\/wp-content\/uploads\/2018\/12\/IMG_20181212_180043.jpg?fit=1200%2C900&resize=350%2C200","width":350,"height":200,"srcset":"https:\/\/i0.wp.com\/www.robertosedda.it\/wp-content\/uploads\/2018\/12\/IMG_20181212_180043.jpg?fit=1200%2C900&resize=350%2C200 1x, https:\/\/i0.wp.com\/www.robertosedda.it\/wp-content\/uploads\/2018\/12\/IMG_20181212_180043.jpg?fit=1200%2C900&resize=700%2C400 2x, https:\/\/i0.wp.com\/www.robertosedda.it\/wp-content\/uploads\/2018\/12\/IMG_20181212_180043.jpg?fit=1200%2C900&resize=1050%2C600 3x"},"classes":[]},{"id":16727,"url":"http:\/\/www.robertosedda.it\/?p=16727","url_meta":{"origin":16165,"position":2},"title":"Licenzioso, ammirato omaggio","author":"Rufus","date":"24\/05\/2019","format":false,"excerpt":"Ben son, ben son Beatrice! E adesso ti faccio un mazzo cos\u00ec. Insomma, nella mia lettura del Purgatorio finalmente \u00e8 comparsa Beatrice: dato che nulla mi ricordavo mi sono molto divertito a vederla strascinare Dante nella polvere, traendone l'idea di un tipino che \u00e8 meglio non fare arrabbiare. Assolutamente, meglio\u2026","rel":"","context":"In &quot;Coordinate&quot;","block_context":{"text":"Coordinate","link":"http:\/\/www.robertosedda.it\/?cat=52"},"img":{"alt_text":"","src":"https:\/\/i0.wp.com\/www.robertosedda.it\/wp-content\/uploads\/2019\/05\/Dante-Rossetti-2.jpg?fit=593%2C334&resize=350%2C200","width":350,"height":200},"classes":[]},{"id":4808,"url":"http:\/\/www.robertosedda.it\/?p=4808","url_meta":{"origin":16165,"position":3},"title":"\u00c8 di nuovo quel momento&#8230;","author":"Rufus","date":"29\/10\/2013","format":false,"excerpt":"... in cui qualcosa non funziona sul sito. Abbiamo migrato da un server a un altro e nel viaggio ci siamo lasciati dietro tutte le foto caricate da met\u00e0 settembre in poi. Stiamo cercando di recuperarle, perch\u00e9 il ricaricarle tutte a mano si prospetta noioso anzichen\u00f2. Altrimenti le faremo ricomparire\u2026","rel":"","context":"Articolo simile","block_context":{"text":"Articolo simile","link":""},"img":{"alt_text":"","src":"https:\/\/i0.wp.com\/www.robertosedda.it\/wp-content\/uploads\/2013\/10\/Rufus-clown.jpg?fit=604%2C415&resize=350%2C200","width":350,"height":200},"classes":[]},{"id":9537,"url":"http:\/\/www.robertosedda.it\/?p=9537","url_meta":{"origin":16165,"position":4},"title":"&#8220;Canti di strada&#8221;: io ci vado","author":"Rufus","date":"05\/02\/2015","format":false,"excerpt":"Solo una breve segnalazione per ricordare l'apertura, al MAN di Nuoro, della mostra Canto di strada, per la cui presentazione rubo dalla pagina del museo: Frutto di un dialogo ideale scaturito dalla condivisione di una concezione del cammino come motore di esperienze artistiche, la mostra, a cura di Lorenzo Giusti,\u2026","rel":"","context":"In &quot;Coordinate&quot;","block_context":{"text":"Coordinate","link":"http:\/\/www.robertosedda.it\/?cat=52"},"img":{"alt_text":"","src":"https:\/\/i0.wp.com\/www.robertosedda.it\/wp-content\/uploads\/2015\/02\/Canto-di-strada-MAN-Nuoro.jpg?fit=1200%2C370&resize=350%2C200","width":350,"height":200,"srcset":"https:\/\/i0.wp.com\/www.robertosedda.it\/wp-content\/uploads\/2015\/02\/Canto-di-strada-MAN-Nuoro.jpg?fit=1200%2C370&resize=350%2C200 1x, https:\/\/i0.wp.com\/www.robertosedda.it\/wp-content\/uploads\/2015\/02\/Canto-di-strada-MAN-Nuoro.jpg?fit=1200%2C370&resize=700%2C400 2x, https:\/\/i0.wp.com\/www.robertosedda.it\/wp-content\/uploads\/2015\/02\/Canto-di-strada-MAN-Nuoro.jpg?fit=1200%2C370&resize=1050%2C600 3x"},"classes":[]},{"id":11178,"url":"http:\/\/www.robertosedda.it\/?p=11178","url_meta":{"origin":16165,"position":5},"title":"Ma come mai&#8230;","author":"Rufus","date":"16\/11\/2015","format":false,"excerpt":"Mi dice l'altra sera a cena mia sorella: \u00abMa come mai sul\u00a0blog di queste esercitazioni NATO e di tutto il resto non hai parlato? Eppure sono argomenti che ti interessano...\u00bb e un po' il tono suggeriva, anche, che magari sono pure\u00a0un pochino pi\u00f9 importanti di\u00a0altre cose alle quali invece ho\u2026","rel":"","context":"In &quot;Coordinate&quot;","block_context":{"text":"Coordinate","link":"http:\/\/www.robertosedda.it\/?cat=52"},"img":{"alt_text":"","src":"https:\/\/i0.wp.com\/www.robertosedda.it\/wp-content\/uploads\/2014\/02\/Roberto-Sedda.jpg?fit=477%2C720&resize=350%2C200","width":350,"height":200},"classes":[]}],"_links":{"self":[{"href":"http:\/\/www.robertosedda.it\/index.php?rest_route=\/wp\/v2\/posts\/16165"}],"collection":[{"href":"http:\/\/www.robertosedda.it\/index.php?rest_route=\/wp\/v2\/posts"}],"about":[{"href":"http:\/\/www.robertosedda.it\/index.php?rest_route=\/wp\/v2\/types\/post"}],"author":[{"embeddable":true,"href":"http:\/\/www.robertosedda.it\/index.php?rest_route=\/wp\/v2\/users\/1"}],"replies":[{"embeddable":true,"href":"http:\/\/www.robertosedda.it\/index.php?rest_route=%2Fwp%2Fv2%2Fcomments&post=16165"}],"version-history":[{"count":5,"href":"http:\/\/www.robertosedda.it\/index.php?rest_route=\/wp\/v2\/posts\/16165\/revisions"}],"predecessor-version":[{"id":17723,"href":"http:\/\/www.robertosedda.it\/index.php?rest_route=\/wp\/v2\/posts\/16165\/revisions\/17723"}],"wp:featuredmedia":[{"embeddable":true,"href":"http:\/\/www.robertosedda.it\/index.php?rest_route=\/wp\/v2\/media\/16167"}],"wp:attachment":[{"href":"http:\/\/www.robertosedda.it\/index.php?rest_route=%2Fwp%2Fv2%2Fmedia&parent=16165"}],"wp:term":[{"taxonomy":"category","embeddable":true,"href":"http:\/\/www.robertosedda.it\/index.php?rest_route=%2Fwp%2Fv2%2Fcategories&post=16165"},{"taxonomy":"post_tag","embeddable":true,"href":"http:\/\/www.robertosedda.it\/index.php?rest_route=%2Fwp%2Fv2%2Ftags&post=16165"}],"curies":[{"name":"wp","href":"https:\/\/api.w.org\/{rel}","templated":true}]}}