{"id":16007,"date":"2018-12-17T12:45:58","date_gmt":"2018-12-17T11:45:58","guid":{"rendered":"http:\/\/www.robertosedda.it\/?p=16007"},"modified":"2018-12-17T12:51:18","modified_gmt":"2018-12-17T11:51:18","slug":"ripassare-in-radio","status":"publish","type":"post","link":"http:\/\/www.robertosedda.it\/?p=16007","title":{"rendered":"Ripassare in radio"},"content":{"rendered":"\n<p>Luned\u00ec scorso sono tornato brevemente dietro i microfoni di&nbsp;<em>Radio Kalaritana<\/em>&nbsp;per un&#8217;intervista che mi ha voluto fare Andrea Pala, ai tempi curatore di <em>Oggi parliamo di libri<\/em>&nbsp;e oggi conduttore, fra le altre cose, de&nbsp;<em>La diocesi in diretta<\/em>.<\/p>\n\n\n\n<p>\u00c8 stata un&#8217;occasione divertente, a partire dal fatto che Davide Toro, regista dalla memoria di ferro, ha messo come canzone d&#8217;esordio&nbsp;<em>Sharp Dressed Man <\/em>dei&nbsp;<em>ZZ Top<\/em>, perch\u00e9 si ricordava che l&#8217;avevo usato per una qualche puntata del vecchio programma (per l&#8217;esattezza, senza controllare, direi che era la puntata dedicata a <a href=\"http:\/\/www.robertosedda.it\/?p=6018\">Dashiell Hammett<\/a>&nbsp;e al <em>Continental Op<\/em>).<\/p>\n\n\n\n<p>Meno divertente forse \u00e8 la formula, che obbliga un po&#8217; a fermarsi e rifermarsi e rende pi\u00f9 faticosa l&#8217;intervista, per\u00f2 \u00e8 anche vero che contemporaneamente l&#8217;intervista rende meno pesante il succedersi di notiziari e radiogiornali, e quindi tutto sommato direi che ci siamo.<\/p>\n\n\n\n<p>L&#8217;intera puntata \u00e8 <a href=\"http:\/\/www.radiokalaritana.it\/audio\/DID-S04E11-La_Diocesi_in_diretta-20181210.mp3\">scaricabile dal <\/a><em><a href=\"http:\/\/www.radiokalaritana.it\/audio\/DID-S04E11-La_Diocesi_in_diretta-20181210.mp3\">podcast<\/a><\/em>. Ci sono anche in giro un paio di video parziali presi dalla camera fissa presente in studio, che dimostrano come sia difficile sapere dove mettere le mani quando ti inquadrano e come passare il tempo quando in sottofondo passano altre cose e tu devi aspettare di tornare in onda.<\/p>\n\n\n\n<figure class=\"wp-block-embed-facebook wp-block-embed is-type-video is-provider-facebook\"><div class=\"wp-block-embed__wrapper\">\n<div class=\"fb-video\" data-allowfullscreen=\"true\" data-href=\"https:\/\/www.facebook.com\/radiokalaritana.cagliari\/videos\/755851008110584\/\"><\/div>\n<\/div><\/figure>\n","protected":false},"excerpt":{"rendered":"<p>Luned\u00ec scorso sono tornato brevemente dietro i microfoni di&nbsp;Radio Kalaritana&nbsp;per un&#8217;intervista che mi ha voluto fare Andrea Pala, ai tempi<\/p>\n","protected":false},"author":1,"featured_media":16018,"comment_status":"open","ping_status":"open","sticky":false,"template":"","format":"video","meta":{"_mi_skip_tracking":false,"_monsterinsights_sitenote_active":false,"_monsterinsights_sitenote_note":"","_monsterinsights_sitenote_category":0,"jetpack_post_was_ever_published":false,"_jetpack_newsletter_access":"","jetpack_publicize_message":"","jetpack_is_tweetstorm":false,"jetpack_publicize_feature_enabled":true,"jetpack_social_post_already_shared":true,"jetpack_social_options":{"image_generator_settings":{"template":"highway","enabled":false}}},"categories":[52,86,53,95,16],"tags":[],"jetpack_publicize_connections":[],"jetpack_featured_media_url":"https:\/\/i0.wp.com\/www.robertosedda.it\/wp-content\/uploads\/2018\/12\/Rufus-back-on-air.jpg?fit=1472%2C828","jetpack_sharing_enabled":true,"jetpack_shortlink":"https:\/\/wp.me\/p4jV2T-4ab","jetpack_likes_enabled":true,"jetpack-related-posts":[{"id":3858,"url":"http:\/\/www.robertosedda.it\/?p=3858","url_meta":{"origin":16007,"position":0},"title":"\u00c8 in linea l&#8217;intervista su Banca Etica a Radio X","author":"Rufus","date":"04\/07\/2013","format":false,"excerpt":"Ho visto che su Radio X \u00e8 stata messa on line la puntata di ieri di Extralive! in cui sono stato intervistato da Vito Biolchini su Banca Etica. In sala c'eravamo io, Maria Bonaria (grazie alle sue arti promozionali e a quelle di Viviana siamo stati invitati) e Gaetano, i\u2026","rel":"","context":"In &quot;Banche e finanza&quot;","block_context":{"text":"Banche e finanza","link":"http:\/\/www.robertosedda.it\/?cat=72"},"img":{"alt_text":"","src":"https:\/\/i0.wp.com\/www.robertosedda.it\/wp-content\/uploads\/2013\/07\/20130703_190126.jpg?fit=1200%2C900&resize=350%2C200","width":350,"height":200,"srcset":"https:\/\/i0.wp.com\/www.robertosedda.it\/wp-content\/uploads\/2013\/07\/20130703_190126.jpg?fit=1200%2C900&resize=350%2C200 1x, https:\/\/i0.wp.com\/www.robertosedda.it\/wp-content\/uploads\/2013\/07\/20130703_190126.jpg?fit=1200%2C900&resize=700%2C400 2x, https:\/\/i0.wp.com\/www.robertosedda.it\/wp-content\/uploads\/2013\/07\/20130703_190126.jpg?fit=1200%2C900&resize=1050%2C600 3x"},"classes":[]},{"id":5951,"url":"http:\/\/www.robertosedda.it\/?p=5951","url_meta":{"origin":16007,"position":1},"title":"Il &#8220;Canto di Natale&#8221; di Charles Dickens","author":"Rufus","date":"24\/01\/2014","format":"video","excerpt":"Non so se pecco di immodestia, ma la puntata del giorno di Santo Stefano di Oggi parliamo di libri, dedicata al Canto di Natale mi sembra essere riuscita piuttosto bene. Suggerimenti che non sono riuscito a dare All'inizio avevo una mezza idea di provare a leggere l'intero Canto, ma mi\u2026","rel":"","context":"In &quot;Coordinate&quot;","block_context":{"text":"Coordinate","link":"http:\/\/www.robertosedda.it\/?cat=52"},"img":{"alt_text":"","src":"https:\/\/i0.wp.com\/www.robertosedda.it\/wp-content\/uploads\/2014\/01\/Tomalin-Dickens.jpg?fit=260%2C401&resize=350%2C200","width":350,"height":200},"classes":[]},{"id":12235,"url":"http:\/\/www.robertosedda.it\/?p=12235","url_meta":{"origin":16007,"position":2},"title":"Prossima stazione America","author":"Rufus","date":"14\/07\/2016","format":false,"excerpt":"Credo sappiate che il tema dei viaggi in treno mi appassiona da un po' (probabilmente da quando andai a Vienna in treno dopo la maturit\u00e0, credo, ma quella \u00e8 un'altra storia e sar\u00e0 raccontata un'altra volta). E avevo gi\u00e0 segnalato il lavoro del regista Duccio Chiarini\u00a0e le sue interviste sui\u2026","rel":"","context":"In &quot;Coordinate&quot;","block_context":{"text":"Coordinate","link":"http:\/\/www.robertosedda.it\/?cat=52"},"img":{"alt_text":"","src":"https:\/\/i0.wp.com\/www.robertosedda.it\/wp-content\/uploads\/2016\/07\/Prossima-stazione-America.jpg?fit=850%2C480&resize=350%2C200","width":350,"height":200,"srcset":"https:\/\/i0.wp.com\/www.robertosedda.it\/wp-content\/uploads\/2016\/07\/Prossima-stazione-America.jpg?fit=850%2C480&resize=350%2C200 1x, https:\/\/i0.wp.com\/www.robertosedda.it\/wp-content\/uploads\/2016\/07\/Prossima-stazione-America.jpg?fit=850%2C480&resize=700%2C400 2x"},"classes":[]},{"id":5552,"url":"http:\/\/www.robertosedda.it\/?p=5552","url_meta":{"origin":16007,"position":3},"title":"Noir. Istruzioni per l&#8217;uso (Luca Crovi, Garzanti 2013)","author":"Rufus","date":"23\/12\/2013","format":false,"excerpt":"Ho preso Noir. Istruzioni per l'uso prima dell'estate, quando ho cominciato a pensare a un ciclo di puntate di Oggi parliamo di libri dedicate ai gialli: Luca Crovi per tanti anni ha condotto Tutti i colori del giallo, coordina l'Almanacco del giallo di Bonelli e quindi, ho pensato, chi meglio\u2026","rel":"","context":"In &quot;Coordinate&quot;","block_context":{"text":"Coordinate","link":"http:\/\/www.robertosedda.it\/?cat=52"},"img":{"alt_text":"","src":"https:\/\/i0.wp.com\/www.robertosedda.it\/wp-content\/uploads\/2013\/12\/Crovi-Noir-.jpg?fit=795%2C1200&resize=350%2C200","width":350,"height":200,"srcset":"https:\/\/i0.wp.com\/www.robertosedda.it\/wp-content\/uploads\/2013\/12\/Crovi-Noir-.jpg?fit=795%2C1200&resize=350%2C200 1x, https:\/\/i0.wp.com\/www.robertosedda.it\/wp-content\/uploads\/2013\/12\/Crovi-Noir-.jpg?fit=795%2C1200&resize=700%2C400 2x"},"classes":[]},{"id":1581,"url":"http:\/\/www.robertosedda.it\/?p=1581","url_meta":{"origin":16007,"position":4},"title":"Poesie, radio e Paolo Maccioni","author":"Rufus","date":"06\/12\/2012","format":false,"excerpt":"Visto che sono in fase di avvicinamento alla\u00a0messa in onda\u00a0di Oggi parliamo di libri mi \u00e8 venuto in mente di rispolverare la mia unica esperienza precedente in radio, un'ospitata su Cono Sur, il programma sulla Latinoamerica di Paolo Maccioni (sulla Radiopress dei bei tempi). Ho ritrovato la data: il 19\u2026","rel":"","context":"In &quot;Coordinate&quot;","block_context":{"text":"Coordinate","link":"http:\/\/www.robertosedda.it\/?cat=52"},"img":{"alt_text":"","src":"","width":0,"height":0},"classes":[]},{"id":8315,"url":"http:\/\/www.robertosedda.it\/?p=8315","url_meta":{"origin":16007,"position":5},"title":"Riparte &#8220;Oggi parliamo di libri&#8221;","author":"Rufus","date":"03\/09\/2014","format":false,"excerpt":"EDIT: scopro dalla redazione che ho fatto casino e che ripartiamo l'11 settembre. Ehm. Aggiorno. Domani gioved\u00ec 4 settembre\u00a0L'11 settembre torno in onda con Oggi parliamo di libri, la trasmissione di Radio Kalaritana nella quale, immagina un po'?, parlo di libri. Volete sapere: l'orario? Ogni gioved\u00ec alle 19.10 e in\u2026","rel":"","context":"In &quot;Coordinate&quot;","block_context":{"text":"Coordinate","link":"http:\/\/www.robertosedda.it\/?cat=52"},"img":{"alt_text":"","src":"https:\/\/i0.wp.com\/www.robertosedda.it\/wp-content\/uploads\/2014\/09\/Diapositiva10.jpg?fit=960%2C720&resize=350%2C200","width":350,"height":200,"srcset":"https:\/\/i0.wp.com\/www.robertosedda.it\/wp-content\/uploads\/2014\/09\/Diapositiva10.jpg?fit=960%2C720&resize=350%2C200 1x, https:\/\/i0.wp.com\/www.robertosedda.it\/wp-content\/uploads\/2014\/09\/Diapositiva10.jpg?fit=960%2C720&resize=700%2C400 2x"},"classes":[]}],"_links":{"self":[{"href":"http:\/\/www.robertosedda.it\/index.php?rest_route=\/wp\/v2\/posts\/16007"}],"collection":[{"href":"http:\/\/www.robertosedda.it\/index.php?rest_route=\/wp\/v2\/posts"}],"about":[{"href":"http:\/\/www.robertosedda.it\/index.php?rest_route=\/wp\/v2\/types\/post"}],"author":[{"embeddable":true,"href":"http:\/\/www.robertosedda.it\/index.php?rest_route=\/wp\/v2\/users\/1"}],"replies":[{"embeddable":true,"href":"http:\/\/www.robertosedda.it\/index.php?rest_route=%2Fwp%2Fv2%2Fcomments&post=16007"}],"version-history":[{"count":9,"href":"http:\/\/www.robertosedda.it\/index.php?rest_route=\/wp\/v2\/posts\/16007\/revisions"}],"predecessor-version":[{"id":16017,"href":"http:\/\/www.robertosedda.it\/index.php?rest_route=\/wp\/v2\/posts\/16007\/revisions\/16017"}],"wp:featuredmedia":[{"embeddable":true,"href":"http:\/\/www.robertosedda.it\/index.php?rest_route=\/wp\/v2\/media\/16018"}],"wp:attachment":[{"href":"http:\/\/www.robertosedda.it\/index.php?rest_route=%2Fwp%2Fv2%2Fmedia&parent=16007"}],"wp:term":[{"taxonomy":"category","embeddable":true,"href":"http:\/\/www.robertosedda.it\/index.php?rest_route=%2Fwp%2Fv2%2Fcategories&post=16007"},{"taxonomy":"post_tag","embeddable":true,"href":"http:\/\/www.robertosedda.it\/index.php?rest_route=%2Fwp%2Fv2%2Ftags&post=16007"}],"curies":[{"name":"wp","href":"https:\/\/api.w.org\/{rel}","templated":true}]}}