{"id":15971,"date":"2018-12-11T15:31:24","date_gmt":"2018-12-11T14:31:24","guid":{"rendered":"http:\/\/www.robertosedda.it\/?p=15971"},"modified":"2018-12-11T15:31:31","modified_gmt":"2018-12-11T14:31:31","slug":"credere-o-non-credere","status":"publish","type":"post","link":"http:\/\/www.robertosedda.it\/?p=15971","title":{"rendered":"Credere o non credere"},"content":{"rendered":"\n<figure class=\"wp-block-image\"><img data-attachment-id=\"15972\" data-permalink=\"http:\/\/www.robertosedda.it\/?attachment_id=15972\" data-orig-file=\"https:\/\/i0.wp.com\/www.robertosedda.it\/wp-content\/uploads\/2018\/12\/Dogvoyuk.jpg?fit=608%2C407\" data-orig-size=\"608,407\" data-comments-opened=\"1\" data-image-meta=\"{&quot;aperture&quot;:&quot;0&quot;,&quot;credit&quot;:&quot;Roberto Sedda&quot;,&quot;camera&quot;:&quot;&quot;,&quot;caption&quot;:&quot;&quot;,&quot;created_timestamp&quot;:&quot;1544542164&quot;,&quot;copyright&quot;:&quot;&quot;,&quot;focal_length&quot;:&quot;0&quot;,&quot;iso&quot;:&quot;0&quot;,&quot;shutter_speed&quot;:&quot;0&quot;,&quot;title&quot;:&quot;&quot;,&quot;orientation&quot;:&quot;0&quot;}\" data-image-title=\"Dogvoyuk\" data-image-description=\"\" data-image-caption=\"\" data-medium-file=\"https:\/\/i0.wp.com\/www.robertosedda.it\/wp-content\/uploads\/2018\/12\/Dogvoyuk.jpg?fit=300%2C201\" data-large-file=\"https:\/\/i0.wp.com\/www.robertosedda.it\/wp-content\/uploads\/2018\/12\/Dogvoyuk.jpg?fit=510%2C341\" decoding=\"async\" loading=\"lazy\" width=\"608\" height=\"407\" src=\"https:\/\/i0.wp.com\/www.robertosedda.it\/wp-content\/uploads\/2018\/12\/Dogvoyuk.jpg?fit=510%2C341\" alt=\"\" class=\"wp-image-15972\" srcset=\"https:\/\/i0.wp.com\/www.robertosedda.it\/wp-content\/uploads\/2018\/12\/Dogvoyuk.jpg?w=608 608w, https:\/\/i0.wp.com\/www.robertosedda.it\/wp-content\/uploads\/2018\/12\/Dogvoyuk.jpg?resize=150%2C100 150w, https:\/\/i0.wp.com\/www.robertosedda.it\/wp-content\/uploads\/2018\/12\/Dogvoyuk.jpg?resize=300%2C201 300w, https:\/\/i0.wp.com\/www.robertosedda.it\/wp-content\/uploads\/2018\/12\/Dogvoyuk.jpg?resize=510%2C341 510w\" sizes=\"(max-width: 608px) 100vw, 608px\" \/><figcaption>I famosi nazionalisti russi filo-CocaCola<\/figcaption><\/figure>\n\n\n\n<p>Su\u00a0<em>Esquire<\/em>\u00a0<a href=\"https:\/\/www.esquire.com\/it\/news\/attualita\/a25292211\/troll-russo-manspreading\/\">un interessante articolo<\/a> su un video che\u00a0<em>sicuramente<\/em>\u00a0avete visto anche voi e sulle guerre di propaganda al tempo della viralit\u00e0. L&#8217;unica conclusione possibile, dopo aver letto, \u00e8 che ci si deve rifugiare nell&#8217;agnosticismo, e rifiutarsi rigorosamente di prendere parte con gli uni o con gli altri (e di condividere, <em>\u00e7a va san dire<\/em>).<\/p>\n\n\n\n<p>Oppure si pu\u00f2 fare come <a href=\"http:\/\/www.robertosedda.it\/?p=11465\">Laney<\/a>, che \u00e8 quasi la stessa cosa.<\/p>\n","protected":false},"excerpt":{"rendered":"<p>Su\u00a0Esquire\u00a0un interessante articolo su un video che\u00a0sicuramente\u00a0avete visto anche voi e sulle guerre di propaganda al tempo della viralit\u00e0. L&#8217;unica<\/p>\n","protected":false},"author":1,"featured_media":15972,"comment_status":"open","ping_status":"open","sticky":false,"template":"","format":"standard","meta":{"_mi_skip_tracking":false,"_monsterinsights_sitenote_active":false,"_monsterinsights_sitenote_note":"","_monsterinsights_sitenote_category":0,"jetpack_post_was_ever_published":false,"_jetpack_newsletter_access":"","jetpack_publicize_message":"","jetpack_is_tweetstorm":false,"jetpack_publicize_feature_enabled":true,"jetpack_social_post_already_shared":true,"jetpack_social_options":{"image_generator_settings":{"template":"highway","enabled":false}}},"categories":[95],"tags":[],"jetpack_publicize_connections":[],"jetpack_featured_media_url":"https:\/\/i0.wp.com\/www.robertosedda.it\/wp-content\/uploads\/2018\/12\/Dogvoyuk.jpg?fit=608%2C407","jetpack_sharing_enabled":true,"jetpack_shortlink":"https:\/\/wp.me\/p4jV2T-49B","jetpack_likes_enabled":true,"jetpack-related-posts":[{"id":9637,"url":"http:\/\/www.robertosedda.it\/?p=9637","url_meta":{"origin":15971,"position":0},"title":"Incitamento all&#8217;odio razziale","author":"Rufus","date":"20\/02\/2015","format":false,"excerpt":"Stamattina, mentre faccio colazione, trasalisco. Il conduttore della rassegna stampa di Radio3 legge l'editoriale di Mario Ajello sul\u00a0Messaggero, dedicato ai disordini provocati dai tifosi del\u00a0Feyenoord. Sono andato a cercarlo perch\u00e9 non ci credevo. Lo riporto qui sotto perch\u00e9 non mi va di regalare click. \u00c8 un capolavoro. Del male. Mette\u2026","rel":"","context":"In &quot;Coordinate&quot;","block_context":{"text":"Coordinate","link":"http:\/\/www.robertosedda.it\/?cat=52"},"img":{"alt_text":"","src":"https:\/\/i0.wp.com\/www.robertosedda.it\/wp-content\/uploads\/2015\/02\/Mario-Ajello-barbari.jpg?resize=350%2C200","width":350,"height":200},"classes":[]},{"id":11730,"url":"http:\/\/www.robertosedda.it\/?p=11730","url_meta":{"origin":15971,"position":1},"title":"Quando i figli studiano lontano","author":"Rufus","date":"29\/03\/2016","format":false,"excerpt":"Leggo su Bored Panda\u00a0la notiziola di un ragazzo che, trasferitosi in un'altra citt\u00e0 per studiare, ha mandato alla mamma e al resto della famiglia una sua sagoma di cartone a grandezza naturale, con l'implicita battuta \u00abcos\u00ec non vi sentite soli\u00bb (o forse non aveva voglia di tornare a casa per\u2026","rel":"","context":"In &quot;Coordinate&quot;","block_context":{"text":"Coordinate","link":"http:\/\/www.robertosedda.it\/?cat=52"},"img":{"alt_text":"","src":"https:\/\/i0.wp.com\/www.robertosedda.it\/wp-content\/uploads\/2016\/03\/Sagoma-studente-3.jpg?fit=720%2C960&resize=350%2C200","width":350,"height":200,"srcset":"https:\/\/i0.wp.com\/www.robertosedda.it\/wp-content\/uploads\/2016\/03\/Sagoma-studente-3.jpg?fit=720%2C960&resize=350%2C200 1x, https:\/\/i0.wp.com\/www.robertosedda.it\/wp-content\/uploads\/2016\/03\/Sagoma-studente-3.jpg?fit=720%2C960&resize=700%2C400 2x"},"classes":[]},{"id":1581,"url":"http:\/\/www.robertosedda.it\/?p=1581","url_meta":{"origin":15971,"position":2},"title":"Poesie, radio e Paolo Maccioni","author":"Rufus","date":"06\/12\/2012","format":false,"excerpt":"Visto che sono in fase di avvicinamento alla\u00a0messa in onda\u00a0di Oggi parliamo di libri mi \u00e8 venuto in mente di rispolverare la mia unica esperienza precedente in radio, un'ospitata su Cono Sur, il programma sulla Latinoamerica di Paolo Maccioni (sulla Radiopress dei bei tempi). Ho ritrovato la data: il 19\u2026","rel":"","context":"In &quot;Coordinate&quot;","block_context":{"text":"Coordinate","link":"http:\/\/www.robertosedda.it\/?cat=52"},"img":{"alt_text":"","src":"","width":0,"height":0},"classes":[]},{"id":10854,"url":"http:\/\/www.robertosedda.it\/?p=10854","url_meta":{"origin":15971,"position":3},"title":"Birrerie e dichiarazioni di intenti","author":"Rufus","date":"21\/09\/2015","format":false,"excerpt":"Cari amici della pizzeria\u00a0Levante di Cagliari la vostra pizza \u00e8 fra le migliori che io abbia mai assaggiato e la vostra birra \u00e8 da sempre fra le mie preferite. Ma se io arrivo alle otto di sera di un venerd\u00ec, titubante perch\u00e9 vi abbiamo chiamato tutta la sera senza risposta,\u2026","rel":"","context":"In &quot;Coordinate&quot;","block_context":{"text":"Coordinate","link":"http:\/\/www.robertosedda.it\/?cat=52"},"img":{"alt_text":"","src":"https:\/\/i0.wp.com\/www.robertosedda.it\/wp-content\/uploads\/2015\/09\/Cattura2.jpg?fit=486%2C574&resize=350%2C200","width":350,"height":200},"classes":[]},{"id":10376,"url":"http:\/\/www.robertosedda.it\/?p=10376","url_meta":{"origin":15971,"position":4},"title":"Sradicamenti e aeroporti","author":"Rufus","date":"15\/06\/2015","format":false,"excerpt":"Quella sensazione di spaesamento che solo i veri cagliaritani possono capire Venerd\u00ec ero a Bologna per questioni di Banca Etica. Appena sceso dall'aereo mi dirigo al bar, una\u00a0qualche\u00a0catena del gruppo Autogrill, credo, per un caff\u00e8. Un bar ben messo, grande, con una grande vetrina di cornetti e panini e ovviamente\u2026","rel":"","context":"In &quot;Coordinate&quot;","block_context":{"text":"Coordinate","link":"http:\/\/www.robertosedda.it\/?cat=52"},"img":{"alt_text":"","src":"https:\/\/i0.wp.com\/www.robertosedda.it\/wp-content\/uploads\/2015\/06\/Aeroporto-Marconi-Bologna.jpg?fit=550%2C315&resize=350%2C200","width":350,"height":200},"classes":[]},{"id":15651,"url":"http:\/\/www.robertosedda.it\/?p=15651","url_meta":{"origin":15971,"position":5},"title":"Seminari africani","author":"Rufus","date":"06\/09\/2018","format":false,"excerpt":"Segnalo un ciclo di seminari all'Universit\u00e0 che, soprattutto in questo periodo, mi pare oltremodo interessante (detto in altro modo, magari qualcuno potrebbe dire meno sciocchezze - o credere a meno schiocchezze). I seminari si terranno nell'Aula CM 7 del Campus Aresu, in via S. Giorgio 12. Ciclo di seminari di\u2026","rel":"","context":"In &quot;Coordinate&quot;","block_context":{"text":"Coordinate","link":"http:\/\/www.robertosedda.it\/?cat=52"},"img":{"alt_text":"","src":"https:\/\/i0.wp.com\/www.robertosedda.it\/wp-content\/uploads\/2018\/09\/Seminari-Africa.jpg?fit=606%2C855&resize=350%2C200","width":350,"height":200},"classes":[]}],"_links":{"self":[{"href":"http:\/\/www.robertosedda.it\/index.php?rest_route=\/wp\/v2\/posts\/15971"}],"collection":[{"href":"http:\/\/www.robertosedda.it\/index.php?rest_route=\/wp\/v2\/posts"}],"about":[{"href":"http:\/\/www.robertosedda.it\/index.php?rest_route=\/wp\/v2\/types\/post"}],"author":[{"embeddable":true,"href":"http:\/\/www.robertosedda.it\/index.php?rest_route=\/wp\/v2\/users\/1"}],"replies":[{"embeddable":true,"href":"http:\/\/www.robertosedda.it\/index.php?rest_route=%2Fwp%2Fv2%2Fcomments&post=15971"}],"version-history":[{"count":1,"href":"http:\/\/www.robertosedda.it\/index.php?rest_route=\/wp\/v2\/posts\/15971\/revisions"}],"predecessor-version":[{"id":15973,"href":"http:\/\/www.robertosedda.it\/index.php?rest_route=\/wp\/v2\/posts\/15971\/revisions\/15973"}],"wp:featuredmedia":[{"embeddable":true,"href":"http:\/\/www.robertosedda.it\/index.php?rest_route=\/wp\/v2\/media\/15972"}],"wp:attachment":[{"href":"http:\/\/www.robertosedda.it\/index.php?rest_route=%2Fwp%2Fv2%2Fmedia&parent=15971"}],"wp:term":[{"taxonomy":"category","embeddable":true,"href":"http:\/\/www.robertosedda.it\/index.php?rest_route=%2Fwp%2Fv2%2Fcategories&post=15971"},{"taxonomy":"post_tag","embeddable":true,"href":"http:\/\/www.robertosedda.it\/index.php?rest_route=%2Fwp%2Fv2%2Ftags&post=15971"}],"curies":[{"name":"wp","href":"https:\/\/api.w.org\/{rel}","templated":true}]}}