{"id":15915,"date":"2018-11-30T16:21:33","date_gmt":"2018-11-30T15:21:33","guid":{"rendered":"http:\/\/www.robertosedda.it\/?p=15915"},"modified":"2018-12-04T17:47:39","modified_gmt":"2018-12-04T16:47:39","slug":"dubbi-amletici","status":"publish","type":"post","link":"http:\/\/www.robertosedda.it\/?p=15915","title":{"rendered":"Dubbi amletici"},"content":{"rendered":"<p><a href=\"https:\/\/i0.wp.com\/www.robertosedda.it\/wp-content\/uploads\/2018\/11\/Pioggia.png\"><img data-attachment-id=\"15916\" data-permalink=\"http:\/\/www.robertosedda.it\/?attachment_id=15916\" data-orig-file=\"https:\/\/i0.wp.com\/www.robertosedda.it\/wp-content\/uploads\/2018\/11\/Pioggia.png?fit=512%2C512\" data-orig-size=\"512,512\" data-comments-opened=\"1\" data-image-meta=\"{&quot;aperture&quot;:&quot;0&quot;,&quot;credit&quot;:&quot;&quot;,&quot;camera&quot;:&quot;&quot;,&quot;caption&quot;:&quot;&quot;,&quot;created_timestamp&quot;:&quot;0&quot;,&quot;copyright&quot;:&quot;&quot;,&quot;focal_length&quot;:&quot;0&quot;,&quot;iso&quot;:&quot;0&quot;,&quot;shutter_speed&quot;:&quot;0&quot;,&quot;title&quot;:&quot;&quot;,&quot;orientation&quot;:&quot;0&quot;}\" data-image-title=\"Pioggia\" data-image-description=\"\" data-image-caption=\"\" data-medium-file=\"https:\/\/i0.wp.com\/www.robertosedda.it\/wp-content\/uploads\/2018\/11\/Pioggia.png?fit=300%2C300\" data-large-file=\"https:\/\/i0.wp.com\/www.robertosedda.it\/wp-content\/uploads\/2018\/11\/Pioggia.png?fit=510%2C510\" decoding=\"async\" loading=\"lazy\" class=\"alignright size-medium wp-image-15916\" src=\"https:\/\/i0.wp.com\/www.robertosedda.it\/wp-content\/uploads\/2018\/11\/Pioggia.png?resize=300%2C300\" alt=\"\" width=\"300\" height=\"300\" srcset=\"https:\/\/i0.wp.com\/www.robertosedda.it\/wp-content\/uploads\/2018\/11\/Pioggia.png?resize=300%2C300 300w, https:\/\/i0.wp.com\/www.robertosedda.it\/wp-content\/uploads\/2018\/11\/Pioggia.png?resize=150%2C150 150w, https:\/\/i0.wp.com\/www.robertosedda.it\/wp-content\/uploads\/2018\/11\/Pioggia.png?resize=510%2C510 510w, https:\/\/i0.wp.com\/www.robertosedda.it\/wp-content\/uploads\/2018\/11\/Pioggia.png?w=512 512w\" sizes=\"(max-width: 300px) 100vw, 300px\" data-recalc-dims=\"1\" \/><\/a>Devo confessare che per molto tempo ho creduto che frasi come\u00a0<em>ha messo pioggia<\/em> ed equivalenti\u00a0fossero una versione un po&#8217; anacolutica dell&#8217;espressione\u00a0<em>il tempo si \u00e8 volto (messo) al peggio, al bello, al sereno<\/em> (peraltro, un significato in qualche modo coerente con quel che riportano la\u00a0<em>Treccani<\/em>\u00a0e altri vocabolari).<\/p>\n<p>Ho invece scoperto, qualche anno fa, che \u00e8 una locuzione che prevede un soggetto tacito che \u00e8 il giornale o, comunque, l&#8217;addetto alle previsioni del tempo: e perci\u00f2 la frase sarebbe che quello\u00a0<em>ha messo<\/em>, cio\u00e8 <em>ha esposto<\/em>, cio\u00e8 <em>ha previsto<\/em> il tale tempo per la giornata.<\/p>\n<p>Cio\u00e8, se io esco e dico: \u00abMmmm, meglio che prenda l&#8217;ombrello\u00bb, e qualcuno mi risponde: \u00abS\u00ec, bravo, perch\u00e9 <em>ha messo<\/em> pioggia\u00bb, non intende dire che le nuvole si sono radunate e si vede che si prepara un acquazzone, ma che \u00e8 bene prendere l&#8217;ombrello perch\u00e9, prendendo il caff\u00e8 al bar, ha visto a pagina quindici il simboletto universale della nuvola coi goccioloni.<\/p>\n<p>Quando l&#8217;ho scoperto,devo dire, ci sono rimasto un po&#8217; male, che <em>tutti<\/em> sapessero una cosa che a me era negata.<\/p>\n<p>Oggi, per\u00f2, leggendo casualmente qualcuno che usava quest&#8217;espressione, ho deciso di approfondire e non so pi\u00f9 cosa pensare.<\/p>\n<p>Amici linguisti, chiarite il dubbio!<\/p>\n","protected":false},"excerpt":{"rendered":"<p>Devo confessare che per molto tempo ho creduto che frasi come\u00a0ha messo pioggia ed equivalenti\u00a0fossero una versione un po&#8217; anacolutica<\/p>\n","protected":false},"author":1,"featured_media":15916,"comment_status":"open","ping_status":"open","sticky":false,"template":"","format":"standard","meta":{"_mi_skip_tracking":false,"_monsterinsights_sitenote_active":false,"_monsterinsights_sitenote_note":"","_monsterinsights_sitenote_category":0,"jetpack_post_was_ever_published":false,"_jetpack_newsletter_access":"","jetpack_publicize_message":"","jetpack_is_tweetstorm":false,"jetpack_publicize_feature_enabled":true,"jetpack_social_post_already_shared":true,"jetpack_social_options":{"image_generator_settings":{"template":"highway","enabled":false}}},"categories":[52,86,53,17,16],"tags":[],"jetpack_publicize_connections":[],"jetpack_featured_media_url":"https:\/\/i0.wp.com\/www.robertosedda.it\/wp-content\/uploads\/2018\/11\/Pioggia.png?fit=512%2C512","jetpack_sharing_enabled":true,"jetpack_shortlink":"https:\/\/wp.me\/p4jV2T-48H","jetpack_likes_enabled":true,"jetpack-related-posts":[{"id":16587,"url":"http:\/\/www.robertosedda.it\/?p=16587","url_meta":{"origin":15915,"position":0},"title":"Pioggia di primavera","author":"Rufus","date":"11\/04\/2019","format":false,"excerpt":"Controllando delle altre cose su Facebook mi sono accorto che c'\u00e8 stato un tempo (fra il 2008 e il 2009) nel quale pubblicavo una poesia al giorno. Cio\u00e8: che pubblicassi poesie me lo ricordavo. Quello che non ricordavo era di essere durato cos\u00ec tanto: almeno sei mesi interi, giorno dopo\u2026","rel":"","context":"In &quot;Coordinate&quot;","block_context":{"text":"Coordinate","link":"http:\/\/www.robertosedda.it\/?cat=52"},"img":{"alt_text":"","src":"https:\/\/i0.wp.com\/www.robertosedda.it\/wp-content\/uploads\/2013\/02\/Nazim_Hikmet.jpg?fit=240%2C268&resize=350%2C200","width":350,"height":200},"classes":[]},{"id":17237,"url":"http:\/\/www.robertosedda.it\/?p=17237","url_meta":{"origin":15915,"position":1},"title":"Ma lei \u00e8 quello&#8230;","author":"Rufus","date":"13\/09\/2019","format":false,"excerpt":"Il 21 e 22 settembre apriamo casa ad Orani!","rel":"","context":"In &quot;Coordinate&quot;","block_context":{"text":"Coordinate","link":"http:\/\/www.robertosedda.it\/?cat=52"},"img":{"alt_text":"","src":"https:\/\/i0.wp.com\/www.robertosedda.it\/wp-content\/uploads\/2019\/09\/Orani-Cortes-Apertas.png?fit=552%2C804&resize=350%2C200","width":350,"height":200},"classes":[]},{"id":18217,"url":"http:\/\/www.robertosedda.it\/?p=18217","url_meta":{"origin":15915,"position":2},"title":"Il grande amore del suo cuore","author":"Rufus","date":"21\/07\/2020","format":false,"excerpt":"Tempo fa mi \u00e8 capitato di imbattermi nel Racconto di marzo di Neil Gaiman. \u00c8 un racconto brevissimo, e fa parte di un progetto collaborativo col pubblico sponsorizzato da Blackberry anni fa. Al tempo Gaiman ha scritto una serie di tweet, uno per ogni mese, facendo delle domande ai lettori:\u2026","rel":"","context":"In &quot;Cappe e spade&quot;","block_context":{"text":"Cappe e spade","link":"http:\/\/www.robertosedda.it\/?cat=70"},"img":{"alt_text":"","src":"https:\/\/i0.wp.com\/www.robertosedda.it\/wp-content\/uploads\/2020\/07\/March-tale-inspiration.png?fit=445%2C406&resize=350%2C200","width":350,"height":200},"classes":[]},{"id":14591,"url":"http:\/\/www.robertosedda.it\/?p=14591","url_meta":{"origin":15915,"position":3},"title":"Un gioco non villano","author":"Rufus","date":"29\/01\/2018","format":false,"excerpt":"Nell'ultimo fine settimana ho partecipato alla Cagliari Global Game Jam, come credo che chi passa per questo blog pi\u00f9 o meno gi\u00e0 sappia. \u00c8 stata una bellissima esperienza, come l'anno scorso, il che \u00e8 gi\u00e0 notevole considerato che l'edizione precedente aveva dalla sua la magia delle prime volte: invece i\u2026","rel":"","context":"In &quot;Coordinate&quot;","block_context":{"text":"Coordinate","link":"http:\/\/www.robertosedda.it\/?cat=52"},"img":{"alt_text":"","src":"https:\/\/i0.wp.com\/www.robertosedda.it\/wp-content\/uploads\/2018\/01\/Screenshot.png?fit=1200%2C577&resize=350%2C200","width":350,"height":200,"srcset":"https:\/\/i0.wp.com\/www.robertosedda.it\/wp-content\/uploads\/2018\/01\/Screenshot.png?fit=1200%2C577&resize=350%2C200 1x, https:\/\/i0.wp.com\/www.robertosedda.it\/wp-content\/uploads\/2018\/01\/Screenshot.png?fit=1200%2C577&resize=700%2C400 2x, https:\/\/i0.wp.com\/www.robertosedda.it\/wp-content\/uploads\/2018\/01\/Screenshot.png?fit=1200%2C577&resize=1050%2C600 3x"},"classes":[]},{"id":16024,"url":"http:\/\/www.robertosedda.it\/?p=16024","url_meta":{"origin":15915,"position":4},"title":"Del mettere in ordine le foto","author":"Rufus","date":"18\/12\/2018","format":false,"excerpt":"C'\u00e8 una dimensione della vita digitale contemporanea che sembra progettata apposta per rendere un inferno la vita di tutti coloro che, come me, sono profondamente disordinati ma contemporaneamente un tantino ossessivi-compulsivi. Le foto. Perch\u00e9, siccome siamo disordinati, allora queste foto si spargono ovunque: rimangono anni dentro la macchina fotografica e\u2026","rel":"","context":"In &quot;Coordinate&quot;","block_context":{"text":"Coordinate","link":"http:\/\/www.robertosedda.it\/?cat=52"},"img":{"alt_text":"","src":"https:\/\/i0.wp.com\/www.robertosedda.it\/wp-content\/uploads\/2018\/12\/IMG-20171224-WA0001.jpg?fit=1200%2C900&resize=350%2C200","width":350,"height":200,"srcset":"https:\/\/i0.wp.com\/www.robertosedda.it\/wp-content\/uploads\/2018\/12\/IMG-20171224-WA0001.jpg?fit=1200%2C900&resize=350%2C200 1x, https:\/\/i0.wp.com\/www.robertosedda.it\/wp-content\/uploads\/2018\/12\/IMG-20171224-WA0001.jpg?fit=1200%2C900&resize=700%2C400 2x, https:\/\/i0.wp.com\/www.robertosedda.it\/wp-content\/uploads\/2018\/12\/IMG-20171224-WA0001.jpg?fit=1200%2C900&resize=1050%2C600 3x"},"classes":[]},{"id":16007,"url":"http:\/\/www.robertosedda.it\/?p=16007","url_meta":{"origin":15915,"position":5},"title":"Ripassare in radio","author":"Rufus","date":"17\/12\/2018","format":"video","excerpt":"Luned\u00ec scorso sono tornato brevemente dietro i microfoni di\u00a0Radio Kalaritana\u00a0per un'intervista che mi ha voluto fare Andrea Pala, ai tempi curatore di Oggi parliamo di libri\u00a0e oggi conduttore, fra le altre cose, de\u00a0La diocesi in diretta. \u00c8 stata un'occasione divertente, a partire dal fatto che Davide Toro, regista dalla memoria\u2026","rel":"","context":"In &quot;Coordinate&quot;","block_context":{"text":"Coordinate","link":"http:\/\/www.robertosedda.it\/?cat=52"},"img":{"alt_text":"","src":"https:\/\/i0.wp.com\/www.robertosedda.it\/wp-content\/uploads\/2018\/12\/Rufus-back-on-air.jpg?fit=1200%2C675&resize=350%2C200","width":350,"height":200,"srcset":"https:\/\/i0.wp.com\/www.robertosedda.it\/wp-content\/uploads\/2018\/12\/Rufus-back-on-air.jpg?fit=1200%2C675&resize=350%2C200 1x, https:\/\/i0.wp.com\/www.robertosedda.it\/wp-content\/uploads\/2018\/12\/Rufus-back-on-air.jpg?fit=1200%2C675&resize=700%2C400 2x, https:\/\/i0.wp.com\/www.robertosedda.it\/wp-content\/uploads\/2018\/12\/Rufus-back-on-air.jpg?fit=1200%2C675&resize=1050%2C600 3x"},"classes":[]}],"_links":{"self":[{"href":"http:\/\/www.robertosedda.it\/index.php?rest_route=\/wp\/v2\/posts\/15915"}],"collection":[{"href":"http:\/\/www.robertosedda.it\/index.php?rest_route=\/wp\/v2\/posts"}],"about":[{"href":"http:\/\/www.robertosedda.it\/index.php?rest_route=\/wp\/v2\/types\/post"}],"author":[{"embeddable":true,"href":"http:\/\/www.robertosedda.it\/index.php?rest_route=\/wp\/v2\/users\/1"}],"replies":[{"embeddable":true,"href":"http:\/\/www.robertosedda.it\/index.php?rest_route=%2Fwp%2Fv2%2Fcomments&post=15915"}],"version-history":[{"count":2,"href":"http:\/\/www.robertosedda.it\/index.php?rest_route=\/wp\/v2\/posts\/15915\/revisions"}],"predecessor-version":[{"id":15920,"href":"http:\/\/www.robertosedda.it\/index.php?rest_route=\/wp\/v2\/posts\/15915\/revisions\/15920"}],"wp:featuredmedia":[{"embeddable":true,"href":"http:\/\/www.robertosedda.it\/index.php?rest_route=\/wp\/v2\/media\/15916"}],"wp:attachment":[{"href":"http:\/\/www.robertosedda.it\/index.php?rest_route=%2Fwp%2Fv2%2Fmedia&parent=15915"}],"wp:term":[{"taxonomy":"category","embeddable":true,"href":"http:\/\/www.robertosedda.it\/index.php?rest_route=%2Fwp%2Fv2%2Fcategories&post=15915"},{"taxonomy":"post_tag","embeddable":true,"href":"http:\/\/www.robertosedda.it\/index.php?rest_route=%2Fwp%2Fv2%2Ftags&post=15915"}],"curies":[{"name":"wp","href":"https:\/\/api.w.org\/{rel}","templated":true}]}}