{"id":15883,"date":"2018-11-26T18:07:27","date_gmt":"2018-11-26T17:07:27","guid":{"rendered":"http:\/\/www.robertosedda.it\/?p=15883"},"modified":"2018-12-18T18:02:30","modified_gmt":"2018-12-18T17:02:30","slug":"modi-diversi-di-vedere-le-cose","status":"publish","type":"post","link":"http:\/\/www.robertosedda.it\/?p=15883","title":{"rendered":"Modi diversi di vedere le cose"},"content":{"rendered":"<p>Oggi, credo per la prima volta in vita nostra, sia io che Maria Bonaria siamo nello stesso giorno in malattia dal lavoro.<\/p>\n<p>La verit\u00e0 \u00e8 che siamo profondamente raffreddati da un paio di giorni e ci aggiriamo per casa tossendo a ogni momento e Maria Bonaria, che \u00e8 prudente, ha detto: \u00abSarebbe meglio che restassimo a casa\u00bb. Io non volevo, perch\u00e9 le lauree non si fanno da sole e anche circa un altro milione di cose ma poi ieri avevo due lineette di febbre e mi sono lasciato convincere a chiamare il medico, per evitare malanni peggiori in seguito.<\/p>\n<p>Poi stamattina pioveva a dirotto e ho pensato che se mi bagnavo mi veniva davvero la polmonite, e un po&#8217; mi sono convinto di aver fatto la scelta giusta, anche se continuo a pensare che <em>essere malati<\/em> inizi a almeno 38\u00b0 di febbre (devo essere un maschio anomalo).<\/p>\n<p>E un po&#8217; a questa situazione di malattia ha contribuito anche il subcomandante Marcos, che \u00e8 da due giorni che ci fornisce pranzo e cena, <em>poveretti<\/em>, pasti che consistono in cose tipo riso bollito e minestrine di zucca: si vede che da fuori suscitiamo veramente compassione<\/p>\n<p>Ecco, poi ieri mi sono fatto a cena due hamburger e la scarola rosolata, che va bene essere malati ma magari volevo un po&#8217; di sostanza e lei forse l&#8217;ha intuito, infatti oggi ci ha portato la pasta alla Norma (adesso, non diteglielo, ma il subcomandante Marcos \u00e8 una sorella gentilissima).<a href=\"https:\/\/i0.wp.com\/www.robertosedda.it\/wp-content\/uploads\/2018\/11\/febbraio-2008.jpg\"><img data-attachment-id=\"15884\" data-permalink=\"http:\/\/www.robertosedda.it\/?attachment_id=15884\" data-orig-file=\"https:\/\/i0.wp.com\/www.robertosedda.it\/wp-content\/uploads\/2018\/11\/febbraio-2008.jpg?fit=1600%2C1200\" data-orig-size=\"1600,1200\" data-comments-opened=\"1\" data-image-meta=\"{&quot;aperture&quot;:&quot;2.8&quot;,&quot;credit&quot;:&quot;&quot;,&quot;camera&quot;:&quot;E3700&quot;,&quot;caption&quot;:&quot;&quot;,&quot;created_timestamp&quot;:&quot;1201969776&quot;,&quot;copyright&quot;:&quot;&quot;,&quot;focal_length&quot;:&quot;5.4&quot;,&quot;iso&quot;:&quot;50&quot;,&quot;shutter_speed&quot;:&quot;0.0082101806239737&quot;,&quot;title&quot;:&quot;&quot;,&quot;orientation&quot;:&quot;1&quot;}\" data-image-title=\"\" data-image-description=\"\" data-image-caption=\"\" data-medium-file=\"https:\/\/i0.wp.com\/www.robertosedda.it\/wp-content\/uploads\/2018\/11\/febbraio-2008.jpg?fit=300%2C225\" data-large-file=\"https:\/\/i0.wp.com\/www.robertosedda.it\/wp-content\/uploads\/2018\/11\/febbraio-2008.jpg?fit=510%2C383\" decoding=\"async\" loading=\"lazy\" class=\"aligncenter size-full wp-image-15884\" src=\"https:\/\/i0.wp.com\/www.robertosedda.it\/wp-content\/uploads\/2018\/11\/febbraio-2008.jpg?resize=800%2C600\" alt=\"\" width=\"800\" height=\"600\" srcset=\"https:\/\/i0.wp.com\/www.robertosedda.it\/wp-content\/uploads\/2018\/11\/febbraio-2008.jpg?w=1600 1600w, https:\/\/i0.wp.com\/www.robertosedda.it\/wp-content\/uploads\/2018\/11\/febbraio-2008.jpg?resize=150%2C113 150w, https:\/\/i0.wp.com\/www.robertosedda.it\/wp-content\/uploads\/2018\/11\/febbraio-2008.jpg?resize=300%2C225 300w, https:\/\/i0.wp.com\/www.robertosedda.it\/wp-content\/uploads\/2018\/11\/febbraio-2008.jpg?resize=510%2C383 510w\" sizes=\"(max-width: 800px) 100vw, 800px\" data-recalc-dims=\"1\" \/><\/a><\/p>\n<p>Ma in realt\u00e0 tutta questa \u00e8 la premessa. Quello che volevo dire \u00e8 che a un certo punto oggi ho pensato, come dicevo, che \u00e8 la prima volta in vita nostra che io e Bonaria siamo malati lo stesso giorno.<\/p>\n<p>Non so se in altri anni avrei pensato che la cosa era tenera oppure, boh, l&#8217;avrei vista in altro modo.<\/p>\n<p>\u00abEeeeh, \u00e8 la vecchiaia\u00bb, ho pensato questa volta.<\/p>\n<p>Allegria.<\/p>\n<p>Poi per fortuna \u00e8 arrivata la pasta alla Norma.<\/p>\n","protected":false},"excerpt":{"rendered":"<p>Oggi, credo per la prima volta in vita nostra, sia io che Maria Bonaria siamo nello stesso giorno in malattia<\/p>\n","protected":false},"author":1,"featured_media":15884,"comment_status":"open","ping_status":"open","sticky":false,"template":"","format":"standard","meta":{"_mi_skip_tracking":false,"_monsterinsights_sitenote_active":false,"_monsterinsights_sitenote_note":"","_monsterinsights_sitenote_category":0,"jetpack_post_was_ever_published":false,"_jetpack_newsletter_access":"","jetpack_publicize_message":"","jetpack_is_tweetstorm":false,"jetpack_publicize_feature_enabled":true,"jetpack_social_post_already_shared":true,"jetpack_social_options":{"image_generator_settings":{"template":"highway","enabled":false}}},"categories":[52,86,53,18,16],"tags":[],"jetpack_publicize_connections":[],"jetpack_featured_media_url":"https:\/\/i0.wp.com\/www.robertosedda.it\/wp-content\/uploads\/2018\/11\/febbraio-2008.jpg?fit=1600%2C1200","jetpack_sharing_enabled":true,"jetpack_shortlink":"https:\/\/wp.me\/p4jV2T-48b","jetpack_likes_enabled":true,"jetpack-related-posts":[{"id":12935,"url":"http:\/\/www.robertosedda.it\/?p=12935","url_meta":{"origin":15883,"position":0},"title":"Chi nasce incendiario muore pompiere?","author":"Rufus","date":"07\/12\/2016","format":false,"excerpt":"L'altro giorno, mentre mi preparavo all'ennesima tourn\u00e9e continentale per cose di Banca Etica Maria Bonaria mi ha sorpreso a fare la valigia all'ultimo minuto (e questo non sarebbe una sorpresa) e un po' alla carlona (e questo \u00e8 pi\u00f9 strano). \u00abNon vuoi fare con pi\u00f9 attenzione?\u00bb, mi ha chiesto. Il\u2026","rel":"","context":"In &quot;Coordinate&quot;","block_context":{"text":"Coordinate","link":"http:\/\/www.robertosedda.it\/?cat=52"},"img":{"alt_text":"","src":"https:\/\/i0.wp.com\/www.robertosedda.it\/wp-content\/uploads\/2016\/12\/20161207_151506.jpg?fit=1200%2C720&resize=350%2C200","width":350,"height":200,"srcset":"https:\/\/i0.wp.com\/www.robertosedda.it\/wp-content\/uploads\/2016\/12\/20161207_151506.jpg?fit=1200%2C720&resize=350%2C200 1x, https:\/\/i0.wp.com\/www.robertosedda.it\/wp-content\/uploads\/2016\/12\/20161207_151506.jpg?fit=1200%2C720&resize=700%2C400 2x, https:\/\/i0.wp.com\/www.robertosedda.it\/wp-content\/uploads\/2016\/12\/20161207_151506.jpg?fit=1200%2C720&resize=1050%2C600 3x"},"classes":[]},{"id":14197,"url":"http:\/\/www.robertosedda.it\/?p=14197","url_meta":{"origin":15883,"position":1},"title":"A proposito di quando si rischia di morire","author":"Rufus","date":"03\/10\/2017","format":false,"excerpt":"La settimana scorsa, all'aeroporto in partenza per Bilbao (in realt\u00e0 Barcellona, come prima tappa), ho rischiato di morire. Non mi era mai successo prima. \u00c8 successo questo: eravamo in fila per l'imbarco e io stavo mangiando il panino con la frittatina che Maria Bonaria aveva preparato con due fette di\u2026","rel":"","context":"In &quot;Coordinate&quot;","block_context":{"text":"Coordinate","link":"http:\/\/www.robertosedda.it\/?cat=52"},"img":{"alt_text":"","src":"https:\/\/i0.wp.com\/www.robertosedda.it\/wp-content\/uploads\/2014\/09\/febbraio-2008.jpg?fit=1200%2C900&resize=350%2C200","width":350,"height":200,"srcset":"https:\/\/i0.wp.com\/www.robertosedda.it\/wp-content\/uploads\/2014\/09\/febbraio-2008.jpg?fit=1200%2C900&resize=350%2C200 1x, https:\/\/i0.wp.com\/www.robertosedda.it\/wp-content\/uploads\/2014\/09\/febbraio-2008.jpg?fit=1200%2C900&resize=700%2C400 2x, https:\/\/i0.wp.com\/www.robertosedda.it\/wp-content\/uploads\/2014\/09\/febbraio-2008.jpg?fit=1200%2C900&resize=1050%2C600 3x"},"classes":[]},{"id":11309,"url":"http:\/\/www.robertosedda.it\/?p=11309","url_meta":{"origin":15883,"position":2},"title":"Il pudore del bancomat","author":"Rufus","date":"14\/12\/2015","format":false,"excerpt":"L'altra mattina, siccome non avevo un soldo, sono andato a fare bancomat. Io ho una vecchia carta ricaricabile di Banca Etica: Maria Bonaria ha una carta conto che ci serve per la gestione familiare e insieme abbiamo, da poco, una carta di credito che se possibile useremo credo solo per\u2026","rel":"","context":"In &quot;Banche e finanza&quot;","block_context":{"text":"Banche e finanza","link":"http:\/\/www.robertosedda.it\/?cat=72"},"img":{"alt_text":"","src":"https:\/\/i0.wp.com\/www.robertosedda.it\/wp-content\/uploads\/2015\/12\/ricarica.jpg?fit=980%2C610&resize=350%2C200","width":350,"height":200,"srcset":"https:\/\/i0.wp.com\/www.robertosedda.it\/wp-content\/uploads\/2015\/12\/ricarica.jpg?fit=980%2C610&resize=350%2C200 1x, https:\/\/i0.wp.com\/www.robertosedda.it\/wp-content\/uploads\/2015\/12\/ricarica.jpg?fit=980%2C610&resize=700%2C400 2x"},"classes":[]},{"id":17462,"url":"http:\/\/www.robertosedda.it\/?p=17462","url_meta":{"origin":15883,"position":3},"title":"Piccola storia significativa","author":"Rufus","date":"21\/10\/2019","format":false,"excerpt":"Dunque, la storia \u00e8 questa. Sabato io e Maria Bonaria, con alcuni altri soci del GIT, siamo andati a Iglesias per il convegno Totus impari: pace utopia o speranza del mondo?, organizzato dalla comunit\u00e0 battista del Sulcis-Iglesiente. Un po' siamo andati per amicizia nei confronti della pastora Elizabeth Green, che\u2026","rel":"","context":"In &quot;Coordinate&quot;","block_context":{"text":"Coordinate","link":"http:\/\/www.robertosedda.it\/?cat=52"},"img":{"alt_text":"","src":"https:\/\/i0.wp.com\/www.robertosedda.it\/wp-content\/uploads\/2019\/10\/io-e-bonnie-grande.gif?fit=900%2C1200&resize=350%2C200","width":350,"height":200,"srcset":"https:\/\/i0.wp.com\/www.robertosedda.it\/wp-content\/uploads\/2019\/10\/io-e-bonnie-grande.gif?fit=900%2C1200&resize=350%2C200 1x, https:\/\/i0.wp.com\/www.robertosedda.it\/wp-content\/uploads\/2019\/10\/io-e-bonnie-grande.gif?fit=900%2C1200&resize=700%2C400 2x"},"classes":[]},{"id":4281,"url":"http:\/\/www.robertosedda.it\/?p=4281","url_meta":{"origin":15883,"position":4},"title":"Insulti e ragazze pietose davanti al portone chiuso","author":"Rufus","date":"16\/08\/2013","format":false,"excerpt":"L'altro giorno Maria Bonaria, mia moglie, tornava a casa dopo una visita al babbo quando, dall'altro lato della strada, si sente chiamare: \u00abSignora, signora!\u00bb. A chiamare era una signora sugli ottant'anni, piccoletta, vestita di nero, con un grande borsone e una borsetta. In mano un piccolo mazzo di chiavi. \u00abSeeenta,\u2026","rel":"","context":"In &quot;Coordinate&quot;","block_context":{"text":"Coordinate","link":"http:\/\/www.robertosedda.it\/?cat=52"},"img":{"alt_text":"","src":"","width":0,"height":0},"classes":[]},{"id":3858,"url":"http:\/\/www.robertosedda.it\/?p=3858","url_meta":{"origin":15883,"position":5},"title":"\u00c8 in linea l&#8217;intervista su Banca Etica a Radio X","author":"Rufus","date":"04\/07\/2013","format":false,"excerpt":"Ho visto che su Radio X \u00e8 stata messa on line la puntata di ieri di Extralive! in cui sono stato intervistato da Vito Biolchini su Banca Etica. In sala c'eravamo io, Maria Bonaria (grazie alle sue arti promozionali e a quelle di Viviana siamo stati invitati) e Gaetano, i\u2026","rel":"","context":"In &quot;Banche e finanza&quot;","block_context":{"text":"Banche e finanza","link":"http:\/\/www.robertosedda.it\/?cat=72"},"img":{"alt_text":"","src":"https:\/\/i0.wp.com\/www.robertosedda.it\/wp-content\/uploads\/2013\/07\/20130703_190126.jpg?fit=1200%2C900&resize=350%2C200","width":350,"height":200,"srcset":"https:\/\/i0.wp.com\/www.robertosedda.it\/wp-content\/uploads\/2013\/07\/20130703_190126.jpg?fit=1200%2C900&resize=350%2C200 1x, https:\/\/i0.wp.com\/www.robertosedda.it\/wp-content\/uploads\/2013\/07\/20130703_190126.jpg?fit=1200%2C900&resize=700%2C400 2x, https:\/\/i0.wp.com\/www.robertosedda.it\/wp-content\/uploads\/2013\/07\/20130703_190126.jpg?fit=1200%2C900&resize=1050%2C600 3x"},"classes":[]}],"_links":{"self":[{"href":"http:\/\/www.robertosedda.it\/index.php?rest_route=\/wp\/v2\/posts\/15883"}],"collection":[{"href":"http:\/\/www.robertosedda.it\/index.php?rest_route=\/wp\/v2\/posts"}],"about":[{"href":"http:\/\/www.robertosedda.it\/index.php?rest_route=\/wp\/v2\/types\/post"}],"author":[{"embeddable":true,"href":"http:\/\/www.robertosedda.it\/index.php?rest_route=\/wp\/v2\/users\/1"}],"replies":[{"embeddable":true,"href":"http:\/\/www.robertosedda.it\/index.php?rest_route=%2Fwp%2Fv2%2Fcomments&post=15883"}],"version-history":[{"count":8,"href":"http:\/\/www.robertosedda.it\/index.php?rest_route=\/wp\/v2\/posts\/15883\/revisions"}],"predecessor-version":[{"id":16030,"href":"http:\/\/www.robertosedda.it\/index.php?rest_route=\/wp\/v2\/posts\/15883\/revisions\/16030"}],"wp:featuredmedia":[{"embeddable":true,"href":"http:\/\/www.robertosedda.it\/index.php?rest_route=\/wp\/v2\/media\/15884"}],"wp:attachment":[{"href":"http:\/\/www.robertosedda.it\/index.php?rest_route=%2Fwp%2Fv2%2Fmedia&parent=15883"}],"wp:term":[{"taxonomy":"category","embeddable":true,"href":"http:\/\/www.robertosedda.it\/index.php?rest_route=%2Fwp%2Fv2%2Fcategories&post=15883"},{"taxonomy":"post_tag","embeddable":true,"href":"http:\/\/www.robertosedda.it\/index.php?rest_route=%2Fwp%2Fv2%2Ftags&post=15883"}],"curies":[{"name":"wp","href":"https:\/\/api.w.org\/{rel}","templated":true}]}}