{"id":15846,"date":"2018-11-19T13:16:41","date_gmt":"2018-11-19T12:16:41","guid":{"rendered":"http:\/\/www.robertosedda.it\/?p=15846"},"modified":"2018-12-04T17:44:57","modified_gmt":"2018-12-04T16:44:57","slug":"come-alle-feste-dellunita","status":"publish","type":"post","link":"http:\/\/www.robertosedda.it\/?p=15846","title":{"rendered":"Come alle Feste dell&#8217;Unit\u00e0"},"content":{"rendered":"<p>In maniera del tutto casuale venerd\u00ec mi sono guardato su\u00a0<em>Prime<\/em>\u00a0un classico dei <em>Monty Phyton<\/em> che non avevo mai visto, <em>Il senso della vita<\/em>.<\/p>\n<p>Lo so, la mia fama di amante del cinema \u00e8 del tutto usurpata.<\/p>\n<p>Comunque, forse perch\u00e9 influenzato dal\u00a0<a href=\"http:\/\/www.robertosedda.it\/?p=15842\">video che avevo pubblicato quel giorno<\/a>, mi sono chiesto come sia possibile che in Banca Etica non abbiamo mai pensato di utilizzare l&#8217;episodio autoconclusivo che d\u00e0 origine al film:<\/p>\n<div class=\"jetpack-video-wrapper\">\n<div class=\"embed-vimeo\" style=\"text-align: center;\"><iframe loading=\"lazy\" src=\"https:\/\/player.vimeo.com\/video\/111458975\" width=\"800\" height=\"450\" frameborder=\"0\" webkitallowfullscreen mozallowfullscreen allowfullscreen><\/iframe><\/div>\n<\/div>\n<p>Io lo avrei proiettato al termine di ogni evento ufficiale, <em>stand<\/em> dei soci, assemblea locale, come quando i vecchi comizi del\u00a0<em>PCI<\/em> si concludevano rigorosamente con l&#8217;<em>Internazionale<\/em>.\u00a0Anzi, ho deciso che mi faccio promotore di una mozione per l&#8217;adozione ufficiale.<\/p>\n<p>Dico davvero.<\/p>\n","protected":false},"excerpt":{"rendered":"<p>In maniera del tutto casuale venerd\u00ec mi sono guardato su\u00a0Prime\u00a0un classico dei Monty Phyton che non avevo mai visto, Il<\/p>\n","protected":false},"author":1,"featured_media":15847,"comment_status":"open","ping_status":"open","sticky":false,"template":"","format":"video","meta":{"_mi_skip_tracking":false,"_monsterinsights_sitenote_active":false,"_monsterinsights_sitenote_note":"","_monsterinsights_sitenote_category":0,"jetpack_post_was_ever_published":false,"_jetpack_newsletter_access":"","jetpack_publicize_message":"","jetpack_is_tweetstorm":false,"jetpack_publicize_feature_enabled":true,"jetpack_social_post_already_shared":true,"jetpack_social_options":{"image_generator_settings":{"template":"highway","enabled":false}}},"categories":[52,14,56,12,61],"tags":[],"jetpack_publicize_connections":[],"jetpack_featured_media_url":"https:\/\/i0.wp.com\/www.robertosedda.it\/wp-content\/uploads\/2018\/11\/Crimson-Assurance.jpg?fit=716%2C384","jetpack_sharing_enabled":true,"jetpack_shortlink":"https:\/\/wp.me\/p4jV2T-47A","jetpack_likes_enabled":true,"jetpack-related-posts":[{"id":3087,"url":"http:\/\/www.robertosedda.it\/?p=3087","url_meta":{"origin":15846,"position":0},"title":"Oblivion","author":"Rufus","date":"05\/05\/2013","format":"video","excerpt":"Ho visto in rete che Oblivion ha suscitato reazioni contrastanti e complessivamente non esaltanti: le stroncature sono forti e e le recensioni positive puzzano un po' di ufficio stampa. A me, devo dire, \u00e8 piaciuto. Con avvertenze. Cominciamo dal male: Oblivion non passa la regola di Veneruzzo, non \u00e8 cos\u00ec\u2026","rel":"","context":"In &quot;Coordinate&quot;","block_context":{"text":"Coordinate","link":"http:\/\/www.robertosedda.it\/?cat=52"},"img":{"alt_text":"","src":"https:\/\/i0.wp.com\/www.robertosedda.it\/wp-content\/uploads\/2013\/05\/Oblivion.jpg?fit=1200%2C489&resize=350%2C200","width":350,"height":200,"srcset":"https:\/\/i0.wp.com\/www.robertosedda.it\/wp-content\/uploads\/2013\/05\/Oblivion.jpg?fit=1200%2C489&resize=350%2C200 1x, https:\/\/i0.wp.com\/www.robertosedda.it\/wp-content\/uploads\/2013\/05\/Oblivion.jpg?fit=1200%2C489&resize=700%2C400 2x, https:\/\/i0.wp.com\/www.robertosedda.it\/wp-content\/uploads\/2013\/05\/Oblivion.jpg?fit=1200%2C489&resize=1050%2C600 3x"},"classes":[]},{"id":12140,"url":"http:\/\/www.robertosedda.it\/?p=12140","url_meta":{"origin":15846,"position":1},"title":"Obama, l&#8217;uomo e il santo","author":"Rufus","date":"22\/06\/2016","format":false,"excerpt":"Bored Panda\u00a0dedica un breve ma interessante articolo al fotografo ufficiale di Obama, Pete Souza. Ci sono nell'articolo una ventina di foto che vale la pena di vedere (molte pi\u00f9 sull'account\u00a0ufficiale di Flickr\u00a0della Casa Bianca,\u00a0non solo per come sono fatte e per il grand'uomo che vi appare ma anche per i\u2026","rel":"","context":"In &quot;Coordinate&quot;","block_context":{"text":"Coordinate","link":"http:\/\/www.robertosedda.it\/?cat=52"},"img":{"alt_text":"","src":"https:\/\/i0.wp.com\/www.robertosedda.it\/wp-content\/uploads\/2016\/06\/Obama-Michelle.jpg?fit=880%2C587&resize=350%2C200","width":350,"height":200,"srcset":"https:\/\/i0.wp.com\/www.robertosedda.it\/wp-content\/uploads\/2016\/06\/Obama-Michelle.jpg?fit=880%2C587&resize=350%2C200 1x, https:\/\/i0.wp.com\/www.robertosedda.it\/wp-content\/uploads\/2016\/06\/Obama-Michelle.jpg?fit=880%2C587&resize=700%2C400 2x"},"classes":[]},{"id":16760,"url":"http:\/\/www.robertosedda.it\/?p=16760","url_meta":{"origin":15846,"position":2},"title":"Rozzamente perfetto, perfettamente rozzo","author":"Rufus","date":"03\/06\/2019","format":false,"excerpt":"Questo articolo parla di altro, ma prima richiede che io vi racconti del mio rapporto con l'inglese. Il quale rapporto pi\u00f9 o meno \u00e8 questo: ho studiato la lingua alle scuole medie e, avendo fatto il Classico, ai primi due anni del liceo. Il professore delle medie era fantastico, l'insegnante\u2026","rel":"","context":"In &quot;Coordinate&quot;","block_context":{"text":"Coordinate","link":"http:\/\/www.robertosedda.it\/?cat=52"},"img":{"alt_text":"","src":"https:\/\/i0.wp.com\/www.robertosedda.it\/wp-content\/uploads\/2019\/06\/Enterprise.jpg?fit=797%2C1003&resize=350%2C200","width":350,"height":200,"srcset":"https:\/\/i0.wp.com\/www.robertosedda.it\/wp-content\/uploads\/2019\/06\/Enterprise.jpg?fit=797%2C1003&resize=350%2C200 1x, https:\/\/i0.wp.com\/www.robertosedda.it\/wp-content\/uploads\/2019\/06\/Enterprise.jpg?fit=797%2C1003&resize=700%2C400 2x"},"classes":[]},{"id":2471,"url":"http:\/\/www.robertosedda.it\/?p=2471","url_meta":{"origin":15846,"position":3},"title":"Gangster squad","author":"Rufus","date":"07\/03\/2013","format":"video","excerpt":"Il giorno dopo aver visto Gangster squad ho fatto una prova con i Fabbricastorie: ho iniziato a raccontargli la storia e mi sono fermato al primo snodo importante. Ho chiesto secondo loro come proseguiva. Avuta la risposta (esatta) mi sono fermato al secondo snodo, con lo stesso tipo di domanda.\u2026","rel":"","context":"In &quot;Coordinate&quot;","block_context":{"text":"Coordinate","link":"http:\/\/www.robertosedda.it\/?cat=52"},"img":{"alt_text":"","src":"https:\/\/i0.wp.com\/www.robertosedda.it\/wp-content\/uploads\/2013\/03\/Gangster-squad.jpg?fit=315%2C445&resize=350%2C200","width":350,"height":200},"classes":[]},{"id":6840,"url":"http:\/\/www.robertosedda.it\/?p=6840","url_meta":{"origin":15846,"position":4},"title":"Film a met\u00e0 &#8211; 3 (e basta, spero!)","author":"Rufus","date":"26\/03\/2014","format":"video","excerpt":"Dopo i due film sentimentali di cui ho parlato nei giorni scorsi ho deciso di cambiare completamente genere e sono andato a vedere 47 Ronin con mio cognato Alberto, mio complice abituale in queste escursioni con giocattoloni hollywoodiani. 47 Ronin si \u00e8 rivelato il film pi\u00f9 a met\u00e0 di tutti.\u2026","rel":"","context":"In &quot;Cappe e spade&quot;","block_context":{"text":"Cappe e spade","link":"http:\/\/www.robertosedda.it\/?cat=70"},"img":{"alt_text":"","src":"https:\/\/i0.wp.com\/img.youtube.com\/vi\/ya-SqxD7wn8\/0.jpg?resize=350%2C200","width":350,"height":200},"classes":[]},{"id":10156,"url":"http:\/\/www.robertosedda.it\/?p=10156","url_meta":{"origin":15846,"position":5},"title":"Fatti coraggio, Moretti!","author":"Rufus","date":"30\/04\/2015","format":"video","excerpt":"Mia madre (Nanni Moretti, Italia\/Francia 2015) Mentre guardavo\u00a0Mia madre di Moretti mi chiedevo quando mai fosse diventato, Nanni, il cantore del disfacimento del tutto, il regista che gira e rigira intorno al senso di morte opprimente come metafora di un momento storico e del tramonto di un'epoca, di una cultura.\u2026","rel":"","context":"In &quot;Coordinate&quot;","block_context":{"text":"Coordinate","link":"http:\/\/www.robertosedda.it\/?cat=52"},"img":{"alt_text":"","src":"https:\/\/i0.wp.com\/img.youtube.com\/vi\/q4tQ6VvPPc4\/0.jpg?resize=350%2C200","width":350,"height":200},"classes":[]}],"_links":{"self":[{"href":"http:\/\/www.robertosedda.it\/index.php?rest_route=\/wp\/v2\/posts\/15846"}],"collection":[{"href":"http:\/\/www.robertosedda.it\/index.php?rest_route=\/wp\/v2\/posts"}],"about":[{"href":"http:\/\/www.robertosedda.it\/index.php?rest_route=\/wp\/v2\/types\/post"}],"author":[{"embeddable":true,"href":"http:\/\/www.robertosedda.it\/index.php?rest_route=\/wp\/v2\/users\/1"}],"replies":[{"embeddable":true,"href":"http:\/\/www.robertosedda.it\/index.php?rest_route=%2Fwp%2Fv2%2Fcomments&post=15846"}],"version-history":[{"count":3,"href":"http:\/\/www.robertosedda.it\/index.php?rest_route=\/wp\/v2\/posts\/15846\/revisions"}],"predecessor-version":[{"id":15850,"href":"http:\/\/www.robertosedda.it\/index.php?rest_route=\/wp\/v2\/posts\/15846\/revisions\/15850"}],"wp:featuredmedia":[{"embeddable":true,"href":"http:\/\/www.robertosedda.it\/index.php?rest_route=\/wp\/v2\/media\/15847"}],"wp:attachment":[{"href":"http:\/\/www.robertosedda.it\/index.php?rest_route=%2Fwp%2Fv2%2Fmedia&parent=15846"}],"wp:term":[{"taxonomy":"category","embeddable":true,"href":"http:\/\/www.robertosedda.it\/index.php?rest_route=%2Fwp%2Fv2%2Fcategories&post=15846"},{"taxonomy":"post_tag","embeddable":true,"href":"http:\/\/www.robertosedda.it\/index.php?rest_route=%2Fwp%2Fv2%2Ftags&post=15846"}],"curies":[{"name":"wp","href":"https:\/\/api.w.org\/{rel}","templated":true}]}}