{"id":15801,"date":"2018-11-05T16:21:29","date_gmt":"2018-11-05T15:21:29","guid":{"rendered":"http:\/\/www.robertosedda.it\/?p=15801"},"modified":"2018-11-16T16:40:18","modified_gmt":"2018-11-16T15:40:18","slug":"mostre-per-cui-comb-fare-una-bella-gita","status":"publish","type":"post","link":"http:\/\/www.robertosedda.it\/?p=15801","title":{"rendered":"Mostre per cui comb&#8230; fare una bella gita"},"content":{"rendered":"<p>Vorrei consigliare di non lasciarsi scappare la mostra\u00a0<a href=\"http:\/\/www.museonivola.it\/mostre-e-eventi\/what-are-we-fighting-for-chicago-68-orani-68\/\"><em>What are we fighting for<\/em><\/a>, al\u00a0<em>Museo Nivola<\/em> di Orani fino al 9 dicembre.<\/p>\n<p>Il titolo della mostra prende spunto da quello della canzone dedicata alla guerra del Vietnam da Country Joe McDonald, <em>Per cosa combattiamo?<\/em>, domanda di senso diventata frase chiave della contestazione del &#8217;68: che senso ha andare a morire in Vietnam? Per fare un favore a chi?<\/p>\n<div class=\"jetpack-video-wrapper\"><span class=\"embed-youtube\" style=\"text-align:center; display: block;\"><iframe loading=\"lazy\" class=\"youtube-player\" width=\"800\" height=\"450\" src=\"https:\/\/www.youtube.com\/embed\/nXspsfoPX50?version=3&#038;rel=1&#038;showsearch=0&#038;showinfo=1&#038;iv_load_policy=1&#038;fs=1&#038;hl=it-IT&#038;autohide=2&#038;wmode=transparent\" allowfullscreen=\"true\" style=\"border:0;\" sandbox=\"allow-scripts allow-same-origin allow-popups allow-presentation\"><\/iframe><\/span><\/div>\n<p>La mostra raccoglie due diverse produzioni di Nivola: da una parte i disegni sbozzati in tutta fretta (e poi via via raccolti e raffinati) sorti per commentare la dura repressione da parte della polizia delle proteste di piazza durante la <em>convention\u00a0<\/em>democratica svoltasi a Chicago nel &#8217;68: la prima volta che la nazione assisteva in diretta televisiva alla brutalit\u00e0 poliziesca. E dall&#8217;altra parte la produzione dedicata in quello stesso periodo e negli anni immediatamente seguenti alla Sardegna, in particolare ai temi delle servit\u00f9 militari e del controllo autoritario del territorio e in generale al colonialismo.<\/p>\n<p>Parentesi: da ragazzino &#8211; diciamo dai dodici anni &#8211; avevo appeso in camera due di questi <em>poster<\/em> di Nivola, pubblicati da\u00a0<em>Feltrinelli<\/em>, e mi ha fatto una certa emozione ritrovarli esposti.<a href=\"https:\/\/i0.wp.com\/www.robertosedda.it\/wp-content\/uploads\/2018\/11\/Militari-Nivola-2.jpg\"><img data-attachment-id=\"15802\" data-permalink=\"http:\/\/www.robertosedda.it\/?attachment_id=15802\" data-orig-file=\"https:\/\/i0.wp.com\/www.robertosedda.it\/wp-content\/uploads\/2018\/11\/Militari-Nivola-2.jpg?fit=672%2C960\" data-orig-size=\"672,960\" data-comments-opened=\"1\" data-image-meta=\"{&quot;aperture&quot;:&quot;0&quot;,&quot;credit&quot;:&quot;&quot;,&quot;camera&quot;:&quot;&quot;,&quot;caption&quot;:&quot;&quot;,&quot;created_timestamp&quot;:&quot;0&quot;,&quot;copyright&quot;:&quot;&quot;,&quot;focal_length&quot;:&quot;0&quot;,&quot;iso&quot;:&quot;0&quot;,&quot;shutter_speed&quot;:&quot;0&quot;,&quot;title&quot;:&quot;&quot;,&quot;orientation&quot;:&quot;0&quot;}\" data-image-title=\"Militari Nivola 2\" data-image-description=\"\" data-image-caption=\"\" data-medium-file=\"https:\/\/i0.wp.com\/www.robertosedda.it\/wp-content\/uploads\/2018\/11\/Militari-Nivola-2.jpg?fit=210%2C300\" data-large-file=\"https:\/\/i0.wp.com\/www.robertosedda.it\/wp-content\/uploads\/2018\/11\/Militari-Nivola-2.jpg?fit=510%2C729\" decoding=\"async\" loading=\"lazy\" class=\"alignleft wp-image-15802\" src=\"https:\/\/i0.wp.com\/www.robertosedda.it\/wp-content\/uploads\/2018\/11\/Militari-Nivola-2.jpg?resize=300%2C429\" alt=\"\" width=\"300\" height=\"429\" srcset=\"https:\/\/i0.wp.com\/www.robertosedda.it\/wp-content\/uploads\/2018\/11\/Militari-Nivola-2.jpg?resize=210%2C300 210w, https:\/\/i0.wp.com\/www.robertosedda.it\/wp-content\/uploads\/2018\/11\/Militari-Nivola-2.jpg?resize=105%2C150 105w, https:\/\/i0.wp.com\/www.robertosedda.it\/wp-content\/uploads\/2018\/11\/Militari-Nivola-2.jpg?resize=510%2C729 510w, https:\/\/i0.wp.com\/www.robertosedda.it\/wp-content\/uploads\/2018\/11\/Militari-Nivola-2.jpg?w=672 672w\" sizes=\"(max-width: 300px) 100vw, 300px\" data-recalc-dims=\"1\" \/><\/a><a href=\"https:\/\/i0.wp.com\/www.robertosedda.it\/wp-content\/uploads\/2018\/11\/Nivola-venduto.jpg\"><img data-attachment-id=\"15803\" data-permalink=\"http:\/\/www.robertosedda.it\/?attachment_id=15803\" data-orig-file=\"https:\/\/i0.wp.com\/www.robertosedda.it\/wp-content\/uploads\/2018\/11\/Nivola-venduto.jpg?fit=672%2C960\" data-orig-size=\"672,960\" data-comments-opened=\"1\" data-image-meta=\"{&quot;aperture&quot;:&quot;0&quot;,&quot;credit&quot;:&quot;&quot;,&quot;camera&quot;:&quot;&quot;,&quot;caption&quot;:&quot;&quot;,&quot;created_timestamp&quot;:&quot;0&quot;,&quot;copyright&quot;:&quot;&quot;,&quot;focal_length&quot;:&quot;0&quot;,&quot;iso&quot;:&quot;0&quot;,&quot;shutter_speed&quot;:&quot;0&quot;,&quot;title&quot;:&quot;&quot;,&quot;orientation&quot;:&quot;0&quot;}\" data-image-title=\"Nivola venduto\" data-image-description=\"\" data-image-caption=\"\" data-medium-file=\"https:\/\/i0.wp.com\/www.robertosedda.it\/wp-content\/uploads\/2018\/11\/Nivola-venduto.jpg?fit=210%2C300\" data-large-file=\"https:\/\/i0.wp.com\/www.robertosedda.it\/wp-content\/uploads\/2018\/11\/Nivola-venduto.jpg?fit=510%2C729\" decoding=\"async\" loading=\"lazy\" class=\"aligncenter wp-image-15803\" src=\"https:\/\/i0.wp.com\/www.robertosedda.it\/wp-content\/uploads\/2018\/11\/Nivola-venduto.jpg?resize=300%2C429\" alt=\"\" width=\"300\" height=\"429\" srcset=\"https:\/\/i0.wp.com\/www.robertosedda.it\/wp-content\/uploads\/2018\/11\/Nivola-venduto.jpg?resize=210%2C300 210w, https:\/\/i0.wp.com\/www.robertosedda.it\/wp-content\/uploads\/2018\/11\/Nivola-venduto.jpg?resize=105%2C150 105w, https:\/\/i0.wp.com\/www.robertosedda.it\/wp-content\/uploads\/2018\/11\/Nivola-venduto.jpg?resize=510%2C729 510w, https:\/\/i0.wp.com\/www.robertosedda.it\/wp-content\/uploads\/2018\/11\/Nivola-venduto.jpg?w=672 672w\" sizes=\"(max-width: 300px) 100vw, 300px\" data-recalc-dims=\"1\" \/><\/a><\/p>\n<p>Considerate che avevo anche il\u00a0<em>Che<\/em>, appeso.<\/p>\n<p>Ok, anche un <em>F-15<\/em> della Marina americana e il Cristo di Cimabue. C&#8217;era molta confusione sotto il cielo.<\/p>\n<p>Comunque.<\/p>\n<p>L&#8217;Inossidabile ricorda sempre che nel &#8217;46, al ritorno in Italia dopo la guerra, si recarono a rivedere i parenti di Orani e che qualcuno nella lunga teoria di compari, figliocci e amici che passarono per casa a\u00a0 salutare casa le chiese: \u00abE cosa \u00e8 meglio, Orani o l&#8217;Africa?\u00bb. Lo racconta con un po&#8217; di insofferenza, per dire che non si rendevano conto, che avevano di Orani l&#8217;idea di un centro del mondo che tale evidentemente non era.<\/p>\n<p>Una mostra che mette insieme il &#8217;68 di Chicago e quello di Orani potrebbe sembrare soggetta alla stessa critica, e invece questa sfugge\u00a0 brillantemente al rischio. Prima di tutto perch\u00e9 a tenere insieme il tutto c&#8217;\u00e8 Nivola, il quale in quel momento disegnava\u00a0<em>davvero<\/em> cos\u00ec, e cio\u00e8 evidentemente analizzava gli avvenimenti globali mantenendo la testa alle sue radici, o per meglio dire evidentemente vedeva un rapporto fra le situazioni locali ai confini dell&#8217;impero e la repressione verso chi attentava alla\u00a0<em>leadership\u00a0<\/em>dello stesso impero: e siccome lo vedeva lui \u00e8 capace ancora oggi di farcelo vedere anche a noi, con un segno grafico straordinario.<\/p>\n<p>E poi la mostra sfugge al rischio di cui dicevo prima con un allestimento che mi \u00e8 sembrato buonissimo. Allestita nel vecchio lavatoio &#8211; quello, per capirci, che \u00e8 stato il nucleo storico del museo &#8211; mantiene ed esaspera la dicotomia: a sinistra calano dal soffitto grandi foto, enormi, degli scontri di Chicago; dalla parte opposta le affrontano altrettanto grandi foto riferite alla presenza militare e di polizia nelle campagne oranesi nello stesso periodo (non ci sono scontri, qui, evidentemente, ma il contrasto \u00e8 altrettanto netto).<\/p>\n<p><a href=\"https:\/\/i0.wp.com\/www.robertosedda.it\/wp-content\/uploads\/2018\/11\/What-are-we-fighing-for.png\"><img data-attachment-id=\"15804\" data-permalink=\"http:\/\/www.robertosedda.it\/?attachment_id=15804\" data-orig-file=\"https:\/\/i0.wp.com\/www.robertosedda.it\/wp-content\/uploads\/2018\/11\/What-are-we-fighing-for.png?fit=600%2C416\" data-orig-size=\"600,416\" data-comments-opened=\"1\" data-image-meta=\"{&quot;aperture&quot;:&quot;0&quot;,&quot;credit&quot;:&quot;&quot;,&quot;camera&quot;:&quot;&quot;,&quot;caption&quot;:&quot;&quot;,&quot;created_timestamp&quot;:&quot;0&quot;,&quot;copyright&quot;:&quot;&quot;,&quot;focal_length&quot;:&quot;0&quot;,&quot;iso&quot;:&quot;0&quot;,&quot;shutter_speed&quot;:&quot;0&quot;,&quot;title&quot;:&quot;&quot;,&quot;orientation&quot;:&quot;0&quot;}\" data-image-title=\"What are we fighing for\" data-image-description=\"\" data-image-caption=\"\" data-medium-file=\"https:\/\/i0.wp.com\/www.robertosedda.it\/wp-content\/uploads\/2018\/11\/What-are-we-fighing-for.png?fit=300%2C208\" data-large-file=\"https:\/\/i0.wp.com\/www.robertosedda.it\/wp-content\/uploads\/2018\/11\/What-are-we-fighing-for.png?fit=510%2C354\" decoding=\"async\" loading=\"lazy\" class=\"aligncenter size-full wp-image-15804\" src=\"https:\/\/i0.wp.com\/www.robertosedda.it\/wp-content\/uploads\/2018\/11\/What-are-we-fighing-for.png?resize=600%2C416\" alt=\"\" width=\"600\" height=\"416\" srcset=\"https:\/\/i0.wp.com\/www.robertosedda.it\/wp-content\/uploads\/2018\/11\/What-are-we-fighing-for.png?w=600 600w, https:\/\/i0.wp.com\/www.robertosedda.it\/wp-content\/uploads\/2018\/11\/What-are-we-fighing-for.png?resize=150%2C104 150w, https:\/\/i0.wp.com\/www.robertosedda.it\/wp-content\/uploads\/2018\/11\/What-are-we-fighing-for.png?resize=300%2C208 300w, https:\/\/i0.wp.com\/www.robertosedda.it\/wp-content\/uploads\/2018\/11\/What-are-we-fighing-for.png?resize=510%2C354 510w\" sizes=\"(max-width: 600px) 100vw, 600px\" data-recalc-dims=\"1\" \/><\/a>Sotto le foto sono conservate un po&#8217; di testimonianze d&#8217;epoca: se quelle relative a Chicago sono interessanti ma un po&#8217;\u00a0<em>standard<\/em> (i <em>reportage<\/em> di <em>Life<\/em> e\u00a0<em>Time<\/em>, per esempio), quelle oranesi sono interessantissime, perch\u00e9 raccontano che anche al centro della Sardegna in quell&#8217;anno le cose cambiavano: su tutto domina un ciclostile, simbolo dell&#8217;epoca (e di altre successive: ancora negli anni &#8217;80 nell&#8217;Azione Cattolica di Cagliari si ciclostilava e si facevano giornaletti a numero unico come quelli che una quindicina di anni prima si facevano a Orani).<\/p>\n<p>Di grandissimo interesse, e chiave portante credo dell&#8217;allestimento, \u00e8 il breve documentario nel quale sono invitati a ricordare l&#8217;epoca una serie di oranesi che nel &#8217;68 erano diciottenni o poco pi\u00f9: i quali danno coi loro racconti &#8211; essere cappelloni a Orani, i complessini e la musica, i <em>club<\/em> giovanili, le rivistine ciclostilate, una nuova gestione dei rapporti sentimentali, il teatro di impegno politico all&#8217;oratorio, i\u00a0<em>Beatles<\/em>, comunisti e democristiani &#8211; il tono di ci\u00f2 che era e che, in fondo, non deve essere molto diverso da quello che racconterebbe un giovane che all&#8217;epoca stava nel Montana o nel Nevada e magari si era fatto tutta la strada per protestare a Chicago e farsi picchiare dalla polizia. Il documentario vale <em>davvero<\/em> la visione e da solo la visita, anche perch\u00e9 credo che copra anche un buco importante, nel senso che non mi sembra che nel cinquantenario del &#8217;68 molti altri in Sardegna si siano presi la briga di ricordare la ricorrenza o meglio, di provare a tracciarne il racconto locale. In questo senso la mostra, anche se parzialmente, colma una lacuna importante.<\/p>\n<p>E poi ci sono, da una parte e dall&#8217;altra, i disegni di Nivola, che suggerisco di guardare con calma dopo aver visto tutto l&#8217;altro materiale. Devo dire che io, arrivato a uno dei primi, ho detto: \u00abCaspiterina, se era bravo Nivola\u00bb, solo che l&#8217;esclamazione non era proprio\u00a0<em>caspiterina<\/em>. Non \u00e8 solo la vigoria del segno grafico o la cifra stilistica con cui vengono interpretati i fatti, con i corpi intrecciati, la deformazione espressionista dei corpi e degli atteggiamenti: mi ha molto emozionato rendermi conto &#8211; una delle mie prime volte nell&#8217;arte contemporanea &#8211; che Nivola in tutto il groviglio di quel disegno si era preso il tempo di studiare l&#8217;<em>inquadratura<\/em> della scena, pur sapendo che in una visione appena appena a distanza si trattava di un particolare che non sarebbe stato notato con immediatezza (e che per\u00f2 fa la differenza con una scena molto pi\u00f9 banale).<\/p>\n","protected":false},"excerpt":{"rendered":"<p>Vorrei consigliare di non lasciarsi scappare la mostra\u00a0What are we fighting for, al\u00a0Museo Nivola di Orani fino al 9 dicembre.<\/p>\n","protected":false},"author":1,"featured_media":15804,"comment_status":"open","ping_status":"open","sticky":false,"template":"","format":"standard","meta":{"_mi_skip_tracking":false,"_monsterinsights_sitenote_active":false,"_monsterinsights_sitenote_note":"","_monsterinsights_sitenote_category":0,"jetpack_post_was_ever_published":false,"_jetpack_newsletter_access":"","jetpack_publicize_message":"","jetpack_is_tweetstorm":false,"jetpack_publicize_feature_enabled":true,"jetpack_social_post_already_shared":true,"jetpack_social_options":{"image_generator_settings":{"template":"highway","enabled":false}}},"categories":[52,49,55,77,12],"tags":[],"jetpack_publicize_connections":[],"jetpack_featured_media_url":"https:\/\/i0.wp.com\/www.robertosedda.it\/wp-content\/uploads\/2018\/11\/What-are-we-fighing-for.png?fit=600%2C416","jetpack_sharing_enabled":true,"jetpack_shortlink":"https:\/\/wp.me\/p4jV2T-46R","jetpack_likes_enabled":true,"jetpack-related-posts":[{"id":9372,"url":"http:\/\/www.robertosedda.it\/?p=9372","url_meta":{"origin":15801,"position":0},"title":"Due libri su Orani","author":"Rufus","date":"12\/01\/2015","format":false,"excerpt":"Invidio molto mia mamma alla quale \u00e8 stato appena regalato\u00a0Costantino Nivola. Ritorno a Itaca di Carlo Bavagnoli. Si tratta di un bellissimo libro fotografico che si giova oltretutto del fatto che documenta un momento davvero particolare della vita della Sardegna e in particolare di Orani. Le foto di Bavagnoli, in\u2026","rel":"","context":"In &quot;Coordinate&quot;","block_context":{"text":"Coordinate","link":"http:\/\/www.robertosedda.it\/?cat=52"},"img":{"alt_text":"","src":"https:\/\/i0.wp.com\/www.robertosedda.it\/wp-content\/uploads\/2015\/01\/Bavagnoli-Nivola-5.png?fit=482%2C480&resize=350%2C200","width":350,"height":200},"classes":[]},{"id":10306,"url":"http:\/\/www.robertosedda.it\/?p=10306","url_meta":{"origin":15801,"position":1},"title":"&#8220;La costante resistenziale&#8221; al MAN di Nuoro","author":"Rufus","date":"04\/06\/2015","format":false,"excerpt":"Ho passato gioiosamente il ponte del 2 giugno a Orani con Maria Bonaria e mia madre, e ne ho anche approfittato per rivedere il Museo Nivola\u00a0e per andare al\u00a0MAN a vedere la mostra\u00a0La costante resistenziale\u00a0 #1 -\u00a0Venticinque anni di ricerca artistica in Sardegna (1957-1983), dedicata al percorso degli artisti sardi\u2026","rel":"","context":"In &quot;Coordinate&quot;","block_context":{"text":"Coordinate","link":"http:\/\/www.robertosedda.it\/?cat=52"},"img":{"alt_text":"","src":"https:\/\/i0.wp.com\/www.robertosedda.it\/wp-content\/uploads\/2015\/06\/Angelo-Liberati.jpg.jpg?fit=617%2C492&resize=350%2C200","width":350,"height":200},"classes":[]},{"id":6715,"url":"http:\/\/www.robertosedda.it\/?p=6715","url_meta":{"origin":15801,"position":2},"title":"Cosa c&#8217;entra la noviolenza col Museo Nivola di Orani?","author":"Rufus","date":"17\/03\/2014","format":false,"excerpt":"Un'ascendenza fortemente sentita Non so se ho mai raccontato qui sul blog di essere mezzo oranese - Delitala da parte di madre, e fierissimo di questa ascendenza - e quindi dotato di solidissime radici barbaricine. Se Cagliari \u00e8 la mia citt\u00e0 del cuore, senza merito perch\u00e9 vi sono nato e\u2026","rel":"","context":"In &quot;Coordinate&quot;","block_context":{"text":"Coordinate","link":"http:\/\/www.robertosedda.it\/?cat=52"},"img":{"alt_text":"","src":"https:\/\/i0.wp.com\/www.robertosedda.it\/wp-content\/uploads\/2014\/03\/Davanti-Sa-Itria-a-Orani.jpg?fit=960%2C720&resize=350%2C200","width":350,"height":200,"srcset":"https:\/\/i0.wp.com\/www.robertosedda.it\/wp-content\/uploads\/2014\/03\/Davanti-Sa-Itria-a-Orani.jpg?fit=960%2C720&resize=350%2C200 1x, https:\/\/i0.wp.com\/www.robertosedda.it\/wp-content\/uploads\/2014\/03\/Davanti-Sa-Itria-a-Orani.jpg?fit=960%2C720&resize=700%2C400 2x"},"classes":[]},{"id":20960,"url":"http:\/\/www.robertosedda.it\/?p=20960","url_meta":{"origin":15801,"position":3},"title":"Quattro cose che ho pensato di Paolo Fresu","author":"Rufus","date":"12\/02\/2026","format":false,"excerpt":"Ieri ho visto a teatro Kind of Miles, spettacolo di Paolo Fresu e di un gigantesco sestetto di accompagnatori. https:\/\/youtu.be\/8Au09likPpU E mentre seguivo lo spettacolo, una autobiografia di Miles Davis o forse una autobiografia di Fresu o forse la storia di un innamoramento musicale o forse una storia di un\u2026","rel":"","context":"In &quot;Coordinate&quot;","block_context":{"text":"Coordinate","link":"http:\/\/www.robertosedda.it\/?cat=52"},"img":{"alt_text":"","src":"https:\/\/i0.wp.com\/www.robertosedda.it\/wp-content\/uploads\/2026\/02\/Kind-of-Miles-1-3.jpg?fit=1200%2C800&resize=350%2C200","width":350,"height":200,"srcset":"https:\/\/i0.wp.com\/www.robertosedda.it\/wp-content\/uploads\/2026\/02\/Kind-of-Miles-1-3.jpg?fit=1200%2C800&resize=350%2C200 1x, https:\/\/i0.wp.com\/www.robertosedda.it\/wp-content\/uploads\/2026\/02\/Kind-of-Miles-1-3.jpg?fit=1200%2C800&resize=700%2C400 2x, https:\/\/i0.wp.com\/www.robertosedda.it\/wp-content\/uploads\/2026\/02\/Kind-of-Miles-1-3.jpg?fit=1200%2C800&resize=1050%2C600 3x"},"classes":[]},{"id":19907,"url":"http:\/\/www.robertosedda.it\/?p=19907","url_meta":{"origin":15801,"position":4},"title":"All&#8217;erta per l&#8217;arte","author":"Rufus","date":"06\/08\/2022","format":false,"excerpt":"Vedo sul Guardian che un gruppo di studenti dell'Imperial College di Londra ha presentato una mozione contro l'installazione nel campus di una scultura prodotta dall'artista Antony Gormley, perch\u00e9 questa, a-hem, raffigurerebbe un uomo in stato di palese eccitazione sessuale, sarebbe \u00abfallica\u00bb, con una \u00abevidente erezione\u00bb. L'artista si difende dicendo che\u2026","rel":"","context":"In &quot;Antropologia&quot;","block_context":{"text":"Antropologia","link":"http:\/\/www.robertosedda.it\/?cat=97"},"img":{"alt_text":"","src":"https:\/\/i0.wp.com\/www.robertosedda.it\/wp-content\/uploads\/2022\/08\/Gormley-statue.png?fit=638%2C541&resize=350%2C200","width":350,"height":200},"classes":[]},{"id":17487,"url":"http:\/\/www.robertosedda.it\/?p=17487","url_meta":{"origin":15801,"position":5},"title":"Fotogiornalismo da non perdere","author":"Rufus","date":"05\/11\/2019","format":false,"excerpt":"Nel mio recente giro per l'interno della Sardegna, in uno dei momenti nei quali Google Maps non mi portava fuori strada, sono andato a Gavoi. Volevamo vedere la mostra World Press Photo Exhibition 2019, l'esibizione delle foto scattate dai finalisti di uno dei pi\u00f9 importanti concorsi di reportage fotografici al\u2026","rel":"","context":"In &quot;Coordinate&quot;","block_context":{"text":"Coordinate","link":"http:\/\/www.robertosedda.it\/?cat=52"},"img":{"alt_text":"","src":"https:\/\/i0.wp.com\/www.robertosedda.it\/wp-content\/uploads\/2019\/11\/WPF-Gavoi.png?fit=1182%2C857&resize=350%2C200","width":350,"height":200,"srcset":"https:\/\/i0.wp.com\/www.robertosedda.it\/wp-content\/uploads\/2019\/11\/WPF-Gavoi.png?fit=1182%2C857&resize=350%2C200 1x, https:\/\/i0.wp.com\/www.robertosedda.it\/wp-content\/uploads\/2019\/11\/WPF-Gavoi.png?fit=1182%2C857&resize=700%2C400 2x, https:\/\/i0.wp.com\/www.robertosedda.it\/wp-content\/uploads\/2019\/11\/WPF-Gavoi.png?fit=1182%2C857&resize=1050%2C600 3x"},"classes":[]}],"_links":{"self":[{"href":"http:\/\/www.robertosedda.it\/index.php?rest_route=\/wp\/v2\/posts\/15801"}],"collection":[{"href":"http:\/\/www.robertosedda.it\/index.php?rest_route=\/wp\/v2\/posts"}],"about":[{"href":"http:\/\/www.robertosedda.it\/index.php?rest_route=\/wp\/v2\/types\/post"}],"author":[{"embeddable":true,"href":"http:\/\/www.robertosedda.it\/index.php?rest_route=\/wp\/v2\/users\/1"}],"replies":[{"embeddable":true,"href":"http:\/\/www.robertosedda.it\/index.php?rest_route=%2Fwp%2Fv2%2Fcomments&post=15801"}],"version-history":[{"count":4,"href":"http:\/\/www.robertosedda.it\/index.php?rest_route=\/wp\/v2\/posts\/15801\/revisions"}],"predecessor-version":[{"id":15808,"href":"http:\/\/www.robertosedda.it\/index.php?rest_route=\/wp\/v2\/posts\/15801\/revisions\/15808"}],"wp:featuredmedia":[{"embeddable":true,"href":"http:\/\/www.robertosedda.it\/index.php?rest_route=\/wp\/v2\/media\/15804"}],"wp:attachment":[{"href":"http:\/\/www.robertosedda.it\/index.php?rest_route=%2Fwp%2Fv2%2Fmedia&parent=15801"}],"wp:term":[{"taxonomy":"category","embeddable":true,"href":"http:\/\/www.robertosedda.it\/index.php?rest_route=%2Fwp%2Fv2%2Fcategories&post=15801"},{"taxonomy":"post_tag","embeddable":true,"href":"http:\/\/www.robertosedda.it\/index.php?rest_route=%2Fwp%2Fv2%2Ftags&post=15801"}],"curies":[{"name":"wp","href":"https:\/\/api.w.org\/{rel}","templated":true}]}}