{"id":15799,"date":"2018-11-02T09:43:03","date_gmt":"2018-11-02T08:43:03","guid":{"rendered":"http:\/\/www.robertosedda.it\/?p=15799"},"modified":"2018-11-26T18:08:56","modified_gmt":"2018-11-26T17:08:56","slug":"cambio-di-immagine","status":"publish","type":"post","link":"http:\/\/www.robertosedda.it\/?p=15799","title":{"rendered":"Cambio di immagine"},"content":{"rendered":"<p>Marted\u00ec sera sono andato a sentire gli <em>Scrittori da panico\u00a0 al Babeuf\u00a0<\/em>(Dario Dess\u00ec e Lalla Careddu sugli scudi, insieme a un racconto sul calcetto dopo i quarant&#8217;anni di cui non ricordo l&#8217;autore ma che faceva\u00a0<em>paurissima<\/em>) e Riccardo Atzeni, che sul palco faceva disegni&#8230;\u00a0<em>da panico<\/em>, mi ha fatto questa caricatura di cui vado smoderatamente orgoglioso:<\/p>\n<p><a href=\"https:\/\/i0.wp.com\/www.robertosedda.it\/wp-content\/uploads\/2018\/10\/Rufus.png\"><img data-attachment-id=\"15796\" data-permalink=\"http:\/\/www.robertosedda.it\/?attachment_id=15796\" data-orig-file=\"https:\/\/i0.wp.com\/www.robertosedda.it\/wp-content\/uploads\/2018\/10\/Rufus.png?fit=834%2C820\" data-orig-size=\"834,820\" data-comments-opened=\"1\" data-image-meta=\"{&quot;aperture&quot;:&quot;0&quot;,&quot;credit&quot;:&quot;&quot;,&quot;camera&quot;:&quot;&quot;,&quot;caption&quot;:&quot;&quot;,&quot;created_timestamp&quot;:&quot;0&quot;,&quot;copyright&quot;:&quot;&quot;,&quot;focal_length&quot;:&quot;0&quot;,&quot;iso&quot;:&quot;0&quot;,&quot;shutter_speed&quot;:&quot;0&quot;,&quot;title&quot;:&quot;&quot;,&quot;orientation&quot;:&quot;0&quot;}\" data-image-title=\"Rufus\" data-image-description=\"\" data-image-caption=\"\" data-medium-file=\"https:\/\/i0.wp.com\/www.robertosedda.it\/wp-content\/uploads\/2018\/10\/Rufus.png?fit=300%2C295\" data-large-file=\"https:\/\/i0.wp.com\/www.robertosedda.it\/wp-content\/uploads\/2018\/10\/Rufus.png?fit=510%2C501\" decoding=\"async\" loading=\"lazy\" class=\"aligncenter size-full wp-image-15796\" src=\"https:\/\/i0.wp.com\/www.robertosedda.it\/wp-content\/uploads\/2018\/10\/Rufus.png?resize=800%2C787\" alt=\"\" width=\"800\" height=\"787\" srcset=\"https:\/\/i0.wp.com\/www.robertosedda.it\/wp-content\/uploads\/2018\/10\/Rufus.png?w=834 834w, https:\/\/i0.wp.com\/www.robertosedda.it\/wp-content\/uploads\/2018\/10\/Rufus.png?resize=150%2C147 150w, https:\/\/i0.wp.com\/www.robertosedda.it\/wp-content\/uploads\/2018\/10\/Rufus.png?resize=300%2C295 300w, https:\/\/i0.wp.com\/www.robertosedda.it\/wp-content\/uploads\/2018\/10\/Rufus.png?resize=510%2C501 510w, https:\/\/i0.wp.com\/www.robertosedda.it\/wp-content\/uploads\/2018\/10\/Rufus.png?resize=700%2C688 700w\" sizes=\"(max-width: 800px) 100vw, 800px\" data-recalc-dims=\"1\" \/><\/a>Ho deciso, quindi, che d&#8217;ora in poi questa sar\u00e0 l&#8217;immagine ufficiale del\u00a0<em>blog<\/em>,\u00a0in sostituzione della vecchia caricatura che mi ero fatto fare tanti anni fa in piazza Navona di ritorno da un <em>Festival dei giochi<\/em> di Gradara, su insistenza di un giovanissimo ma gi\u00e0 allora esuberante\u00a0Nicola Lecca (le mie caricature hanno sempre un punto di partenza letterario, sembra):<\/p>\n<p><a href=\"https:\/\/i0.wp.com\/www.robertosedda.it\/wp-content\/uploads\/2014\/01\/rufus.gif\"><img data-attachment-id=\"5847\" data-permalink=\"http:\/\/www.robertosedda.it\/?attachment_id=5847\" data-orig-file=\"https:\/\/i0.wp.com\/www.robertosedda.it\/wp-content\/uploads\/2014\/01\/rufus.gif?fit=400%2C542\" data-orig-size=\"400,542\" data-comments-opened=\"1\" data-image-meta=\"{&quot;aperture&quot;:&quot;0&quot;,&quot;credit&quot;:&quot;&quot;,&quot;camera&quot;:&quot;&quot;,&quot;caption&quot;:&quot;&quot;,&quot;created_timestamp&quot;:&quot;0&quot;,&quot;copyright&quot;:&quot;&quot;,&quot;focal_length&quot;:&quot;0&quot;,&quot;iso&quot;:&quot;0&quot;,&quot;shutter_speed&quot;:&quot;0&quot;,&quot;title&quot;:&quot;&quot;}\" data-image-title=\"rufus\" data-image-description=\"\" data-image-caption=\"\" data-medium-file=\"https:\/\/i0.wp.com\/www.robertosedda.it\/wp-content\/uploads\/2014\/01\/rufus.gif?fit=221%2C300\" data-large-file=\"https:\/\/i0.wp.com\/www.robertosedda.it\/wp-content\/uploads\/2014\/01\/rufus.gif?fit=400%2C542\" decoding=\"async\" loading=\"lazy\" class=\"aligncenter size-full wp-image-5847\" src=\"https:\/\/i0.wp.com\/www.robertosedda.it\/wp-content\/uploads\/2014\/01\/rufus.gif?resize=400%2C542\" alt=\"\" width=\"400\" height=\"542\" data-recalc-dims=\"1\" \/><\/a>Non so se il cambio sar\u00e0 limitato solo al periodo autunnale o definitivo, perch\u00e9 sono pazzamente affezionato alla vecchia caricatura che ha accompagnato da allora tutti i miei siti: ma \u00e8 vero che, insomma, la faccia, i capelli e il colore della barba non sono pi\u00f9 quelli.<\/p>\n","protected":false},"excerpt":{"rendered":"<p>Marted\u00ec sera sono andato a sentire gli Scrittori da panico\u00a0 al Babeuf\u00a0(Dario Dess\u00ec e Lalla Careddu sugli scudi, insieme a<\/p>\n","protected":false},"author":1,"featured_media":15796,"comment_status":"open","ping_status":"open","sticky":false,"template":"","format":"standard","meta":{"_mi_skip_tracking":false,"_monsterinsights_sitenote_active":false,"_monsterinsights_sitenote_note":"","_monsterinsights_sitenote_category":0,"jetpack_post_was_ever_published":false,"_jetpack_newsletter_access":"","jetpack_publicize_message":"","jetpack_is_tweetstorm":false,"jetpack_publicize_feature_enabled":true,"jetpack_social_post_already_shared":true,"jetpack_social_options":{"image_generator_settings":{"template":"highway","enabled":false}}},"categories":[52,86,53,17,16],"tags":[],"jetpack_publicize_connections":[],"jetpack_featured_media_url":"https:\/\/i0.wp.com\/www.robertosedda.it\/wp-content\/uploads\/2018\/10\/Rufus.png?fit=834%2C820","jetpack_sharing_enabled":true,"jetpack_shortlink":"https:\/\/wp.me\/p4jV2T-46P","jetpack_likes_enabled":true,"jetpack-related-posts":[{"id":4568,"url":"http:\/\/www.robertosedda.it\/?p=4568","url_meta":{"origin":15799,"position":0},"title":"Caricature","author":"Rufus","date":"08\/10\/2013","format":false,"excerpt":"Leggo su Facebook\u00a0lo status di\u00a0una ex studentessa di Scienze Politiche, una ragazza a quel che ricordo obiettivamente avvenente. A quanto pare sabato scorso in un locale un tizio, poich\u00e9 lei si sottraeva alle sue proposte di libero amore, le ha detto con sarcasmo: \u00abCome sei preistorica. Andiamo a Messa insieme,\u2026","rel":"","context":"In &quot;Coordinate&quot;","block_context":{"text":"Coordinate","link":"http:\/\/www.robertosedda.it\/?cat=52"},"img":{"alt_text":"","src":"https:\/\/i0.wp.com\/www.robertosedda.it\/wp-content\/uploads\/2013\/10\/angelica1.jpg?fit=370%2C520&resize=350%2C200","width":350,"height":200},"classes":[]},{"id":12968,"url":"http:\/\/www.robertosedda.it\/?p=12968","url_meta":{"origin":15799,"position":1},"title":"Please, insert Rufus","author":"Rufus","date":"20\/12\/2016","format":false,"excerpt":"Sabato i\u00a0Fabbricastorie hanno passato uno scoglio non da poco nel percorso verso la\u00a0Global Game Jam, organizzando e gestendo senza troppe pecche il seminario\u00a0Please, insert story, una delle tappe intermedie principali verso la\u00a0Jam. Una delle cose belle era che nel pubblico c'\u00e8 stato esattamente quel\u00a0mix\u00a0di personalit\u00e0 e figure che ci auguravamo:\u2026","rel":"","context":"In &quot;Coordinate&quot;","block_context":{"text":"Coordinate","link":"http:\/\/www.robertosedda.it\/?cat=52"},"img":{"alt_text":"","src":"https:\/\/i0.wp.com\/www.robertosedda.it\/wp-content\/uploads\/2016\/12\/Saluti.jpg?fit=469%2C473&resize=350%2C200","width":350,"height":200},"classes":[]},{"id":20830,"url":"http:\/\/www.robertosedda.it\/?p=20830","url_meta":{"origin":15799,"position":2},"title":"Cartoline e filastrocche","author":"Rufus","date":"15\/01\/2026","format":false,"excerpt":"Da diversi anni quando vado in vacanza mando cartoline alle nipoti e a qualche altro, e le scrivo in rima. Scherzare in rima, in realt\u00e0, \u00e8 una tradizione della famiglia Delitala. Mio nonno e i fratelli, che avevano una intensa corrispondenza molto organizzata - si mandavano vere e proprie lettere\u2026","rel":"","context":"In &quot;Coordinate&quot;","block_context":{"text":"Coordinate","link":"http:\/\/www.robertosedda.it\/?cat=52"},"img":{"alt_text":"","src":"https:\/\/i0.wp.com\/www.robertosedda.it\/wp-content\/uploads\/2026\/01\/Mazia.jpg?fit=1200%2C541&resize=350%2C200","width":350,"height":200,"srcset":"https:\/\/i0.wp.com\/www.robertosedda.it\/wp-content\/uploads\/2026\/01\/Mazia.jpg?fit=1200%2C541&resize=350%2C200 1x, https:\/\/i0.wp.com\/www.robertosedda.it\/wp-content\/uploads\/2026\/01\/Mazia.jpg?fit=1200%2C541&resize=700%2C400 2x, https:\/\/i0.wp.com\/www.robertosedda.it\/wp-content\/uploads\/2026\/01\/Mazia.jpg?fit=1200%2C541&resize=1050%2C600 3x"},"classes":[]},{"id":5043,"url":"http:\/\/www.robertosedda.it\/?p=5043","url_meta":{"origin":15799,"position":3},"title":"Domande di politica","author":"Rufus","date":"19\/11\/2013","format":false,"excerpt":"Con i disastri di ieri e diciotto morti non ho molta voglia di scrivere, ma questo l'avevo preparato ieri e poi, forse, c'entra anche con l'alluvione, anche se marginalmente. A me Cagliari interessa A me le cose che riguardano Cagliari interessano molto. D'altronde \u00e8 la mia citt\u00e0, ci vivo da\u2026","rel":"","context":"In &quot;Coordinate&quot;","block_context":{"text":"Coordinate","link":"http:\/\/www.robertosedda.it\/?cat=52"},"img":{"alt_text":"","src":"https:\/\/i0.wp.com\/www.robertosedda.it\/wp-content\/uploads\/2013\/11\/Panorama-Cagliari.jpg?fit=640%2C428&resize=350%2C200","width":350,"height":200},"classes":[]},{"id":892,"url":"http:\/\/www.robertosedda.it\/?p=892","url_meta":{"origin":15799,"position":4},"title":"Kids, leave teachers alone","author":"Rufus","date":"20\/09\/2012","format":false,"excerpt":"GigaOm e il Wall Street Journal riportano entrambi la notizia che la Carolina del Nord si appresta ad approvare nuove norme contro le molestie informatiche. Curiosamente le molestie in questione non sono quelle fra adolescenti, n\u00e9 quelle di cui sono oggetto le donne, ma quelle rivolte dagli studenti ai loro\u2026","rel":"","context":"In &quot;Coordinate&quot;","block_context":{"text":"Coordinate","link":"http:\/\/www.robertosedda.it\/?cat=52"},"img":{"alt_text":"","src":"","width":0,"height":0},"classes":[]},{"id":15654,"url":"http:\/\/www.robertosedda.it\/?p=15654","url_meta":{"origin":15799,"position":5},"title":"Era davvero una cosa difficile. Ma entusiasmante","author":"Rufus","date":"12\/09\/2018","format":false,"excerpt":"\u00c8 stato quando mi sono reso conto che tutto il mio mondo e la mia capacit\u00e0 di attenzione ruotavano attorno alla pistola che tenevo in mano che mi sono reso conto che avevamo avuto ragione. Anche se la pistola era falsa. Quattro banditi Out of Dodge \u00e8 un gioco di\u2026","rel":"","context":"In &quot;Coordinate&quot;","block_context":{"text":"Coordinate","link":"http:\/\/www.robertosedda.it\/?cat=52"},"img":{"alt_text":"","src":"https:\/\/i0.wp.com\/www.robertosedda.it\/wp-content\/uploads\/2018\/09\/playroom_rect.png?fit=1200%2C277&resize=350%2C200","width":350,"height":200,"srcset":"https:\/\/i0.wp.com\/www.robertosedda.it\/wp-content\/uploads\/2018\/09\/playroom_rect.png?fit=1200%2C277&resize=350%2C200 1x, https:\/\/i0.wp.com\/www.robertosedda.it\/wp-content\/uploads\/2018\/09\/playroom_rect.png?fit=1200%2C277&resize=700%2C400 2x, https:\/\/i0.wp.com\/www.robertosedda.it\/wp-content\/uploads\/2018\/09\/playroom_rect.png?fit=1200%2C277&resize=1050%2C600 3x"},"classes":[]}],"_links":{"self":[{"href":"http:\/\/www.robertosedda.it\/index.php?rest_route=\/wp\/v2\/posts\/15799"}],"collection":[{"href":"http:\/\/www.robertosedda.it\/index.php?rest_route=\/wp\/v2\/posts"}],"about":[{"href":"http:\/\/www.robertosedda.it\/index.php?rest_route=\/wp\/v2\/types\/post"}],"author":[{"embeddable":true,"href":"http:\/\/www.robertosedda.it\/index.php?rest_route=\/wp\/v2\/users\/1"}],"replies":[{"embeddable":true,"href":"http:\/\/www.robertosedda.it\/index.php?rest_route=%2Fwp%2Fv2%2Fcomments&post=15799"}],"version-history":[{"count":1,"href":"http:\/\/www.robertosedda.it\/index.php?rest_route=\/wp\/v2\/posts\/15799\/revisions"}],"predecessor-version":[{"id":15800,"href":"http:\/\/www.robertosedda.it\/index.php?rest_route=\/wp\/v2\/posts\/15799\/revisions\/15800"}],"wp:featuredmedia":[{"embeddable":true,"href":"http:\/\/www.robertosedda.it\/index.php?rest_route=\/wp\/v2\/media\/15796"}],"wp:attachment":[{"href":"http:\/\/www.robertosedda.it\/index.php?rest_route=%2Fwp%2Fv2%2Fmedia&parent=15799"}],"wp:term":[{"taxonomy":"category","embeddable":true,"href":"http:\/\/www.robertosedda.it\/index.php?rest_route=%2Fwp%2Fv2%2Fcategories&post=15799"},{"taxonomy":"post_tag","embeddable":true,"href":"http:\/\/www.robertosedda.it\/index.php?rest_route=%2Fwp%2Fv2%2Ftags&post=15799"}],"curies":[{"name":"wp","href":"https:\/\/api.w.org\/{rel}","templated":true}]}}