{"id":15755,"date":"2018-10-18T19:13:24","date_gmt":"2018-10-18T17:13:24","guid":{"rendered":"http:\/\/www.robertosedda.it\/?p=15755"},"modified":"2018-11-02T10:14:12","modified_gmt":"2018-11-02T09:14:12","slug":"il-contrario-della-pagina-bianca","status":"publish","type":"post","link":"http:\/\/www.robertosedda.it\/?p=15755","title":{"rendered":"Il contrario della pagina bianca"},"content":{"rendered":"<p>Credo che tutti conoscano il blocco dello scrittore, il complesso della pagina bianca.<\/p>\n<p><img data-attachment-id=\"15756\" data-permalink=\"http:\/\/www.robertosedda.it\/?attachment_id=15756\" data-orig-file=\"https:\/\/i0.wp.com\/www.robertosedda.it\/wp-content\/uploads\/2018\/10\/Blocco-scrittore.png?fit=400%2C346\" data-orig-size=\"400,346\" data-comments-opened=\"1\" data-image-meta=\"{&quot;aperture&quot;:&quot;0&quot;,&quot;credit&quot;:&quot;&quot;,&quot;camera&quot;:&quot;&quot;,&quot;caption&quot;:&quot;&quot;,&quot;created_timestamp&quot;:&quot;0&quot;,&quot;copyright&quot;:&quot;&quot;,&quot;focal_length&quot;:&quot;0&quot;,&quot;iso&quot;:&quot;0&quot;,&quot;shutter_speed&quot;:&quot;0&quot;,&quot;title&quot;:&quot;&quot;,&quot;orientation&quot;:&quot;0&quot;}\" data-image-title=\"Blocco scrittore\" data-image-description=\"\" data-image-caption=\"\" data-medium-file=\"https:\/\/i0.wp.com\/www.robertosedda.it\/wp-content\/uploads\/2018\/10\/Blocco-scrittore.png?fit=300%2C260\" data-large-file=\"https:\/\/i0.wp.com\/www.robertosedda.it\/wp-content\/uploads\/2018\/10\/Blocco-scrittore.png?fit=400%2C346\" decoding=\"async\" loading=\"lazy\" class=\"size-full wp-image-15756 aligncenter\" src=\"https:\/\/i0.wp.com\/www.robertosedda.it\/wp-content\/uploads\/2018\/10\/Blocco-scrittore.png?resize=400%2C346\" alt=\"\" width=\"400\" height=\"346\" srcset=\"https:\/\/i0.wp.com\/www.robertosedda.it\/wp-content\/uploads\/2018\/10\/Blocco-scrittore.png?w=400 400w, https:\/\/i0.wp.com\/www.robertosedda.it\/wp-content\/uploads\/2018\/10\/Blocco-scrittore.png?resize=150%2C130 150w, https:\/\/i0.wp.com\/www.robertosedda.it\/wp-content\/uploads\/2018\/10\/Blocco-scrittore.png?resize=300%2C260 300w\" sizes=\"(max-width: 400px) 100vw, 400px\" data-recalc-dims=\"1\" \/>Ultimamente soffro del contrario: ho il complesso della pagina <em>nera<\/em>. Scrivo paginate su paginate di testo (per me non \u00e8 mai stato un problema essere prolisso, come sapete), arrivo alle ultime cinque righe e mi chiedo: \u00abMa che ho scritto? Che sto dicendo?\u00bb, e decido di non pubblicare l&#8217;articolo.<\/p>\n<p>Oggi ero un po&#8217; esasperato: con l&#8217;allerta meteo che mi aveva fatto rimanere a casa avevo sperato di fare <em>due<\/em> articoli &#8211; a me scrivere sul <em>blog <\/em> piace &#8211; e tutti e due li ho salvati nella cartella delle bozze, dalla quale non si esce pi\u00f9, mai pi\u00f9. Guardavo l&#8217;elenco delle bozze lasciate a dormire nelle ultime settimane &#8211; una marea &#8211; e un po&#8217; mi ha preso lo sconforto.<\/p>\n<p>Poi ho pensato: <em>meglio che essere pomposi<\/em>. Cio\u00e8, un po&#8217; pomposo sospetto di esserlo comunque, ma magari cos\u00ec mi salvo: non \u00e8 che il mondo ha proprio bisogno di me come scrittore e se un testo gi\u00e0 non convince me \u00e8 probabile che al resto del mondo sembri pontificare.<\/p>\n<figure id=\"attachment_15757\" aria-describedby=\"caption-attachment-15757\" style=\"width: 500px\" class=\"wp-caption aligncenter\"><img data-attachment-id=\"15757\" data-permalink=\"http:\/\/www.robertosedda.it\/?attachment_id=15757\" data-orig-file=\"https:\/\/i0.wp.com\/www.robertosedda.it\/wp-content\/uploads\/2018\/10\/Writers-block.jpg?fit=500%2C482\" data-orig-size=\"500,482\" data-comments-opened=\"1\" data-image-meta=\"{&quot;aperture&quot;:&quot;0&quot;,&quot;credit&quot;:&quot;&quot;,&quot;camera&quot;:&quot;&quot;,&quot;caption&quot;:&quot;&quot;,&quot;created_timestamp&quot;:&quot;0&quot;,&quot;copyright&quot;:&quot;&quot;,&quot;focal_length&quot;:&quot;0&quot;,&quot;iso&quot;:&quot;0&quot;,&quot;shutter_speed&quot;:&quot;0&quot;,&quot;title&quot;:&quot;&quot;,&quot;orientation&quot;:&quot;0&quot;}\" data-image-title=\"Writers block\" data-image-description=\"\" data-image-caption=\"&lt;p&gt;\u00c8 un blocco dello scrittore! lo metti sul banco e ti impedisce di scrivere.&lt;\/p&gt;\n\" data-medium-file=\"https:\/\/i0.wp.com\/www.robertosedda.it\/wp-content\/uploads\/2018\/10\/Writers-block.jpg?fit=300%2C289\" data-large-file=\"https:\/\/i0.wp.com\/www.robertosedda.it\/wp-content\/uploads\/2018\/10\/Writers-block.jpg?fit=500%2C482\" decoding=\"async\" loading=\"lazy\" class=\"size-full wp-image-15757\" src=\"https:\/\/i0.wp.com\/www.robertosedda.it\/wp-content\/uploads\/2018\/10\/Writers-block.jpg?resize=500%2C482\" alt=\"\" width=\"500\" height=\"482\" srcset=\"https:\/\/i0.wp.com\/www.robertosedda.it\/wp-content\/uploads\/2018\/10\/Writers-block.jpg?w=500 500w, https:\/\/i0.wp.com\/www.robertosedda.it\/wp-content\/uploads\/2018\/10\/Writers-block.jpg?resize=150%2C145 150w, https:\/\/i0.wp.com\/www.robertosedda.it\/wp-content\/uploads\/2018\/10\/Writers-block.jpg?resize=300%2C289 300w\" sizes=\"(max-width: 500px) 100vw, 500px\" data-recalc-dims=\"1\" \/><figcaption id=\"caption-attachment-15757\" class=\"wp-caption-text\">\u00c8 un blocco dello scrittore! lo metti sul banco e ti impedisce di scrivere.<\/figcaption><\/figure>\n<p>E poi ho pensato che c&#8217;era un po&#8217; di snobismo anche in questo: <em>io non sono come quelli che aprono la bocca su tutto<\/em>, e cos\u00ec mi sono inoltrato nell&#8217;autocritica dell&#8217;autocritica, che vi risparmio. Alla fine la mia giuria personale \u00e8 addivenuta a un compromesso: il complesso della pagina nera \u00e8 s\u00ec una malattia, m almeno \u00e8 benigna!<\/p>\n","protected":false},"excerpt":{"rendered":"<p>Credo che tutti conoscano il blocco dello scrittore, il complesso della pagina bianca. Ultimamente soffro del contrario: ho il complesso<\/p>\n","protected":false},"author":1,"featured_media":15756,"comment_status":"open","ping_status":"open","sticky":false,"template":"","format":"standard","meta":{"_mi_skip_tracking":false,"_monsterinsights_sitenote_active":false,"_monsterinsights_sitenote_note":"","_monsterinsights_sitenote_category":0,"jetpack_post_was_ever_published":false,"_jetpack_newsletter_access":"","jetpack_publicize_message":"","jetpack_is_tweetstorm":false,"jetpack_publicize_feature_enabled":true,"jetpack_social_post_already_shared":true,"jetpack_social_options":{"image_generator_settings":{"template":"highway","enabled":false}}},"categories":[52,86,53,17,16],"tags":[],"jetpack_publicize_connections":[],"jetpack_featured_media_url":"https:\/\/i0.wp.com\/www.robertosedda.it\/wp-content\/uploads\/2018\/10\/Blocco-scrittore.png?fit=400%2C346","jetpack_sharing_enabled":true,"jetpack_shortlink":"https:\/\/wp.me\/p4jV2T-467","jetpack_likes_enabled":true,"jetpack-related-posts":[{"id":14058,"url":"http:\/\/www.robertosedda.it\/?p=14058","url_meta":{"origin":15755,"position":0},"title":"Si riprende!","author":"Rufus","date":"21\/08\/2017","format":false,"excerpt":"Vedo che l'ultimo articolo su questo blog l'ho scritto il 3 agosto. Il 6 sono andato in vacanza e non ho pi\u00f9 scritto: rispetto agli anni scorsi la vacanza era pi\u00f9 intensa, il tempo minore, la connessione wi-fi dell'albergo meno efficiente, e insomma non ho scritto. Facebook era molto preoccupato.\u2026","rel":"","context":"In &quot;Coordinate&quot;","block_context":{"text":"Coordinate","link":"http:\/\/www.robertosedda.it\/?cat=52"},"img":{"alt_text":"","src":"https:\/\/i0.wp.com\/www.robertosedda.it\/wp-content\/uploads\/2017\/08\/ALIM4919.jpg?fit=1200%2C900&resize=350%2C200","width":350,"height":200,"srcset":"https:\/\/i0.wp.com\/www.robertosedda.it\/wp-content\/uploads\/2017\/08\/ALIM4919.jpg?fit=1200%2C900&resize=350%2C200 1x, https:\/\/i0.wp.com\/www.robertosedda.it\/wp-content\/uploads\/2017\/08\/ALIM4919.jpg?fit=1200%2C900&resize=700%2C400 2x, https:\/\/i0.wp.com\/www.robertosedda.it\/wp-content\/uploads\/2017\/08\/ALIM4919.jpg?fit=1200%2C900&resize=1050%2C600 3x"},"classes":[]},{"id":15510,"url":"http:\/\/www.robertosedda.it\/?p=15510","url_meta":{"origin":15755,"position":1},"title":"Cose difficili e entusiasmanti","author":"Rufus","date":"20\/07\/2018","format":false,"excerpt":"Oggi abbiamo messo sulla pagina Facebook dei Fabbricastorie l'annuncio della nostra prossima iniziativa, quindi siamo formalmente di nuovo in ballo: a settembre facciamo Playrooms, forse la cosa pi\u00f9 difficile nella quale ci siamo mai imbarcati. In realt\u00e0 le cose dei\u00a0Fabbricastorie sono sempre prima volte: nessuno di noi aveva mai scritto\u2026","rel":"","context":"In &quot;Coordinate&quot;","block_context":{"text":"Coordinate","link":"http:\/\/www.robertosedda.it\/?cat=52"},"img":{"alt_text":"","src":"https:\/\/i0.wp.com\/www.robertosedda.it\/wp-content\/uploads\/2018\/07\/polayrooms-Facebook-Page-Cover.png?fit=1200%2C397&resize=350%2C200","width":350,"height":200,"srcset":"https:\/\/i0.wp.com\/www.robertosedda.it\/wp-content\/uploads\/2018\/07\/polayrooms-Facebook-Page-Cover.png?fit=1200%2C397&resize=350%2C200 1x, https:\/\/i0.wp.com\/www.robertosedda.it\/wp-content\/uploads\/2018\/07\/polayrooms-Facebook-Page-Cover.png?fit=1200%2C397&resize=700%2C400 2x, https:\/\/i0.wp.com\/www.robertosedda.it\/wp-content\/uploads\/2018\/07\/polayrooms-Facebook-Page-Cover.png?fit=1200%2C397&resize=1050%2C600 3x"},"classes":[]},{"id":3082,"url":"http:\/\/www.robertosedda.it\/?p=3082","url_meta":{"origin":15755,"position":2},"title":"Traguardo di visitatori (e ringraziamenti)","author":"Rufus","date":"04\/05\/2013","format":false,"excerpt":"Ieri, secondo Google Analytics, il blog ha raggiunto 5.000 visitatori unici (le visualizzazioni di pagina sono pi\u00f9 di 16.000). Sono visite da fine agosto, quando ho cominciato a pubblicare articoli, a oggi. Oggetto meraviglioso, Google Analytics. Evocatore di misteri: perch\u00e9 per esempio ti informa che fra gli articoli pi\u00f9 letti\u2026","rel":"","context":"In &quot;Coordinate&quot;","block_context":{"text":"Coordinate","link":"http:\/\/www.robertosedda.it\/?cat=52"},"img":{"alt_text":"","src":"https:\/\/i0.wp.com\/www.robertosedda.it\/wp-content\/uploads\/2013\/05\/statistiche-blog.png?fit=1200%2C580&resize=350%2C200","width":350,"height":200,"srcset":"https:\/\/i0.wp.com\/www.robertosedda.it\/wp-content\/uploads\/2013\/05\/statistiche-blog.png?fit=1200%2C580&resize=350%2C200 1x, https:\/\/i0.wp.com\/www.robertosedda.it\/wp-content\/uploads\/2013\/05\/statistiche-blog.png?fit=1200%2C580&resize=700%2C400 2x, https:\/\/i0.wp.com\/www.robertosedda.it\/wp-content\/uploads\/2013\/05\/statistiche-blog.png?fit=1200%2C580&resize=1050%2C600 3x"},"classes":[]},{"id":7522,"url":"http:\/\/www.robertosedda.it\/?p=7522","url_meta":{"origin":15755,"position":3},"title":"La filantropia razzista","author":"Rufus","date":"27\/05\/2014","format":false,"excerpt":"La settimana scorsa, mentre scorrevo le ultime notizie su The Atlantic con il palmare mi sono imbattuto in tre articoli molto diversi ma che tutti, in uno strano modo, mi sono sembrati collegati fra loro e quindi ho deciso di provare a tradurli tutti e tre (un lavoraccio). Il primo\u2026","rel":"","context":"In &quot;Coordinate&quot;","block_context":{"text":"Coordinate","link":"http:\/\/www.robertosedda.it\/?cat=52"},"img":{"alt_text":"","src":"https:\/\/i0.wp.com\/www.robertosedda.it\/wp-content\/uploads\/2014\/05\/WEB-Du-Bois.jpg?fit=570%2C720&resize=350%2C200","width":350,"height":200},"classes":[]},{"id":19606,"url":"http:\/\/www.robertosedda.it\/?p=19606","url_meta":{"origin":15755,"position":4},"title":"Diari di progettazione: le cose che mi sono portato dietro per parlare di conflitto","author":"Rufus","date":"11\/05\/2022","format":false,"excerpt":"Il 30 aprile i soci di Banca Etica hanno fatto una giornata di formazione, nella sempre accogliente Domu de sa Contissa di Selegas, sul tema del conflitto. Non era, nelle intenzioni, un incontro di formazione sulla gestione del conflitto, tanto meno sulla gestione nonviolenta dei conflitti, per quanto quello fosse\u2026","rel":"","context":"In &quot;Coordinate&quot;","block_context":{"text":"Coordinate","link":"http:\/\/www.robertosedda.it\/?cat=52"},"img":{"alt_text":"","src":"https:\/\/i0.wp.com\/www.robertosedda.it\/wp-content\/uploads\/2022\/05\/Training-2.jpg?fit=400%2C552&resize=350%2C200","width":350,"height":200},"classes":[]},{"id":9975,"url":"http:\/\/www.robertosedda.it\/?p=9975","url_meta":{"origin":15755,"position":5},"title":"Incontru a nuove pagine di vita","author":"Rufus","date":"15\/04\/2015","format":false,"excerpt":"Non ero mai stato al rito de S'incontru anche se naturalmente sapevo che in molti paesi della Sardegna \u00e8 una parte importante dei riti di Pasqua. Avevo visto delle foto conservate nella casa di Orani (la Pasqua del 1961, credo) e ne avevo sentito parlare, ma non c'ero mai stato,\u2026","rel":"","context":"In &quot;Coordinate&quot;","block_context":{"text":"Coordinate","link":"http:\/\/www.robertosedda.it\/?cat=52"},"img":{"alt_text":"","src":"https:\/\/i0.wp.com\/www.robertosedda.it\/wp-content\/uploads\/2015\/04\/Raganella.jpg?fit=768%2C1024&resize=350%2C200","width":350,"height":200,"srcset":"https:\/\/i0.wp.com\/www.robertosedda.it\/wp-content\/uploads\/2015\/04\/Raganella.jpg?fit=768%2C1024&resize=350%2C200 1x, https:\/\/i0.wp.com\/www.robertosedda.it\/wp-content\/uploads\/2015\/04\/Raganella.jpg?fit=768%2C1024&resize=700%2C400 2x"},"classes":[]}],"_links":{"self":[{"href":"http:\/\/www.robertosedda.it\/index.php?rest_route=\/wp\/v2\/posts\/15755"}],"collection":[{"href":"http:\/\/www.robertosedda.it\/index.php?rest_route=\/wp\/v2\/posts"}],"about":[{"href":"http:\/\/www.robertosedda.it\/index.php?rest_route=\/wp\/v2\/types\/post"}],"author":[{"embeddable":true,"href":"http:\/\/www.robertosedda.it\/index.php?rest_route=\/wp\/v2\/users\/1"}],"replies":[{"embeddable":true,"href":"http:\/\/www.robertosedda.it\/index.php?rest_route=%2Fwp%2Fv2%2Fcomments&post=15755"}],"version-history":[{"count":1,"href":"http:\/\/www.robertosedda.it\/index.php?rest_route=\/wp\/v2\/posts\/15755\/revisions"}],"predecessor-version":[{"id":15758,"href":"http:\/\/www.robertosedda.it\/index.php?rest_route=\/wp\/v2\/posts\/15755\/revisions\/15758"}],"wp:featuredmedia":[{"embeddable":true,"href":"http:\/\/www.robertosedda.it\/index.php?rest_route=\/wp\/v2\/media\/15756"}],"wp:attachment":[{"href":"http:\/\/www.robertosedda.it\/index.php?rest_route=%2Fwp%2Fv2%2Fmedia&parent=15755"}],"wp:term":[{"taxonomy":"category","embeddable":true,"href":"http:\/\/www.robertosedda.it\/index.php?rest_route=%2Fwp%2Fv2%2Fcategories&post=15755"},{"taxonomy":"post_tag","embeddable":true,"href":"http:\/\/www.robertosedda.it\/index.php?rest_route=%2Fwp%2Fv2%2Ftags&post=15755"}],"curies":[{"name":"wp","href":"https:\/\/api.w.org\/{rel}","templated":true}]}}