{"id":15753,"date":"2018-10-19T18:39:08","date_gmt":"2018-10-19T16:39:08","guid":{"rendered":"http:\/\/www.robertosedda.it\/?p=15753"},"modified":"2018-10-30T11:46:09","modified_gmt":"2018-10-30T10:46:09","slug":"luogo-di-sofferenza","status":"publish","type":"post","link":"http:\/\/www.robertosedda.it\/?p=15753","title":{"rendered":"Luogo di sofferenza"},"content":{"rendered":"<p>Un giorno di una decina di anni fa sono uscito dal lavoro, in pausa pranzo, e invece di andare a mangiare sono andato a un appuntamento con un giovane prete appena tornato da studi romani, che era stato nominato responsabile della pastorale universitaria.<\/p>\n<p>Parl\u00f2 soprattutto lui e, mentre passeggiavamo lungo l&#8217;Anfiteatro romano, mi raccont\u00f2 quel che aveva intenzione di fare &#8211; considerando che era tornato da poco e \u00absai, volevo dei consigli\u00bb aveva opinioni piuttosto precise, come molti preti giovani &#8211; e deline\u00f2 un piano di attivit\u00e0 gi\u00e0 sentite mille volte e che per mille volte non avevano funzionato; in cambio io gli diedi un paio di coordinate di riferimento, di chi cercare e dove, sperando di sbagliarmi e che una personalit\u00e0 carismatica insospettata gli permettesse di stupirmi con successi improbabili. Gli dissi anche la mia idea, che l&#8217;universit\u00e0 non aveva tanto bisogno di un responsabile della pastorale universitaria nel senso <em>degli studenti<\/em> quanto di un cappellano, uno di strada, che girasse gli ambienti, salutasse la gente e si fermasse a fare quattro chiacchiere fuori dell&#8217;aula o in un ufficio e fra un giro e l&#8217;altro si facesse carico di quello che gli veniva scaricato addosso, fossero bisogni materiali o spirituali, esattamente come il cappellano dell&#8217;ospedale; ma lui da quell&#8217;orecchio non ci sentiva: mi disse perfino che a lavorare con gli impiegati c&#8217;era il rischio di sovrapporsi a chiss\u00e0 quale altro aspetto pastorale, dopo di che io ci feci un croce sopra e me ne stetti zitto, tranne che per una cosa a cui tenevo e tengo molto.<\/p>\n<p>\u00abSai\u00bb, gli dissi, \u00aba me colpisce molto una cosa di cui vedo che non si occupa nessuno: che dentro l&#8217;universit\u00e0, fra gli studenti c&#8217;\u00e8 un grande carico di sofferenza, di angoscia, di dolore\u00bb.<\/p>\n<p><img data-attachment-id=\"15760\" data-permalink=\"http:\/\/www.robertosedda.it\/?attachment_id=15760\" data-orig-file=\"https:\/\/i0.wp.com\/www.robertosedda.it\/wp-content\/uploads\/2018\/10\/Vecchia-ubriaca.jpg?fit=1024%2C683\" data-orig-size=\"1024,683\" data-comments-opened=\"1\" data-image-meta=\"{&quot;aperture&quot;:&quot;0&quot;,&quot;credit&quot;:&quot;&quot;,&quot;camera&quot;:&quot;&quot;,&quot;caption&quot;:&quot;&quot;,&quot;created_timestamp&quot;:&quot;0&quot;,&quot;copyright&quot;:&quot;&quot;,&quot;focal_length&quot;:&quot;0&quot;,&quot;iso&quot;:&quot;0&quot;,&quot;shutter_speed&quot;:&quot;0&quot;,&quot;title&quot;:&quot;&quot;,&quot;orientation&quot;:&quot;0&quot;}\" data-image-title=\"Vecchia ubriaca\" data-image-description=\"\" data-image-caption=\"\" data-medium-file=\"https:\/\/i0.wp.com\/www.robertosedda.it\/wp-content\/uploads\/2018\/10\/Vecchia-ubriaca.jpg?fit=300%2C200\" data-large-file=\"https:\/\/i0.wp.com\/www.robertosedda.it\/wp-content\/uploads\/2018\/10\/Vecchia-ubriaca.jpg?fit=510%2C340\" decoding=\"async\" loading=\"lazy\" class=\"aligncenter size-full wp-image-15760\" src=\"https:\/\/i0.wp.com\/www.robertosedda.it\/wp-content\/uploads\/2018\/10\/Vecchia-ubriaca.jpg?resize=800%2C534\" alt=\"\" width=\"800\" height=\"534\" srcset=\"https:\/\/i0.wp.com\/www.robertosedda.it\/wp-content\/uploads\/2018\/10\/Vecchia-ubriaca.jpg?w=1024 1024w, https:\/\/i0.wp.com\/www.robertosedda.it\/wp-content\/uploads\/2018\/10\/Vecchia-ubriaca.jpg?resize=150%2C100 150w, https:\/\/i0.wp.com\/www.robertosedda.it\/wp-content\/uploads\/2018\/10\/Vecchia-ubriaca.jpg?resize=300%2C200 300w, https:\/\/i0.wp.com\/www.robertosedda.it\/wp-content\/uploads\/2018\/10\/Vecchia-ubriaca.jpg?resize=510%2C340 510w, https:\/\/i0.wp.com\/www.robertosedda.it\/wp-content\/uploads\/2018\/10\/Vecchia-ubriaca.jpg?resize=700%2C467 700w\" sizes=\"(max-width: 800px) 100vw, 800px\" data-recalc-dims=\"1\" \/>Mi guard\u00f2 come se fossi matto: aveva i mente cose tipo <em>giovani, il futuro \u00e8 vostro<\/em>, la vita beata dello studente, l&#8217;avventura intellettuale, le cattedrali del sapere che ti si schiudono davanti, gli studenti ribelli che non si accontentano di risposte precostituite, il dissidio fra scienza e fede: tutto (forse) vero e anche tutto molto generico, in realt\u00e0.<\/p>\n<p>Perch\u00e9 fra gli studenti in realt\u00e0 c&#8217;\u00e8 parecchia gente che soffre, e anche molto.<\/p>\n<p>Non parlo, o non tanto, degli studenti che hanno una sofferenza mentale esplicitamente riconosciuta e che lo erano prima di iscriversi: la popolazione universitaria \u00e8 molto vasta ed \u00e8 lecito aspettarsi un certo numero di situazioni patologiche; in realt\u00e0 per tanti di loro l&#8217;universit\u00e0 fa parte anche di un percorso di recupero, o di crescita, ed esistono anche colleghi addetti esplicitamente alle loro esigenze e a quelle di altri studenti bisognosi di supporto; e anche se qualche volta certe presenze possono tendere a sovraccaricare certi uffici di <em>front office<\/em> o le biblioteche la cosa rientra tutto sommato nella normalit\u00e0.<\/p>\n<p>E non penso neanche a quegli studenti che arrivano all&#8217;universit\u00e0 e manifestano improvvisamente un disagio che conduce a situazioni critiche: vale credo per loro quello che un tempo valeva per il servizio militare o per altre istituzioni totali, e cio\u00e8 che c&#8217;\u00e8 una patologia non conclamata che attende un pretesto per dichiararsi.<\/p>\n<p>Penso invece a tutti gli altri a quelli che ce la fanno e a quelli che non ce la fanno: chi vive dentro l&#8217;universit\u00e0 sa che c&#8217;\u00e8 un sacco di gente che soffre, che \u00e8 a disagio, che ha ansie e angosce significative.<\/p>\n<p><img data-attachment-id=\"15761\" data-permalink=\"http:\/\/www.robertosedda.it\/?attachment_id=15761\" data-orig-file=\"https:\/\/i0.wp.com\/www.robertosedda.it\/wp-content\/uploads\/2018\/10\/Galata.jpg?fit=520%2C357\" data-orig-size=\"520,357\" data-comments-opened=\"1\" data-image-meta=\"{&quot;aperture&quot;:&quot;0&quot;,&quot;credit&quot;:&quot;&quot;,&quot;camera&quot;:&quot;&quot;,&quot;caption&quot;:&quot;&quot;,&quot;created_timestamp&quot;:&quot;0&quot;,&quot;copyright&quot;:&quot;&quot;,&quot;focal_length&quot;:&quot;0&quot;,&quot;iso&quot;:&quot;0&quot;,&quot;shutter_speed&quot;:&quot;0&quot;,&quot;title&quot;:&quot;&quot;,&quot;orientation&quot;:&quot;0&quot;}\" data-image-title=\"Galata\" data-image-description=\"\" data-image-caption=\"\" data-medium-file=\"https:\/\/i0.wp.com\/www.robertosedda.it\/wp-content\/uploads\/2018\/10\/Galata.jpg?fit=300%2C206\" data-large-file=\"https:\/\/i0.wp.com\/www.robertosedda.it\/wp-content\/uploads\/2018\/10\/Galata.jpg?fit=510%2C350\" decoding=\"async\" loading=\"lazy\" class=\"aligncenter wp-image-15761 size-full\" src=\"https:\/\/i0.wp.com\/www.robertosedda.it\/wp-content\/uploads\/2018\/10\/Galata.jpg?resize=520%2C357\" alt=\"\" width=\"520\" height=\"357\" srcset=\"https:\/\/i0.wp.com\/www.robertosedda.it\/wp-content\/uploads\/2018\/10\/Galata.jpg?w=520 520w, https:\/\/i0.wp.com\/www.robertosedda.it\/wp-content\/uploads\/2018\/10\/Galata.jpg?resize=150%2C103 150w, https:\/\/i0.wp.com\/www.robertosedda.it\/wp-content\/uploads\/2018\/10\/Galata.jpg?resize=300%2C206 300w, https:\/\/i0.wp.com\/www.robertosedda.it\/wp-content\/uploads\/2018\/10\/Galata.jpg?resize=510%2C350 510w\" sizes=\"(max-width: 520px) 100vw, 520px\" data-recalc-dims=\"1\" \/>Naturalmente non tutti: da poco da noi, per esempio, se ne \u00e8 laureato un gruppo, tutti bravissimi: sbirciavo sul gruppo <em>Facebook<\/em> e li vedevo organizzati come una gioiosa macchina da guerra, fra scambi di registrazioni di lezioni e <em>doodle<\/em> per gli appelli da chiedere ai professori e capaci pure di organizzarsi la birretta o la disco la sera. Beati loro, ovviamente, per\u00f2 non mi pare l&#8217;esperienza di tutti e invece vedo spesso un disagio non troppo conclamato, strisciante.<\/p>\n<p>Una delle difficolt\u00e0 nel riconoscerlo \u00e8 che in fondo l&#8217;opinione pubblica &#8211; tanto pi\u00f9 negli ultimi anni nei quali spesso \u00e8 prevalsa la narrazione che ormai l&#8217;universit\u00e0 non sia pi\u00f9 quel bel luogo di tortura che era prima della riforma &#8211; \u00e8 convinta che l&#8217;universit\u00e0 sia facile. Perlomeno: <em>abbastanza<\/em> facile.<\/p>\n<p>In realt\u00e0 non \u00e8 cos\u00ec, prova ne sia che non tutti si laureano, purtroppo. E il numero di quelli che si fermano a non tanta distanza dalla laurea, se non capisco male, non \u00e8 proprio infimo. Anche coi miglioramenti della didattica degli ultimi venti anni studiare, e studiare sostanzialmente da soli, non \u00e8 semplice. E l&#8217;universit\u00e0 comporta dei cambi di passo che non sono trascurabili: non c&#8217;\u00e8 pi\u00f9 la frequenza obbligatoria, la classe di tutti i giorni e i professori che ti conoscono, come a scuola, ed \u00e8 la prima occasione nella quale davvero devi dimostrare di saperti organizzare da solo; rispetto alla scuola l&#8217;universit\u00e0 \u00e8 molto pi\u00f9 interclassista e mette a contatto con dimensioni sociali inesplorate; le materie sono nuove, spesso ostiche e comunque richiedono un livello di preparazione al quale puoi non essere abituato; \u00e8 percepita come piuttosto competitiva, o comunque cominci ad avere l&#8217;idea che poi il tuo futuro dipender\u00e0 dai tuoi risultati; non \u00e8 gratis come la scuola; il costo del fallimento \u00e8 molto alto, in termini economici, di delusioni familiari e di autostima. E questo se studi vicino a casa, se no ci sono tutti i problemi dei fuorisede, in aggiunta.<\/p>\n<p><img data-attachment-id=\"15762\" data-permalink=\"http:\/\/www.robertosedda.it\/?attachment_id=15762\" data-orig-file=\"https:\/\/i0.wp.com\/www.robertosedda.it\/wp-content\/uploads\/2018\/10\/Laooconte.jpg?fit=299%2C279\" data-orig-size=\"299,279\" data-comments-opened=\"1\" data-image-meta=\"{&quot;aperture&quot;:&quot;0&quot;,&quot;credit&quot;:&quot;&quot;,&quot;camera&quot;:&quot;&quot;,&quot;caption&quot;:&quot;&quot;,&quot;created_timestamp&quot;:&quot;0&quot;,&quot;copyright&quot;:&quot;&quot;,&quot;focal_length&quot;:&quot;0&quot;,&quot;iso&quot;:&quot;0&quot;,&quot;shutter_speed&quot;:&quot;0&quot;,&quot;title&quot;:&quot;&quot;,&quot;orientation&quot;:&quot;0&quot;}\" data-image-title=\"Laooconte\" data-image-description=\"\" data-image-caption=\"\" data-medium-file=\"https:\/\/i0.wp.com\/www.robertosedda.it\/wp-content\/uploads\/2018\/10\/Laooconte.jpg?fit=299%2C279\" data-large-file=\"https:\/\/i0.wp.com\/www.robertosedda.it\/wp-content\/uploads\/2018\/10\/Laooconte.jpg?fit=299%2C279\" decoding=\"async\" loading=\"lazy\" class=\"alignleft size-full wp-image-15762\" src=\"https:\/\/i0.wp.com\/www.robertosedda.it\/wp-content\/uploads\/2018\/10\/Laooconte.jpg?resize=299%2C279\" alt=\"\" width=\"299\" height=\"279\" srcset=\"https:\/\/i0.wp.com\/www.robertosedda.it\/wp-content\/uploads\/2018\/10\/Laooconte.jpg?w=299 299w, https:\/\/i0.wp.com\/www.robertosedda.it\/wp-content\/uploads\/2018\/10\/Laooconte.jpg?resize=150%2C140 150w\" sizes=\"(max-width: 299px) 100vw, 299px\" data-recalc-dims=\"1\" \/>Di fatto \u00e8 diventato per tanti giovani il rito di passaggio all&#8217;et\u00e0 adulta, ed \u00e8 un rito di passaggio ansiogeno, che dura almeno tre anni e non ha nessun libretto d&#8217;istruzioni.<\/p>\n<p>Perci\u00f2 s\u00ec, ci sono molti studenti che soffrono, all&#8217;universit\u00e0. Un disagio a bassa intensit\u00e0, diciamo, al quale \u00e8 difficile dare risposte organizzate ad altrettanto bassa intensit\u00e0, e infatti spesso si finisce per farsene carico in maniera informale: il professore che ti fa un po&#8217; di direzione spirituale, l&#8217;impiegata gentile che ti riceve anche fuori orario, pi\u00f9 e pi\u00f9 volte, finch\u00e9 non ti rassicuri, i colleghi che ti fanno il gruppo d&#8217;auto-aiuto, i genitori&#8230; Per le situazioni critiche credo che ormai, come noi, molte universit\u00e0 siano sostanzialmente attrezzate, \u00e8 per quelle striscianti che \u00e8 difficile mettere in piedi risposte strutturate.<\/p>\n<p>Non \u00e8 vero sempre: mi domando se i rappresentati degli studenti e gli organi dirigenti dell&#8217;Universit\u00e0 di Cagliari e della Regione si sono resi conto che il nuovo regolamento tasse, che amplia parecchio i benefici economici e rende studiare meno caro per tanti, non \u00e8 solo una misura di giustizia sociale ma, abbassando il costo economico dell&#8217;insuccesso accademico, diminuisce lo <em>stress<\/em> e l&#8217;ansia e migliora sicuramente il benessere psicologico di studenti e famiglie &#8211; per\u00f2 \u00e8 la prima volta che vedo accadere una misura di sistema di questa portata: davvero non \u00e8 semplice e a molti questo livello un po&#8217; invisibile di sofferenza sfugge.<\/p>\n","protected":false},"excerpt":{"rendered":"<p>Un giorno di una decina di anni fa sono uscito dal lavoro, in pausa pranzo, e invece di andare a<\/p>\n","protected":false},"author":1,"featured_media":15760,"comment_status":"open","ping_status":"open","sticky":false,"template":"","format":"standard","meta":{"_mi_skip_tracking":false,"_monsterinsights_sitenote_active":false,"_monsterinsights_sitenote_note":"","_monsterinsights_sitenote_category":0,"jetpack_post_was_ever_published":false,"_jetpack_newsletter_access":"","jetpack_publicize_message":"","jetpack_is_tweetstorm":false,"jetpack_publicize_feature_enabled":true,"jetpack_social_post_already_shared":true,"jetpack_social_options":{"image_generator_settings":{"template":"highway","enabled":false}}},"categories":[52,55,77,17,16],"tags":[],"jetpack_publicize_connections":[],"jetpack_featured_media_url":"https:\/\/i0.wp.com\/www.robertosedda.it\/wp-content\/uploads\/2018\/10\/Vecchia-ubriaca.jpg?fit=1024%2C683","jetpack_sharing_enabled":true,"jetpack_shortlink":"https:\/\/wp.me\/p4jV2T-465","jetpack_likes_enabled":true,"jetpack-related-posts":[{"id":12624,"url":"http:\/\/www.robertosedda.it\/?p=12624","url_meta":{"origin":15753,"position":0},"title":"A me non sembra sano","author":"Rufus","date":"04\/10\/2016","format":false,"excerpt":"C'\u00e8 una cosa che penso da qualche settima, forse pochi mesi, e che esito a dire per paura dell'impressione che posso dare. Spero solo che la mia lunga militanza passata e il mio\u00a0curriculum politico mi mettano al sicuro. La cosa \u00e8 questa: io lavoro in via Nicolodi, in alto, davanti\u2026","rel":"","context":"In &quot;Coordinate&quot;","block_context":{"text":"Coordinate","link":"http:\/\/www.robertosedda.it\/?cat=52"},"img":{"alt_text":"","src":"https:\/\/i0.wp.com\/www.robertosedda.it\/wp-content\/uploads\/2016\/10\/Buoncammino-Sardegna-Oggi.jpg?fit=650%2C313&resize=350%2C200","width":350,"height":200},"classes":[]},{"id":17881,"url":"http:\/\/www.robertosedda.it\/?p=17881","url_meta":{"origin":15753,"position":1},"title":"Per il pensiero critico","author":"Rufus","date":"27\/02\/2020","format":false,"excerpt":"Ho visto l'altro giorno, sulla bacheca di un contatto che non sono pi\u00f9 riuscito a ritrovare un grafico, prodotto dalla organizzazione americana senza fine di lucro Global Digital Citizen Foundation, che riassume in maniera interessante una serie di domande che tutti ci dovremmo porre quando tentiamo di decodificare una informazione\u2026","rel":"","context":"In &quot;Coordinate&quot;","block_context":{"text":"Coordinate","link":"http:\/\/www.robertosedda.it\/?cat=52"},"img":{"alt_text":"","src":"https:\/\/i0.wp.com\/www.robertosedda.it\/wp-content\/uploads\/2020\/02\/Checklist-pensiero-critico.jpg?fit=848%2C1200&resize=350%2C200","width":350,"height":200,"srcset":"https:\/\/i0.wp.com\/www.robertosedda.it\/wp-content\/uploads\/2020\/02\/Checklist-pensiero-critico.jpg?fit=848%2C1200&resize=350%2C200 1x, https:\/\/i0.wp.com\/www.robertosedda.it\/wp-content\/uploads\/2020\/02\/Checklist-pensiero-critico.jpg?fit=848%2C1200&resize=700%2C400 2x"},"classes":[]},{"id":11184,"url":"http:\/\/www.robertosedda.it\/?p=11184","url_meta":{"origin":15753,"position":2},"title":"Fuenteovejuna","author":"Rufus","date":"19\/11\/2015","format":false,"excerpt":"La prima volta che ho sentito parlare di Fuenteovejuna \u00e8 stato intorno ai tredici\u00a0anni, quando ho letto la\u00a0Garzantina sul teatro che stava a casa dei miei nonni e di Enrica. L'idea dei paesani che sotto tortura indicano tutti come colpevole il nome generico\u00a0Fuenteovejuna colp\u00ec molto la mia fantasia di adolescente\u2026","rel":"","context":"In &quot;Coordinate&quot;","block_context":{"text":"Coordinate","link":"http:\/\/www.robertosedda.it\/?cat=52"},"img":{"alt_text":"","src":"https:\/\/i0.wp.com\/www.robertosedda.it\/wp-content\/uploads\/2015\/11\/Fuenteovejuna.jpg?fit=470%2C382&resize=350%2C200","width":350,"height":200},"classes":[]},{"id":1167,"url":"http:\/\/www.robertosedda.it\/?p=1167","url_meta":{"origin":15753,"position":3},"title":"All&#8217;inizio delle piogge","author":"Rufus","date":"27\/10\/2012","format":false,"excerpt":"Oggi, uscendo di casa e salutando mia moglie sotto un diluvio, mi \u00e8 tornata in mente una poesia, adatta all'autunno e ai giorni di pioggia. Riguardatevi! La poesia \u00e8, ovviamente, di Bertolt Brecht: Da leggere il mattino e la sera Quello che amo mi ha detto che ha bisogno di\u2026","rel":"","context":"In &quot;Coordinate&quot;","block_context":{"text":"Coordinate","link":"http:\/\/www.robertosedda.it\/?cat=52"},"img":{"alt_text":"","src":"","width":0,"height":0},"classes":[]},{"id":6983,"url":"http:\/\/www.robertosedda.it\/?p=6983","url_meta":{"origin":15753,"position":4},"title":"Narrazioni al femminile","author":"Rufus","date":"16\/04\/2014","format":"video","excerpt":"Ieri quando ho citato il corto di Lorenza Indovina parlando dello Skepto\u00a0ho accennato al fatto che rimaneva qualcosa in pi\u00f9 da dire: non si tratta tanto di osservazioni specifiche sul video, quanto di suggestioni suscitate da una osservazione di Maria Bonaria dopo la conclusione. Tratto da un racconto di Ammaniti,\u00a0Un\u2026","rel":"","context":"In &quot;Coordinate&quot;","block_context":{"text":"Coordinate","link":"http:\/\/www.robertosedda.it\/?cat=52"},"img":{"alt_text":"","src":"https:\/\/i0.wp.com\/i.vimeocdn.com\/video\/468486747_640.jpg?resize=350%2C200","width":350,"height":200},"classes":[]},{"id":9111,"url":"http:\/\/www.robertosedda.it\/?p=9111","url_meta":{"origin":15753,"position":5},"title":"Auguri di Natale","author":"Rufus","date":"25\/12\/2014","format":false,"excerpt":"Avevo in mente varie cose per farvi gli auguri di Natale, ma stamattina mi ha molto commosso la pagina del Vangelo di Giovanni, sentita mille volte ma ogni volta sempre straordinaria, e quindi la ripropongo. Dentro c'\u00e8 davvero di tutto e ognuno pu\u00f2 trovarvi il senso del suo Natale, e\u2026","rel":"","context":"In &quot;Coordinate&quot;","block_context":{"text":"Coordinate","link":"http:\/\/www.robertosedda.it\/?cat=52"},"img":{"alt_text":"","src":"https:\/\/i0.wp.com\/www.robertosedda.it\/wp-content\/uploads\/2014\/12\/Icona-Rublev-Natale.jpg?fit=600%2C762&resize=350%2C200","width":350,"height":200},"classes":[]}],"_links":{"self":[{"href":"http:\/\/www.robertosedda.it\/index.php?rest_route=\/wp\/v2\/posts\/15753"}],"collection":[{"href":"http:\/\/www.robertosedda.it\/index.php?rest_route=\/wp\/v2\/posts"}],"about":[{"href":"http:\/\/www.robertosedda.it\/index.php?rest_route=\/wp\/v2\/types\/post"}],"author":[{"embeddable":true,"href":"http:\/\/www.robertosedda.it\/index.php?rest_route=\/wp\/v2\/users\/1"}],"replies":[{"embeddable":true,"href":"http:\/\/www.robertosedda.it\/index.php?rest_route=%2Fwp%2Fv2%2Fcomments&post=15753"}],"version-history":[{"count":2,"href":"http:\/\/www.robertosedda.it\/index.php?rest_route=\/wp\/v2\/posts\/15753\/revisions"}],"predecessor-version":[{"id":15763,"href":"http:\/\/www.robertosedda.it\/index.php?rest_route=\/wp\/v2\/posts\/15753\/revisions\/15763"}],"wp:featuredmedia":[{"embeddable":true,"href":"http:\/\/www.robertosedda.it\/index.php?rest_route=\/wp\/v2\/media\/15760"}],"wp:attachment":[{"href":"http:\/\/www.robertosedda.it\/index.php?rest_route=%2Fwp%2Fv2%2Fmedia&parent=15753"}],"wp:term":[{"taxonomy":"category","embeddable":true,"href":"http:\/\/www.robertosedda.it\/index.php?rest_route=%2Fwp%2Fv2%2Fcategories&post=15753"},{"taxonomy":"post_tag","embeddable":true,"href":"http:\/\/www.robertosedda.it\/index.php?rest_route=%2Fwp%2Fv2%2Ftags&post=15753"}],"curies":[{"name":"wp","href":"https:\/\/api.w.org\/{rel}","templated":true}]}}