{"id":15736,"date":"2018-10-12T18:04:35","date_gmt":"2018-10-12T16:04:35","guid":{"rendered":"http:\/\/www.robertosedda.it\/?p=15736"},"modified":"2018-11-13T18:41:37","modified_gmt":"2018-11-13T17:41:37","slug":"la-caccia-allorso-e-giulio-cesare","status":"publish","type":"post","link":"http:\/\/www.robertosedda.it\/?p=15736","title":{"rendered":"La caccia all&#8217;orso e Giulio Cesare"},"content":{"rendered":"<p><img data-attachment-id=\"15737\" data-permalink=\"http:\/\/www.robertosedda.it\/?attachment_id=15737\" data-orig-file=\"https:\/\/i0.wp.com\/www.robertosedda.it\/wp-content\/uploads\/2018\/10\/Lend-me-your-ears.jpeg?fit=780%2C520\" data-orig-size=\"780,520\" data-comments-opened=\"1\" data-image-meta=\"{&quot;aperture&quot;:&quot;0&quot;,&quot;credit&quot;:&quot;&quot;,&quot;camera&quot;:&quot;&quot;,&quot;caption&quot;:&quot;&quot;,&quot;created_timestamp&quot;:&quot;0&quot;,&quot;copyright&quot;:&quot;&quot;,&quot;focal_length&quot;:&quot;0&quot;,&quot;iso&quot;:&quot;0&quot;,&quot;shutter_speed&quot;:&quot;0&quot;,&quot;title&quot;:&quot;&quot;,&quot;orientation&quot;:&quot;0&quot;}\" data-image-title=\"Lend me your ears\" data-image-description=\"\" data-image-caption=\"\" data-medium-file=\"https:\/\/i0.wp.com\/www.robertosedda.it\/wp-content\/uploads\/2018\/10\/Lend-me-your-ears.jpeg?fit=300%2C200\" data-large-file=\"https:\/\/i0.wp.com\/www.robertosedda.it\/wp-content\/uploads\/2018\/10\/Lend-me-your-ears.jpeg?fit=510%2C340\" decoding=\"async\" loading=\"lazy\" class=\"aligncenter wp-image-15737 size-full\" src=\"https:\/\/i0.wp.com\/www.robertosedda.it\/wp-content\/uploads\/2018\/10\/Lend-me-your-ears.jpeg?resize=780%2C520\" alt=\"\" width=\"780\" height=\"520\" srcset=\"https:\/\/i0.wp.com\/www.robertosedda.it\/wp-content\/uploads\/2018\/10\/Lend-me-your-ears.jpeg?w=780 780w, https:\/\/i0.wp.com\/www.robertosedda.it\/wp-content\/uploads\/2018\/10\/Lend-me-your-ears.jpeg?resize=150%2C100 150w, https:\/\/i0.wp.com\/www.robertosedda.it\/wp-content\/uploads\/2018\/10\/Lend-me-your-ears.jpeg?resize=300%2C200 300w, https:\/\/i0.wp.com\/www.robertosedda.it\/wp-content\/uploads\/2018\/10\/Lend-me-your-ears.jpeg?resize=510%2C340 510w, https:\/\/i0.wp.com\/www.robertosedda.it\/wp-content\/uploads\/2018\/10\/Lend-me-your-ears.jpeg?resize=700%2C467 700w\" sizes=\"(max-width: 780px) 100vw, 780px\" data-recalc-dims=\"1\" \/>Volevo segnalare agli anglofoni che su <a href=\"https:\/\/slate.com\/\"><em>Slate<\/em><\/a> \u00e8 appena terminata una serie di <em>podcast<\/em> intitolata <em>L<a href=\"http:\/\/www.slate.com\/articles\/slate_plus\/shakespeare.html\">end me your ears <\/a><\/em>(&#8220;Prestatemi orecchio&#8221;, dal discorso di Marco Antonio), che esplora il modo col quale Shakespeare si \u00e8 confrontato con la politica del suo tempo e come i suoi lettori hanno usato le sue opere per comprendere la politica del <em>loro<\/em> tempo (m pare debitrice, almeno nella concezione, della serie radiofonica poi trasformata nel libro <a href=\"http:\/\/www.robertosedda.it\/?p=11792\"><em>Shakespeare&#8217; world<\/em><\/a>, del quale ho parlato a suo tempo).<\/p>\n<p>La serie presenta in successione <em>Giulio Cesare<\/em>, <em>Riccardo II<\/em>, <em>Re Lear<\/em>, <em>Misura per misura<\/em>, <em>Otello<\/em> e, infine, <em>Coriolano<\/em>. Mi sembra un viaggio nella politica passata, presente e futura piuttosto interessante e ne consiglio l&#8217;ascolto, anche se la prima puntata oscilla fra le domande essenziali &#8211; cosa fare quando la Repubblica \u00e8 in crisi? si pu\u00f2 ricorrere alla violenza? e come sappiamo quando fermarci? o una volta introdotta la violenza nel gioco democratico questo cambia ineluttabilmente e definitivamente? &#8211; e un certo appiattimento sull&#8217;oggi americano: influenzata forse da una produzione recente del <em>Shakespeare in the park<\/em> che metteva in scena Trump nei panni di Cesare, trucidandolo per di pi\u00f9 a met\u00e0 dell&#8217;opera, il tema della crisi della Repubblica viene forzato a includere identificazioni impossibili, anche se ingannevolmente seducenti &#8211; Cesare populista, per esempio, il popolo sviato dai demagoghi come le masse che votano a destra, Obama come Bruto.<\/p>\n<p><img data-attachment-id=\"15739\" data-permalink=\"http:\/\/www.robertosedda.it\/?attachment_id=15739\" data-orig-file=\"https:\/\/i0.wp.com\/www.robertosedda.it\/wp-content\/uploads\/2018\/10\/Julius-Caesar-in-the-park.jpg?fit=2252%2C1450\" data-orig-size=\"2252,1450\" data-comments-opened=\"1\" data-image-meta=\"{&quot;aperture&quot;:&quot;4&quot;,&quot;credit&quot;:&quot;AP&quot;,&quot;camera&quot;:&quot;Canon EOS 5D Mark III&quot;,&quot;caption&quot;:&quot;ADDS THE NAMES OF THE CHARACTERS PORTRAYED ON STAGE - In this May 21, 2017 photo provided by The Public Theater, Tina Benko, left, portrays Melania Trump in the role of Caesar&#039;s wife, Calpurnia, and Gregg Henry, center left, portrays President Donald Trump in the role of Julius Caesar during a dress rehearsal of The Public Theater&#039;s Free Shakespeare in the Park production of Julius Caesar, in New York. Rounding out the cast on stage is Teagle F. Bougere as Casca, and Elizabeth Marvel, right, as Marc Anthony. (Joan Marcus\\\/The Public Theater via AP)&quot;,&quot;created_timestamp&quot;:&quot;1495368748&quot;,&quot;copyright&quot;:&quot;\\u00a92017 Joan Marcus&quot;,&quot;focal_length&quot;:&quot;70&quot;,&quot;iso&quot;:&quot;2000&quot;,&quot;shutter_speed&quot;:&quot;0.005&quot;,&quot;title&quot;:&quot;ADDITION Shakespearean Trump&quot;,&quot;orientation&quot;:&quot;1&quot;}\" data-image-title=\"ADDITION Shakespearean Trump\" data-image-description=\"\" data-image-caption=\"&lt;p&gt;ADDS THE NAMES OF THE CHARACTERS PORTRAYED ON STAGE &#8211; In this May 21, 2017 photo provided by The Public Theater, Tina Benko, left, portrays Melania Trump in the role of Caesar&#8217;s wife, Calpurnia, and Gregg Henry, center left, portrays President Donald Trump in the role of Julius Caesar during a dress rehearsal of The Public Theater&#8217;s Free Shakespeare in the Park production of Julius Caesar, in New York. Rounding out the cast on stage is Teagle F. Bougere as Casca, and Elizabeth Marvel, right, as Marc Anthony. (Joan Marcus\/The Public Theater via AP)&lt;\/p&gt;\n\" data-medium-file=\"https:\/\/i0.wp.com\/www.robertosedda.it\/wp-content\/uploads\/2018\/10\/Julius-Caesar-in-the-park.jpg?fit=300%2C193\" data-large-file=\"https:\/\/i0.wp.com\/www.robertosedda.it\/wp-content\/uploads\/2018\/10\/Julius-Caesar-in-the-park.jpg?fit=510%2C328\" decoding=\"async\" loading=\"lazy\" class=\"aligncenter wp-image-15739 size-full\" src=\"https:\/\/i0.wp.com\/www.robertosedda.it\/wp-content\/uploads\/2018\/10\/Julius-Caesar-in-the-park.jpg?resize=800%2C515\" alt=\"\" width=\"800\" height=\"515\" srcset=\"https:\/\/i0.wp.com\/www.robertosedda.it\/wp-content\/uploads\/2018\/10\/Julius-Caesar-in-the-park.jpg?w=2252 2252w, https:\/\/i0.wp.com\/www.robertosedda.it\/wp-content\/uploads\/2018\/10\/Julius-Caesar-in-the-park.jpg?resize=150%2C97 150w, https:\/\/i0.wp.com\/www.robertosedda.it\/wp-content\/uploads\/2018\/10\/Julius-Caesar-in-the-park.jpg?resize=300%2C193 300w, https:\/\/i0.wp.com\/www.robertosedda.it\/wp-content\/uploads\/2018\/10\/Julius-Caesar-in-the-park.jpg?resize=510%2C328 510w, https:\/\/i0.wp.com\/www.robertosedda.it\/wp-content\/uploads\/2018\/10\/Julius-Caesar-in-the-park.jpg?resize=700%2C451 700w, https:\/\/i0.wp.com\/www.robertosedda.it\/wp-content\/uploads\/2018\/10\/Julius-Caesar-in-the-park.jpg?w=1600 1600w\" sizes=\"(max-width: 800px) 100vw, 800px\" data-recalc-dims=\"1\" \/><\/p>\n<p>Non ero convintissimo, e mi sono rileggiucchiato il <em>Giulio Cesare<\/em> per trovare conferma: continuo a pensare che in realt\u00e0 parli d&#8217;altro, delle tensioni <em>interne<\/em> a un gruppo di rivoluzionari, di quel che succede quando si torna dalla guerra, di gestione del potere e di strumenti per assicurarselo fino in fondo &#8211; pi\u00f9 Cesare come Lenin, per dire, Stalin come Antonio, Bruto come Trockij.<\/p>\n<p>Anche con questi limiti &#8211; e comunque mi riservo una lettura pi\u00f9 accurata e un ascolto pi\u00f9 attento &#8211; la puntata era molto buona e la serie mi sembra imperdibile; uno dei pensieri che mi ha stimolato \u00e8 stato quello di avere trovato, finalmente, almeno una risposta a un dubbio espresso in un <a href=\"http:\/\/www.robertosedda.it\/?p=2646\">articolo<\/a> di diverso tempo fa:<\/p>\n<blockquote><p>Invece mi interessa condividere una riflessione che ho fatto al termine di tutti questi pensieri: che siamo privi di narrazioni popolari esemplari delle dinamiche della violenza politica nelle democrazie.<\/p><\/blockquote>\n<p>Beh, il <em>Giulio Cesare<\/em> \u00e8 certamente una narrazione esemplare, in questo senso, e la scelta della trasmissione assolutamente azzeccata, anche se la democrazia in questione \u00e8, pi\u00f9 precisamente, una oligarchia e i meccanismi democratici gi\u00e0 feriti da una guerra civile appena conclusa.<\/p>\n<p><img data-attachment-id=\"15740\" data-permalink=\"http:\/\/www.robertosedda.it\/?attachment_id=15740\" data-orig-file=\"https:\/\/i0.wp.com\/www.robertosedda.it\/wp-content\/uploads\/2018\/10\/Battuta-di-caccia.jpeg?fit=591%2C817\" data-orig-size=\"591,817\" data-comments-opened=\"1\" data-image-meta=\"{&quot;aperture&quot;:&quot;0&quot;,&quot;credit&quot;:&quot;&quot;,&quot;camera&quot;:&quot;&quot;,&quot;caption&quot;:&quot;&quot;,&quot;created_timestamp&quot;:&quot;0&quot;,&quot;copyright&quot;:&quot;&quot;,&quot;focal_length&quot;:&quot;0&quot;,&quot;iso&quot;:&quot;0&quot;,&quot;shutter_speed&quot;:&quot;0&quot;,&quot;title&quot;:&quot;&quot;,&quot;orientation&quot;:&quot;0&quot;}\" data-image-title=\"Battuta di caccia\" data-image-description=\"\" data-image-caption=\"\" data-medium-file=\"https:\/\/i0.wp.com\/www.robertosedda.it\/wp-content\/uploads\/2018\/10\/Battuta-di-caccia.jpeg?fit=217%2C300\" data-large-file=\"https:\/\/i0.wp.com\/www.robertosedda.it\/wp-content\/uploads\/2018\/10\/Battuta-di-caccia.jpeg?fit=510%2C705\" decoding=\"async\" loading=\"lazy\" class=\"alignright size-medium wp-image-15740\" src=\"https:\/\/i0.wp.com\/www.robertosedda.it\/wp-content\/uploads\/2018\/10\/Battuta-di-caccia.jpeg?resize=217%2C300\" alt=\"\" width=\"217\" height=\"300\" srcset=\"https:\/\/i0.wp.com\/www.robertosedda.it\/wp-content\/uploads\/2018\/10\/Battuta-di-caccia.jpeg?resize=217%2C300 217w, https:\/\/i0.wp.com\/www.robertosedda.it\/wp-content\/uploads\/2018\/10\/Battuta-di-caccia.jpeg?resize=109%2C150 109w, https:\/\/i0.wp.com\/www.robertosedda.it\/wp-content\/uploads\/2018\/10\/Battuta-di-caccia.jpeg?resize=510%2C705 510w, https:\/\/i0.wp.com\/www.robertosedda.it\/wp-content\/uploads\/2018\/10\/Battuta-di-caccia.jpeg?w=591 591w\" sizes=\"(max-width: 217px) 100vw, 217px\" data-recalc-dims=\"1\" \/>E subito dopo, come un fulmine, il collegamento fra <em>violenza politic<\/em><em>a<\/em> e <em>gruppo di rivoluzionari<\/em> mi ha fatto ricordare un&#8217;altra narrazione esemplare in materia che credo si potrebbe con profitto leggere in parallelo col <em>Giulio Cesare<\/em>, e cio\u00e8 <em>Battuta\u00a0di caccia<\/em> di Christin e Bilal. <em>Battuta di caccia<\/em>, col suo pretesto della caccia all&#8217;orso che riunisce in un casino di caccia in Polonia un gruppo di gerarchi sovietici, con un passato comune sanguinoso e violento e la tentazione, ancora una volta, a risolvere i dissidi politici &#8211; e gli intrecci delle loro storie personali &#8211; con il coltello o col fucile, \u00e8 esattamente\u00a0 tipo di storia che cercavo, per quanto forse ormai non pi\u00f9 tanto ricordata.<\/p>\n<p>Vedo con disappunto che \u00e8 un fumetto non pi\u00f9 facilissimo da trovare, ma \u00e8 <em>davvero<\/em> una lettura imperdibile ed \u00e8 imperdonabile che, in tanti anni di <em>blog<\/em>, io non ne avessi mai parlato.<\/p>\n<p>&nbsp;<\/p>\n","protected":false},"excerpt":{"rendered":"<p>Volevo segnalare agli anglofoni che su Slate \u00e8 appena terminata una serie di podcast intitolata Lend me your ears (&#8220;Prestatemi<\/p>\n","protected":false},"author":1,"featured_media":15739,"comment_status":"open","ping_status":"open","sticky":false,"template":"","format":"standard","meta":{"_mi_skip_tracking":false,"_monsterinsights_sitenote_active":false,"_monsterinsights_sitenote_note":"","_monsterinsights_sitenote_category":0,"jetpack_post_was_ever_published":false,"_jetpack_newsletter_access":"","jetpack_publicize_message":"","jetpack_is_tweetstorm":false,"jetpack_publicize_feature_enabled":true,"jetpack_social_post_already_shared":true,"jetpack_social_options":{"image_generator_settings":{"template":"highway","enabled":false}}},"categories":[52,20,56,13,101,12],"tags":[],"jetpack_publicize_connections":[],"jetpack_featured_media_url":"https:\/\/i0.wp.com\/www.robertosedda.it\/wp-content\/uploads\/2018\/10\/Julius-Caesar-in-the-park.jpg?fit=2252%2C1450","jetpack_sharing_enabled":true,"jetpack_shortlink":"https:\/\/wp.me\/p4jV2T-45O","jetpack_likes_enabled":true,"jetpack-related-posts":[{"id":11792,"url":"http:\/\/www.robertosedda.it\/?p=11792","url_meta":{"origin":15736,"position":0},"title":"Dal ghetto di Varsavia a Robben Island","author":"Rufus","date":"11\/04\/2016","format":false,"excerpt":"Ho finito di leggere ieri\u00a0Shakespeare's Restless World:\u00a0An Unexpected History in Twenty Objects (Penguin,\u00a02014), un libro bellissimo che per\u00f2 ho preso e abbandonato a pi\u00f9 riprese: mi \u00e8 stato utile\u00a0per\u00a0le puntate di\u00a0Oggi parliamo di libri\u00a0dedicate a Shakespeare, poi \u00e8 rimasto casualmente a giacere nel bagagliaio della\u00a0macchina parecchio tempo e cos\u00ec via.\u2026","rel":"","context":"In &quot;Coordinate&quot;","block_context":{"text":"Coordinate","link":"http:\/\/www.robertosedda.it\/?cat=52"},"img":{"alt_text":"","src":"https:\/\/i0.wp.com\/www.robertosedda.it\/wp-content\/uploads\/2016\/04\/robben-island-mandela.jpeg?fit=545%2C365&resize=350%2C200","width":350,"height":200},"classes":[]},{"id":768,"url":"http:\/\/www.robertosedda.it\/?p=768","url_meta":{"origin":15736,"position":1},"title":"Sogno di una notte di mezza estate","author":"Rufus","date":"24\/08\/2012","format":false,"excerpt":"Vale la pena di fare una premessa: il Sogno non \u00e8 una delle opere scespiriane pi\u00f9 facili del mondo da mettere in scena, compresa com'\u00e8 di una serie di \"blocchi\" narrativi e di registri differenti (soprattutto il lungo inserto conclusivo della recita degli artigiani). E d'altra parte, bisogna per forza,\u2026","rel":"","context":"In &quot;Coordinate&quot;","block_context":{"text":"Coordinate","link":"http:\/\/www.robertosedda.it\/?cat=52"},"img":{"alt_text":"","src":"https:\/\/i0.wp.com\/www.robertosedda.it\/wp-content\/uploads\/2012\/08\/sogno_di_una_notte_di_mezza_estate_michelle_pfeiffer_michael_hoffman_001_jpg_uwri.jpg?fit=793%2C524&resize=350%2C200","width":350,"height":200,"srcset":"https:\/\/i0.wp.com\/www.robertosedda.it\/wp-content\/uploads\/2012\/08\/sogno_di_una_notte_di_mezza_estate_michelle_pfeiffer_michael_hoffman_001_jpg_uwri.jpg?fit=793%2C524&resize=350%2C200 1x, https:\/\/i0.wp.com\/www.robertosedda.it\/wp-content\/uploads\/2012\/08\/sogno_di_una_notte_di_mezza_estate_michelle_pfeiffer_michael_hoffman_001_jpg_uwri.jpg?fit=793%2C524&resize=700%2C400 2x"},"classes":[]},{"id":12703,"url":"http:\/\/www.robertosedda.it\/?p=12703","url_meta":{"origin":15736,"position":2},"title":"\u00c8 un eretico chi accende il rogo, non colei che vi viene bruciata","author":"Rufus","date":"24\/10\/2016","format":false,"excerpt":"Nel\u00a0Racconto d'inverno di Shakespeare a un certo punto il re Leonte minaccia di mettere al rogo\u00a0la fastidiosa\u00a0Paolina che gli tiene testa, e quella gli risponde secca: \u00c8 un eretico chi accende il rogo, non colei che vi viene bruciata. Il rogo era una pena che comportava o l'eresia -\u00a0e vi\u2026","rel":"","context":"In &quot;Coordinate&quot;","block_context":{"text":"Coordinate","link":"http:\/\/www.robertosedda.it\/?cat=52"},"img":{"alt_text":"","src":"https:\/\/i0.wp.com\/www.robertosedda.it\/wp-content\/uploads\/2016\/10\/Secret-Shakespeare.jpg?fit=338%2C500&resize=350%2C200","width":350,"height":200},"classes":[]},{"id":11409,"url":"http:\/\/www.robertosedda.it\/?p=11409","url_meta":{"origin":15736,"position":3},"title":"Il magnifico Shakespeare","author":"Rufus","date":"18\/01\/2016","format":false,"excerpt":"Ho letto per la prima volta Shakespeare quando avevo credo dodici o tredici anni. Quando dico\u00a0leggerlo non intendo un sunto scolastico o altre cose del genere: intendo una lettura continuativa di tutto il tomo\u00a0Sansoni dell'opera\u00a0completa, dal primo dramma storico (credo il\u00a0Riccardo II) al\u00a0poemetto sullo stupro\u00a0di Lucrezia che era in appendice.\u2026","rel":"","context":"In &quot;Coordinate&quot;","block_context":{"text":"Coordinate","link":"http:\/\/www.robertosedda.it\/?cat=52"},"img":{"alt_text":"","src":"https:\/\/i0.wp.com\/www.robertosedda.it\/wp-content\/uploads\/2016\/01\/Shakespeare.jpg?fit=670%2C875&resize=350%2C200","width":350,"height":200},"classes":[]},{"id":6519,"url":"http:\/\/www.robertosedda.it\/?p=6519","url_meta":{"origin":15736,"position":4},"title":"Bustianu e Marcello Fois","author":"Rufus","date":"20\/02\/2014","format":"video","excerpt":"Ho dedicato una puntata a Bustianu e ai gialli di ambientazione ottocentesca di Marcello Fois, Sempre caro, Sangue dal cielo e L'altro mondo con qualche esitazione e una sicurezza. La sicurezza era che il brano musicale scelto per l'intermezzo era uno dei migliori di tutte le puntate: Fin da quando\u2026","rel":"","context":"In &quot;Coordinate&quot;","block_context":{"text":"Coordinate","link":"http:\/\/www.robertosedda.it\/?cat=52"},"img":{"alt_text":"","src":"https:\/\/i0.wp.com\/img.youtube.com\/vi\/p6OI5M5DYWw\/0.jpg?resize=350%2C200","width":350,"height":200},"classes":[]},{"id":15775,"url":"http:\/\/www.robertosedda.it\/?p=15775","url_meta":{"origin":15736,"position":5},"title":"Cadaveri a nolo","author":"Rufus","date":"30\/10\/2018","format":false,"excerpt":"L'altro giorno sentivo parlare di Diego Fusaro alla radio (c'era la storia della\u00a0boutade\u00a0delle presunte rivelazioni sulla vita intima della famiglia) e riflettendo sul personaggio ho pensato al quattordicesimo dei\u00a0trentasei stratagemmi,\u00a0 Il quattordicesimo stratagemma dice:\u501f\u5c4d\u9084\u9b42\/\u501f\u5c38\u8fd8\u9b42,Ji\u00e8 sh\u012b hu\u00e1n h\u00fan,\u00abprendi a prestito un cadavere per resuscitarne lo spirito\u00bb e mi sono stupito di\u2026","rel":"","context":"In &quot;Coordinate&quot;","block_context":{"text":"Coordinate","link":"http:\/\/www.robertosedda.it\/?cat=52"},"img":{"alt_text":"","src":"https:\/\/i0.wp.com\/www.robertosedda.it\/wp-content\/uploads\/2018\/10\/Undeads.jpg?fit=700%2C400&resize=350%2C200","width":350,"height":200,"srcset":"https:\/\/i0.wp.com\/www.robertosedda.it\/wp-content\/uploads\/2018\/10\/Undeads.jpg?fit=700%2C400&resize=350%2C200 1x, https:\/\/i0.wp.com\/www.robertosedda.it\/wp-content\/uploads\/2018\/10\/Undeads.jpg?fit=700%2C400&resize=700%2C400 2x"},"classes":[]}],"_links":{"self":[{"href":"http:\/\/www.robertosedda.it\/index.php?rest_route=\/wp\/v2\/posts\/15736"}],"collection":[{"href":"http:\/\/www.robertosedda.it\/index.php?rest_route=\/wp\/v2\/posts"}],"about":[{"href":"http:\/\/www.robertosedda.it\/index.php?rest_route=\/wp\/v2\/types\/post"}],"author":[{"embeddable":true,"href":"http:\/\/www.robertosedda.it\/index.php?rest_route=\/wp\/v2\/users\/1"}],"replies":[{"embeddable":true,"href":"http:\/\/www.robertosedda.it\/index.php?rest_route=%2Fwp%2Fv2%2Fcomments&post=15736"}],"version-history":[{"count":4,"href":"http:\/\/www.robertosedda.it\/index.php?rest_route=\/wp\/v2\/posts\/15736\/revisions"}],"predecessor-version":[{"id":15776,"href":"http:\/\/www.robertosedda.it\/index.php?rest_route=\/wp\/v2\/posts\/15736\/revisions\/15776"}],"wp:featuredmedia":[{"embeddable":true,"href":"http:\/\/www.robertosedda.it\/index.php?rest_route=\/wp\/v2\/media\/15739"}],"wp:attachment":[{"href":"http:\/\/www.robertosedda.it\/index.php?rest_route=%2Fwp%2Fv2%2Fmedia&parent=15736"}],"wp:term":[{"taxonomy":"category","embeddable":true,"href":"http:\/\/www.robertosedda.it\/index.php?rest_route=%2Fwp%2Fv2%2Fcategories&post=15736"},{"taxonomy":"post_tag","embeddable":true,"href":"http:\/\/www.robertosedda.it\/index.php?rest_route=%2Fwp%2Fv2%2Ftags&post=15736"}],"curies":[{"name":"wp","href":"https:\/\/api.w.org\/{rel}","templated":true}]}}