{"id":15710,"date":"2018-10-04T15:54:48","date_gmt":"2018-10-04T13:54:48","guid":{"rendered":"http:\/\/www.robertosedda.it\/?p=15710"},"modified":"2018-10-31T15:41:19","modified_gmt":"2018-10-31T14:41:19","slug":"razza-padrona","status":"publish","type":"post","link":"http:\/\/www.robertosedda.it\/?p=15710","title":{"rendered":"Razza padrona"},"content":{"rendered":"<p>C&#8217;\u00e8 una domanda che mi faccio frequentemente di questi ultimi tempi rispetto a certa parte delle mie conoscenze di sinistra, e che pi\u00f9 o meno fa cos\u00ec:\u00a0<em>ma quand&#8217;\u00e8, esattamente, che siamo diventati razza padrona?<\/em><\/p>\n<p>Prima che quelli di altre parti politiche che leggono esultino increduli per la mia conversione, intendo dire: <em>da\u00a0quand&#8217;\u00e8<\/em> <em>che ci sentiamo straniti dall&#8217;essere opposizione?<\/em><\/p>\n<figure id=\"attachment_15712\" aria-describedby=\"caption-attachment-15712\" style=\"width: 1024px\" class=\"wp-caption aligncenter\"><img data-attachment-id=\"15712\" data-permalink=\"http:\/\/www.robertosedda.it\/?attachment_id=15712\" data-orig-file=\"https:\/\/i0.wp.com\/www.robertosedda.it\/wp-content\/uploads\/2018\/10\/Orchetti.jpg?fit=1024%2C472\" data-orig-size=\"1024,472\" data-comments-opened=\"1\" data-image-meta=\"{&quot;aperture&quot;:&quot;0&quot;,&quot;credit&quot;:&quot;&quot;,&quot;camera&quot;:&quot;&quot;,&quot;caption&quot;:&quot;&quot;,&quot;created_timestamp&quot;:&quot;0&quot;,&quot;copyright&quot;:&quot;&quot;,&quot;focal_length&quot;:&quot;0&quot;,&quot;iso&quot;:&quot;0&quot;,&quot;shutter_speed&quot;:&quot;0&quot;,&quot;title&quot;:&quot;&quot;,&quot;orientation&quot;:&quot;0&quot;}\" data-image-title=\"Orchetti\" data-image-description=\"\" data-image-caption=\"&lt;p&gt;Ecco, quest&#8217;idea che arriva l&#8217;orda&lt;\/p&gt;\n\" data-medium-file=\"https:\/\/i0.wp.com\/www.robertosedda.it\/wp-content\/uploads\/2018\/10\/Orchetti.jpg?fit=300%2C138\" data-large-file=\"https:\/\/i0.wp.com\/www.robertosedda.it\/wp-content\/uploads\/2018\/10\/Orchetti.jpg?fit=510%2C235\" decoding=\"async\" loading=\"lazy\" class=\"size-full wp-image-15712\" src=\"https:\/\/i0.wp.com\/www.robertosedda.it\/wp-content\/uploads\/2018\/10\/Orchetti.jpg?resize=800%2C369\" alt=\"\" width=\"800\" height=\"369\" srcset=\"https:\/\/i0.wp.com\/www.robertosedda.it\/wp-content\/uploads\/2018\/10\/Orchetti.jpg?w=1024 1024w, https:\/\/i0.wp.com\/www.robertosedda.it\/wp-content\/uploads\/2018\/10\/Orchetti.jpg?resize=150%2C69 150w, https:\/\/i0.wp.com\/www.robertosedda.it\/wp-content\/uploads\/2018\/10\/Orchetti.jpg?resize=300%2C138 300w, https:\/\/i0.wp.com\/www.robertosedda.it\/wp-content\/uploads\/2018\/10\/Orchetti.jpg?resize=510%2C235 510w, https:\/\/i0.wp.com\/www.robertosedda.it\/wp-content\/uploads\/2018\/10\/Orchetti.jpg?resize=700%2C323 700w\" sizes=\"(max-width: 800px) 100vw, 800px\" data-recalc-dims=\"1\" \/><figcaption id=\"caption-attachment-15712\" class=\"wp-caption-text\">Ecco, quest&#8217;idea che arriva l&#8217;orda<\/figcaption><\/figure>\n<p>Voglio dire: pur avendo votato in maniera diversa nel corso degli anni, raramente o mai ho vinto un&#8217;elezione, certamente mai con la soddisfazione che le cose fossero andate <em>esattamente<\/em> come avrei desiderato, senza compromessi, senza imbarcare alleati equivoci, senza doversi adattare alla situazione rinunciando a parte degli ideali.<\/p>\n<p>Per buona parte della mia vita adulta e del mio apprendistato politico, il governo \u00e8 stato un&#8217;entit\u00e0 ostile. E per buona parte delle organizzazioni sociali alle quali ho appartenuto, e certamente ben oltre la fine della Prima Repubblica, il mondo politico era una realt\u00e0 separata e distante con la quale non c&#8217;era identificazione immediata ma piuttosto il riconoscimento che l\u00ec dentro c&#8217;erano persone vicine e perbene, persone vicine e non perbene, persone perbene ma non vicine e persone con le quali non si doveva avere niente a che fare pena la dannazione in questa o nell&#8217;altra vita. L&#8217;interesse dell&#8217;organizzazione era una cosa ben distinta dagli interessi della parte politica, e portarlo avanti voleva dire avere una serie di relazioni, pi\u00f9 o meno cordiali ma sempre guardinghe, con le istituzioni e coloro che le conducevano. Mai con l&#8217;idea che avremmo bussato e,\u00a0<em>certamente<\/em>, ci sarebbe stato aperto &#8211; e se ci aprivano, probabilmente c&#8217;era la fregatura da qualche parte.<\/p>\n<p>Quando si avvicinava Genova, nel 2001, ci si preparava a contingenze diverse che andavano da <em>governo poco amico<\/em> a <em>governo ostile<\/em>: in ogni caso peccavano per difetto, ma certo nessuno supponeva che il quadro politico fosse fatto a nostra immagine e somiglianza e che a Genova ci attendessero i tappeti rossi (io, per non sbagliare, sono andato a giocare a calcetto e la gamba me la sono rotta da solo, qualche giorno prima, e pensare che volevo andare lo stesso col gesso e le stampelle).<\/p>\n<p>Non ho vissuto direttamente gli scontri di piazza degli anni &#8217;60 e per quelli del &#8217;77 ero troppo piccolo ma sono cresciuto in anni nei quali <a href=\"http:\/\/www.robertosedda.it\/?p=2646\">la violenza politica si sapeva benissimo cos&#8217;era<\/a>. Non ho mai conosciuto Scelba, ma per noi era pacifico supporre che il Ministro degli Interni potesse non essere un galantuomo e che la Polizia, in piazza, potesse menare.<\/p>\n<p>E quindi mi chiedo, com&#8217;\u00e8 che apparentemente tutti si stupiscono che, per dirla con Guccini,<\/p>\n<blockquote><p>&#8230; adesso avete voi il potere,<br \/>\nadesso avete voi supremazia, diritto e Polizia,<br \/>\ngli dei, i comandamenti ed il dovere,<br \/>\npurtroppo, non so come, siete in tanti<br \/>\ne molti qui davanti<br \/>\nignorano quel tarlo mai sincero<br \/>\nche chiamano &#8220;Pensiero&#8221;&#8230;<\/p><\/blockquote>\n<div class=\"jetpack-video-wrapper\"><span class=\"embed-youtube\" style=\"text-align:center; display: block;\"><iframe loading=\"lazy\" class=\"youtube-player\" width=\"800\" height=\"450\" src=\"https:\/\/www.youtube.com\/embed\/hw3hQjCPfuo?version=3&#038;rel=1&#038;showsearch=0&#038;showinfo=1&#038;iv_load_policy=1&#038;fs=1&#038;hl=it-IT&#038;autohide=2&#038;wmode=transparent\" allowfullscreen=\"true\" style=\"border:0;\" sandbox=\"allow-scripts allow-same-origin allow-popups allow-presentation\"><\/iframe><\/span><\/div>\n<p>Ma anche senza stare sul tema della violenza, cos&#8217;\u00e8 questo scoramento, questo stupore atroce, questo senso di lutto? Com&#8217;\u00e8 che il nemico fa cose da nemico e vedo gente attorno a me che replica con la paura sconcertata del futuro? Quand&#8217;\u00e8 che ci siamo cos\u00ec imborghesiti che il conflitto sociale diventa\u00a0<em>inaspettato<\/em>?<\/p>\n<p>Non \u00e8 che non bisogna avere paura, o non essere d&#8217;accordo. \u00c8 la paura sconcertata che per me \u00e8 incomprensibile. Gli aristocratici francesi potevano pensare all&#8217;apocalisse nel vedere avvicinarsi i fuochi dei rivoluzionari, le carrette e la ghigliottina: noi dovremmo essere\u00a0<em>preparati<\/em>.<\/p>\n<p>Ok, ci sono delle spiegazioni, evidentemente: l&#8217;anestetizzazione e la rimozione del tema della violenza politica nel dibattito culturale italiano; l&#8217;ansia della dirigenza della sinistra di essere finalmente accolta nei salotti buoni della politica e della societ\u00e0, tanto da dimenticare come fosse fatto il mondo l\u00e0 fuori; l&#8217;abbandono delle pratiche di conflitto sociale; l&#8217;idea perniciosa che la propria superiorit\u00e0 morale debba essere automaticamente riconosciuta; la pervasivit\u00e0 di un pensiero di correttezza politica che finisce per fare schermo alla realt\u00e0; il rompersi della <a href=\"http:\/\/www.robertosedda.it\/?p=11886\">popolarit\u00e0 come consapevolezza diffusa della difficolt\u00e0 del vivere.<\/a><\/p>\n<p>Tutto vero, e ci sono mille altre spiegazioni: per esempio \u00e8 anche un fatto generazionale, di non essere pi\u00f9 folli e affamati ma soddisfatti e perbenisti, e non \u00e8 solo la politica; per esempio tanti movimenti culturali che erano marginali, di nicchia, e ai tempi della mia giovinezza davano per scontato di essere\u00a0<em>minoranza<\/em>\u00a0guardata con sospetto e di doversi guadagnare legittimazione ad ogni passo &#8211; ammesso che gli interessasse, la legittimazione &#8211; adesso si sono fatti grassi e pigri e improvvisamente non si capacitano pi\u00f9 che l&#8217;assessore li cacci dalla biblioteca o gli neghi la piazza.<\/p>\n<p>Per\u00f2 resta incomprensibile lo stesso.<\/p>\n<p>Ragazzi, prima ci\u00a0<em>ripijamo<\/em> e meglio \u00e8.<\/p>\n","protected":false},"excerpt":{"rendered":"<p>C&#8217;\u00e8 una domanda che mi faccio frequentemente di questi ultimi tempi rispetto a certa parte delle mie conoscenze di sinistra,<\/p>\n","protected":false},"author":1,"featured_media":15712,"comment_status":"open","ping_status":"open","sticky":false,"template":"","format":"video","meta":{"_mi_skip_tracking":false,"_monsterinsights_sitenote_active":false,"_monsterinsights_sitenote_note":"","_monsterinsights_sitenote_category":0,"jetpack_post_was_ever_published":false,"_jetpack_newsletter_access":"","jetpack_publicize_message":"","jetpack_is_tweetstorm":false,"jetpack_publicize_feature_enabled":true,"jetpack_social_post_already_shared":true,"jetpack_social_options":{"image_generator_settings":{"template":"highway","enabled":false}}},"categories":[52,57,17,59,16],"tags":[],"jetpack_publicize_connections":[],"jetpack_featured_media_url":"https:\/\/i0.wp.com\/www.robertosedda.it\/wp-content\/uploads\/2018\/10\/Orchetti.jpg?fit=1024%2C472","jetpack_sharing_enabled":true,"jetpack_shortlink":"https:\/\/wp.me\/p4jV2T-45o","jetpack_likes_enabled":true,"jetpack-related-posts":[{"id":18412,"url":"http:\/\/www.robertosedda.it\/?p=18412","url_meta":{"origin":15710,"position":0},"title":"Orientati male","author":"Rufus","date":"30\/12\/2020","format":false,"excerpt":"Il mese scorso ho letto sul Guardian, ma mi sono sempre dimenticato di parlarne qui sul blog, una piacevole intervista a Ethan Hawke. Mi limiterei a segnalarvela - si discute di vita a Hollywood, si raccontano un po' di cose della carriera di un attore che, dopotutto, \u00e8 sulla breccia\u2026","rel":"","context":"In &quot;Coordinate&quot;","block_context":{"text":"Coordinate","link":"http:\/\/www.robertosedda.it\/?cat=52"},"img":{"alt_text":"","src":"https:\/\/i0.wp.com\/www.robertosedda.it\/wp-content\/uploads\/2020\/12\/Ethan-Hawke-Guardian.png?fit=1200%2C479&resize=350%2C200","width":350,"height":200,"srcset":"https:\/\/i0.wp.com\/www.robertosedda.it\/wp-content\/uploads\/2020\/12\/Ethan-Hawke-Guardian.png?fit=1200%2C479&resize=350%2C200 1x, https:\/\/i0.wp.com\/www.robertosedda.it\/wp-content\/uploads\/2020\/12\/Ethan-Hawke-Guardian.png?fit=1200%2C479&resize=700%2C400 2x, https:\/\/i0.wp.com\/www.robertosedda.it\/wp-content\/uploads\/2020\/12\/Ethan-Hawke-Guardian.png?fit=1200%2C479&resize=1050%2C600 3x"},"classes":[]},{"id":10433,"url":"http:\/\/www.robertosedda.it\/?p=10433","url_meta":{"origin":15710,"position":1},"title":"Psssst: ma esattamente, di cosa stiamo parlando?","author":"Rufus","date":"22\/06\/2015","format":false,"excerpt":"Amici impegnati su fronti opposti nel dibattito sulla famiglia, i diritti, il gender,\u00a0l'universo e tutto quanto, \u00a0impegnatissimi a descrivere in maniera caricaturale l'avversario e a erigere mura che impediscano a orde scatenate di seminare rovina e distruzione...... non vorrei dirvelo ma tanta foga sembra dimostrare che il dibattito si \u00e8\u2026","rel":"","context":"In &quot;Coordinate&quot;","block_context":{"text":"Coordinate","link":"http:\/\/www.robertosedda.it\/?cat=52"},"img":{"alt_text":"","src":"https:\/\/i0.wp.com\/www.robertosedda.it\/wp-content\/uploads\/2015\/06\/Orde-allassalto.jpg?fit=1024%2C1024&resize=350%2C200","width":350,"height":200,"srcset":"https:\/\/i0.wp.com\/www.robertosedda.it\/wp-content\/uploads\/2015\/06\/Orde-allassalto.jpg?fit=1024%2C1024&resize=350%2C200 1x, https:\/\/i0.wp.com\/www.robertosedda.it\/wp-content\/uploads\/2015\/06\/Orde-allassalto.jpg?fit=1024%2C1024&resize=700%2C400 2x"},"classes":[]},{"id":12914,"url":"http:\/\/www.robertosedda.it\/?p=12914","url_meta":{"origin":15710,"position":2},"title":"Ma esattamente&#8230;","author":"Rufus","date":"06\/12\/2016","format":false,"excerpt":"DISCLAIMER: questo post\u00a0non \u00e8 rivolto a chi ha votato SI al referendum\u00a0(ci mancherebbe altro) ma a quelli che hanno votato SI\u00a0e ci sono rimasti male\u00a0per aver perso. Ma non semplicemente\u00a0male, ma male male male. Se avete pubblicato cose tipo\u00a0e adesso\u00a0che avete sfasciato il Paese pensateci voi, o avete citato nella\u2026","rel":"","context":"In &quot;Coordinate&quot;","block_context":{"text":"Coordinate","link":"http:\/\/www.robertosedda.it\/?cat=52"},"img":{"alt_text":"","src":"https:\/\/i0.wp.com\/www.robertosedda.it\/wp-content\/uploads\/2016\/12\/Vincere.jpg?fit=626%2C416&resize=350%2C200","width":350,"height":200},"classes":[]},{"id":16830,"url":"http:\/\/www.robertosedda.it\/?p=16830","url_meta":{"origin":15710,"position":3},"title":"Conter\u00e0 il colore di  Samuel?","author":"Rufus","date":"24\/06\/2019","format":false,"excerpt":"Ho scoperto l'altro giorno, inopinatamente, che Samuel R. Delany, uno scrittore che apprezzo molto, \u00e8 nero. By Alex Lozupone - Own work, CC BY-SA 4.0, https:\/\/commons.wikimedia.org\/w\/index.php?curid=47034535 Sono rimasto un po' stupito. E poi mi sono stupito del mio stupore. Dovevo capirlo? Boh. Nel ciclo fantasy di Nev\u00e8r\u00ffon - non ho\u2026","rel":"","context":"In &quot;Coordinate&quot;","block_context":{"text":"Coordinate","link":"http:\/\/www.robertosedda.it\/?cat=52"},"img":{"alt_text":"","src":"https:\/\/i0.wp.com\/www.robertosedda.it\/wp-content\/uploads\/2019\/06\/Loz-delany2016.png?fit=675%2C1200&resize=350%2C200","width":350,"height":200},"classes":[]},{"id":15289,"url":"http:\/\/www.robertosedda.it\/?p=15289","url_meta":{"origin":15710,"position":4},"title":"Datevi al baseball. O alla politica","author":"Rufus","date":"29\/05\/2018","format":false,"excerpt":"Citazioni (non) intramontabili Una delle mie citazioni preferite di Brecht fa, pi\u00f9 o meno, Quali tempi son questi, quando un dialogo sugli alberi\u00a0\u00e8 quasi un delitto perch\u00e9 su troppe stragi comporta il silenzio! Nel caso specifico il dialogo sugli alberi era un genere di poesia bucolica, e il combattivo Bertolt\u2026","rel":"","context":"In &quot;Coordinate&quot;","block_context":{"text":"Coordinate","link":"http:\/\/www.robertosedda.it\/?cat=52"},"img":{"alt_text":"","src":"https:\/\/i0.wp.com\/www.robertosedda.it\/wp-content\/uploads\/2018\/05\/Sono-vietate-le-discussioni-politiche.jpg?fit=966%2C212&resize=350%2C200","width":350,"height":200,"srcset":"https:\/\/i0.wp.com\/www.robertosedda.it\/wp-content\/uploads\/2018\/05\/Sono-vietate-le-discussioni-politiche.jpg?fit=966%2C212&resize=350%2C200 1x, https:\/\/i0.wp.com\/www.robertosedda.it\/wp-content\/uploads\/2018\/05\/Sono-vietate-le-discussioni-politiche.jpg?fit=966%2C212&resize=700%2C400 2x"},"classes":[]},{"id":12933,"url":"http:\/\/www.robertosedda.it\/?p=12933","url_meta":{"origin":15710,"position":5},"title":"E Jonathan si tolse l&#8217;elmetto","author":"Rufus","date":"12\/12\/2016","format":"video","excerpt":"Rollerball (Norman Jewison, USA 1975) Ho visto la settimana scorsa, nella rassegna dedicata al gioco da\u00a0Laboratorio 28 (\u00e8 intitolata A CHE GIOCO GIOCHIAMO | Riflessioni cinematografiche sul gioco del mondo) il vecchio\u00a0Rollerball, un film che gira sotto diverse etichette: fantascientifico, distopico, sportivo,\u00a0drammatico, d'azione. Due parole sulla trama La storia del\u2026","rel":"","context":"In &quot;Coordinate&quot;","block_context":{"text":"Coordinate","link":"http:\/\/www.robertosedda.it\/?cat=52"},"img":{"alt_text":"","src":"https:\/\/i0.wp.com\/img.youtube.com\/vi\/aVUxK1mNups\/0.jpg?resize=350%2C200","width":350,"height":200},"classes":[]}],"_links":{"self":[{"href":"http:\/\/www.robertosedda.it\/index.php?rest_route=\/wp\/v2\/posts\/15710"}],"collection":[{"href":"http:\/\/www.robertosedda.it\/index.php?rest_route=\/wp\/v2\/posts"}],"about":[{"href":"http:\/\/www.robertosedda.it\/index.php?rest_route=\/wp\/v2\/types\/post"}],"author":[{"embeddable":true,"href":"http:\/\/www.robertosedda.it\/index.php?rest_route=\/wp\/v2\/users\/1"}],"replies":[{"embeddable":true,"href":"http:\/\/www.robertosedda.it\/index.php?rest_route=%2Fwp%2Fv2%2Fcomments&post=15710"}],"version-history":[{"count":5,"href":"http:\/\/www.robertosedda.it\/index.php?rest_route=\/wp\/v2\/posts\/15710\/revisions"}],"predecessor-version":[{"id":15791,"href":"http:\/\/www.robertosedda.it\/index.php?rest_route=\/wp\/v2\/posts\/15710\/revisions\/15791"}],"wp:featuredmedia":[{"embeddable":true,"href":"http:\/\/www.robertosedda.it\/index.php?rest_route=\/wp\/v2\/media\/15712"}],"wp:attachment":[{"href":"http:\/\/www.robertosedda.it\/index.php?rest_route=%2Fwp%2Fv2%2Fmedia&parent=15710"}],"wp:term":[{"taxonomy":"category","embeddable":true,"href":"http:\/\/www.robertosedda.it\/index.php?rest_route=%2Fwp%2Fv2%2Fcategories&post=15710"},{"taxonomy":"post_tag","embeddable":true,"href":"http:\/\/www.robertosedda.it\/index.php?rest_route=%2Fwp%2Fv2%2Ftags&post=15710"}],"curies":[{"name":"wp","href":"https:\/\/api.w.org\/{rel}","templated":true}]}}