{"id":15707,"date":"2018-10-03T15:32:23","date_gmt":"2018-10-03T13:32:23","guid":{"rendered":"http:\/\/www.robertosedda.it\/?p=15707"},"modified":"2018-10-19T18:40:54","modified_gmt":"2018-10-19T16:40:54","slug":"vagabonda-nel-gelo","status":"publish","type":"post","link":"http:\/\/www.robertosedda.it\/?p=15707","title":{"rendered":"Vagabonda nel gelo"},"content":{"rendered":"<h2>Senza tetto n\u00e9 legge (Agn\u00e8s Varda, Francia 1985)<\/h2>\n<p>Ho recuperato l&#8217;altro giorno, a trent&#8217;anni dall&#8217;uscita, <em>Senza tetto n\u00e9 legge<\/em> di Agn\u00e8s Varda, grazie al ciclo di <a href=\"http:\/\/laboratorio28.it\/preferirei-di-no-la-disobbedienza-al-cinema\/\">film sulla disobbedienza<\/a> che \u00e8 a attualmente in programmazione al <em><a href=\"http:\/\/laboratorio28.it\/\">Laboratorio28<\/a>.<\/em><\/p>\n<p>Costruito come un lungo <em>flashback<\/em>, risolto apparentemente come un documentario, con l&#8217;alternarsi delle scene di vita vagabonda della protagonista e delle dichiarazioni delle persone che l&#8217;hanno incontrata, come fosse un&#8217;inchiesta giornalistica o giudiziaria,\u00a0<em>Senza tetto n\u00e9 legge<\/em> \u00e8 un film <em>estremamente<\/em> ingannevole.<\/p>\n<p><img data-attachment-id=\"15708\" data-permalink=\"http:\/\/www.robertosedda.it\/?attachment_id=15708\" data-orig-file=\"https:\/\/i0.wp.com\/www.robertosedda.it\/wp-content\/uploads\/2018\/10\/Senza-tetto-n\u00e9-legge.jpg?fit=458%2C655\" data-orig-size=\"458,655\" data-comments-opened=\"1\" data-image-meta=\"{&quot;aperture&quot;:&quot;0&quot;,&quot;credit&quot;:&quot;&quot;,&quot;camera&quot;:&quot;&quot;,&quot;caption&quot;:&quot;&quot;,&quot;created_timestamp&quot;:&quot;0&quot;,&quot;copyright&quot;:&quot;&quot;,&quot;focal_length&quot;:&quot;0&quot;,&quot;iso&quot;:&quot;0&quot;,&quot;shutter_speed&quot;:&quot;0&quot;,&quot;title&quot;:&quot;&quot;,&quot;orientation&quot;:&quot;0&quot;}\" data-image-title=\"Senza tetto n\u00e9 legge\" data-image-description=\"\" data-image-caption=\"\" data-medium-file=\"https:\/\/i0.wp.com\/www.robertosedda.it\/wp-content\/uploads\/2018\/10\/Senza-tetto-n\u00e9-legge.jpg?fit=210%2C300\" data-large-file=\"https:\/\/i0.wp.com\/www.robertosedda.it\/wp-content\/uploads\/2018\/10\/Senza-tetto-n\u00e9-legge.jpg?fit=458%2C655\" decoding=\"async\" loading=\"lazy\" class=\"alignright size-medium wp-image-15708\" src=\"https:\/\/i0.wp.com\/www.robertosedda.it\/wp-content\/uploads\/2018\/10\/Senza-tetto-n\u00e9-legge.jpg?resize=210%2C300\" alt=\"\" width=\"210\" height=\"300\" srcset=\"https:\/\/i0.wp.com\/www.robertosedda.it\/wp-content\/uploads\/2018\/10\/Senza-tetto-n\u00e9-legge.jpg?resize=210%2C300 210w, https:\/\/i0.wp.com\/www.robertosedda.it\/wp-content\/uploads\/2018\/10\/Senza-tetto-n\u00e9-legge.jpg?resize=105%2C150 105w, https:\/\/i0.wp.com\/www.robertosedda.it\/wp-content\/uploads\/2018\/10\/Senza-tetto-n\u00e9-legge.jpg?w=458 458w\" sizes=\"(max-width: 210px) 100vw, 210px\" data-recalc-dims=\"1\" \/>Ingannevole. Come documentario: manca qualunque informazione reale sul passato di\u00a0Mona e il montaggio vive di tagli ellittici che escludono dal racconto molte delle parti che ci si aspetterebbe di trovare, molte delle spiegazioni attese, per non parlare del destino finale dei personaggi. Come film a tema: Mona ha scelto di vivere sulla strada fuori delle convenzioni sociali, ma la regista ne segue le peripezie senza simpatia, senza indulgere in compassione, sottolineandone gli aspetti aspri della personalit\u00e0 e i comportamenti scostanti; non c&#8217;\u00e8 poesia nella vita in strada. Come film sulla libert\u00e0 e il vagabondaggio: mancano i grandi spazi, il\u00a0<em>viaggio<\/em>, tutto \u00e8 risolto nel raggio di pochi chilometri percorsi pi\u00f9 e pi\u00f9 volte avanti e indietro, tanto \u00e8 vero che Mona alla fin fine incontra pi\u00f9 e pi\u00f9 volte alcuni degli stessi personaggi. Come film di denuncia sociale: la dimensione scostante e respingente del carattere di Mona \u00e8 tale che anche se nelle persone che incontra abbondano la grettezza e l&#8217;egoismo \u00e8 difficile trarre un confine netto: di qua l&#8217;anarchica libertaria, di l\u00e0 il conformismo borghese; di qua la sincerit\u00e0, di l\u00e0 l&#8217;ipocrisia; di qua la capacit\u00e0 di fare le proprie scelte, di l\u00e0 il conformismo &#8211; ognuna di queste contrapposizioni, alla fin fine, risulta\u00a0<em>quasi<\/em> vera, ma c&#8217;\u00e8 sempre un particolare che impedisce di tracciare una linea precisa di demarcazione, un modo alternativo di leggere il comportamento dell&#8217;una e degli altri.<\/p>\n<p><em>Senza tetto n\u00e9 legge<\/em> \u00e8 piuttosto un esercizio di descrizione oggettiva, di analisi-vivisezione quasi chirurgica, gelidamente condotta da Agn\u00e8s Varda senza alcun tentennamento, con un rigore impressionante, e splendidamente servita da una bravissima Sandrine Bonnaire. E dentro questa oggettivit\u00e0 priva di sentimentalismo la Varda non d\u00e0 opinioni o spiegazioni, ma piuttosto pone un dilemma, allineando tutti gli elementi del problema &#8211; il rapporto fra nomadismo e stanzialit\u00e0 nella societ\u00e0 moderna, diciamo, e poi c&#8217;\u00e8 molto altro, giovani e adulti, uomini e donne, servi e padroni &#8211; senza alcuna piet\u00e0 per nessuno dei personaggi.\u00a0Fa da contraltare a questo dilemma, fra l&#8217;altro, una provincia francese gelida, invernale, povera &#8211; non c&#8217;\u00e8 un muro che non sia scrostato, un interno di casa che non sia vecchio e un po&#8217; cadente, un oggetto che non dia l&#8217;idea che a Parigi sia ormai da tempo passato di moda.<\/p>\n<p>Il che non vuol dire che un film cos\u00ec gelido non sia emozionante &#8211; lo \u00e8 molto &#8211; e non sia commovente, o pi\u00f9: \u00e8 un dilemma, e i dilemmi sono sempre laceranti.<\/p>\n<div class=\"jetpack-video-wrapper\"><span class=\"embed-youtube\" style=\"text-align:center; display: block;\"><iframe loading=\"lazy\" class=\"youtube-player\" width=\"800\" height=\"450\" src=\"https:\/\/www.youtube.com\/embed\/73rzSNzjGF4?version=3&#038;rel=1&#038;showsearch=0&#038;showinfo=1&#038;iv_load_policy=1&#038;fs=1&#038;hl=it-IT&#038;autohide=2&#038;wmode=transparent\" allowfullscreen=\"true\" style=\"border:0;\" sandbox=\"allow-scripts allow-same-origin allow-popups allow-presentation\"><\/iframe><\/span><\/div>\n","protected":false},"excerpt":{"rendered":"<p>Senza tetto n\u00e9 legge (Agn\u00e8s Varda, Francia 1985) Ho recuperato l&#8217;altro giorno, a trent&#8217;anni dall&#8217;uscita, Senza tetto n\u00e9 legge di<\/p>\n","protected":false},"author":1,"featured_media":15708,"comment_status":"open","ping_status":"open","sticky":false,"template":"","format":"video","meta":{"_mi_skip_tracking":false,"_monsterinsights_sitenote_active":false,"_monsterinsights_sitenote_note":"","_monsterinsights_sitenote_category":0,"jetpack_post_was_ever_published":false,"_jetpack_newsletter_access":"","jetpack_publicize_message":"","jetpack_is_tweetstorm":false,"jetpack_publicize_feature_enabled":true,"jetpack_social_post_already_shared":true,"jetpack_social_options":{"image_generator_settings":{"template":"highway","enabled":false}}},"categories":[52,14,56,82,12],"tags":[],"jetpack_publicize_connections":[],"jetpack_featured_media_url":"https:\/\/i0.wp.com\/www.robertosedda.it\/wp-content\/uploads\/2018\/10\/Senza-tetto-n\u00e9-legge.jpg?fit=458%2C655","jetpack_sharing_enabled":true,"jetpack_shortlink":"https:\/\/wp.me\/p4jV2T-45l","jetpack_likes_enabled":true,"jetpack-related-posts":[{"id":15746,"url":"http:\/\/www.robertosedda.it\/?p=15746","url_meta":{"origin":15707,"position":0},"title":"Aperti al pubblico","author":"Rufus","date":"16\/10\/2018","format":"video","excerpt":"Ho visto l'altro giorno, nell'ambito della rassegna Cinebarrio organizzata a Sant'Elia da L'ambulante e\u00a0Urban Center, il documentario\u00a0Aperti al pubblico di Silvia Bellotti. La serata comprendeva anche, in realt\u00e0, il notevole Le case che eravamo\u00a0di Arianna Lodeserto, un film che racconta le lotte per la casa nella Roma degli anni '50\u2026","rel":"","context":"In &quot;Coordinate&quot;","block_context":{"text":"Coordinate","link":"http:\/\/www.robertosedda.it\/?cat=52"},"img":{"alt_text":"","src":"https:\/\/i0.wp.com\/www.robertosedda.it\/wp-content\/uploads\/2018\/10\/Archivio-aperti-al-pubblico.jpeg?resize=350%2C200","width":350,"height":200,"srcset":"https:\/\/i0.wp.com\/www.robertosedda.it\/wp-content\/uploads\/2018\/10\/Archivio-aperti-al-pubblico.jpeg?resize=350%2C200 1x, https:\/\/i0.wp.com\/www.robertosedda.it\/wp-content\/uploads\/2018\/10\/Archivio-aperti-al-pubblico.jpeg?resize=700%2C400 2x"},"classes":[]},{"id":13904,"url":"http:\/\/www.robertosedda.it\/?p=13904","url_meta":{"origin":15707,"position":1},"title":"Avventure, avventure&#8230; per bambine","author":"Rufus","date":"04\/07\/2017","format":false,"excerpt":"L'altro giorno ero al mare, beatamente seduto sotto l'ombrellone con\u00a0Skorpio e Lanciostory\u00a0e mia nipote Agnese mi ha chiesto: \u00abChe leggi, zio?\u00bb. Stavo leggendo in quel momento\u00a0Aria, e ho risposto: \u00abLa storia di una ragazza che ha nella sua memoria i ricordi di un grande bardo dell'antichit\u00e0 e che con questi\u2026","rel":"","context":"In &quot;Cappe e spade&quot;","block_context":{"text":"Cappe e spade","link":"http:\/\/www.robertosedda.it\/?cat=70"},"img":{"alt_text":"","src":"https:\/\/i0.wp.com\/www.robertosedda.it\/wp-content\/uploads\/2017\/07\/Lanciostory.jpg?fit=497%2C709&resize=350%2C200","width":350,"height":200},"classes":[]},{"id":13847,"url":"http:\/\/www.robertosedda.it\/?p=13847","url_meta":{"origin":15707,"position":2},"title":"Sul fronte del dovere","author":"Rufus","date":"14\/06\/2017","format":"video","excerpt":"Fronte del mare (Cosentino, Italia 2016) Ho visto l'altro giorno nella sala proiezioni della Societ\u00e0 Umanitaria Fronte del mare, un documentario di Raffaella Cosentino ambientato a Bari. So che Cosentino ha girato in passato almeno un altro documentario sul tema dell'immigrazione seguendo l'idea di\u00a0frontiera e si \u00e8 occupata dell'argomento come\u2026","rel":"","context":"In &quot;Coordinate&quot;","block_context":{"text":"Coordinate","link":"http:\/\/www.robertosedda.it\/?cat=52"},"img":{"alt_text":"","src":"","width":0,"height":0},"classes":[]},{"id":12556,"url":"http:\/\/www.robertosedda.it\/?p=12556","url_meta":{"origin":15707,"position":3},"title":"Lo straordinario fenomeno","author":"Rufus","date":"20\/09\/2016","format":"video","excerpt":"The Beatles - Eight days a week\u00a0(Ron Howard, USA 2016) Ho visto l'altro giorno\u00a0The Beatles - Eight days a week, il documentario dedicato da Ron Howard ai primi\u00a0anni di vita del gruppo, anni in cui il successo montava in maniera enormemente crescente e in cui\u00a0il grosso della vita dei\u00a0Beatles\u00a0si svolgeva\u2026","rel":"","context":"In &quot;Biografie&quot;","block_context":{"text":"Biografie","link":"http:\/\/www.robertosedda.it\/?cat=83"},"img":{"alt_text":"","src":"https:\/\/i0.wp.com\/img.youtube.com\/vi\/GgDpiXiUuHg\/0.jpg?resize=350%2C200","width":350,"height":200},"classes":[]},{"id":11919,"url":"http:\/\/www.robertosedda.it\/?p=11919","url_meta":{"origin":15707,"position":4},"title":"Agnese e la bellissima maga Crystal","author":"Rufus","date":"09\/05\/2016","format":false,"excerpt":"(avviso: un po' di miele nel seguito; e un po' d'introduzione all'arte dell'illustrazione fantasy) L'altro giorno per questioni di giochi di ruolo cercavo\u00a0un disegno dell'episodio del\u00a0Silmarillion nel quale Finrod Felagund affronta Sauron nella sua torre e trovavo solo roba tutto sommato insoddisfacente, per non parlare del fatto che spesso l'episodio\u2026","rel":"","context":"In &quot;Coordinate&quot;","block_context":{"text":"Coordinate","link":"http:\/\/www.robertosedda.it\/?cat=52"},"img":{"alt_text":"","src":"https:\/\/i0.wp.com\/www.robertosedda.it\/wp-content\/uploads\/2016\/05\/Ladra-maga.jpg?fit=640%2C620&resize=350%2C200","width":350,"height":200},"classes":[]},{"id":17133,"url":"http:\/\/www.robertosedda.it\/?p=17133","url_meta":{"origin":15707,"position":5},"title":"Alloglossie","author":"Rufus","date":"03\/09\/2019","format":false,"excerpt":"Ammetterete che il titolo di questa segnalazione migliora il record precedente di utilizzo di parola complicata come titolo su questo blog. Il fatto \u00e8 che scopro ora che la Treccani ha ospitato per un annetto (da maggio 2018 a settembre 2019) una interessantissima serie di articoli sulla situazione linguistica delle\u2026","rel":"","context":"In &quot;Antropologia&quot;","block_context":{"text":"Antropologia","link":"http:\/\/www.robertosedda.it\/?cat=97"},"img":{"alt_text":"","src":"https:\/\/i0.wp.com\/www.robertosedda.it\/wp-content\/uploads\/2019\/09\/Treccani.jpg?fit=200%2C200&resize=350%2C200","width":350,"height":200},"classes":[]}],"_links":{"self":[{"href":"http:\/\/www.robertosedda.it\/index.php?rest_route=\/wp\/v2\/posts\/15707"}],"collection":[{"href":"http:\/\/www.robertosedda.it\/index.php?rest_route=\/wp\/v2\/posts"}],"about":[{"href":"http:\/\/www.robertosedda.it\/index.php?rest_route=\/wp\/v2\/types\/post"}],"author":[{"embeddable":true,"href":"http:\/\/www.robertosedda.it\/index.php?rest_route=\/wp\/v2\/users\/1"}],"replies":[{"embeddable":true,"href":"http:\/\/www.robertosedda.it\/index.php?rest_route=%2Fwp%2Fv2%2Fcomments&post=15707"}],"version-history":[{"count":1,"href":"http:\/\/www.robertosedda.it\/index.php?rest_route=\/wp\/v2\/posts\/15707\/revisions"}],"predecessor-version":[{"id":15709,"href":"http:\/\/www.robertosedda.it\/index.php?rest_route=\/wp\/v2\/posts\/15707\/revisions\/15709"}],"wp:featuredmedia":[{"embeddable":true,"href":"http:\/\/www.robertosedda.it\/index.php?rest_route=\/wp\/v2\/media\/15708"}],"wp:attachment":[{"href":"http:\/\/www.robertosedda.it\/index.php?rest_route=%2Fwp%2Fv2%2Fmedia&parent=15707"}],"wp:term":[{"taxonomy":"category","embeddable":true,"href":"http:\/\/www.robertosedda.it\/index.php?rest_route=%2Fwp%2Fv2%2Fcategories&post=15707"},{"taxonomy":"post_tag","embeddable":true,"href":"http:\/\/www.robertosedda.it\/index.php?rest_route=%2Fwp%2Fv2%2Ftags&post=15707"}],"curies":[{"name":"wp","href":"https:\/\/api.w.org\/{rel}","templated":true}]}}