{"id":15701,"date":"2018-10-02T13:33:52","date_gmt":"2018-10-02T11:33:52","guid":{"rendered":"http:\/\/www.robertosedda.it\/?p=15701"},"modified":"2018-10-10T16:42:58","modified_gmt":"2018-10-10T14:42:58","slug":"punto-di-vista","status":"publish","type":"post","link":"http:\/\/www.robertosedda.it\/?p=15701","title":{"rendered":"Punto di vista"},"content":{"rendered":"<p>Sono capitato assolutamente per caso, sabato, a un incontro con Pietro Bartolo, il\u00a0<em>medico di Lampedusa<\/em> reso noto anche da\u00a0<em>Fuocoammare<\/em>\u00a0di Gianfranco Rosi.<\/p>\n<p><img data-attachment-id=\"15702\" data-permalink=\"http:\/\/www.robertosedda.it\/?attachment_id=15702\" data-orig-file=\"https:\/\/i0.wp.com\/www.robertosedda.it\/wp-content\/uploads\/2018\/10\/Pietro-Bartolo.jpg?fit=800%2C445\" data-orig-size=\"800,445\" data-comments-opened=\"1\" data-image-meta=\"{&quot;aperture&quot;:&quot;0&quot;,&quot;credit&quot;:&quot;&quot;,&quot;camera&quot;:&quot;&quot;,&quot;caption&quot;:&quot;&quot;,&quot;created_timestamp&quot;:&quot;0&quot;,&quot;copyright&quot;:&quot;&quot;,&quot;focal_length&quot;:&quot;0&quot;,&quot;iso&quot;:&quot;0&quot;,&quot;shutter_speed&quot;:&quot;0&quot;,&quot;title&quot;:&quot;&quot;,&quot;orientation&quot;:&quot;0&quot;}\" data-image-title=\"Pietro Bartolo\" data-image-description=\"\" data-image-caption=\"\" data-medium-file=\"https:\/\/i0.wp.com\/www.robertosedda.it\/wp-content\/uploads\/2018\/10\/Pietro-Bartolo.jpg?fit=300%2C167\" data-large-file=\"https:\/\/i0.wp.com\/www.robertosedda.it\/wp-content\/uploads\/2018\/10\/Pietro-Bartolo.jpg?fit=510%2C284\" decoding=\"async\" loading=\"lazy\" class=\"aligncenter size-full wp-image-15702\" src=\"https:\/\/i0.wp.com\/www.robertosedda.it\/wp-content\/uploads\/2018\/10\/Pietro-Bartolo.jpg?resize=800%2C445\" alt=\"\" width=\"800\" height=\"445\" srcset=\"https:\/\/i0.wp.com\/www.robertosedda.it\/wp-content\/uploads\/2018\/10\/Pietro-Bartolo.jpg?w=800 800w, https:\/\/i0.wp.com\/www.robertosedda.it\/wp-content\/uploads\/2018\/10\/Pietro-Bartolo.jpg?resize=150%2C83 150w, https:\/\/i0.wp.com\/www.robertosedda.it\/wp-content\/uploads\/2018\/10\/Pietro-Bartolo.jpg?resize=300%2C167 300w, https:\/\/i0.wp.com\/www.robertosedda.it\/wp-content\/uploads\/2018\/10\/Pietro-Bartolo.jpg?resize=510%2C284 510w, https:\/\/i0.wp.com\/www.robertosedda.it\/wp-content\/uploads\/2018\/10\/Pietro-Bartolo.jpg?resize=700%2C389 700w\" sizes=\"(max-width: 800px) 100vw, 800px\" data-recalc-dims=\"1\" \/>\u00c8 stato un incontro bello tosto: per dire, a un certo punto la signora davanti a me piangeva a dirotto mentre passavano immagini che io, personalmente, non avrei mai fatto vedere, di poveri corpi martoriati &#8211; vivi e morti.<\/p>\n<p>E pensavo, durante l&#8217;incontro, al\u00a0<em>punto di vista<\/em>. Perch\u00e9 Bartolo, sperduto medico di una sperduta isoletta, si assume l&#8217;onere e il rischio di parlare di migrazioni a partire dal suo punto di vista, che \u00e8 per definizione limitato: non entra, nel suo racconto, il perch\u00e9 e il percome, i mutamenti climatici, le guerre, le disparit\u00e0 economiche, le difficolt\u00e0 di integrazione, gli sfruttamenti, le conseguenze della presenza di stranieri sul tessuto economico, culturale e sociale del paese.<\/p>\n<p>Legittimamente, ti potrebbe venire da dire: <em>che ne sa, lui?<\/em> Il suo punto di vista, letto in questo modo, non \u00e8 sufficiente, non \u00e8 assolutizzabile, non \u00e8, come direbbero gli economisti, abbastanza\u00a0<em>m<\/em><em>acro<\/em>. Non c&#8217;\u00e8 niente, in ci\u00f2 che gli permette di apprendere il suo punto di vista, che gli consenta\u00a0 di poter dire che non vadano gestiti e bloccati i flussi, per esempio (anche se, diciamo, \u00e8 un punto di vista che gli permette di vedere, in prima persona sui suddetti corpi martoriati, cosa vogliono dire i campi libici che noi finanziamo, ma qui sto ragionando per estremi, spero che ci capiamo).<\/p>\n<p>Eppure una volta di pi\u00f9 si dimostra che i punti di vista cos\u00ec minimi, cos\u00ec focalizzati sul particolare, sono al contempo esattissimi: perch\u00e9 quel punto di vista focalizzato su quei corpi martoriati &#8211; vivi e morti &#8211; permette di capire in maniera altrimenti impossibile il carico di sofferenze, di atrocit\u00e0 e di miserie che gommoni e carrette del mare portano a bordo. Esistenzialmente, quel punto di vista focalizzato giunge a verit\u00e0 che politici, economisti, analisti internazionali e esperti di sicurezza non possono comprendere. Quando si pensa che Bartolo assolutizzi il proprio punto di vista occorre anche ricordare che anche il pensiero\u00a0<em>macro<\/em> corre il rischio di altrettanta assolutizzazione &#8211; e non sporcandosi neppure le mani nel tentare di curare le piaghe di quei poveri corpi.<\/p>\n<p>Come le immagini che scorrevano: che io non avrei mai fatto vedere, ma che se non vedi, non capisci fino in fondo di cosa stiamo parlando.<\/p>\n<p>Ed \u00e8 tutto qui, credo, il punto che molti mancano: che \u00e8 perfettamente legittimo pensare che il fenomeno delle migrazioni vada\u00a0<em>gestito<\/em>. Ma che se a partire da questa posizione &#8211; legittima, ripeto &#8211; scarichi la soluzione su quei poveri corpi martoriati, contribuendo a infliggere altre piaghe, allora sei un pezzo di merda, ecco, non c\u00e8 altra parola.<\/p>\n","protected":false},"excerpt":{"rendered":"<p>Sono capitato assolutamente per caso, sabato, a un incontro con Pietro Bartolo, il\u00a0medico di Lampedusa reso noto anche da\u00a0Fuocoammare\u00a0di Gianfranco<\/p>\n","protected":false},"author":1,"featured_media":15702,"comment_status":"open","ping_status":"open","sticky":false,"template":"","format":"standard","meta":{"_mi_skip_tracking":false,"_monsterinsights_sitenote_active":false,"_monsterinsights_sitenote_note":"","_monsterinsights_sitenote_category":0,"jetpack_post_was_ever_published":false,"_jetpack_newsletter_access":"","jetpack_publicize_message":"","jetpack_is_tweetstorm":false,"jetpack_publicize_feature_enabled":true,"jetpack_social_post_already_shared":true,"jetpack_social_options":{"image_generator_settings":{"template":"highway","enabled":false}}},"categories":[52,57,17,59,16],"tags":[],"jetpack_publicize_connections":[],"jetpack_featured_media_url":"https:\/\/i0.wp.com\/www.robertosedda.it\/wp-content\/uploads\/2018\/10\/Pietro-Bartolo.jpg?fit=800%2C445","jetpack_sharing_enabled":true,"jetpack_shortlink":"https:\/\/wp.me\/p4jV2T-45f","jetpack_likes_enabled":true,"jetpack-related-posts":[{"id":1642,"url":"http:\/\/www.robertosedda.it\/?p=1642","url_meta":{"origin":15701,"position":0},"title":"Quel che ho detto (o volevo dire) a Eben Ezer &#8211; la Sardegna","author":"Rufus","date":"18\/12\/2012","format":false,"excerpt":"L'altro giorno mi sono dilungato molto di pi\u00f9, oggi sar\u00f2 (per fortuna di tutti) pi\u00f9 breve. La domanda a cui avrei dovuto rispondere nella seconda parte del mio intervento era, pi\u00f9 o meno: com'\u00e8 la Sardegna vista dalla visuale di Banca Popolare Etica? Pi\u00f9 esattamente, come \u00e8 la Sardegna vista\u2026","rel":"","context":"In &quot;Coordinate&quot;","block_context":{"text":"Coordinate","link":"http:\/\/www.robertosedda.it\/?cat=52"},"img":{"alt_text":"","src":"","width":0,"height":0},"classes":[]},{"id":14038,"url":"http:\/\/www.robertosedda.it\/?p=14038","url_meta":{"origin":15701,"position":1},"title":"Lo stesso spazio sociale","author":"Rufus","date":"02\/08\/2017","format":false,"excerpt":"Nota: come sapete, il\u00a0blog lo scrivo soprattutto per me; questo articolo, pi\u00f9 che mai, \u00e8 giusto un abbozzo di riflessione. La doccia \u00e8 uno dei miei luoghi di riflessione preferiti. E l'altro giorno, sotto la doccia, riflettevo sul presunto successo che negli ultimi tempi riscuotono le varie forme di medicina\u2026","rel":"","context":"In &quot;Antropologia&quot;","block_context":{"text":"Antropologia","link":"http:\/\/www.robertosedda.it\/?cat=97"},"img":{"alt_text":"","src":"https:\/\/i0.wp.com\/www.robertosedda.it\/wp-content\/uploads\/2017\/08\/Medicina-dellocchio.jpg?fit=450%2C308&resize=350%2C200","width":350,"height":200},"classes":[]},{"id":14174,"url":"http:\/\/www.robertosedda.it\/?p=14174","url_meta":{"origin":15701,"position":2},"title":"Reporter tradizionali","author":"Rufus","date":"21\/09\/2017","format":false,"excerpt":"Su\u00a0Skorpio di questa settimana si chiude\u00a0Reporter, serializzazione in quattro puntate di un fumetto che in Francia \u00e8 pubblicato in un'unico volume. La storia, sceneggiata da Garreta e Grenier e disegnata da Toussaint, segue un giovane cronista francese che fra la fine del 1964 e i primi mesi del 1965 \u00e8\u2026","rel":"","context":"In &quot;Biografie&quot;","block_context":{"text":"Biografie","link":"http:\/\/www.robertosedda.it\/?cat=83"},"img":{"alt_text":"","src":"https:\/\/i0.wp.com\/www.robertosedda.it\/wp-content\/uploads\/2017\/09\/Reporter.jpg?fit=600%2C799&resize=350%2C200","width":350,"height":200},"classes":[]},{"id":3692,"url":"http:\/\/www.robertosedda.it\/?p=3692","url_meta":{"origin":15701,"position":3},"title":"La scienza grama","author":"Rufus","date":"01\/07\/2013","format":false,"excerpt":"In Inghilterra e negli Stati Uniti, paesi in cui ha conosciuto un rispetto di lungo termine molto maggiore che in Italia, l'economia politica gode addirittura di un nomignolo, peraltro poco incoraggiante: the dismal science, espressione di Carlyle che pi\u00f9 o meno vorrebbe dire \"la scienza grama\". Gli studenti di Scienze\u2026","rel":"","context":"In &quot;Coordinate&quot;","block_context":{"text":"Coordinate","link":"http:\/\/www.robertosedda.it\/?cat=52"},"img":{"alt_text":"","src":"https:\/\/i0.wp.com\/www.robertosedda.it\/wp-content\/uploads\/2013\/07\/freakonomics.jpg?fit=685%2C1053&resize=350%2C200","width":350,"height":200},"classes":[]},{"id":18696,"url":"http:\/\/www.robertosedda.it\/?p=18696","url_meta":{"origin":15701,"position":4},"title":"La ghianda e le radici","author":"Rufus","date":"13\/05\/2021","format":false,"excerpt":"Sto finendo di leggere Il mito delle origini, (Editori Laterza, 2019, \u20ac 9,00, 107 pagine divise in una ventina di sapidi capitoletti) di Massimo Montanari, una delle massime autorit\u00e0 in Italia sulla storia dell'alimentazione, uno storico che a me e Maria Bonaria piace molto e di cui ho gi\u00e0 parlato\u2026","rel":"","context":"In &quot;Coordinate&quot;","block_context":{"text":"Coordinate","link":"http:\/\/www.robertosedda.it\/?cat=52"},"img":{"alt_text":"","src":"https:\/\/i0.wp.com\/www.robertosedda.it\/wp-content\/uploads\/2021\/05\/Montanari-Mito-delle-origini.jpg?fit=720%2C1200&resize=350%2C200","width":350,"height":200,"srcset":"https:\/\/i0.wp.com\/www.robertosedda.it\/wp-content\/uploads\/2021\/05\/Montanari-Mito-delle-origini.jpg?fit=720%2C1200&resize=350%2C200 1x, https:\/\/i0.wp.com\/www.robertosedda.it\/wp-content\/uploads\/2021\/05\/Montanari-Mito-delle-origini.jpg?fit=720%2C1200&resize=700%2C400 2x"},"classes":[]},{"id":1185,"url":"http:\/\/www.robertosedda.it\/?p=1185","url_meta":{"origin":15701,"position":5},"title":"Fare i sardi (e Bellas mariposas)","author":"Rufus","date":"30\/10\/2012","format":false,"excerpt":"Era il 2007, credo. Una ventina di responsabili di cooperative sociali, associazioni e volontari di Banca Etica, provenienti da quasi tutta la Sardegna,\u00a0erano riuniti per un seminario di studio. Diversi di loro si alternavano a presentare progetti che le loro organizzazioni avevano intenzione di intraprendere nel futuro, per avere una\u2026","rel":"","context":"In &quot;Coordinate&quot;","block_context":{"text":"Coordinate","link":"http:\/\/www.robertosedda.it\/?cat=52"},"img":{"alt_text":"","src":"","width":0,"height":0},"classes":[]}],"_links":{"self":[{"href":"http:\/\/www.robertosedda.it\/index.php?rest_route=\/wp\/v2\/posts\/15701"}],"collection":[{"href":"http:\/\/www.robertosedda.it\/index.php?rest_route=\/wp\/v2\/posts"}],"about":[{"href":"http:\/\/www.robertosedda.it\/index.php?rest_route=\/wp\/v2\/types\/post"}],"author":[{"embeddable":true,"href":"http:\/\/www.robertosedda.it\/index.php?rest_route=\/wp\/v2\/users\/1"}],"replies":[{"embeddable":true,"href":"http:\/\/www.robertosedda.it\/index.php?rest_route=%2Fwp%2Fv2%2Fcomments&post=15701"}],"version-history":[{"count":3,"href":"http:\/\/www.robertosedda.it\/index.php?rest_route=\/wp\/v2\/posts\/15701\/revisions"}],"predecessor-version":[{"id":15705,"href":"http:\/\/www.robertosedda.it\/index.php?rest_route=\/wp\/v2\/posts\/15701\/revisions\/15705"}],"wp:featuredmedia":[{"embeddable":true,"href":"http:\/\/www.robertosedda.it\/index.php?rest_route=\/wp\/v2\/media\/15702"}],"wp:attachment":[{"href":"http:\/\/www.robertosedda.it\/index.php?rest_route=%2Fwp%2Fv2%2Fmedia&parent=15701"}],"wp:term":[{"taxonomy":"category","embeddable":true,"href":"http:\/\/www.robertosedda.it\/index.php?rest_route=%2Fwp%2Fv2%2Fcategories&post=15701"},{"taxonomy":"post_tag","embeddable":true,"href":"http:\/\/www.robertosedda.it\/index.php?rest_route=%2Fwp%2Fv2%2Ftags&post=15701"}],"curies":[{"name":"wp","href":"https:\/\/api.w.org\/{rel}","templated":true}]}}