{"id":15691,"date":"2018-09-27T18:12:29","date_gmt":"2018-09-27T16:12:29","guid":{"rendered":"http:\/\/www.robertosedda.it\/?p=15691"},"modified":"2018-10-16T18:10:19","modified_gmt":"2018-10-16T16:10:19","slug":"se-dieci-anni-vi-sembran-pochi","status":"publish","type":"post","link":"http:\/\/www.robertosedda.it\/?p=15691","title":{"rendered":"Se dieci anni vi sembran pochi"},"content":{"rendered":"<p>Mi ha fatto molta impressione, l&#8217;altro giorno, invitare un amico, studente universitario, all&#8217;incontro delle Scuole popolari di economia che si terr\u00e0 a Cagliari domani e dopo e rendermi conto che per la maggior parte della sua vita sociale cosciente, da adulto, ha convissuto con la crisi, che conta ormai dieci anni.<\/p>\n<p><img data-attachment-id=\"15692\" data-permalink=\"http:\/\/www.robertosedda.it\/?attachment_id=15692\" data-orig-file=\"https:\/\/i0.wp.com\/www.robertosedda.it\/wp-content\/uploads\/2018\/09\/SPE-Cagliari-web.jpg?fit=996%2C547\" data-orig-size=\"996,547\" data-comments-opened=\"1\" data-image-meta=\"{&quot;aperture&quot;:&quot;0&quot;,&quot;credit&quot;:&quot;Roberto Sedda&quot;,&quot;camera&quot;:&quot;&quot;,&quot;caption&quot;:&quot;&quot;,&quot;created_timestamp&quot;:&quot;1536663264&quot;,&quot;copyright&quot;:&quot;&quot;,&quot;focal_length&quot;:&quot;0&quot;,&quot;iso&quot;:&quot;0&quot;,&quot;shutter_speed&quot;:&quot;0&quot;,&quot;title&quot;:&quot;&quot;,&quot;orientation&quot;:&quot;0&quot;}\" data-image-title=\"SPE Cagliari web\" data-image-description=\"\" data-image-caption=\"\" data-medium-file=\"https:\/\/i0.wp.com\/www.robertosedda.it\/wp-content\/uploads\/2018\/09\/SPE-Cagliari-web.jpg?fit=300%2C165\" data-large-file=\"https:\/\/i0.wp.com\/www.robertosedda.it\/wp-content\/uploads\/2018\/09\/SPE-Cagliari-web.jpg?fit=510%2C280\" decoding=\"async\" loading=\"lazy\" class=\"alignright size-full wp-image-15692\" src=\"https:\/\/i0.wp.com\/www.robertosedda.it\/wp-content\/uploads\/2018\/09\/SPE-Cagliari-web.jpg?resize=800%2C439\" alt=\"\" width=\"800\" height=\"439\" srcset=\"https:\/\/i0.wp.com\/www.robertosedda.it\/wp-content\/uploads\/2018\/09\/SPE-Cagliari-web.jpg?w=996 996w, https:\/\/i0.wp.com\/www.robertosedda.it\/wp-content\/uploads\/2018\/09\/SPE-Cagliari-web.jpg?resize=150%2C82 150w, https:\/\/i0.wp.com\/www.robertosedda.it\/wp-content\/uploads\/2018\/09\/SPE-Cagliari-web.jpg?resize=300%2C165 300w, https:\/\/i0.wp.com\/www.robertosedda.it\/wp-content\/uploads\/2018\/09\/SPE-Cagliari-web.jpg?resize=510%2C280 510w, https:\/\/i0.wp.com\/www.robertosedda.it\/wp-content\/uploads\/2018\/09\/SPE-Cagliari-web.jpg?resize=700%2C384 700w\" sizes=\"(max-width: 800px) 100vw, 800px\" data-recalc-dims=\"1\" \/>\u00c8 un po&#8217; con questo pensiero mogio, ma combattente, che vi invito a unirvi a me e ai soci di<em> Banca etica<\/em> della Sardegna meridionale per due giorni piuttosto interessanti. Venerd\u00ec 28 proietteremo\u00a0<em>La grande scommessa<\/em> e poi faremo il punto a dieci anni dalla crisi: una ricorrenza che in Italia \u00e8 passata piuttosto sotto silenzio e che invece spiega tanto, ma davvero tanto, dell&#8217;oggi. Siccome siamo etici e sobri, ma in maniera gaudente, mentre parliamo ci sar\u00e0 da mangiucchiare qualcosa, a cura della Bottega\u00a0<em>Oscar Romero<\/em>, e il dibattito sar\u00e0 presieduto dalle amiche di\u00a0<em>Laboratorio28<\/em>, che sono una garanzia.<\/p>\n<p>A proposito: per partecipare occorre essere soci della <em>Federazione Italiana Circoli del Cinema (<\/em>la tessera si pu\u00f2 fare sul momento) perch\u00e9 era la forma culturale pi\u00f9 adatta per l&#8217;iniziativa e perch\u00e9 la formula\u00a0<em>proiezioni alla coatta<\/em> non ci pareva sufficientemente etica; sono rimasto un po&#8217; stupito che ad alcuni sia sembrato un costo esorbitante, per\u00f2 tutto il resto, compreso il privilegio di essere in mia compagnia, \u00e8 gratis.<\/p>\n<div class=\"jetpack-video-wrapper\"><span class=\"embed-youtube\" style=\"text-align:center; display: block;\"><iframe loading=\"lazy\" class=\"youtube-player\" width=\"800\" height=\"450\" src=\"https:\/\/www.youtube.com\/embed\/WuZPWxMWmdk?version=3&#038;rel=1&#038;showsearch=0&#038;showinfo=1&#038;iv_load_policy=1&#038;fs=1&#038;hl=it-IT&#038;autohide=2&#038;wmode=transparent\" allowfullscreen=\"true\" style=\"border:0;\" sandbox=\"allow-scripts allow-same-origin allow-popups allow-presentation\"><\/iframe><\/span><\/div>\n<p>Sabato mattina, all&#8217;orario stupefacente delle 9,00, proietteremo\u00a0<em>La toma<\/em>, detto anche\u00a0<em>The Take<\/em>, documentario di Ari Lewin e Naomi Klein sulle fabbriche occupate dai lavoratori in Argentina. L&#8217;esperienza \u00e8\u00a0<em>precedente<\/em> alla nostra crisi, ma la dimensione di autorganizzazione evocata dal film ci interessa perch\u00e9 \u00e8 anche in cima alle nostre riflessioni. Tanto in cima che dopo la proiezione potremo, fatto il necessario <em>coffee break\u00a0<\/em>nello stile sobriamente gaudente o gaudentemente etico di cui sopra, discutere di fabbriche e lavoratori con Marco Zurru, che sull&#8217;argomento ne sa tanto, e con Antonio Tanda, presidente della cooperativa\u00a0<em>Isolex<\/em> che \u00e8 appunto una fabbrica salvata dai lavoratori (e finanziata da Banca Etica).<\/p>\n<p>Per accedere bisogna avere la tessera <em>FICC<\/em> di cui sopra, e non mi ripeto.<\/p>\n<div class=\"jetpack-video-wrapper\"><span class=\"embed-youtube\" style=\"text-align:center; display: block;\"><iframe loading=\"lazy\" class=\"youtube-player\" width=\"800\" height=\"450\" src=\"https:\/\/www.youtube.com\/embed\/mcostesK0Ik?version=3&#038;rel=1&#038;showsearch=0&#038;showinfo=1&#038;iv_load_policy=1&#038;fs=1&#038;hl=it-IT&#038;autohide=2&#038;wmode=transparent\" allowfullscreen=\"true\" style=\"border:0;\" sandbox=\"allow-scripts allow-same-origin allow-popups allow-presentation\"><\/iframe><\/span><\/div>\n<p>E insomma, a che punto siamo? Male, stiamo, credo che su questo siamo tutti d&#8217;accordo, ed \u00e8 sorprendente, come accennavo pi\u00f9 sopra, che sia raro veder trarre le connessioni fra l&#8217;attacco al tessuto sociale, le campagne d&#8217;odio, il tentativo di far piazza pulita dei diritti dei lavoratori, per citare solo tre dei fenomeni dell&#8217;oggi, e quella che \u00e8 la radice comune del tutto, che \u00e8 una fnanza sregolata e selvaggia. La nostra due giorni fa parte di un tentativo di tutti i soci dell&#8217;Area Centro di mettere al centro della consapevolezza dei nostri ambienti questa dimensione, e ci proviamo anche a Cagliari: un atto, devo dire, molto politico. Qui sotto la locandina dell&#8217;evento, se volete condividerla.<img data-attachment-id=\"15693\" data-permalink=\"http:\/\/www.robertosedda.it\/?attachment_id=15693\" data-orig-file=\"https:\/\/i0.wp.com\/www.robertosedda.it\/wp-content\/uploads\/2018\/09\/Evento-Cagliari.jpg?fit=1122%2C1588\" data-orig-size=\"1122,1588\" data-comments-opened=\"1\" data-image-meta=\"{&quot;aperture&quot;:&quot;0&quot;,&quot;credit&quot;:&quot;&quot;,&quot;camera&quot;:&quot;&quot;,&quot;caption&quot;:&quot;&quot;,&quot;created_timestamp&quot;:&quot;0&quot;,&quot;copyright&quot;:&quot;&quot;,&quot;focal_length&quot;:&quot;0&quot;,&quot;iso&quot;:&quot;0&quot;,&quot;shutter_speed&quot;:&quot;0&quot;,&quot;title&quot;:&quot;&quot;,&quot;orientation&quot;:&quot;0&quot;}\" data-image-title=\"Evento Cagliari\" data-image-description=\"\" data-image-caption=\"\" data-medium-file=\"https:\/\/i0.wp.com\/www.robertosedda.it\/wp-content\/uploads\/2018\/09\/Evento-Cagliari.jpg?fit=212%2C300\" data-large-file=\"https:\/\/i0.wp.com\/www.robertosedda.it\/wp-content\/uploads\/2018\/09\/Evento-Cagliari.jpg?fit=510%2C722\" decoding=\"async\" loading=\"lazy\" class=\"alignright size-full wp-image-15693\" src=\"https:\/\/i0.wp.com\/www.robertosedda.it\/wp-content\/uploads\/2018\/09\/Evento-Cagliari.jpg?resize=800%2C1132\" alt=\"\" width=\"800\" height=\"1132\" srcset=\"https:\/\/i0.wp.com\/www.robertosedda.it\/wp-content\/uploads\/2018\/09\/Evento-Cagliari.jpg?w=1122 1122w, https:\/\/i0.wp.com\/www.robertosedda.it\/wp-content\/uploads\/2018\/09\/Evento-Cagliari.jpg?resize=106%2C150 106w, https:\/\/i0.wp.com\/www.robertosedda.it\/wp-content\/uploads\/2018\/09\/Evento-Cagliari.jpg?resize=212%2C300 212w, https:\/\/i0.wp.com\/www.robertosedda.it\/wp-content\/uploads\/2018\/09\/Evento-Cagliari.jpg?resize=510%2C722 510w, https:\/\/i0.wp.com\/www.robertosedda.it\/wp-content\/uploads\/2018\/09\/Evento-Cagliari.jpg?resize=700%2C991 700w\" sizes=\"(max-width: 800px) 100vw, 800px\" data-recalc-dims=\"1\" \/><\/p>\n","protected":false},"excerpt":{"rendered":"<p>Mi ha fatto molta impressione, l&#8217;altro giorno, invitare un amico, studente universitario, all&#8217;incontro delle Scuole popolari di economia che si<\/p>\n","protected":false},"author":1,"featured_media":15692,"comment_status":"open","ping_status":"open","sticky":false,"template":"","format":"standard","meta":{"_mi_skip_tracking":false,"_monsterinsights_sitenote_active":false,"_monsterinsights_sitenote_note":"","_monsterinsights_sitenote_category":0,"jetpack_post_was_ever_published":false,"_jetpack_newsletter_access":"","jetpack_publicize_message":"","jetpack_is_tweetstorm":false,"jetpack_publicize_feature_enabled":true,"jetpack_social_post_already_shared":true,"jetpack_social_options":{"image_generator_settings":{"template":"highway","enabled":false}}},"categories":[72,52,55,95,16],"tags":[],"jetpack_publicize_connections":[],"jetpack_featured_media_url":"https:\/\/i0.wp.com\/www.robertosedda.it\/wp-content\/uploads\/2018\/09\/SPE-Cagliari-web.jpg?fit=996%2C547","jetpack_sharing_enabled":true,"jetpack_shortlink":"https:\/\/wp.me\/p4jV2T-455","jetpack_likes_enabled":true,"jetpack-related-posts":[{"id":13904,"url":"http:\/\/www.robertosedda.it\/?p=13904","url_meta":{"origin":15691,"position":0},"title":"Avventure, avventure&#8230; per bambine","author":"Rufus","date":"04\/07\/2017","format":false,"excerpt":"L'altro giorno ero al mare, beatamente seduto sotto l'ombrellone con\u00a0Skorpio e Lanciostory\u00a0e mia nipote Agnese mi ha chiesto: \u00abChe leggi, zio?\u00bb. Stavo leggendo in quel momento\u00a0Aria, e ho risposto: \u00abLa storia di una ragazza che ha nella sua memoria i ricordi di un grande bardo dell'antichit\u00e0 e che con questi\u2026","rel":"","context":"In &quot;Cappe e spade&quot;","block_context":{"text":"Cappe e spade","link":"http:\/\/www.robertosedda.it\/?cat=70"},"img":{"alt_text":"","src":"https:\/\/i0.wp.com\/www.robertosedda.it\/wp-content\/uploads\/2017\/07\/Lanciostory.jpg?fit=497%2C709&resize=350%2C200","width":350,"height":200},"classes":[]},{"id":2593,"url":"http:\/\/www.robertosedda.it\/?p=2593","url_meta":{"origin":15691,"position":1},"title":"Ceffoni, comunicazione e Rosi Bindi","author":"Rufus","date":"18\/03\/2013","format":false,"excerpt":"Della povera Rosi Bindi Raccontando dell'Argentina mi sono espresso con una certa freddezza su Rosi Bindi. Ohim\u00e9, detto fatto. Spero che il mio articolo non mi associ alla proterva altezzosit\u00e0 di Gessica Rostellato, deputata 5 Stelle (nomen omen). Ma lascio la parola al soggetto in questione, cos\u00ec come si \u00e8\u2026","rel":"","context":"In &quot;Coordinate&quot;","block_context":{"text":"Coordinate","link":"http:\/\/www.robertosedda.it\/?cat=52"},"img":{"alt_text":"","src":"https:\/\/i0.wp.com\/www.robertosedda.it\/wp-content\/uploads\/2013\/03\/gessica-rostellato.jpg?fit=816%2C238&resize=350%2C200","width":350,"height":200,"srcset":"https:\/\/i0.wp.com\/www.robertosedda.it\/wp-content\/uploads\/2013\/03\/gessica-rostellato.jpg?fit=816%2C238&resize=350%2C200 1x, https:\/\/i0.wp.com\/www.robertosedda.it\/wp-content\/uploads\/2013\/03\/gessica-rostellato.jpg?fit=816%2C238&resize=700%2C400 2x"},"classes":[]},{"id":16653,"url":"http:\/\/www.robertosedda.it\/?p=16653","url_meta":{"origin":15691,"position":2},"title":"Cambia il vento","author":"Rufus","date":"06\/05\/2019","format":false,"excerpt":"Oh, ve lo dico subito: mi espongo alla berlina. Sto per scrivere, con cieca presunzione e assoluta sicumera quel tipo di previsioni sul futuro che poi rimangono e, dopo dieci anni uno le ritrova, le confronta con quel che \u00e8 davvero avvenuto e dice: \u00abAh\u00f2, ma vedi quanto stava fuori\u2026","rel":"","context":"In &quot;Antropologia&quot;","block_context":{"text":"Antropologia","link":"http:\/\/www.robertosedda.it\/?cat=97"},"img":{"alt_text":"","src":"https:\/\/i0.wp.com\/www.robertosedda.it\/wp-content\/uploads\/2019\/05\/Weather_cock.jpg?fit=1200%2C997&resize=350%2C200","width":350,"height":200,"srcset":"https:\/\/i0.wp.com\/www.robertosedda.it\/wp-content\/uploads\/2019\/05\/Weather_cock.jpg?fit=1200%2C997&resize=350%2C200 1x, https:\/\/i0.wp.com\/www.robertosedda.it\/wp-content\/uploads\/2019\/05\/Weather_cock.jpg?fit=1200%2C997&resize=700%2C400 2x, https:\/\/i0.wp.com\/www.robertosedda.it\/wp-content\/uploads\/2019\/05\/Weather_cock.jpg?fit=1200%2C997&resize=1050%2C600 3x"},"classes":[]},{"id":11217,"url":"http:\/\/www.robertosedda.it\/?p=11217","url_meta":{"origin":15691,"position":3},"title":"Dieci anni non sono pochi","author":"Rufus","date":"24\/11\/2015","format":false,"excerpt":"Domani, con un piccolo rinfresco, il gruppo \"La Pira\" celebra dieci anni di vita. Pu\u00f2 non sembrare molto a confronto di molte venerande associazioni parrocchiali, la cui esistenza supera agevolmente il secolo, ma chi questa vita l'ha vissuta non pu\u00f2 che girarsi indietro e restare sbigottito: \u00abGi\u00e0 dieci anni?\u00bb. La\u2026","rel":"","context":"In &quot;Azione Cattolica&quot;","block_context":{"text":"Azione Cattolica","link":"http:\/\/www.robertosedda.it\/?cat=76"},"img":{"alt_text":"","src":"https:\/\/i0.wp.com\/www.robertosedda.it\/wp-content\/uploads\/2015\/11\/Gruppo-La-Pira-Pasquetta-2014.jpg?fit=1024%2C414&resize=350%2C200","width":350,"height":200,"srcset":"https:\/\/i0.wp.com\/www.robertosedda.it\/wp-content\/uploads\/2015\/11\/Gruppo-La-Pira-Pasquetta-2014.jpg?fit=1024%2C414&resize=350%2C200 1x, https:\/\/i0.wp.com\/www.robertosedda.it\/wp-content\/uploads\/2015\/11\/Gruppo-La-Pira-Pasquetta-2014.jpg?fit=1024%2C414&resize=700%2C400 2x"},"classes":[]},{"id":14891,"url":"http:\/\/www.robertosedda.it\/?p=14891","url_meta":{"origin":15691,"position":4},"title":"Dieci dischi fondamentali&#8230; pi\u00f9 uno","author":"Rufus","date":"28\/03\/2018","format":"video","excerpt":"Nei giorni scorsi ho partecipato a una delle classiche catene su Facebook: si trattava di elencare in dieci giorni dieci dischi fondamentali della propria vita. La cosa si sommava a qualche discussione familiare successiva alla visione di una successione di puntate de\u00a0I miei vinili. E insomma, mi sono lasciato convincere\u2026","rel":"","context":"In &quot;Coordinate&quot;","block_context":{"text":"Coordinate","link":"http:\/\/www.robertosedda.it\/?cat=52"},"img":{"alt_text":"","src":"https:\/\/i0.wp.com\/www.robertosedda.it\/wp-content\/uploads\/2018\/03\/3.jpg?fit=498%2C500&resize=350%2C200","width":350,"height":200},"classes":[]},{"id":10799,"url":"http:\/\/www.robertosedda.it\/?p=10799","url_meta":{"origin":15691,"position":5},"title":"Ringraziamenti annuali (i soliti, ma sinceri)","author":"Rufus","date":"09\/09\/2015","format":false,"excerpt":"Come sempre fine agosto \u00e8 tempo di bilanci annuali per quanto riguarda le statistiche di frequenza del blog. Col fatto che siamo rimasti fermi quasi una settimana sono un po\u2019 in ritardo, ma ieri sono andato finalmente a guardarmele. Raccontava il compianto padre Acquaro di un suo confratello mercedario, afflitto\u2026","rel":"","context":"In &quot;Il web&quot;","block_context":{"text":"Il web","link":"http:\/\/www.robertosedda.it\/?cat=64"},"img":{"alt_text":"","src":"https:\/\/i0.wp.com\/www.robertosedda.it\/wp-content\/uploads\/2015\/09\/Stats-2014_15.jpg?fit=1187%2C581&resize=350%2C200","width":350,"height":200,"srcset":"https:\/\/i0.wp.com\/www.robertosedda.it\/wp-content\/uploads\/2015\/09\/Stats-2014_15.jpg?fit=1187%2C581&resize=350%2C200 1x, https:\/\/i0.wp.com\/www.robertosedda.it\/wp-content\/uploads\/2015\/09\/Stats-2014_15.jpg?fit=1187%2C581&resize=700%2C400 2x, https:\/\/i0.wp.com\/www.robertosedda.it\/wp-content\/uploads\/2015\/09\/Stats-2014_15.jpg?fit=1187%2C581&resize=1050%2C600 3x"},"classes":[]}],"_links":{"self":[{"href":"http:\/\/www.robertosedda.it\/index.php?rest_route=\/wp\/v2\/posts\/15691"}],"collection":[{"href":"http:\/\/www.robertosedda.it\/index.php?rest_route=\/wp\/v2\/posts"}],"about":[{"href":"http:\/\/www.robertosedda.it\/index.php?rest_route=\/wp\/v2\/types\/post"}],"author":[{"embeddable":true,"href":"http:\/\/www.robertosedda.it\/index.php?rest_route=\/wp\/v2\/users\/1"}],"replies":[{"embeddable":true,"href":"http:\/\/www.robertosedda.it\/index.php?rest_route=%2Fwp%2Fv2%2Fcomments&post=15691"}],"version-history":[{"count":1,"href":"http:\/\/www.robertosedda.it\/index.php?rest_route=\/wp\/v2\/posts\/15691\/revisions"}],"predecessor-version":[{"id":15694,"href":"http:\/\/www.robertosedda.it\/index.php?rest_route=\/wp\/v2\/posts\/15691\/revisions\/15694"}],"wp:featuredmedia":[{"embeddable":true,"href":"http:\/\/www.robertosedda.it\/index.php?rest_route=\/wp\/v2\/media\/15692"}],"wp:attachment":[{"href":"http:\/\/www.robertosedda.it\/index.php?rest_route=%2Fwp%2Fv2%2Fmedia&parent=15691"}],"wp:term":[{"taxonomy":"category","embeddable":true,"href":"http:\/\/www.robertosedda.it\/index.php?rest_route=%2Fwp%2Fv2%2Fcategories&post=15691"},{"taxonomy":"post_tag","embeddable":true,"href":"http:\/\/www.robertosedda.it\/index.php?rest_route=%2Fwp%2Fv2%2Ftags&post=15691"}],"curies":[{"name":"wp","href":"https:\/\/api.w.org\/{rel}","templated":true}]}}