{"id":15612,"date":"2018-08-27T13:26:14","date_gmt":"2018-08-27T11:26:14","guid":{"rendered":"http:\/\/www.robertosedda.it\/?p=15612"},"modified":"2025-08-29T15:29:38","modified_gmt":"2025-08-29T13:29:38","slug":"una-modesta-proposta","status":"publish","type":"post","link":"http:\/\/www.robertosedda.it\/?p=15612","title":{"rendered":"Una modesta proposta"},"content":{"rendered":"<p>Secondo me sarebbe opportuno che ogni partito politico dovesse avere, per legge, un proprio dipendente addetto alle funzioni di <em>Visitatore<\/em>.<\/p>\n<p><a href=\"https:\/\/i0.wp.com\/www.robertosedda.it\/wp-content\/uploads\/2018\/08\/Livrea-2.jpg\"><img data-attachment-id=\"15615\" data-permalink=\"http:\/\/www.robertosedda.it\/?attachment_id=15615\" data-orig-file=\"https:\/\/i0.wp.com\/www.robertosedda.it\/wp-content\/uploads\/2018\/08\/Livrea-2.jpg?fit=2048%2C1152\" data-orig-size=\"2048,1152\" data-comments-opened=\"1\" data-image-meta=\"{&quot;aperture&quot;:&quot;0&quot;,&quot;credit&quot;:&quot;&quot;,&quot;camera&quot;:&quot;&quot;,&quot;caption&quot;:&quot;&quot;,&quot;created_timestamp&quot;:&quot;0&quot;,&quot;copyright&quot;:&quot;Rick Pushinsky&quot;,&quot;focal_length&quot;:&quot;0&quot;,&quot;iso&quot;:&quot;0&quot;,&quot;shutter_speed&quot;:&quot;0&quot;,&quot;title&quot;:&quot;&quot;,&quot;orientation&quot;:&quot;0&quot;}\" data-image-title=\"Livrea 2\" data-image-description=\"\" data-image-caption=\"\" data-medium-file=\"https:\/\/i0.wp.com\/www.robertosedda.it\/wp-content\/uploads\/2018\/08\/Livrea-2.jpg?fit=300%2C169\" data-large-file=\"https:\/\/i0.wp.com\/www.robertosedda.it\/wp-content\/uploads\/2018\/08\/Livrea-2.jpg?fit=510%2C287\" decoding=\"async\" loading=\"lazy\" class=\"aligncenter size-full wp-image-15615\" src=\"https:\/\/i0.wp.com\/www.robertosedda.it\/wp-content\/uploads\/2018\/08\/Livrea-2.jpg?resize=800%2C450\" alt=\"\" width=\"800\" height=\"450\" srcset=\"https:\/\/i0.wp.com\/www.robertosedda.it\/wp-content\/uploads\/2018\/08\/Livrea-2.jpg?w=2048 2048w, https:\/\/i0.wp.com\/www.robertosedda.it\/wp-content\/uploads\/2018\/08\/Livrea-2.jpg?resize=150%2C84 150w, https:\/\/i0.wp.com\/www.robertosedda.it\/wp-content\/uploads\/2018\/08\/Livrea-2.jpg?resize=300%2C169 300w, https:\/\/i0.wp.com\/www.robertosedda.it\/wp-content\/uploads\/2018\/08\/Livrea-2.jpg?resize=510%2C287 510w, https:\/\/i0.wp.com\/www.robertosedda.it\/wp-content\/uploads\/2018\/08\/Livrea-2.jpg?resize=700%2C394 700w, https:\/\/i0.wp.com\/www.robertosedda.it\/wp-content\/uploads\/2018\/08\/Livrea-2.jpg?w=1600 1600w\" sizes=\"(max-width: 800px) 100vw, 800px\" data-recalc-dims=\"1\" \/><\/a>Costui o costei dovrebbe essere bello, alto e imponente e particolarmente telegenico. Vestito obbligatoriamente con la livrea immediatamente riconoscibile del proprio partito e accompagnato da apposito gonfalone, dovrebbe obbligatoriamente presenziare a tutte le cerimonie funebri o funerali di Stato, visitare ospedali dove siano ricoverati i feriti delle disgrazie e calamit\u00e0 che avvengano nonch\u00e9 i servitori dello Stato ferirti dell&#8217;adempimento del dovere, portare la propria solidariet\u00e0 alle famiglie dei suddetti servitori che fossero dovuti soccombere alle ferite, recarsi a meditare sui luoghi di ogni sciagura nonch\u00e9 di ogni passata tragedia storica, andare a trovare i parenti di persone morte in occasioni che hanno colpito la coscienza del Paese o di altri le cui difficolt\u00e0 occupino le prima pagine dei giornali, controllare di persona le condizioni di persone in disagio che siano poste nelle cure dello Stato, l&#8217;andamento dei soccorsi di ragazzini perduti nelle grotte in luoghi remoti e cos\u00ec via. Radi viaggi all&#8217;estero dovrebbero essere dedicati alla visita di militari italiani detenuti da autorit\u00e0 di altri Stati.<\/p>\n<p><a href=\"https:\/\/i0.wp.com\/www.robertosedda.it\/wp-content\/uploads\/2018\/08\/Livrea.jpg\"><img data-attachment-id=\"15614\" data-permalink=\"http:\/\/www.robertosedda.it\/?attachment_id=15614\" data-orig-file=\"https:\/\/i0.wp.com\/www.robertosedda.it\/wp-content\/uploads\/2018\/08\/Livrea.jpg?fit=600%2C901\" data-orig-size=\"600,901\" data-comments-opened=\"1\" data-image-meta=\"{&quot;aperture&quot;:&quot;5.6&quot;,&quot;credit&quot;:&quot;&quot;,&quot;camera&quot;:&quot;NIKON D4S&quot;,&quot;caption&quot;:&quot;&quot;,&quot;created_timestamp&quot;:&quot;1508332859&quot;,&quot;copyright&quot;:&quot;Pagepix Ltd.07976 935738&quot;,&quot;focal_length&quot;:&quot;200&quot;,&quot;iso&quot;:&quot;800&quot;,&quot;shutter_speed&quot;:&quot;0.005&quot;,&quot;title&quot;:&quot;&quot;,&quot;orientation&quot;:&quot;0&quot;}\" data-image-title=\"Livrea\" data-image-description=\"\" data-image-caption=\"\" data-medium-file=\"https:\/\/i0.wp.com\/www.robertosedda.it\/wp-content\/uploads\/2018\/08\/Livrea.jpg?fit=200%2C300\" data-large-file=\"https:\/\/i0.wp.com\/www.robertosedda.it\/wp-content\/uploads\/2018\/08\/Livrea.jpg?fit=510%2C766\" decoding=\"async\" loading=\"lazy\" class=\"aligncenter size-full wp-image-15614\" src=\"https:\/\/i0.wp.com\/www.robertosedda.it\/wp-content\/uploads\/2018\/08\/Livrea.jpg?resize=600%2C901\" alt=\"\" width=\"600\" height=\"901\" srcset=\"https:\/\/i0.wp.com\/www.robertosedda.it\/wp-content\/uploads\/2018\/08\/Livrea.jpg?w=600 600w, https:\/\/i0.wp.com\/www.robertosedda.it\/wp-content\/uploads\/2018\/08\/Livrea.jpg?resize=100%2C150 100w, https:\/\/i0.wp.com\/www.robertosedda.it\/wp-content\/uploads\/2018\/08\/Livrea.jpg?resize=200%2C300 200w, https:\/\/i0.wp.com\/www.robertosedda.it\/wp-content\/uploads\/2018\/08\/Livrea.jpg?resize=510%2C766 510w\" sizes=\"(max-width: 600px) 100vw, 600px\" data-recalc-dims=\"1\" \/><\/a>La domenica il Visitatore dovrebbe, per riposarsi e distrarsi e\u00a0 secondo una rigida turnazione priva di favoritismi, pranzare o cenare con sportivi famosi, scienziati illustri e altri Italiani il cui ingegno e le cui imprese diano lustro al Paese, mentre il venerd\u00ec dovrebbe &#8211; previo accordo col Papa per evitare di sovrapporsi &#8211; fare telefonate inaspettate a vecchiette che hanno scritto ai giornali perch\u00e9 gli \u00e8 morto il gatto, a orfani che abbiano rivolto strazianti appelli per la restituzione di un balocco perduto o a ragazzini che abbiano eroicamente tratto le sorelline dalle grinfie di orsi selvaggi.<\/p>\n<p>Al Visitatore andrebbe assegnato un\u00a0<em>team<\/em>\u00a0altamente specializzato che si occupi di rispondere a suo nome, solidalmente e benevolmente, alle\u00a0<em>mail<\/em> e lettere con richieste di attenzione che inevitabilmente arriveranno, nonch\u00e9 firmare petizioni e documenti, soprattutto su <em>Change.org<\/em>, segnalare su apposite pagine\u00a0<em>social<\/em> ogni situazione bisognosa della solidariet\u00e0 dei cittadini e versare modesti contributi, ma dall&#8217;alto valore simbolico, a favore delle varie raccolte di fondi benefici, sempre dello stesso importo e senza alcuna preferenza per l&#8217;uno o per l&#8217;altro.<\/p>\n<p>I benefici per il Paese di una simile legislazione sono evidenti: terminerebbe cos\u00ec l&#8217;oscena conta di chi \u00e8 andato a trovare chi, chi \u00e8 solidale con quello e non con quell&#8217;altro.<\/p>\n","protected":false},"excerpt":{"rendered":"<p>Secondo me sarebbe opportuno che ogni partito politico dovesse avere, per legge, un proprio dipendente addetto alle funzioni di Visitatore.<\/p>\n","protected":false},"author":1,"featured_media":15615,"comment_status":"open","ping_status":"open","sticky":false,"template":"","format":"standard","meta":{"_mi_skip_tracking":false,"_monsterinsights_sitenote_active":false,"_monsterinsights_sitenote_note":"","_monsterinsights_sitenote_category":0,"jetpack_post_was_ever_published":false,"_jetpack_newsletter_access":"","jetpack_publicize_message":"","jetpack_is_tweetstorm":false,"jetpack_publicize_feature_enabled":true,"jetpack_social_post_already_shared":true,"jetpack_social_options":{"image_generator_settings":{"template":"highway","enabled":false}}},"categories":[52,57,17,59,16],"tags":[],"jetpack_publicize_connections":[],"jetpack_featured_media_url":"https:\/\/i0.wp.com\/www.robertosedda.it\/wp-content\/uploads\/2018\/08\/Livrea-2.jpg?fit=2048%2C1152","jetpack_sharing_enabled":true,"jetpack_shortlink":"https:\/\/wp.me\/p4jV2T-43O","jetpack_likes_enabled":true,"jetpack-related-posts":[{"id":5060,"url":"http:\/\/www.robertosedda.it\/?p=5060","url_meta":{"origin":15612,"position":0},"title":"La politica \u00e8 morta, viva la politica","author":"Rufus","date":"20\/11\/2013","format":false,"excerpt":"Questa settimana l'articolo collettivo \u00e8 stato scritto da Enrico Lobina. Come al solito viene pubblicato, oltre che su questo sito, su quelli di Fondazione Sardinia, Tramas de amistade, Aladin pensiero, Vito Biolchini, Sardegna soprattutto, Enrico Lobina, Madrigopolis, Forma paris\u00a0e Tottus in pari. Enrico sa, perch\u00e9 gliel'ho detto durante la discussione,\u2026","rel":"","context":"In &quot;Coordinate&quot;","block_context":{"text":"Coordinate","link":"http:\/\/www.robertosedda.it\/?cat=52"},"img":{"alt_text":"","src":"https:\/\/i0.wp.com\/www.robertosedda.it\/wp-content\/uploads\/2013\/11\/Politici-sotto-inchiesta.jpg?fit=302%2C282&resize=350%2C200","width":350,"height":200},"classes":[]},{"id":6923,"url":"http:\/\/www.robertosedda.it\/?p=6923","url_meta":{"origin":15612,"position":1},"title":"Sardegna, a ciascuno il suo silenzio (un intervento di Vito Biolchini)","author":"Rufus","date":"08\/04\/2014","format":false,"excerpt":"Oltre che su questo blog, questo articolo viene pubblicato anche sui siti\u00a0di Vito Biolchini,\u00a0Enrico Lobina,\u00a0Fondazione Sardinia,\u00a0Aladinpensiero,\u00a0Tramas de Amistade,\u00a0Madrigopolis,\u00a0Sardegna Soprattutto,\u00a0Sportello Formaparis,\u00a0Tottusinpari. Sardegna, a ciascuno il suo silenzio (Pigliaru non spiega: almeno ascolter\u00e0?) di Vito Biolchini E all'improvviso scese il silenzio. Se nei sette mesi che hanno preceduto il voto una febbre\u2026","rel":"","context":"In &quot;Coordinate&quot;","block_context":{"text":"Coordinate","link":"http:\/\/www.robertosedda.it\/?cat=52"},"img":{"alt_text":"","src":"https:\/\/i0.wp.com\/www.robertosedda.it\/wp-content\/uploads\/2014\/02\/videolina_pigliaru.jpg?fit=1200%2C900&resize=350%2C200","width":350,"height":200,"srcset":"https:\/\/i0.wp.com\/www.robertosedda.it\/wp-content\/uploads\/2014\/02\/videolina_pigliaru.jpg?fit=1200%2C900&resize=350%2C200 1x, https:\/\/i0.wp.com\/www.robertosedda.it\/wp-content\/uploads\/2014\/02\/videolina_pigliaru.jpg?fit=1200%2C900&resize=700%2C400 2x, https:\/\/i0.wp.com\/www.robertosedda.it\/wp-content\/uploads\/2014\/02\/videolina_pigliaru.jpg?fit=1200%2C900&resize=1050%2C600 3x"},"classes":[]},{"id":5937,"url":"http:\/\/www.robertosedda.it\/?p=5937","url_meta":{"origin":15612,"position":2},"title":"Fare buona politica all&#8217;epoca del trasformismo","author":"Rufus","date":"30\/01\/2014","format":false,"excerpt":"In un post di qualche giorno fa ho ironizzato sui flussi e riflussi di candidati che in occasione delle elezioni si spostano da una lista all'altra finch\u00e9 non trovano una collocazione soddisfacente, anche a costo di approdare in partiti molto diversi da quelli in cui hanno militato fino a quel\u2026","rel":"","context":"In &quot;Coordinate&quot;","block_context":{"text":"Coordinate","link":"http:\/\/www.robertosedda.it\/?cat=52"},"img":{"alt_text":"","src":"https:\/\/i0.wp.com\/www.robertosedda.it\/wp-content\/uploads\/2014\/01\/Agostino-Depretis.jpg?fit=250%2C312&resize=350%2C200","width":350,"height":200},"classes":[]},{"id":8806,"url":"http:\/\/www.robertosedda.it\/?p=8806","url_meta":{"origin":15612,"position":3},"title":"L\u2019amara verit\u00e0 del sindacato, italiano e sardo. Un intervento di Salvatore Cubeddu","author":"Rufus","date":"06\/11\/2014","format":false,"excerpt":"Non so pi\u00f9 bene se i\u00a0blogger del luned\u00ec si stiano ancora ritrovando o meno, perch\u00e9 devo essermi perso delle\u00a0mail o forse non me le mandano, non saprei. Ma vedo che Salvatore Cubeddu ha pubblicato un nuovo articolo indicandomi nella solita catena di siti che si rilanciano a vicenda e quindi\u2026","rel":"","context":"In &quot;Coordinate&quot;","block_context":{"text":"Coordinate","link":"http:\/\/www.robertosedda.it\/?cat=52"},"img":{"alt_text":"","src":"https:\/\/i0.wp.com\/www.robertosedda.it\/wp-content\/uploads\/2014\/11\/camusso-e-renzi1.jpg?fit=394%2C296&resize=350%2C200","width":350,"height":200},"classes":[]},{"id":14498,"url":"http:\/\/www.robertosedda.it\/?p=14498","url_meta":{"origin":15612,"position":4},"title":"Se vuoi la sicurezza lascia la democrazia","author":"Rufus","date":"08\/01\/2018","format":false,"excerpt":"Sul New York Times leggo la storia della secessione quieta di alcune citt\u00e0 messicane, che pi\u00f9 o meno tacitamente hanno espulso governo e cartelli della droga, si sono organizzate la propria polizia locale e sostanzialmente si autoregolano, proteggendosi dalla violenza incontrollata di altre parti del paese o delle regioni confinanti.\u2026","rel":"","context":"In &quot;Coordinate&quot;","block_context":{"text":"Coordinate","link":"http:\/\/www.robertosedda.it\/?cat=52"},"img":{"alt_text":"","src":"https:\/\/i0.wp.com\/www.robertosedda.it\/wp-content\/uploads\/2018\/01\/Tancitaro-milizia.jpg?fit=675%2C450&resize=350%2C200","width":350,"height":200},"classes":[]},{"id":9694,"url":"http:\/\/www.robertosedda.it\/?p=9694","url_meta":{"origin":15612,"position":5},"title":"Anche per fare il Presidente della Regione ci vuole orecchio","author":"Rufus","date":"27\/02\/2015","format":false,"excerpt":"Questo articolo viene pubblicato anche sui siti di Fondazione Sardinia, Tramasdeamistade, Sardegna Soprattutto, Sportello Formaparis,Tottusinpari e sui blog di Enrico Lobina, Vito Biolchini e Francesca Madrigali. Anche per fare il Presidente della Regione ci vuole orecchio di Vito Biolchini Nessuno ha fatto il bilancio del primo anno di Francesco Pigliaru\u2026","rel":"","context":"In &quot;Coordinate&quot;","block_context":{"text":"Coordinate","link":"http:\/\/www.robertosedda.it\/?cat=52"},"img":{"alt_text":"","src":"https:\/\/i0.wp.com\/www.robertosedda.it\/wp-content\/uploads\/2014\/02\/Vittoria-Pigliaru.jpg?fit=960%2C637&resize=350%2C200","width":350,"height":200,"srcset":"https:\/\/i0.wp.com\/www.robertosedda.it\/wp-content\/uploads\/2014\/02\/Vittoria-Pigliaru.jpg?fit=960%2C637&resize=350%2C200 1x, https:\/\/i0.wp.com\/www.robertosedda.it\/wp-content\/uploads\/2014\/02\/Vittoria-Pigliaru.jpg?fit=960%2C637&resize=700%2C400 2x"},"classes":[]}],"_links":{"self":[{"href":"http:\/\/www.robertosedda.it\/index.php?rest_route=\/wp\/v2\/posts\/15612"}],"collection":[{"href":"http:\/\/www.robertosedda.it\/index.php?rest_route=\/wp\/v2\/posts"}],"about":[{"href":"http:\/\/www.robertosedda.it\/index.php?rest_route=\/wp\/v2\/types\/post"}],"author":[{"embeddable":true,"href":"http:\/\/www.robertosedda.it\/index.php?rest_route=\/wp\/v2\/users\/1"}],"replies":[{"embeddable":true,"href":"http:\/\/www.robertosedda.it\/index.php?rest_route=%2Fwp%2Fv2%2Fcomments&post=15612"}],"version-history":[{"count":2,"href":"http:\/\/www.robertosedda.it\/index.php?rest_route=\/wp\/v2\/posts\/15612\/revisions"}],"predecessor-version":[{"id":15616,"href":"http:\/\/www.robertosedda.it\/index.php?rest_route=\/wp\/v2\/posts\/15612\/revisions\/15616"}],"wp:featuredmedia":[{"embeddable":true,"href":"http:\/\/www.robertosedda.it\/index.php?rest_route=\/wp\/v2\/media\/15615"}],"wp:attachment":[{"href":"http:\/\/www.robertosedda.it\/index.php?rest_route=%2Fwp%2Fv2%2Fmedia&parent=15612"}],"wp:term":[{"taxonomy":"category","embeddable":true,"href":"http:\/\/www.robertosedda.it\/index.php?rest_route=%2Fwp%2Fv2%2Fcategories&post=15612"},{"taxonomy":"post_tag","embeddable":true,"href":"http:\/\/www.robertosedda.it\/index.php?rest_route=%2Fwp%2Fv2%2Ftags&post=15612"}],"curies":[{"name":"wp","href":"https:\/\/api.w.org\/{rel}","templated":true}]}}