{"id":15609,"date":"2018-08-23T17:34:05","date_gmt":"2018-08-23T15:34:05","guid":{"rendered":"http:\/\/www.robertosedda.it\/?p=15609"},"modified":"2018-09-13T09:31:29","modified_gmt":"2018-09-13T07:31:29","slug":"fuoco-sulla-terra","status":"publish","type":"post","link":"http:\/\/www.robertosedda.it\/?p=15609","title":{"rendered":"Fuoco sulla terra"},"content":{"rendered":"<p>I miei compagni\u00a0<em>Fabbricastorie<\/em> in questo periodo mi prendono in giro perch\u00e9 dicono che sono irritabile.<\/p>\n<p>Molto irritabile.<\/p>\n<p>Che sui <em>social <\/em>qualcuno commenta qualcosa che ho scritto, o scrive qualcosa e io commento, e pensa che la conversazione sia cos\u00ec, un po&#8217; distante e generica: e invece io gli vado al corpo al corpo, entro a gamba tesa e lo prendo a schiaffoni, esattamente come Moretti nella famosa scena con la giornalista:<\/p>\n<div class=\"jetpack-video-wrapper\"><span class=\"embed-youtube\" style=\"text-align:center; display: block;\"><iframe loading=\"lazy\" class=\"youtube-player\" width=\"800\" height=\"450\" src=\"https:\/\/www.youtube.com\/embed\/qtP3FWRo6Ow?version=3&#038;rel=1&#038;showsearch=0&#038;showinfo=1&#038;iv_load_policy=1&#038;fs=1&#038;hl=it-IT&#038;autohide=2&#038;wmode=transparent\" allowfullscreen=\"true\" style=\"border:0;\" sandbox=\"allow-scripts allow-same-origin allow-popups allow-presentation\"><\/iframe><\/span><\/div>\n<p>Un po&#8217; lo nego (nel senso che non mi sembra di fare cos\u00ec con <em>tutti<\/em>), un po&#8217; ammetto che \u00e8 vero ma penso che se lo sono meritato e si meriterebbero pure di pi\u00f9, un po&#8217; la cosa mi imbarazza perch\u00e9 ricordo bene l&#8217;avviso di Brecht:<\/p>\n<blockquote><p>Eppure lo sappiamo:<br \/>\nanche l&#8217;odio contro la bassezza<br \/>\nstravolge il viso.<br \/>\nAnche l&#8217;ira per l&#8217;ingiustizia<br \/>\nfa roca la voce.<\/p><\/blockquote>\n<p>e qui stiamo comunque parlando nemmeno di posizioni direttamente aberranti (di quelle ne poche fra i miei contatti) ma semplicemente errate, o stolte, o vili, o fatalmente ingenue.<\/p>\n<p>E io, poveretti, gi\u00f9 schiaffoni.<\/p>\n<p><a href=\"https:\/\/i0.wp.com\/www.robertosedda.it\/wp-content\/uploads\/2018\/08\/967841_1502799429970816_1485142741_n.jpg\"><img data-attachment-id=\"15610\" data-permalink=\"http:\/\/www.robertosedda.it\/?attachment_id=15610\" data-orig-file=\"https:\/\/i0.wp.com\/www.robertosedda.it\/wp-content\/uploads\/2018\/08\/967841_1502799429970816_1485142741_n.jpg?fit=960%2C540\" data-orig-size=\"960,540\" data-comments-opened=\"1\" data-image-meta=\"{&quot;aperture&quot;:&quot;0&quot;,&quot;credit&quot;:&quot;&quot;,&quot;camera&quot;:&quot;&quot;,&quot;caption&quot;:&quot;&quot;,&quot;created_timestamp&quot;:&quot;0&quot;,&quot;copyright&quot;:&quot;&quot;,&quot;focal_length&quot;:&quot;0&quot;,&quot;iso&quot;:&quot;0&quot;,&quot;shutter_speed&quot;:&quot;0&quot;,&quot;title&quot;:&quot;&quot;,&quot;orientation&quot;:&quot;0&quot;}\" data-image-title=\"Rufus 1\" data-image-description=\"\" data-image-caption=\"\" data-medium-file=\"https:\/\/i0.wp.com\/www.robertosedda.it\/wp-content\/uploads\/2018\/08\/967841_1502799429970816_1485142741_n.jpg?fit=300%2C169\" data-large-file=\"https:\/\/i0.wp.com\/www.robertosedda.it\/wp-content\/uploads\/2018\/08\/967841_1502799429970816_1485142741_n.jpg?fit=510%2C287\" decoding=\"async\" loading=\"lazy\" class=\"aligncenter size-full wp-image-15610\" src=\"https:\/\/i0.wp.com\/www.robertosedda.it\/wp-content\/uploads\/2018\/08\/967841_1502799429970816_1485142741_n.jpg?resize=800%2C450\" alt=\"\" width=\"800\" height=\"450\" srcset=\"https:\/\/i0.wp.com\/www.robertosedda.it\/wp-content\/uploads\/2018\/08\/967841_1502799429970816_1485142741_n.jpg?w=960 960w, https:\/\/i0.wp.com\/www.robertosedda.it\/wp-content\/uploads\/2018\/08\/967841_1502799429970816_1485142741_n.jpg?resize=150%2C84 150w, https:\/\/i0.wp.com\/www.robertosedda.it\/wp-content\/uploads\/2018\/08\/967841_1502799429970816_1485142741_n.jpg?resize=300%2C169 300w, https:\/\/i0.wp.com\/www.robertosedda.it\/wp-content\/uploads\/2018\/08\/967841_1502799429970816_1485142741_n.jpg?resize=510%2C287 510w, https:\/\/i0.wp.com\/www.robertosedda.it\/wp-content\/uploads\/2018\/08\/967841_1502799429970816_1485142741_n.jpg?resize=700%2C394 700w\" sizes=\"(max-width: 800px) 100vw, 800px\" data-recalc-dims=\"1\" \/><\/a>Oggi per\u00f2, riflettendoci dopo l&#8217;ennesima strigliata a un insospettabile fiancheggiatore del razzismo, mi \u00e8 tornato in mente un passo di Luca:<\/p>\n<blockquote><p>Sono venuto a portare il fuoco sulla terra; e come vorrei che fosse gi\u00e0 acceso!<br \/>\n[&#8230;]<br \/>\nPensate che io sia venuto a portare la pace sulla terra? No, vi dico, ma la divisione.\u00a0D&#8217;ora innanzi in una casa di cinque persone\u00a0si divideranno tre contro due e due contro tre;<br \/>\npadre contro figlio e\u00a0<i>figlio contro padre<\/i>,<br \/>\nmadre contro figlia e\u00a0<i>figlia contro madre<\/i>,<br \/>\nsuocera contro nuora e\u00a0<i>nuora contro suocera<\/i>\u00bb (Lc 12,49.51-53)<\/p><\/blockquote>\n<p>perch\u00e9 \u00e8 una delle caratteristiche dei tempi attuali: non solo le posizioni &#8211; per esempio sui migranti &#8211; tagliano davvero in mezzo dividendo la gente in modi in campi molto definiti, ma lo fanno in modi inaspettati che toccano tutti li ambienti;\u00a0prendi un gruppo politico qualsiasi, un gruppo di attivisti qualsiasi, un gruppo di conoscenti qualsiasi, e ti rendi conto che i crinali sono tutti in movimento; persone che non avresti mai detto si rischierano nei modi pi\u00f9 impensati, qualche volta inaspettatamente in meglio, pi\u00f9 spesso in peggio; gente buona si rivela cattiva. gente cattiva si apre alla disponibilit\u00e0, vecchi nemici si trovano dalla stessa parte, terreni culturali e politici consolidati <a href=\"http:\/\/www.robertosedda.it\/?p=15584\">vengono abbandonati<\/a> e colonizzati da altri.<\/p>\n<p>Ci sono tanti modi per ragionare su questo, per esempio notare il predominio della politica, che porta con s\u00e9 la partigianeria esasperata: nel piccolo anche questo\u00a0<em>blog<\/em>, che per anni ha fatto i suoi giorni di maggiori visite pubblicando storielle sugli\u00a0<em>autobus<\/em>, oggi fa il picco di attenzione se parla di politica, soprattutto se ne parla in modo deciso, e stiamo parlando di un piccolissimo <em>blog<\/em> personale certo <a href=\"http:\/\/www.robertosedda.it\/?p=4546\">non autorevole<\/a>, mica del\u00a0<em>top<\/em> degli <em>influencer<\/em>.<\/p>\n<p>Per\u00f2 io credo, e penso che il brano del Vangelo mi sia venuto in mente per quello, che la chiave di lettura sia sul fatto che viviamo tempi apocalittici, non tanto nel senso di disastri ultimi e fini del mondo, ma nel senso di un tempo che \u00e8 di sconvolgimenti, di crisi e quindi di rivelazioni, compreso ci\u00f2 che c&#8217;\u00e8 nel cuore delle persone sotto le vaie patine che si sono stratificate.<\/p>\n","protected":false},"excerpt":{"rendered":"<p>I miei compagni\u00a0Fabbricastorie in questo periodo mi prendono in giro perch\u00e9 dicono che sono irritabile. Molto irritabile. Che sui social<\/p>\n","protected":false},"author":1,"featured_media":15610,"comment_status":"open","ping_status":"open","sticky":false,"template":"","format":"standard","meta":{"_mi_skip_tracking":false,"_monsterinsights_sitenote_active":false,"_monsterinsights_sitenote_note":"","_monsterinsights_sitenote_category":0,"jetpack_post_was_ever_published":false,"_jetpack_newsletter_access":"","jetpack_publicize_message":"","jetpack_is_tweetstorm":false,"jetpack_publicize_feature_enabled":true,"jetpack_social_post_already_shared":true,"jetpack_social_options":{"image_generator_settings":{"template":"highway","enabled":false}}},"categories":[52,57,17,59,16],"tags":[],"jetpack_publicize_connections":[],"jetpack_featured_media_url":"https:\/\/i0.wp.com\/www.robertosedda.it\/wp-content\/uploads\/2018\/08\/967841_1502799429970816_1485142741_n.jpg?fit=960%2C540","jetpack_sharing_enabled":true,"jetpack_shortlink":"https:\/\/wp.me\/p4jV2T-43L","jetpack_likes_enabled":true,"jetpack-related-posts":[{"id":8315,"url":"http:\/\/www.robertosedda.it\/?p=8315","url_meta":{"origin":15609,"position":0},"title":"Riparte &#8220;Oggi parliamo di libri&#8221;","author":"Rufus","date":"03\/09\/2014","format":false,"excerpt":"EDIT: scopro dalla redazione che ho fatto casino e che ripartiamo l'11 settembre. Ehm. Aggiorno. Domani gioved\u00ec 4 settembre\u00a0L'11 settembre torno in onda con Oggi parliamo di libri, la trasmissione di Radio Kalaritana nella quale, immagina un po'?, parlo di libri. Volete sapere: l'orario? Ogni gioved\u00ec alle 19.10 e in\u2026","rel":"","context":"In &quot;Coordinate&quot;","block_context":{"text":"Coordinate","link":"http:\/\/www.robertosedda.it\/?cat=52"},"img":{"alt_text":"","src":"https:\/\/i0.wp.com\/www.robertosedda.it\/wp-content\/uploads\/2014\/09\/Diapositiva10.jpg?fit=960%2C720&resize=350%2C200","width":350,"height":200,"srcset":"https:\/\/i0.wp.com\/www.robertosedda.it\/wp-content\/uploads\/2014\/09\/Diapositiva10.jpg?fit=960%2C720&resize=350%2C200 1x, https:\/\/i0.wp.com\/www.robertosedda.it\/wp-content\/uploads\/2014\/09\/Diapositiva10.jpg?fit=960%2C720&resize=700%2C400 2x"},"classes":[]},{"id":11178,"url":"http:\/\/www.robertosedda.it\/?p=11178","url_meta":{"origin":15609,"position":1},"title":"Ma come mai&#8230;","author":"Rufus","date":"16\/11\/2015","format":false,"excerpt":"Mi dice l'altra sera a cena mia sorella: \u00abMa come mai sul\u00a0blog di queste esercitazioni NATO e di tutto il resto non hai parlato? Eppure sono argomenti che ti interessano...\u00bb e un po' il tono suggeriva, anche, che magari sono pure\u00a0un pochino pi\u00f9 importanti di\u00a0altre cose alle quali invece ho\u2026","rel":"","context":"In &quot;Coordinate&quot;","block_context":{"text":"Coordinate","link":"http:\/\/www.robertosedda.it\/?cat=52"},"img":{"alt_text":"","src":"https:\/\/i0.wp.com\/www.robertosedda.it\/wp-content\/uploads\/2014\/02\/Roberto-Sedda.jpg?fit=477%2C720&resize=350%2C200","width":350,"height":200},"classes":[]},{"id":3082,"url":"http:\/\/www.robertosedda.it\/?p=3082","url_meta":{"origin":15609,"position":2},"title":"Traguardo di visitatori (e ringraziamenti)","author":"Rufus","date":"04\/05\/2013","format":false,"excerpt":"Ieri, secondo Google Analytics, il blog ha raggiunto 5.000 visitatori unici (le visualizzazioni di pagina sono pi\u00f9 di 16.000). Sono visite da fine agosto, quando ho cominciato a pubblicare articoli, a oggi. Oggetto meraviglioso, Google Analytics. Evocatore di misteri: perch\u00e9 per esempio ti informa che fra gli articoli pi\u00f9 letti\u2026","rel":"","context":"In &quot;Coordinate&quot;","block_context":{"text":"Coordinate","link":"http:\/\/www.robertosedda.it\/?cat=52"},"img":{"alt_text":"","src":"https:\/\/i0.wp.com\/www.robertosedda.it\/wp-content\/uploads\/2013\/05\/statistiche-blog.png?fit=1200%2C580&resize=350%2C200","width":350,"height":200,"srcset":"https:\/\/i0.wp.com\/www.robertosedda.it\/wp-content\/uploads\/2013\/05\/statistiche-blog.png?fit=1200%2C580&resize=350%2C200 1x, https:\/\/i0.wp.com\/www.robertosedda.it\/wp-content\/uploads\/2013\/05\/statistiche-blog.png?fit=1200%2C580&resize=700%2C400 2x, https:\/\/i0.wp.com\/www.robertosedda.it\/wp-content\/uploads\/2013\/05\/statistiche-blog.png?fit=1200%2C580&resize=1050%2C600 3x"},"classes":[]},{"id":3440,"url":"http:\/\/www.robertosedda.it\/?p=3440","url_meta":{"origin":15609,"position":3},"title":"La &#8220;zona fidanzata&#8221;","author":"Rufus","date":"06\/06\/2013","format":false,"excerpt":"L'articolo che segue, dal titolo Why do men keep putting me in the girlfriend-zone? \u00e8 stato pubblicato originariamente sul\u00a0sito Literary Reference, dove ha totalizzato appena 1280 commenti (ai quali vi consiglio di dare un'occhiata sul sito originale, perch\u00e9 dicono tanto dell'America, gli uomini,\u00a0le donne, le discussioni sul web e tutto\u2026","rel":"","context":"In &quot;Coordinate&quot;","block_context":{"text":"Coordinate","link":"http:\/\/www.robertosedda.it\/?cat=52"},"img":{"alt_text":"","src":"","width":0,"height":0},"classes":[]},{"id":5667,"url":"http:\/\/www.robertosedda.it\/?p=5667","url_meta":{"origin":15609,"position":4},"title":"Una coppia di detective navajo","author":"Rufus","date":"31\/12\/2013","format":"video","excerpt":"Ho voluto dedicare una puntata di Oggi parliamo di libri ai gialli in cui Tony Hillerman mette in scena le avventure degli agenti della Polizia Tribale Navajo prima di tutto perch\u00e9 mi piacciono molto: se avessi dovuto seguire rigidamente le regole che mi sono dato per le trasmissioni difficilmente questi\u2026","rel":"","context":"In &quot;Coordinate&quot;","block_context":{"text":"Coordinate","link":"http:\/\/www.robertosedda.it\/?cat=52"},"img":{"alt_text":"","src":"https:\/\/i0.wp.com\/www.robertosedda.it\/wp-content\/uploads\/2013\/12\/Skinwalkers-Leaphorn-and-Chee.jpg?fit=863%2C583&resize=350%2C200","width":350,"height":200,"srcset":"https:\/\/i0.wp.com\/www.robertosedda.it\/wp-content\/uploads\/2013\/12\/Skinwalkers-Leaphorn-and-Chee.jpg?fit=863%2C583&resize=350%2C200 1x, https:\/\/i0.wp.com\/www.robertosedda.it\/wp-content\/uploads\/2013\/12\/Skinwalkers-Leaphorn-and-Chee.jpg?fit=863%2C583&resize=700%2C400 2x"},"classes":[]},{"id":17745,"url":"http:\/\/www.robertosedda.it\/?p=17745","url_meta":{"origin":15609,"position":5},"title":"Analogico","author":"Rufus","date":"20\/01\/2020","format":false,"excerpt":"Non so se avete presenti quei casi nei quali su Instagram capita che una di quelle tizie bellissime posti una sua foto in cui appare strabellissima e, fra tutti quei commenti che vanno da: \u00abSposami\u00bb a: \u00abSe il segreto della tua bellezza \u00e8 che sei vegetariana, lo vuoi il mio\u2026","rel":"","context":"In &quot;Coordinate&quot;","block_context":{"text":"Coordinate","link":"http:\/\/www.robertosedda.it\/?cat=52"},"img":{"alt_text":"","src":"https:\/\/i0.wp.com\/www.robertosedda.it\/wp-content\/uploads\/2020\/01\/Rosie-HW.png?fit=833%2C607&resize=350%2C200","width":350,"height":200,"srcset":"https:\/\/i0.wp.com\/www.robertosedda.it\/wp-content\/uploads\/2020\/01\/Rosie-HW.png?fit=833%2C607&resize=350%2C200 1x, https:\/\/i0.wp.com\/www.robertosedda.it\/wp-content\/uploads\/2020\/01\/Rosie-HW.png?fit=833%2C607&resize=700%2C400 2x"},"classes":[]}],"_links":{"self":[{"href":"http:\/\/www.robertosedda.it\/index.php?rest_route=\/wp\/v2\/posts\/15609"}],"collection":[{"href":"http:\/\/www.robertosedda.it\/index.php?rest_route=\/wp\/v2\/posts"}],"about":[{"href":"http:\/\/www.robertosedda.it\/index.php?rest_route=\/wp\/v2\/types\/post"}],"author":[{"embeddable":true,"href":"http:\/\/www.robertosedda.it\/index.php?rest_route=\/wp\/v2\/users\/1"}],"replies":[{"embeddable":true,"href":"http:\/\/www.robertosedda.it\/index.php?rest_route=%2Fwp%2Fv2%2Fcomments&post=15609"}],"version-history":[{"count":1,"href":"http:\/\/www.robertosedda.it\/index.php?rest_route=\/wp\/v2\/posts\/15609\/revisions"}],"predecessor-version":[{"id":15611,"href":"http:\/\/www.robertosedda.it\/index.php?rest_route=\/wp\/v2\/posts\/15609\/revisions\/15611"}],"wp:featuredmedia":[{"embeddable":true,"href":"http:\/\/www.robertosedda.it\/index.php?rest_route=\/wp\/v2\/media\/15610"}],"wp:attachment":[{"href":"http:\/\/www.robertosedda.it\/index.php?rest_route=%2Fwp%2Fv2%2Fmedia&parent=15609"}],"wp:term":[{"taxonomy":"category","embeddable":true,"href":"http:\/\/www.robertosedda.it\/index.php?rest_route=%2Fwp%2Fv2%2Fcategories&post=15609"},{"taxonomy":"post_tag","embeddable":true,"href":"http:\/\/www.robertosedda.it\/index.php?rest_route=%2Fwp%2Fv2%2Ftags&post=15609"}],"curies":[{"name":"wp","href":"https:\/\/api.w.org\/{rel}","templated":true}]}}