{"id":15599,"date":"2018-08-21T17:34:48","date_gmt":"2018-08-21T15:34:48","guid":{"rendered":"http:\/\/www.robertosedda.it\/?p=15599"},"modified":"2018-08-31T18:52:48","modified_gmt":"2018-08-31T16:52:48","slug":"la-bolla-giapponese","status":"publish","type":"post","link":"http:\/\/www.robertosedda.it\/?p=15599","title":{"rendered":"La bolla giapponese"},"content":{"rendered":"<p>Tornando dalle vacanze in montagna ci siamo fermati a Verona. L&#8217;idea ci \u00e8 venuta perch\u00e9 in Val Venosta ci sono diverse chiese o opere intitolate a santi di tradizione veronese, come san Zeno, san Fermo, san Procolo e san Rustico, chiunque egli fosse, e ci \u00e8 venuta voglia di vedere le grandi chiese veronesi originarie.<\/p>\n<p>In realt\u00e0 siamo partiti tardi, abbiamo trovato fila in autostrada e insomma siamo arrivati per ora di pranzo.<\/p>\n<p>Oh, non ci crederete ma a Verona c&#8217;\u00e8 gente a pacchi, a mucchi, a mazzi, accatastata ovunque, e a nessuno importa di san Zeno, san Fermo, san Procolo e san Rustico ma solo di Giulietta. Una folla che non ho trovato in citt\u00e0 obiettivamente pi\u00f9 importanti artisticamente, mai e poi mai. E piazza delle Erbe, che \u00e8 bellissima, ha una densit\u00e0 di turisti che arrancano e tavolini e gazebo che occupano ogni centimetro quadro disponibile che al confronto piazza Yenne vecchia maniera sembra il deserto del Sahara.<\/p>\n<p>E tra tutti i posti possibili\u00a0<em>Google Maps<\/em> ci ha portato proprio l\u00e0 per mangiare, in una presunta trattoria che aveva un&#8217;enorme luce al\u00a0<em>neon<\/em> lampeggiante che diceva\u00a0<em>trappola per turisti\u00a0<\/em>a caratteri cubitali.<\/p>\n<p>Per fortuna Maria Bonaria ha l&#8217;occhio lungo e passando per via Cappello aveva visto una trattoria che si chiama, caso strano,\u00a0<a href=\"http:\/\/www.osteriacappello.com\/\"><em>Cappello<\/em><\/a>\u00a0e che sembrava frequentata da locali e quindi ci siamo rifugiati l\u00ec (dove, fra parentesi, abbiamo mangiato bene e Maria Bonaria ha fatto conoscenza con l&#8217;Amarone, ma questa \u00e8 un&#8217;altra storia e sar\u00e0 raccontata un&#8217;altra volta).<\/p>\n<figure id=\"attachment_15600\" aria-describedby=\"caption-attachment-15600\" style=\"width: 4104px\" class=\"wp-caption aligncenter\"><a href=\"https:\/\/i0.wp.com\/www.robertosedda.it\/wp-content\/uploads\/2018\/08\/Cappello.jpg\"><img data-attachment-id=\"15600\" data-permalink=\"http:\/\/www.robertosedda.it\/?attachment_id=15600\" data-orig-file=\"https:\/\/i0.wp.com\/www.robertosedda.it\/wp-content\/uploads\/2018\/08\/Cappello.jpg?fit=4104%2C2736\" data-orig-size=\"4104,2736\" data-comments-opened=\"1\" data-image-meta=\"{&quot;aperture&quot;:&quot;5.6&quot;,&quot;credit&quot;:&quot;Giovanni&quot;,&quot;camera&quot;:&quot;Canon EOS 6D&quot;,&quot;caption&quot;:&quot;&quot;,&quot;created_timestamp&quot;:&quot;1522261297&quot;,&quot;copyright&quot;:&quot;Giovanni2014&quot;,&quot;focal_length&quot;:&quot;105&quot;,&quot;iso&quot;:&quot;400&quot;,&quot;shutter_speed&quot;:&quot;0.01&quot;,&quot;title&quot;:&quot;&quot;,&quot;orientation&quot;:&quot;1&quot;}\" data-image-title=\"Cappello\" data-image-description=\"\" data-image-caption=\"&lt;p&gt;La foto viene dal sito dell&#8217;Osteria Locandina Cappello&lt;\/p&gt;\n\" data-medium-file=\"https:\/\/i0.wp.com\/www.robertosedda.it\/wp-content\/uploads\/2018\/08\/Cappello.jpg?fit=300%2C200\" data-large-file=\"https:\/\/i0.wp.com\/www.robertosedda.it\/wp-content\/uploads\/2018\/08\/Cappello.jpg?fit=510%2C340\" decoding=\"async\" loading=\"lazy\" class=\"size-full wp-image-15600\" src=\"https:\/\/i0.wp.com\/www.robertosedda.it\/wp-content\/uploads\/2018\/08\/Cappello.jpg?resize=800%2C533\" alt=\"\" width=\"800\" height=\"533\" srcset=\"https:\/\/i0.wp.com\/www.robertosedda.it\/wp-content\/uploads\/2018\/08\/Cappello.jpg?w=4104 4104w, https:\/\/i0.wp.com\/www.robertosedda.it\/wp-content\/uploads\/2018\/08\/Cappello.jpg?resize=150%2C100 150w, https:\/\/i0.wp.com\/www.robertosedda.it\/wp-content\/uploads\/2018\/08\/Cappello.jpg?resize=300%2C200 300w, https:\/\/i0.wp.com\/www.robertosedda.it\/wp-content\/uploads\/2018\/08\/Cappello.jpg?resize=510%2C340 510w, https:\/\/i0.wp.com\/www.robertosedda.it\/wp-content\/uploads\/2018\/08\/Cappello.jpg?resize=700%2C467 700w, https:\/\/i0.wp.com\/www.robertosedda.it\/wp-content\/uploads\/2018\/08\/Cappello.jpg?w=1600 1600w, https:\/\/i0.wp.com\/www.robertosedda.it\/wp-content\/uploads\/2018\/08\/Cappello.jpg?w=2400 2400w\" sizes=\"(max-width: 800px) 100vw, 800px\" data-recalc-dims=\"1\" \/><\/a><figcaption id=\"caption-attachment-15600\" class=\"wp-caption-text\">La foto viene dal sito dell&#8217;<a href=\"http:\/\/www.osteriacappello.com\/\">Osteria Locandina Cappello<\/a><\/figcaption><\/figure>\n<p>Il fatto \u00e8 che il locale \u00e8 un po&#8217; strettino, molti tavoli erano occupati e quindi noi stavamo l\u00ec in mezzo ai piedi mentre la cameriera ci preparava il tavolo.<\/p>\n<p>E Maria Bonaria mi faceva gli occhiacci.<\/p>\n<p>E io non capivo.<\/p>\n<p>Quando finalmente ci siamo seduti, mi ha spiegato: \u00abTu non potevi vederlo, ma c&#8217;era una signora giapponese dietro di te e tu le incombevi sopra\u00bb.<\/p>\n<p>Perch\u00e9, ammettiamolo, sono un po&#8217; corpulento. E poi avevo la borsa appoggiata alla spalla. Oddio, le avr\u00f2 infilato la borsa nel piatto?<\/p>\n<p>No, mi ha rassicurato Maria Bonaria: stavo abbastanza lontano.<\/p>\n<p>Per un occidentale. Per la signora mi stavo intromettendo violentemente nella sua sfera di intimit\u00e0, e mi dice Maria Bonaria che era palesemente e terribilmente a disagio.<\/p>\n<p>Poco dopo la signora si \u00e8 alzata, ha preso la borsa, l&#8217;ha messa in grembo dell&#8217;adolescente che la accompagnava e che digitava incessantemente sul cellulare, le ha staccato una mano dallo schermo, nella mano ha infilato il manico della borsa, cos\u00ec che un brigante\u00a0<em>gaijin<\/em>\u00a0di passaggio non potesse sottrarla, ha riattaccato la mano della nipote allo schermo ed \u00e8 andata in bagno.<\/p>\n<p>Senza che la nipote smettesse un attimo di fissare lo schermo.<\/p>\n<p>Io per\u00f2 non l&#8217;ho vista, perch\u00e9 ero <em>gi\u00e0<\/em> in bagno. Aspettavo davanti alla porta, in una stanzettina, perch\u00e9 il bagno dei maschi era occupato (e, peraltro, ne provenivano rumori sospetti che giustificano la puzza di cane morto che successivamente mi ha accolto).<\/p>\n<p>E la signora \u00e8 entrata, mi ha visto e ha avuto una esclamazione a met\u00e0 fra un rantolo e delle scuse frenetiche strozzate in gola. E ha incominciato a agitare le mani per scacciare contemporaneamente me, l&#8217;imbarazzo e l&#8217;idea di condividere lo stesso bagno con un uomo, per di pi\u00f9 un maledetto barbaro\u00a0<em>gaijin<\/em>. Io, preso di sorpresa e conscio dei rumori e del branco di cani morti dietro la porta e della strettezza dell&#8217;antibagno, ho cominciato ad agitare anche io le mani per indicare &#8211; tanto la comunicazione verbale era impossibile &#8211; che la porta del bagno delle donne era giusto dietro di me e che non c&#8217;era problema, solo una barbara usanza occidentale, mannaggia.<\/p>\n<p>Abbozzando anche un mezzo inchino la signora mi ha superato di corsa e si \u00e8 rifugiata nel bagno. Poco dopo l&#8217;amico dei cani morti \u00e8 uscito e io ho fatto quel che dovevo fare.<\/p>\n<p>Molto velocemente, per ovvi motivi, e pensando ai bagni giapponesi dotati di ventilatori al pino silvestre e musica soffusa.<\/p>\n<p>Quando sono tornato su ho fatto appena in tempo a vedere la signora che marciava decisa verso la cassa trascinandosi dietro la nipote.<\/p>\n<p>Mi sono sentito in imbarazzo. Per\u00f2 con Bonaria abbiamo riso molto. Mi sono anche allenato a imitare il rantolo di sorpresa e di orrore della signora, senza riuscirci.<\/p>\n","protected":false},"excerpt":{"rendered":"<p>Tornando dalle vacanze in montagna ci siamo fermati a Verona. L&#8217;idea ci \u00e8 venuta perch\u00e9 in Val Venosta ci sono<\/p>\n","protected":false},"author":1,"featured_media":15600,"comment_status":"open","ping_status":"open","sticky":false,"template":"","format":"standard","meta":{"_mi_skip_tracking":false,"_monsterinsights_sitenote_active":false,"_monsterinsights_sitenote_note":"","_monsterinsights_sitenote_category":0,"jetpack_post_was_ever_published":false,"_jetpack_newsletter_access":"","jetpack_publicize_message":"","jetpack_is_tweetstorm":false,"jetpack_publicize_feature_enabled":true,"jetpack_social_post_already_shared":true,"jetpack_social_options":{"image_generator_settings":{"template":"highway","enabled":false}}},"categories":[52,56,18,61,16],"tags":[],"jetpack_publicize_connections":[],"jetpack_featured_media_url":"https:\/\/i0.wp.com\/www.robertosedda.it\/wp-content\/uploads\/2018\/08\/Cappello.jpg?fit=4104%2C2736","jetpack_sharing_enabled":true,"jetpack_shortlink":"https:\/\/wp.me\/p4jV2T-43B","jetpack_likes_enabled":true,"jetpack-related-posts":[{"id":15572,"url":"http:\/\/www.robertosedda.it\/?p=15572","url_meta":{"origin":15599,"position":0},"title":"Dio dei nostri padri","author":"Rufus","date":"13\/08\/2018","format":false,"excerpt":"Quando Blaise Pascal mor\u00ec gli fu trovato un foglietto all'interno della fodera della giacca, dove l'aveva accuratamente cucito e scucito ogni volta che si faceva un abito nuovo. Sul foglietto era scritta una confessione di fede che iniziava: \u00abDio di Abramo, Dio di Isacco, Dio di Giacobbe. Non Dio dei\u2026","rel":"","context":"In &quot;Coordinate&quot;","block_context":{"text":"Coordinate","link":"http:\/\/www.robertosedda.it\/?cat=52"},"img":{"alt_text":"","src":"https:\/\/i0.wp.com\/www.robertosedda.it\/wp-content\/uploads\/2018\/08\/San-Benedetto-1.jpeg?fit=578%2C1046&resize=350%2C200","width":350,"height":200},"classes":[]},{"id":8492,"url":"http:\/\/www.robertosedda.it\/?p=8492","url_meta":{"origin":15599,"position":1},"title":"Venite a pregare per la pace in Terra Santa?","author":"Rufus","date":"24\/09\/2014","format":false,"excerpt":"Cagliari, venerd\u00ec 26 settembre, ore 20.00, Chiesa di San Lorenzo, viale Buoncammino Come avevo\u00a0scritto\u00a0nel momento pi\u00f9 acuto della guerra di Gaza ho proposto al gruppo \"La Pira\" di farci carico di organizzare anche a Cagliari il momento di preghiera proposto dal\u00a0Forum ecumenico Palestina Israele -\u00a0espressione del Consiglio Mondiale delle Chiese\u2026","rel":"","context":"In &quot;Coordinate&quot;","block_context":{"text":"Coordinate","link":"http:\/\/www.robertosedda.it\/?cat=52"},"img":{"alt_text":"","src":"","width":0,"height":0},"classes":[]},{"id":9107,"url":"http:\/\/www.robertosedda.it\/?p=9107","url_meta":{"origin":15599,"position":2},"title":"Verso il Natale","author":"Rufus","date":"24\/12\/2014","format":false,"excerpt":"Per gli auguri c'\u00e8 tempo domani, ma oggi ho trovato questo brano di San Massimo di Torino, padre della Chiesa, e mi sembra adatto alla vigilia. Dunque, fratelli, noi che siamo in attesa del Natale del Signore, ripuliamoci da ogni residuo di colpa! Colmiamo i suoi tesori di doni diversi,\u2026","rel":"","context":"In &quot;Coordinate&quot;","block_context":{"text":"Coordinate","link":"http:\/\/www.robertosedda.it\/?cat=52"},"img":{"alt_text":"","src":"https:\/\/i0.wp.com\/www.robertosedda.it\/wp-content\/uploads\/2014\/12\/San-Massimo-Torino-2.jpg?fit=215%2C300&resize=350%2C200","width":350,"height":200},"classes":[]},{"id":3632,"url":"http:\/\/www.robertosedda.it\/?p=3632","url_meta":{"origin":15599,"position":3},"title":"La Cagliari Unofficial Guide","author":"Rufus","date":"20\/06\/2013","format":"video","excerpt":"\u00c8 successo un po' gradatamente e non tutti ce ne siamo accorti, ma Cagliari \u00e8 diventata una citt\u00e0 turistica. Che sia l'effetto di tutta quella gente che mentre se ne stava a Villasimius o Nora intanto se ne veniva a fare la spesa o passare una giornata in citt\u00e0 (sentita\u2026","rel":"","context":"In &quot;Coordinate&quot;","block_context":{"text":"Coordinate","link":"http:\/\/www.robertosedda.it\/?cat=52"},"img":{"alt_text":"","src":"https:\/\/i0.wp.com\/www.robertosedda.it\/wp-content\/uploads\/2013\/06\/cagliari-unofficial-426x268.png?fit=426%2C268&resize=350%2C200","width":350,"height":200},"classes":[]},{"id":12715,"url":"http:\/\/www.robertosedda.it\/?p=12715","url_meta":{"origin":15599,"position":4},"title":"Segnalazioni necessarie &#8211; 3 (e anniversari)","author":"Rufus","date":"25\/10\/2016","format":"video","excerpt":"Come spesso ripete il mio socio Andrea Assorgia, \u00abWikipedia va sostenuta\u00bb (chiss\u00e0 perch\u00e9 sembra sempre pi\u00f9 facile versare una piccola quota per altre emergenze, e meno facile per Wiki). La settimana scorsa era in corso uno dei periodici momenti di raccolta: vedo ora che non c'\u00e8 pi\u00f9, ma \u00e8 sempre\u2026","rel":"","context":"In &quot;Coordinate&quot;","block_context":{"text":"Coordinate","link":"http:\/\/www.robertosedda.it\/?cat=52"},"img":{"alt_text":"","src":"https:\/\/i0.wp.com\/www.robertosedda.it\/wp-content\/uploads\/2016\/10\/Wikipedia.jpg?resize=350%2C200","width":350,"height":200,"srcset":"https:\/\/i0.wp.com\/www.robertosedda.it\/wp-content\/uploads\/2016\/10\/Wikipedia.jpg?resize=350%2C200 1x, https:\/\/i0.wp.com\/www.robertosedda.it\/wp-content\/uploads\/2016\/10\/Wikipedia.jpg?resize=700%2C400 2x, https:\/\/i0.wp.com\/www.robertosedda.it\/wp-content\/uploads\/2016\/10\/Wikipedia.jpg?resize=1050%2C600 3x, https:\/\/i0.wp.com\/www.robertosedda.it\/wp-content\/uploads\/2016\/10\/Wikipedia.jpg?resize=1400%2C800 4x"},"classes":[]},{"id":7246,"url":"http:\/\/www.robertosedda.it\/?p=7246","url_meta":{"origin":15599,"position":5},"title":"Seminari per conoscere l&#8217;Asia e l&#8217;Africa","author":"Rufus","date":"30\/04\/2014","format":false,"excerpt":"Alcuni dei docenti di riferimento per quanto riguarda la storia e la cultura dell'Asia e dell'Africa nella Facolt\u00e0 di Scienze Economiche, Giuridiche e Politiche \u00a0propongono, a partire dalla prossima settimana, una serie di interessanti seminari per una migliore conoscenza di questi due continenti. Mi sembra una buona idea rilanciare la\u2026","rel":"","context":"In &quot;Coordinate&quot;","block_context":{"text":"Coordinate","link":"http:\/\/www.robertosedda.it\/?cat=52"},"img":{"alt_text":"","src":"https:\/\/i0.wp.com\/www.robertosedda.it\/wp-content\/uploads\/2014\/04\/Carta-di-Peters.png?fit=500%2C320&resize=350%2C200","width":350,"height":200},"classes":[]}],"_links":{"self":[{"href":"http:\/\/www.robertosedda.it\/index.php?rest_route=\/wp\/v2\/posts\/15599"}],"collection":[{"href":"http:\/\/www.robertosedda.it\/index.php?rest_route=\/wp\/v2\/posts"}],"about":[{"href":"http:\/\/www.robertosedda.it\/index.php?rest_route=\/wp\/v2\/types\/post"}],"author":[{"embeddable":true,"href":"http:\/\/www.robertosedda.it\/index.php?rest_route=\/wp\/v2\/users\/1"}],"replies":[{"embeddable":true,"href":"http:\/\/www.robertosedda.it\/index.php?rest_route=%2Fwp%2Fv2%2Fcomments&post=15599"}],"version-history":[{"count":2,"href":"http:\/\/www.robertosedda.it\/index.php?rest_route=\/wp\/v2\/posts\/15599\/revisions"}],"predecessor-version":[{"id":15602,"href":"http:\/\/www.robertosedda.it\/index.php?rest_route=\/wp\/v2\/posts\/15599\/revisions\/15602"}],"wp:featuredmedia":[{"embeddable":true,"href":"http:\/\/www.robertosedda.it\/index.php?rest_route=\/wp\/v2\/media\/15600"}],"wp:attachment":[{"href":"http:\/\/www.robertosedda.it\/index.php?rest_route=%2Fwp%2Fv2%2Fmedia&parent=15599"}],"wp:term":[{"taxonomy":"category","embeddable":true,"href":"http:\/\/www.robertosedda.it\/index.php?rest_route=%2Fwp%2Fv2%2Fcategories&post=15599"},{"taxonomy":"post_tag","embeddable":true,"href":"http:\/\/www.robertosedda.it\/index.php?rest_route=%2Fwp%2Fv2%2Ftags&post=15599"}],"curies":[{"name":"wp","href":"https:\/\/api.w.org\/{rel}","templated":true}]}}