{"id":15584,"date":"2018-08-20T12:47:21","date_gmt":"2018-08-20T10:47:21","guid":{"rendered":"http:\/\/www.robertosedda.it\/?p=15584"},"modified":"2018-11-12T13:57:52","modified_gmt":"2018-11-12T12:57:52","slug":"ripiegamenti","status":"publish","type":"post","link":"http:\/\/www.robertosedda.it\/?p=15584","title":{"rendered":"Ripiegamenti"},"content":{"rendered":"<p>In questi ultimi giorni ero in ferie e non ho scritto granch\u00e9 ma l&#8217;altro giorno, mentre passeggiavo intorno al lago di Resia, pensavo che una delle cose pi\u00f9 tristi dei caotici tempi politici che stiamo vivendo \u00e8 il modo col quale, in reazione a questa o quella uscita dei\u00a0<em>5Stelle<\/em>, l&#8217;opinione pubblica di sinistra, per reazione contraria, abbandona al nemico senza colpo ferire interi territori che un tempo presidiava accuratamente, con una chiarezza di visione degna dello <em>yak<\/em> addormentato che ho incontrato sopra Resia.<\/p>\n<p><a href=\"https:\/\/i0.wp.com\/www.robertosedda.it\/wp-content\/uploads\/2018\/08\/IMG_20180811_122019.jpg\"><img data-attachment-id=\"15585\" data-permalink=\"http:\/\/www.robertosedda.it\/?attachment_id=15585\" data-orig-file=\"https:\/\/i0.wp.com\/www.robertosedda.it\/wp-content\/uploads\/2018\/08\/IMG_20180811_122019.jpg?fit=3968%2C1562\" data-orig-size=\"3968,1562\" data-comments-opened=\"1\" data-image-meta=\"{&quot;aperture&quot;:&quot;2.2&quot;,&quot;credit&quot;:&quot;&quot;,&quot;camera&quot;:&quot;STF-L09&quot;,&quot;caption&quot;:&quot;cof&quot;,&quot;created_timestamp&quot;:&quot;1533990020&quot;,&quot;copyright&quot;:&quot;&quot;,&quot;focal_length&quot;:&quot;3.95&quot;,&quot;iso&quot;:&quot;50&quot;,&quot;shutter_speed&quot;:&quot;0.001086&quot;,&quot;title&quot;:&quot;cof&quot;,&quot;orientation&quot;:&quot;0&quot;}\" data-image-title=\"\" data-image-description=\"\" data-image-caption=\"\" data-medium-file=\"https:\/\/i0.wp.com\/www.robertosedda.it\/wp-content\/uploads\/2018\/08\/IMG_20180811_122019.jpg?fit=300%2C118\" data-large-file=\"https:\/\/i0.wp.com\/www.robertosedda.it\/wp-content\/uploads\/2018\/08\/IMG_20180811_122019.jpg?fit=510%2C201\" decoding=\"async\" loading=\"lazy\" class=\"wp-image-15585 size-full\" src=\"https:\/\/i0.wp.com\/www.robertosedda.it\/wp-content\/uploads\/2018\/08\/IMG_20180811_122019.jpg?resize=800%2C315\" alt=\"\" width=\"800\" height=\"315\" srcset=\"https:\/\/i0.wp.com\/www.robertosedda.it\/wp-content\/uploads\/2018\/08\/IMG_20180811_122019.jpg?w=3968 3968w, https:\/\/i0.wp.com\/www.robertosedda.it\/wp-content\/uploads\/2018\/08\/IMG_20180811_122019.jpg?resize=150%2C59 150w, https:\/\/i0.wp.com\/www.robertosedda.it\/wp-content\/uploads\/2018\/08\/IMG_20180811_122019.jpg?resize=300%2C118 300w, https:\/\/i0.wp.com\/www.robertosedda.it\/wp-content\/uploads\/2018\/08\/IMG_20180811_122019.jpg?resize=510%2C201 510w, https:\/\/i0.wp.com\/www.robertosedda.it\/wp-content\/uploads\/2018\/08\/IMG_20180811_122019.jpg?resize=700%2C276 700w, https:\/\/i0.wp.com\/www.robertosedda.it\/wp-content\/uploads\/2018\/08\/IMG_20180811_122019.jpg?w=1600 1600w, https:\/\/i0.wp.com\/www.robertosedda.it\/wp-content\/uploads\/2018\/08\/IMG_20180811_122019.jpg?w=2400 2400w\" sizes=\"(max-width: 800px) 100vw, 800px\" data-recalc-dims=\"1\" \/><\/a><\/p>\n<p>Basta una intervista di Casaleggio sui meccanismi rappresentativi perch\u00e9 improvvisamente tutte le dinamiche di democrazia partecipativa, che erano (e dovrebbero continuare a essere) patrimonio della sinistra e fiore all&#8217;occhiello di tante amministrazioni di sinistra, diventino anatema ed espressione di populismo.<\/p>\n<p>Un video (peraltro delirante) di Di Battista dall&#8217;America ed ecco che l&#8217;espressione\u00a0<em>pensiero unico<\/em>, che per anni abbiamo usato tutti quanti per indicare il predominio pervasivo del neoliberismo, diventa oggetto di derisione come se fosse complottismo di bassa lega.<\/p>\n<p>Una uscita infelice sul <em>Sardex<\/em> della sindaca Raggi e tutta la gente che da anni lavora &#8211; e sono tutti di sinistra &#8211; sulle monete complementari e i circuiti di economia alternativa diventa il <em>nemico<\/em>\u00a0(nonch\u00e9, come al solito, oggetto di derisione).<\/p>\n<p>Di Maio mette in decreto limitazioni all&#8217;apertura dei negozi nelle giornate festive? Segue levata di scudi, ignorando che si tratta della richiesta di una campagna che riunisce a livello internazionale, da anni, sindacati e altre organizzazioni di sinistra.<\/p>\n<p>Potrei fare mille altri esempi e non entro neppure nel dibattito di questi giorni sul crollo del ponte Morandi, che pure offrirebbe un&#8217;ampia casistica di capovolgimenti di fronte sino a poco tempo fa impensabili, a favore delle privatizzazioni, di aziende da anni criticate, delle grandi opere, del consumo di suolo.<\/p>\n<p>Intendiamoci: non si tratta di essere d&#8217;accordo coi grillini; in tutti questi casi o quasi, infatti, non hanno ragione e parlano a sproposito. Ma il problema \u00e8 che l&#8217;opposizione\u00a0\u00e8 istintiva, di pancia &#8211; diciamolo, vivaddio:\u00a0<em>populista<\/em> &#8211; e sui\u00a0<em>principi<\/em>: non \u00e8 che si discute se il decreto \u00e8 fatto bene o male, si dice che \u00e8\u00a0<em>giusto<\/em> che i negozi siano aperti <em>sempre<\/em>, senza la minima nozione di diritti dei lavoratori tutelati di pi\u00f9 o di meno, di condizioni e orari di lavoro, di tutela del tessuto sociale, di rapporti di forza fra grandi e piccoli distributori; preoccuparsi di queste cose sarebbe di sinistra (e indicherebbe un pensiero volto alla gestione della complessit\u00e0), essere acriticamente per l&#8217;apertura indiscriminata \u00e8 una posizione liberista, cio\u00e8 &#8211; diciamolo, vivaddio &#8211; di destra, ed \u00e8 indizio di una tendenza alla semplificazione della complessit\u00e0, che porta sempre, sempre, sempre, a un pensiero <em>autoritario<\/em>. Dice: autoritario \u00e8 Salvini. Esatto: il problema \u00e8 che non si dovrebbe combattere l&#8217;autoritarismo con l&#8217;autoritarismo, altrimenti l&#8217;alternativa \u00e8 semplicemente fra due destre diverse.<\/p>\n<p>Certo, questa indignazione di pancia \u00e8 guidata da campagne comunicative ben precise orientate da\u00a0<em>leadership<\/em>\u00a0della (presunta) sinistra che sono, volta a volta, ignoranti, strumentali o semplicemente si rivelano, come si era sempre sospettato, appiattite su un pensiero di destra, ma quello che fa paura non \u00e8 tanto questo &#8211; che \u00e8 gi\u00e0 iscritto nella consapevolezza della sconfitta epocale di marzo, che\u00a0<em>leadership<\/em> non ignoranti, non manipolatorie e non appiattite su un pensiero di destra non avrebbero causato in quei termini &#8211; ma l&#8217;istintivit\u00e0 con la quale reagisce la\u00a0<em>base<\/em>, certe volte davvero con la bava alla bocca, che appena quelli aprono bocca gi\u00e0 si sta schierando dall&#8217;altra parte, inconscia che spesso\u00a0l&#8217;altra parte \u00e8 davvero <em>cattiva<\/em>. Persone che da sempre sono state serenamente di sinistra, addirittura militanti (cosa che io, per esempio, in realt\u00e0 non sono stato mai), che in un attimo abbandonano posizioni consolidate, esperienze di valore, interi settori sociali.<\/p>\n<p>A luglio ho assistito a una riunione di persone che si ritengono storicamente di sinistra che osservavano, un po&#8217; sgomente, come molte analisi della situazione attuale fossero gi\u00e0 sul tavolo ai tempi del movimento\u00a0<em>no global<\/em> &#8211; che era sicuramente di sinistra &#8211; e di come tante di quelle analisi e di quelle parole siano state sottratte, negli anni, dalla destra, fino a farsene oggi bandiera. \u00c8 vero, e la responsabilit\u00e0 \u00e8 sicuramente delle\u00a0<em>leadership<\/em> citate: ma resterebbe a sinistra un patrimonio di analisi, esperienze, valori, pratiche di innovazione sociale che andrebbe tutelato, e che invece ripiegamenti come quelli che avvengono in questi giorni depauperano velocemente e irresistibilmente, rischiando di consegnare alla destra praterie sterminate che in questo momento, in realt\u00e0, non avrebbe.<\/p>\n","protected":false},"excerpt":{"rendered":"<p>In questi ultimi giorni ero in ferie e non ho scritto granch\u00e9 ma l&#8217;altro giorno, mentre passeggiavo intorno al lago<\/p>\n","protected":false},"author":1,"featured_media":15585,"comment_status":"open","ping_status":"open","sticky":false,"template":"","format":"standard","meta":{"_mi_skip_tracking":false,"_monsterinsights_sitenote_active":false,"_monsterinsights_sitenote_note":"","_monsterinsights_sitenote_category":0,"jetpack_post_was_ever_published":false,"_jetpack_newsletter_access":"","jetpack_publicize_message":"","jetpack_is_tweetstorm":false,"jetpack_publicize_feature_enabled":true,"jetpack_social_post_already_shared":true,"jetpack_social_options":{"image_generator_settings":{"template":"highway","enabled":false}}},"categories":[52,57,17,59,16],"tags":[],"jetpack_publicize_connections":[],"jetpack_featured_media_url":"https:\/\/i0.wp.com\/www.robertosedda.it\/wp-content\/uploads\/2018\/08\/IMG_20180811_122019.jpg?fit=3968%2C1562","jetpack_sharing_enabled":true,"jetpack_shortlink":"https:\/\/wp.me\/p4jV2T-43m","jetpack_likes_enabled":true,"jetpack-related-posts":[{"id":19306,"url":"http:\/\/www.robertosedda.it\/?p=19306","url_meta":{"origin":15584,"position":0},"title":"Il problema di non farsi arruolare","author":"Rufus","date":"29\/03\/2022","format":false,"excerpt":"Schismogenesi, chi era costei? Qualche mese fa mi \u00e8 passato sotto gli occhi un articolo di Cory Doctorow intitolato Schizmogenesis. La parola ha la stessa radice di scisma ma devo dire, cialtrone che sono, che io invece credevo che fosse imparentata con schizofrenia. Cio\u00e8, certo che lo \u00e8, ma siccome\u2026","rel":"","context":"In &quot;Coordinate&quot;","block_context":{"text":"Coordinate","link":"http:\/\/www.robertosedda.it\/?cat=52"},"img":{"alt_text":"","src":"https:\/\/i0.wp.com\/www.robertosedda.it\/wp-content\/uploads\/2022\/03\/Lalba-di-tutto.jpg?fit=536%2C850&resize=350%2C200","width":350,"height":200},"classes":[]},{"id":15560,"url":"http:\/\/www.robertosedda.it\/?p=15560","url_meta":{"origin":15584,"position":1},"title":"Segnalazioni: il blog di Carlo Galli","author":"Rufus","date":"03\/08\/2018","format":false,"excerpt":"Ho scoperto per caso il\u00a0blog di un ex parlamentare del PD (e poi di altre formazioni di sinistra) e, soprattutto, docente universitario e politologo che si chiama Carlo Galli. Il blog \u00e8 interessante, ma soprattutto volevo segnalare una coppia di articoli recenti che si muovono sul crinale difficilissimo di ricerca\u2026","rel":"","context":"In &quot;Coordinate&quot;","block_context":{"text":"Coordinate","link":"http:\/\/www.robertosedda.it\/?cat=52"},"img":{"alt_text":"","src":"https:\/\/i0.wp.com\/www.robertosedda.it\/wp-content\/uploads\/2018\/08\/Carlo-Galli.jpg?fit=980%2C576&resize=350%2C200","width":350,"height":200,"srcset":"https:\/\/i0.wp.com\/www.robertosedda.it\/wp-content\/uploads\/2018\/08\/Carlo-Galli.jpg?fit=980%2C576&resize=350%2C200 1x, https:\/\/i0.wp.com\/www.robertosedda.it\/wp-content\/uploads\/2018\/08\/Carlo-Galli.jpg?fit=980%2C576&resize=700%2C400 2x"},"classes":[]},{"id":15381,"url":"http:\/\/www.robertosedda.it\/?p=15381","url_meta":{"origin":15584,"position":2},"title":"Sentimenti e scarti di produzione","author":"Rufus","date":"21\/06\/2018","format":false,"excerpt":"Ho condiviso ieri un post su Facebook di Simone Regazzoni, direttore editoriale de\u00a0Il Melangolo, a proposito della strategia comunicativa di Salvini; quando l'ho fatto ero influenzato da un post analogo di Andrea Zhok (curiosamente, un altro filosofo). Non sono sicurissimo, in realt\u00e0, di condividere le posizioni generali dei due autori\u2026","rel":"","context":"In &quot;Coordinate&quot;","block_context":{"text":"Coordinate","link":"http:\/\/www.robertosedda.it\/?cat=52"},"img":{"alt_text":"","src":"https:\/\/i0.wp.com\/www.robertosedda.it\/wp-content\/uploads\/2018\/06\/Salvini-1.jpg?fit=619%2C427&resize=350%2C200","width":350,"height":200},"classes":[]},{"id":16367,"url":"http:\/\/www.robertosedda.it\/?p=16367","url_meta":{"origin":15584,"position":3},"title":"Tempi e segnali","author":"Rufus","date":"19\/03\/2019","format":false,"excerpt":"Vedo che la strage di Christchurch ha fatto aguzzare le orecchie a chi fa parte, in un modo o nell'altro, dell'ambiente ludico, e non avrebbe potuto essere altrimenti. Tutte le stragi fanno impressione a chi abbia un minimo di umanit\u00e0, ma qui erano evidenti tutta una serie di simbolismi che\u2026","rel":"","context":"In &quot;Coordinate&quot;","block_context":{"text":"Coordinate","link":"http:\/\/www.robertosedda.it\/?cat=52"},"img":{"alt_text":"","src":"https:\/\/i0.wp.com\/www.robertosedda.it\/wp-content\/uploads\/2019\/03\/Mantellini.jpg?fit=1176%2C338&resize=350%2C200","width":350,"height":200,"srcset":"https:\/\/i0.wp.com\/www.robertosedda.it\/wp-content\/uploads\/2019\/03\/Mantellini.jpg?fit=1176%2C338&resize=350%2C200 1x, https:\/\/i0.wp.com\/www.robertosedda.it\/wp-content\/uploads\/2019\/03\/Mantellini.jpg?fit=1176%2C338&resize=700%2C400 2x, https:\/\/i0.wp.com\/www.robertosedda.it\/wp-content\/uploads\/2019\/03\/Mantellini.jpg?fit=1176%2C338&resize=1050%2C600 3x"},"classes":[]},{"id":16250,"url":"http:\/\/www.robertosedda.it\/?p=16250","url_meta":{"origin":15584,"position":4},"title":"Non passa pi\u00f9","author":"Rufus","date":"11\/02\/2019","format":false,"excerpt":"Trovo nella buona intervista di Zerocalcare a Sapiens: Quando hai pubblicato un manifesto per un\u2019iniziativa No Tav, per\u00f2, in molti hanno avuto una reazione negativa.\u00abVenduto ai No Tav\u00bb, mi hanno detto. Ho fatto il giro di tutti i profili e ho risposto a uno a uno: 50 persone a cui\u2026","rel":"","context":"In &quot;Segnalazioni&quot;","block_context":{"text":"Segnalazioni","link":"http:\/\/www.robertosedda.it\/?cat=95"},"img":{"alt_text":"","src":"https:\/\/i0.wp.com\/www.robertosedda.it\/wp-content\/uploads\/2019\/02\/Calcare.jpg?fit=806%2C700&resize=350%2C200","width":350,"height":200,"srcset":"https:\/\/i0.wp.com\/www.robertosedda.it\/wp-content\/uploads\/2019\/02\/Calcare.jpg?fit=806%2C700&resize=350%2C200 1x, https:\/\/i0.wp.com\/www.robertosedda.it\/wp-content\/uploads\/2019\/02\/Calcare.jpg?fit=806%2C700&resize=700%2C400 2x"},"classes":[]},{"id":12160,"url":"http:\/\/www.robertosedda.it\/?p=12160","url_meta":{"origin":15584,"position":5},"title":"Parlare della Brexit da sinistra","author":"Rufus","date":"28\/06\/2016","format":false,"excerpt":"L'articolo che segue l'ho scritto per il\u00a0blog\u00a0di Cagliari Citt\u00e0 Capitale in preparazione a un seminario che ho proposto di fare sulla\u00a0Brexit\u00a0ed \u00e8 pertanto un po' diverso dal mio modo solito di scrivere, perch\u00e9 ha l'obiettivo di elencare letture consigliate in vista del lavoro seminariale (se ne potevano elencare altre millanta,\u2026","rel":"","context":"In &quot;Coordinate&quot;","block_context":{"text":"Coordinate","link":"http:\/\/www.robertosedda.it\/?cat=52"},"img":{"alt_text":"","src":"https:\/\/i0.wp.com\/www.robertosedda.it\/wp-content\/uploads\/2016\/06\/Cagliari-citt\u00e0-capitale.jpg?fit=850%2C315&resize=350%2C200","width":350,"height":200,"srcset":"https:\/\/i0.wp.com\/www.robertosedda.it\/wp-content\/uploads\/2016\/06\/Cagliari-citt\u00e0-capitale.jpg?fit=850%2C315&resize=350%2C200 1x, https:\/\/i0.wp.com\/www.robertosedda.it\/wp-content\/uploads\/2016\/06\/Cagliari-citt\u00e0-capitale.jpg?fit=850%2C315&resize=700%2C400 2x"},"classes":[]}],"_links":{"self":[{"href":"http:\/\/www.robertosedda.it\/index.php?rest_route=\/wp\/v2\/posts\/15584"}],"collection":[{"href":"http:\/\/www.robertosedda.it\/index.php?rest_route=\/wp\/v2\/posts"}],"about":[{"href":"http:\/\/www.robertosedda.it\/index.php?rest_route=\/wp\/v2\/types\/post"}],"author":[{"embeddable":true,"href":"http:\/\/www.robertosedda.it\/index.php?rest_route=\/wp\/v2\/users\/1"}],"replies":[{"embeddable":true,"href":"http:\/\/www.robertosedda.it\/index.php?rest_route=%2Fwp%2Fv2%2Fcomments&post=15584"}],"version-history":[{"count":4,"href":"http:\/\/www.robertosedda.it\/index.php?rest_route=\/wp\/v2\/posts\/15584\/revisions"}],"predecessor-version":[{"id":15836,"href":"http:\/\/www.robertosedda.it\/index.php?rest_route=\/wp\/v2\/posts\/15584\/revisions\/15836"}],"wp:featuredmedia":[{"embeddable":true,"href":"http:\/\/www.robertosedda.it\/index.php?rest_route=\/wp\/v2\/media\/15585"}],"wp:attachment":[{"href":"http:\/\/www.robertosedda.it\/index.php?rest_route=%2Fwp%2Fv2%2Fmedia&parent=15584"}],"wp:term":[{"taxonomy":"category","embeddable":true,"href":"http:\/\/www.robertosedda.it\/index.php?rest_route=%2Fwp%2Fv2%2Fcategories&post=15584"},{"taxonomy":"post_tag","embeddable":true,"href":"http:\/\/www.robertosedda.it\/index.php?rest_route=%2Fwp%2Fv2%2Ftags&post=15584"}],"curies":[{"name":"wp","href":"https:\/\/api.w.org\/{rel}","templated":true}]}}