{"id":15560,"date":"2018-08-03T10:34:25","date_gmt":"2018-08-03T08:34:25","guid":{"rendered":"http:\/\/www.robertosedda.it\/?p=15560"},"modified":"2022-08-04T11:33:07","modified_gmt":"2022-08-04T09:33:07","slug":"segnalazioni-il-blog-di-carlo-galli","status":"publish","type":"post","link":"http:\/\/www.robertosedda.it\/?p=15560","title":{"rendered":"Segnalazioni: il blog di Carlo Galli"},"content":{"rendered":"<p>Ho scoperto per caso il\u00a0<em>blog<\/em> di un ex parlamentare del <em>PD<\/em> (e poi di altre formazioni di sinistra) e, soprattutto, docente universitario e politologo che si chiama Carlo Galli.<\/p>\n<p><a href=\"https:\/\/i0.wp.com\/www.robertosedda.it\/wp-content\/uploads\/2018\/08\/Carlo-Galli.jpg\"><img data-attachment-id=\"15561\" data-permalink=\"http:\/\/www.robertosedda.it\/?attachment_id=15561\" data-orig-file=\"https:\/\/i0.wp.com\/www.robertosedda.it\/wp-content\/uploads\/2018\/08\/Carlo-Galli.jpg?fit=980%2C576\" data-orig-size=\"980,576\" data-comments-opened=\"1\" data-image-meta=\"{&quot;aperture&quot;:&quot;0&quot;,&quot;credit&quot;:&quot;&quot;,&quot;camera&quot;:&quot;&quot;,&quot;caption&quot;:&quot;&quot;,&quot;created_timestamp&quot;:&quot;0&quot;,&quot;copyright&quot;:&quot;&quot;,&quot;focal_length&quot;:&quot;0&quot;,&quot;iso&quot;:&quot;0&quot;,&quot;shutter_speed&quot;:&quot;0&quot;,&quot;title&quot;:&quot;&quot;,&quot;orientation&quot;:&quot;0&quot;}\" data-image-title=\"Carlo Galli\" data-image-description=\"\" data-image-caption=\"\" data-medium-file=\"https:\/\/i0.wp.com\/www.robertosedda.it\/wp-content\/uploads\/2018\/08\/Carlo-Galli.jpg?fit=300%2C176\" data-large-file=\"https:\/\/i0.wp.com\/www.robertosedda.it\/wp-content\/uploads\/2018\/08\/Carlo-Galli.jpg?fit=510%2C300\" decoding=\"async\" loading=\"lazy\" class=\"aligncenter size-full wp-image-15561\" src=\"https:\/\/i0.wp.com\/www.robertosedda.it\/wp-content\/uploads\/2018\/08\/Carlo-Galli.jpg?resize=800%2C470\" alt=\"\" width=\"800\" height=\"470\" srcset=\"https:\/\/i0.wp.com\/www.robertosedda.it\/wp-content\/uploads\/2018\/08\/Carlo-Galli.jpg?w=980 980w, https:\/\/i0.wp.com\/www.robertosedda.it\/wp-content\/uploads\/2018\/08\/Carlo-Galli.jpg?resize=150%2C88 150w, https:\/\/i0.wp.com\/www.robertosedda.it\/wp-content\/uploads\/2018\/08\/Carlo-Galli.jpg?resize=300%2C176 300w, https:\/\/i0.wp.com\/www.robertosedda.it\/wp-content\/uploads\/2018\/08\/Carlo-Galli.jpg?resize=510%2C300 510w, https:\/\/i0.wp.com\/www.robertosedda.it\/wp-content\/uploads\/2018\/08\/Carlo-Galli.jpg?resize=700%2C411 700w\" sizes=\"(max-width: 800px) 100vw, 800px\" data-recalc-dims=\"1\" \/><\/a>Il <a href=\"https:\/\/ragionipolitiche.wordpress.com\/\"><em>blog<\/em><\/a> \u00e8 interessante, ma soprattutto volevo segnalare una coppia di articoli recenti che si muovono sul crinale difficilissimo di ricerca di una via per la sinistra che non sia n\u00e9 di mera riproposizione di schemi ormai superati n\u00e9 di appiattimento sul neoliberismo imperante:<\/p>\n<blockquote><p>In campo, duramente contrapposte ma complementari, ci sono\u00a0<em>establishment<\/em>\u00a0e anti-<em>establishment<\/em>: due destre, una economica (a cui \u00e8 di fatto alleata la ex-sinistra\u00a0<em>liberal<\/em>) e l\u2019altra politica, l\u2019una moderata e l\u2019altra estrema. Lo spazio della sinistra non \u00e8 accostarsi ai moderati, n\u00e9 mimare gli estremisti di destra, ma praticare la profondit\u00e0, la radicalit\u00e0 dell\u2019analisi; il suo compito \u00e8 dimostrare che il\u00a0<em>cleavage<\/em>\u00a0destra\/sinistra esiste ancora, ma \u00e8 nascosto, e complesso. E che per il bene di tutti lo si deve fare riaffiorare.<\/p><\/blockquote>\n<p>\u00c8 un crinale piuttosto difficile perch\u00e9 il rischio \u00e8 quello di farsi omologare dalle posizioni di destra, assumendone concetti e visioni del mondo; la citazione di cui sopra \u00e8 tratta dal primo degli articoli che volevo segnalarvi, <a href=\"https:\/\/ragionipolitiche.wordpress.com\/2018\/06\/29\/sulla-sinistra-rossobruna\/\"><em>Sulla sinistra rosso-bruna <\/em><\/a>(ricordo che storicamente <em>rossobrune<\/em> erano le SA di Hitler, a cui si accreditava un disegno rivoluzionario socialista &#8211; cio\u00e8 rosso &#8211; come seconda fase del nazismo &#8211; avevano infatti le camicie brune; quindi i rossobruni sarebbero comunisti di destra, o nazisti di sinistra). L&#8217;articolo cerca di mostrare &#8211; in maniera secondo me convincente &#8211; che si possono avanzare critiche sociali e indicare soluzioni politiche di un certo tipo senza essere <em>rossobruni<\/em>, ma con lo scopo di battere le destre da sinistra sul campo che loro stesse si sono scelte. Ho detto <em>convincente<\/em>, il che non vuol dire che non sia\u00a0<em>difficile<\/em>, e infatti talvolta nei due articoli il linguaggio stesso tradisce Galli, che ha bisogno di una lettura attenta, altrimenti istintivamente sembra un compagno che sbaglia\u00a0 &#8211; tra l&#8217;altro vedo che, non a caso, l&#8217;articolo sui\u00a0<em>rossobruni<\/em> \u00e8 stato rilanciato da siti e pagine <em>Facebook<\/em> che proprio di sinistra non sono: si vede che anche l\u00ec la lettura \u00e8 stata superficiale.<\/p>\n<blockquote><p>In questo contesto, i sovranisti di sinistra (che non si possono definire \u201crosso-bruni\u201d, che vuol dire \u201cnazi-comunisti\u201d \u2013 ed \u00e8 un po\u2019 troppo \u2013) cercano di recuperare il tempo e lo spazio perduti dalle sinistre\u00a0<em>liberal<\/em>\u00a0e globaliste. Cercano insomma di sottrarre la protesta sociale alle destre, e tornano cos\u00ec allo Stato, nella consapevolezza che senza rimettere le mani su questo e sulla sovranit\u00e0 \u2013 che \u00e8 un concetto democratico, presente nella nostra Costituzione, e che di per s\u00e9 non implica per nulla xenofobia e autoritarismo \u2013 non ci si pu\u00f2 aspettare alcuna soluzione dei nostri problemi, che non verr\u00e0 certo da quelle potenze sovranazionali che li hanno creati (naturalmente, esistono forti responsabilit\u00e0 anche interne del nostro Paese, che andranno affrontate). Ovviamente \u00e8 una strategia rischiosa, non garantita, forse anti-storica (ma lo Stato, in ogni caso, \u00e8 ancora il protagonista della politica mondiale); e, altrettanto ovviamente, facendo ci\u00f2 le sinistre sovraniste sposano, entro certi limiti, gli argomenti della destra, e ne condividono i nemici (la sinistra moderata \u2013 mondialista e europeista \u2013, e il capitale globale). Ma se la sinistra sovranista sa fare il proprio mestiere riesce a distaccarsi chiaramente dalla destra politica perch\u00e9 \u00e8 in grado di dimostrare che questa d\u00e0 a problemi veri risposte parziali, illusorie e superficiali: la destra va sfidata non sui migranti, ma sulle politiche del lavoro; non sui vitalizi, ma sulla critica della forma attuale del capitalismo; non sull\u2019euro, ma sulla capacit\u00e0 del Paese di non essere l\u2019ultima ruota del traballante carro europeo; non sul nazionalismo, ma su un\u2019idea non gerarchica di Europa. La sinistra sovranista \u2013 che \u00e8 meglio definire radicale \u2013 ha il compito di dimostrare che destre e populismi sono l\u2019altra faccia del neoliberismo e della globalizzazione che dicono di combattere; che sono apparentemente alternativi ma che in realt\u00e0 ne sono subalterni.<\/p><\/blockquote>\n<p>Il secondo articolo che volevo segnalare, e che \u00e8 di peso maggiore, si intitola\u00a0<a href=\"https:\/\/ragionipolitiche.wordpress.com\/2018\/07\/26\/la-guerra-delle-parole\/\"><em>La guerra delle parole<\/em><\/a> e analizza la reazione alla vittoria e alle prime azioni del governo <em>Lega<\/em>&#8211;<em>M5S<\/em>. Ci sono un paio di passaggi deboli &#8211; si deve dubitare di tutti i testi che contengono la parola\u00a0<em>ordoliberismo<\/em>\u00a0&#8211; e credo che sul nazionalismo Galli sia troppo sbrigativo, ma l&#8217;articolo \u00e8 molto interessante in questo momento nel quale l&#8217;adesione emotiva a campagne mediatiche <a href=\"http:\/\/www.robertosedda.it\/?p=15434\">volte a dipingere un paese nel quale razzismo e fascismo sono fuori controllo<\/a> finisce per portare a <a href=\"https:\/\/torino.corriere.it\/cronaca\/18_agosto_02\/moncalieri-identificati-lanciatori-uova-che-hanno-ferito-daisy-osakue-07a36434-966e-11e8-8193-b4632fd4d653.shtml\">disastri comunicativi e politici<\/a>, come insegnano le vicende di questi ultimi giorni, ma non solo.<\/p>\n<blockquote><p>Le\u00a0<em>\u00e9lites<\/em>\u00a0finanziario-mediatiche, un tempo portatrici del consenso\u00a0<em>mainstream,\u00a0<\/em>proseguono da parte loro la lotta con i loro tipici mezzi politici indiretti, nella speranza di delegittimare i vincitori e il popolo che li ha votati, in vista di riconquistare il potere grazie ai fallimenti del governo. Gli strumenti di questa lotta sono linguistico-culturali e vanno dal suscitare e coltivare la pubblica emotivit\u00e0 sul tema dei migranti ad alcuni usi linguistici che i media\u00a0<em>mainstream<\/em>\u00a0non hanno inventato ma che rilanciano ossessivamente.<\/p><\/blockquote>\n<p>La descrizione delle meccaniche della lotta politica che si svolge in questo momento e delle sue determinati ideologiche \u00e8 il punto forte dell&#8217;articolo, che crea una\u00a0<em>rassegna<\/em> di posizioni e di stili di comunicazione utile per orientarsi e anche per demistificare molte delle narrazioni che ci vengono proposte. Ci\u00f2 non toglie che\u00a0<em>La guerra delle parole<\/em> non sia un articolo <em>facile<\/em>, per i motivi gi\u00e0 detti\u00a0 e anche perch\u00e9 \u00e8 piuttosto lungo, ma \u00e8 una lettura importante che trovo, oltretutto, piuttosto unica (Galli \u00e8 comunque saldamente collocato a sinistra mentre in questo\u00a0<em>blog<\/em> ho gi\u00e0 segnalato, a proposito delle strategie comunicative di Salvini, un paio di autori che sono, probabilmente, realmente\u00a0<em>rossobruni<\/em> o comunque di destra).<\/p>\n<p>E, soprattutto, scrive un pezzo sull&#8217;ossessiva propaganda attuale che sarebbe\u00a0<em>comunque<\/em> da incorniciare, chiunque l&#8217;avesse scritto e all&#8217;interno di qualunque altro ragionamento:<\/p>\n<blockquote><p>Certo, le parole e la propaganda sono anch&#8217;esse parte della politica. Ma le parole fanno politica quando indicano a questa una direzione, un obiettivo: non quando sono il punzecchiamento pi\u00f9 o meno sdegnato, sempre e solo \u201creattivo\u201d, rispetto alle parole e alla politica altrui. Se \u00e8 cos\u00ec, il far guerra con le parole significa ripiegare, non saper fare nulla di politico, essere subalterni alle politiche e alla propaganda altrui.<\/p>\n<p>Chi vuole cambiare qualcosa, posto che sia possibile, non deve schierarsi dalla parte di una propaganda o di un\u2019altra. Al primo posto non viene la parola della propaganda, ma la parola dell\u2019analisi e della critica: a questa pu\u00f2 seguire l\u2019azione, accompagnata, a questo punto, dalla parola di una propaganda non parassitaria ma autonoma ed egemonica. L\u2019opposizione, se vorr\u00e0 esistere, dovr\u00e0 analizzare, criticare e parlare in proprio. Anzich\u00e9 forgiare una lingua di guerra all&#8217;interno della guerra delle lingue, deve costruirsi una lingua di verit\u00e0, di realismo, di radicalismo non parolaio, di radicamento sociale, che spiazzi e trascenda il discorso politico corrente.<\/p>\n<p>\u00abPolitica\u00bb implica insomma che con le parole si afferrino le cose, le strutture, i processi, i soggetti. La politica \u00e8 l\u2019attivit\u00e0 di chi non si limita a opporre propaganda a propaganda ma di chi si chiede come si possa \u00abmettere la mani negli ingranaggi della storia\u00bb, col pensiero e con l\u2019azione, senza limitarsi ad aspettare gli errori altrui \u2013 del resto, se il quadro politico-economico si sfascia, chi ne trarr\u00e0 vantaggio difficilmente saranno i vinti di oggi \u2013.<\/p><\/blockquote>\n","protected":false},"excerpt":{"rendered":"<p>Ho scoperto per caso il\u00a0blog di un ex parlamentare del PD (e poi di altre formazioni di sinistra) e, soprattutto,<\/p>\n","protected":false},"author":1,"featured_media":15561,"comment_status":"open","ping_status":"open","sticky":false,"template":"","format":"standard","meta":{"_mi_skip_tracking":false,"_monsterinsights_sitenote_active":false,"_monsterinsights_sitenote_note":"","_monsterinsights_sitenote_category":0,"jetpack_post_was_ever_published":false,"_jetpack_newsletter_access":"","jetpack_publicize_message":"","jetpack_is_tweetstorm":false,"jetpack_publicize_feature_enabled":true,"jetpack_social_post_already_shared":true,"jetpack_social_options":{"image_generator_settings":{"template":"highway","enabled":false}}},"categories":[52,57,59,95,16],"tags":[],"jetpack_publicize_connections":[],"jetpack_featured_media_url":"https:\/\/i0.wp.com\/www.robertosedda.it\/wp-content\/uploads\/2018\/08\/Carlo-Galli.jpg?fit=980%2C576","jetpack_sharing_enabled":true,"jetpack_shortlink":"https:\/\/wp.me\/p4jV2T-42Y","jetpack_likes_enabled":true,"jetpack-related-posts":[{"id":1513,"url":"http:\/\/www.robertosedda.it\/?p=1513","url_meta":{"origin":15560,"position":0},"title":"Giro (politico) di blog","author":"Rufus","date":"27\/11\/2012","format":false,"excerpt":"Solo una brevissima comunicazione di servizio per segnalarvi che oggi cambia il \"blog dell'amico\" evidenziato in prima pagina (e che, ricordo, non \u00e8 necessariamente un blog che seguo spesso, ma \u00e8 l'espressione di\u00a0qualcuno che, esclusivamente per stima personale, mi fa piacere pubblicizzare). Senza che questo abbia alcuna significanza politica, questa\u2026","rel":"","context":"In &quot;Coordinate&quot;","block_context":{"text":"Coordinate","link":"http:\/\/www.robertosedda.it\/?cat=52"},"img":{"alt_text":"","src":"","width":0,"height":0},"classes":[]},{"id":16172,"url":"http:\/\/www.robertosedda.it\/?p=16172","url_meta":{"origin":15560,"position":1},"title":"Quasi del tutto","author":"Rufus","date":"18\/01\/2019","format":false,"excerpt":"Mi sembra opportuno segnalare l'intervento di Baricco pubblicato sul suo blog su Medium, The catcher, come un contributo sulla situazione politica e sociale da parte di un intellettuale certamente non sospettabile di populismo che per\u00f2 scrive cose piuttosto indigeste all'establishment culturale e politico. Ci sono molti difetti - anche pregi,\u2026","rel":"","context":"In &quot;Coordinate&quot;","block_context":{"text":"Coordinate","link":"http:\/\/www.robertosedda.it\/?cat=52"},"img":{"alt_text":"","src":"https:\/\/i0.wp.com\/www.robertosedda.it\/wp-content\/uploads\/2019\/01\/Baricco.png?fit=1200%2C720&resize=350%2C200","width":350,"height":200,"srcset":"https:\/\/i0.wp.com\/www.robertosedda.it\/wp-content\/uploads\/2019\/01\/Baricco.png?fit=1200%2C720&resize=350%2C200 1x, https:\/\/i0.wp.com\/www.robertosedda.it\/wp-content\/uploads\/2019\/01\/Baricco.png?fit=1200%2C720&resize=700%2C400 2x, https:\/\/i0.wp.com\/www.robertosedda.it\/wp-content\/uploads\/2019\/01\/Baricco.png?fit=1200%2C720&resize=1050%2C600 3x"},"classes":[]},{"id":19043,"url":"http:\/\/www.robertosedda.it\/?p=19043","url_meta":{"origin":15560,"position":2},"title":"Insopportabilmente americano, ma&#8230;","author":"Rufus","date":"18\/01\/2022","format":false,"excerpt":"Quando sei malato e non riesci a guarire, allora entri in un'altra dimensione: sei un invalido.","rel":"","context":"In &quot;Coordinate&quot;","block_context":{"text":"Coordinate","link":"http:\/\/www.robertosedda.it\/?cat=52"},"img":{"alt_text":"","src":"https:\/\/i0.wp.com\/www.robertosedda.it\/wp-content\/uploads\/2017\/01\/The-well.jpeg?fit=225%2C225&resize=350%2C200","width":350,"height":200},"classes":[]},{"id":12160,"url":"http:\/\/www.robertosedda.it\/?p=12160","url_meta":{"origin":15560,"position":3},"title":"Parlare della Brexit da sinistra","author":"Rufus","date":"28\/06\/2016","format":false,"excerpt":"L'articolo che segue l'ho scritto per il\u00a0blog\u00a0di Cagliari Citt\u00e0 Capitale in preparazione a un seminario che ho proposto di fare sulla\u00a0Brexit\u00a0ed \u00e8 pertanto un po' diverso dal mio modo solito di scrivere, perch\u00e9 ha l'obiettivo di elencare letture consigliate in vista del lavoro seminariale (se ne potevano elencare altre millanta,\u2026","rel":"","context":"In &quot;Coordinate&quot;","block_context":{"text":"Coordinate","link":"http:\/\/www.robertosedda.it\/?cat=52"},"img":{"alt_text":"","src":"https:\/\/i0.wp.com\/www.robertosedda.it\/wp-content\/uploads\/2016\/06\/Cagliari-citt\u00e0-capitale.jpg?fit=850%2C315&resize=350%2C200","width":350,"height":200,"srcset":"https:\/\/i0.wp.com\/www.robertosedda.it\/wp-content\/uploads\/2016\/06\/Cagliari-citt\u00e0-capitale.jpg?fit=850%2C315&resize=350%2C200 1x, https:\/\/i0.wp.com\/www.robertosedda.it\/wp-content\/uploads\/2016\/06\/Cagliari-citt\u00e0-capitale.jpg?fit=850%2C315&resize=700%2C400 2x"},"classes":[]},{"id":19359,"url":"http:\/\/www.robertosedda.it\/?p=19359","url_meta":{"origin":15560,"position":4},"title":"Anarchici in conflitto","author":"Rufus","date":"25\/03\/2022","format":false,"excerpt":"Matrioska \u00e8 un piccolo sito, su posizioni politiche direi dichiaratamente di sinistra radicale, che si sforza di raccontare dall'interno la Russia e in generale il mondo slavo. Sul loro sito ho trovato, e mi sembra utile segnalare, una intervista fatta dal collettivo anarcofemminista spagnolo Moiras al KRAS, cio\u00e8 la sezione\u2026","rel":"","context":"In &quot;Coordinate&quot;","block_context":{"text":"Coordinate","link":"http:\/\/www.robertosedda.it\/?cat=52"},"img":{"alt_text":"","src":"https:\/\/i0.wp.com\/www.robertosedda.it\/wp-content\/uploads\/2022\/03\/KRAS-Ucraina.jpg?fit=1200%2C623&resize=350%2C200","width":350,"height":200,"srcset":"https:\/\/i0.wp.com\/www.robertosedda.it\/wp-content\/uploads\/2022\/03\/KRAS-Ucraina.jpg?fit=1200%2C623&resize=350%2C200 1x, https:\/\/i0.wp.com\/www.robertosedda.it\/wp-content\/uploads\/2022\/03\/KRAS-Ucraina.jpg?fit=1200%2C623&resize=700%2C400 2x, https:\/\/i0.wp.com\/www.robertosedda.it\/wp-content\/uploads\/2022\/03\/KRAS-Ucraina.jpg?fit=1200%2C623&resize=1050%2C600 3x"},"classes":[]},{"id":6491,"url":"http:\/\/www.robertosedda.it\/?p=6491","url_meta":{"origin":15560,"position":5},"title":"Mi espongo alla berlina: elezioni regionali","author":"Rufus","date":"18\/02\/2014","format":false,"excerpt":"Ai bei vecchi tempi di it.arti.cinema si usava il tag \"miespongoallaberlina\" per introdurre post in cui si lodavano film universalmente considerati brutti o si facevano altre cose estremamente imprudenti. Lo metto come titolo a questo articolo perch\u00e9 sto per fare una cosa che davvero non si dovrebbe fare: commentare i\u2026","rel":"","context":"In &quot;Coordinate&quot;","block_context":{"text":"Coordinate","link":"http:\/\/www.robertosedda.it\/?cat=52"},"img":{"alt_text":"","src":"https:\/\/i0.wp.com\/www.robertosedda.it\/wp-content\/uploads\/2014\/02\/Vittoria-Pigliaru.jpg?fit=960%2C637&resize=350%2C200","width":350,"height":200,"srcset":"https:\/\/i0.wp.com\/www.robertosedda.it\/wp-content\/uploads\/2014\/02\/Vittoria-Pigliaru.jpg?fit=960%2C637&resize=350%2C200 1x, https:\/\/i0.wp.com\/www.robertosedda.it\/wp-content\/uploads\/2014\/02\/Vittoria-Pigliaru.jpg?fit=960%2C637&resize=700%2C400 2x"},"classes":[]}],"_links":{"self":[{"href":"http:\/\/www.robertosedda.it\/index.php?rest_route=\/wp\/v2\/posts\/15560"}],"collection":[{"href":"http:\/\/www.robertosedda.it\/index.php?rest_route=\/wp\/v2\/posts"}],"about":[{"href":"http:\/\/www.robertosedda.it\/index.php?rest_route=\/wp\/v2\/types\/post"}],"author":[{"embeddable":true,"href":"http:\/\/www.robertosedda.it\/index.php?rest_route=\/wp\/v2\/users\/1"}],"replies":[{"embeddable":true,"href":"http:\/\/www.robertosedda.it\/index.php?rest_route=%2Fwp%2Fv2%2Fcomments&post=15560"}],"version-history":[{"count":2,"href":"http:\/\/www.robertosedda.it\/index.php?rest_route=\/wp\/v2\/posts\/15560\/revisions"}],"predecessor-version":[{"id":19893,"href":"http:\/\/www.robertosedda.it\/index.php?rest_route=\/wp\/v2\/posts\/15560\/revisions\/19893"}],"wp:featuredmedia":[{"embeddable":true,"href":"http:\/\/www.robertosedda.it\/index.php?rest_route=\/wp\/v2\/media\/15561"}],"wp:attachment":[{"href":"http:\/\/www.robertosedda.it\/index.php?rest_route=%2Fwp%2Fv2%2Fmedia&parent=15560"}],"wp:term":[{"taxonomy":"category","embeddable":true,"href":"http:\/\/www.robertosedda.it\/index.php?rest_route=%2Fwp%2Fv2%2Fcategories&post=15560"},{"taxonomy":"post_tag","embeddable":true,"href":"http:\/\/www.robertosedda.it\/index.php?rest_route=%2Fwp%2Fv2%2Ftags&post=15560"}],"curies":[{"name":"wp","href":"https:\/\/api.w.org\/{rel}","templated":true}]}}