{"id":15533,"date":"2018-07-31T17:43:30","date_gmt":"2018-07-31T15:43:30","guid":{"rendered":"http:\/\/www.robertosedda.it\/?p=15533"},"modified":"2018-08-21T17:35:50","modified_gmt":"2018-08-21T15:35:50","slug":"carico-di-vita-notturna","status":"publish","type":"post","link":"http:\/\/www.robertosedda.it\/?p=15533","title":{"rendered":"Carico di vita notturna"},"content":{"rendered":"<p>L&#8217;altra sera io e Bonaria siamo andati a passeggiare e poi a mangiarci una pizza veloce. Tornando siamo passati da piazza Repubblica, per prenderci un autobus. Erano pi\u00f9 o meno le dieci e all&#8217;angolo della piazza con via Grazia Deledda c&#8217;era una ragazza con un <em>trolley<\/em> piccolissimo e un cellulare in mano, con l&#8217;aria di una che aspetta qualcuno o che tenta di raccapezzarsi con <em>Google Maps<\/em>.<\/p>\n<p>Ora, la ragazza era sufficientemente bionda e sufficientemente dotata di valigia da poter passare da turista, e <a href=\"http:\/\/www.robertosedda.it\/?p=8278\">salvare gli stranieri<\/a> \u00e8 uno\u00a0<em>sport<\/em> che in famiglia si pratica frequentemente, per\u00f2 aveva l&#8217;aria di una che sa chi aspettare e quindi in grado di cavarsela da sola e insomma non l&#8217;abbiamo calcolata, per\u00f2 poco dopo ci ha raggiunto alla fermata per chiederci come poteva arrivare in una strada della Marina. Parlava un buon italiano, anche se accentato, ed era piena di affettazioni e manierismi, insomma era un po&#8217; strana.<\/p>\n<p>Da piazza Repubblica con l&#8217;autobus non \u00e8 difficile arrivare alla Marina, ma a quell&#8217;ora di sera per una ragazza bionda in canottiera rossa pu\u00f2 non essere una buona idea scendere al capolinea della Stazione e d&#8217;altra parte stare l\u00ec a spiegare il numero delle fermate e le traverse di via Roma da cercare non era cosa, quindi Bonaria mi ha sillabato silenziosamente: \u00abLa accompagniamo?\u00bb e io le ho fatto cenno di s\u00ec, perch\u00e9 lo stavo per proporre io: in fondo per noi voleva dire scendere tre fermate dopo e poi tornare indietro.<\/p>\n<p>Mentre aspettavamo l&#8217;autobus la ragazza, &#8211; tedesca, abbiamo scoperto &#8211; ci ha raccontato una strana storia di essere sbarcata ad Alghero, poi essere andata in un appartamento prenotato ad Oristano ma di non essersi trovata bene e avere deciso, a quel punto, di venirsene a Cagliari. Era tutto un po&#8217; strano e, devo dire, a un certo punto abbiamo pensato tutti e due che prima o poi ci avrebbe chiesto soldi o qualcosa, ma invece non \u00e8 successo. Abbiamo anche provato a suggerire\u00a0<em>b&amp;b <\/em>di nostra conoscenza o chiedere se conosceva qualcuno a Cagliari, ma lei era cos\u00ec, un po&#8217; strana ma anche molto decisa e apparentemente convinta di sapersela cavare &#8211; anche un po&#8217; tedesca che gli italiani sono barbari &#8211; e quindi alla fine l&#8217;abbiamo portata in questa sistemazione che si era trovata alla Marina: e l\u00ec ho avuto un altro piccolo sussulto perch\u00e9 era un posto che ho sempre considerato un po&#8217; equivoco (o per niente equivoco, nel senso di <em>tutto molto chiaro<\/em>), poi mi sono detto che in fondo un tempo ci avevano dormito un gruppo di architette democratiche di mia conoscenza senza che nessuno le instradasse alla tratta delle bianche, quindi l&#8217;abbiamo salutata e ce ne siamo andati.<\/p>\n<figure id=\"attachment_15540\" aria-describedby=\"caption-attachment-15540\" style=\"width: 640px\" class=\"wp-caption alignnone\"><a style=\"font-weight: bold;\" href=\"https:\/\/i0.wp.com\/www.robertosedda.it\/wp-content\/uploads\/2018\/07\/NIght-bus.jpg\"><img data-attachment-id=\"15540\" data-permalink=\"http:\/\/www.robertosedda.it\/?attachment_id=15540\" data-orig-file=\"https:\/\/i0.wp.com\/www.robertosedda.it\/wp-content\/uploads\/2018\/07\/NIght-bus.jpg?fit=640%2C394\" data-orig-size=\"640,394\" data-comments-opened=\"1\" data-image-meta=\"{&quot;aperture&quot;:&quot;0&quot;,&quot;credit&quot;:&quot;&quot;,&quot;camera&quot;:&quot;&quot;,&quot;caption&quot;:&quot;&quot;,&quot;created_timestamp&quot;:&quot;0&quot;,&quot;copyright&quot;:&quot;&quot;,&quot;focal_length&quot;:&quot;0&quot;,&quot;iso&quot;:&quot;0&quot;,&quot;shutter_speed&quot;:&quot;0&quot;,&quot;title&quot;:&quot;&quot;,&quot;orientation&quot;:&quot;0&quot;}\" data-image-title=\"NIght bus\" data-image-description=\"\" data-image-caption=\"&lt;p&gt;Bus notturno &#8211; Pete Scully&lt;\/p&gt;\n\" data-medium-file=\"https:\/\/i0.wp.com\/www.robertosedda.it\/wp-content\/uploads\/2018\/07\/NIght-bus.jpg?fit=300%2C185\" data-large-file=\"https:\/\/i0.wp.com\/www.robertosedda.it\/wp-content\/uploads\/2018\/07\/NIght-bus.jpg?fit=510%2C314\" decoding=\"async\" loading=\"lazy\" class=\"wp-image-15540 size-full\" src=\"https:\/\/i0.wp.com\/www.robertosedda.it\/wp-content\/uploads\/2018\/07\/NIght-bus.jpg?resize=640%2C394\" alt=\"\" width=\"640\" height=\"394\" srcset=\"https:\/\/i0.wp.com\/www.robertosedda.it\/wp-content\/uploads\/2018\/07\/NIght-bus.jpg?w=640 640w, https:\/\/i0.wp.com\/www.robertosedda.it\/wp-content\/uploads\/2018\/07\/NIght-bus.jpg?resize=150%2C92 150w, https:\/\/i0.wp.com\/www.robertosedda.it\/wp-content\/uploads\/2018\/07\/NIght-bus.jpg?resize=300%2C185 300w, https:\/\/i0.wp.com\/www.robertosedda.it\/wp-content\/uploads\/2018\/07\/NIght-bus.jpg?resize=510%2C314 510w, https:\/\/i0.wp.com\/www.robertosedda.it\/wp-content\/uploads\/2018\/07\/NIght-bus.jpg?resize=310%2C190 310w\" sizes=\"(max-width: 640px) 100vw, 640px\" data-recalc-dims=\"1\" \/><\/a><figcaption id=\"caption-attachment-15540\" class=\"wp-caption-text\">Bus notturno &#8211; <a href=\"https:\/\/petescully.com\/\">Pete Scully<\/a><\/figcaption><\/figure>\n<p>Per tornare abbiamo preso uno degli ultimi autobus in direzione Quartu. Era strapieno, soprattutto di venditori di colore che se ne tornavano chiss\u00e0 dove. Molti erano al cellulare, per la telefonata della notte; qualcuno si passava il telefono per far salutare amici e parenti. Uno dei pochi italiani, seduti, era completamente sbronzo: ha aperto giusto un occhio, ha guardato Maria Bonaria e ha biascicato: \u00abShi vuole shedere, shignora?\u00bb. Quando lei gli ha detto che tanto scendeva fra poco lui ha richiuso gli occhi e si \u00e8 riaddormentato, tutto storto sul bracciolo. Anche la ragazza in piedi dietro Bonaria era completamente fatta, e si teneva in equilibrio per miracolo, con lo sguardo scrupolosamente fisso nel vuoto. Quattro giovani, ragazzi e ragazze, sono rimasti tutto il tempo rigorosamente vicini all&#8217;autista, con due metri fra loro e tutto il resto dei passeggeri.<\/p>\n<p>Siamo scesi, accorgendoci all&#8217;aria notturna che l&#8217;autobus all&#8217;interno odorava, prima di tutto di vite non proprio facili. Per la seconda volta in pochi minuti nella stessa notte abbiamo visto allontanarsi vite delle quali non sapremo pi\u00f9 nulla.<\/p>\n","protected":false},"excerpt":{"rendered":"<p>L&#8217;altra sera io e Bonaria siamo andati a passeggiare e poi a mangiarci una pizza veloce. Tornando siamo passati da<\/p>\n","protected":false},"author":1,"featured_media":15540,"comment_status":"open","ping_status":"open","sticky":false,"template":"","format":"standard","meta":{"_mi_skip_tracking":false,"_monsterinsights_sitenote_active":false,"_monsterinsights_sitenote_note":"","_monsterinsights_sitenote_category":0,"jetpack_post_was_ever_published":false,"_jetpack_newsletter_access":"","jetpack_publicize_message":"","jetpack_is_tweetstorm":false,"jetpack_publicize_feature_enabled":true,"jetpack_social_post_already_shared":true,"jetpack_social_options":{"image_generator_settings":{"template":"highway","enabled":false}}},"categories":[52,56,18,61,16],"tags":[],"jetpack_publicize_connections":[],"jetpack_featured_media_url":"https:\/\/i0.wp.com\/www.robertosedda.it\/wp-content\/uploads\/2018\/07\/NIght-bus.jpg?fit=640%2C394","jetpack_sharing_enabled":true,"jetpack_shortlink":"https:\/\/wp.me\/p4jV2T-42x","jetpack_likes_enabled":true,"jetpack-related-posts":[{"id":14093,"url":"http:\/\/www.robertosedda.it\/?p=14093","url_meta":{"origin":15533,"position":0},"title":"Il destino del bravo ragazzo","author":"Rufus","date":"29\/08\/2017","format":"video","excerpt":"Incontro talvolta sull'8 una coppia di ragazzi sui diciotto anni. Lei \u00e8 piccoletta, carina e piuttosto peperuta: non bella, ma fisicamente molto aggressiva, anche nel vestire. Lui \u00e8 grassottello, pacioso, con la barbetta. Vestito da ragazzino perbene. Mi ricorda un orsacchiotto. Un po' soggetto, magari, ma sorridente. Quando li incontro\u2026","rel":"","context":"In &quot;Coordinate&quot;","block_context":{"text":"Coordinate","link":"http:\/\/www.robertosedda.it\/?cat=52"},"img":{"alt_text":"","src":"https:\/\/i0.wp.com\/www.robertosedda.it\/wp-content\/uploads\/2019\/04\/Bus-CTM.jpg?fit=1200%2C674&resize=350%2C200","width":350,"height":200,"srcset":"https:\/\/i0.wp.com\/www.robertosedda.it\/wp-content\/uploads\/2019\/04\/Bus-CTM.jpg?fit=1200%2C674&resize=350%2C200 1x, https:\/\/i0.wp.com\/www.robertosedda.it\/wp-content\/uploads\/2019\/04\/Bus-CTM.jpg?fit=1200%2C674&resize=700%2C400 2x, https:\/\/i0.wp.com\/www.robertosedda.it\/wp-content\/uploads\/2019\/04\/Bus-CTM.jpg?fit=1200%2C674&resize=1050%2C600 3x"},"classes":[]},{"id":20249,"url":"http:\/\/www.robertosedda.it\/?p=20249","url_meta":{"origin":15533,"position":1},"title":"Ombre notturne","author":"Rufus","date":"06\/07\/2023","format":false,"excerpt":"Avviso: questo \u00e8 un articolo molto sincero, e come tale potrebbe non piacere. Fine dell'avviso. L'altro giorno ho visto casualmente questo tweet: Ora, la mia reazione a queste cose, di solito, \u00e8 venata di scetticismo. Come la volta che per strada \u00e8 passata Melissa Satta e nel gruppo di maschi\u2026","rel":"","context":"In &quot;Coordinate&quot;","block_context":{"text":"Coordinate","link":"http:\/\/www.robertosedda.it\/?cat=52"},"img":{"alt_text":"","src":"https:\/\/i0.wp.com\/www.robertosedda.it\/wp-content\/uploads\/2023\/07\/IMG_20230629_225119-scaled.jpg?fit=1200%2C900&resize=350%2C200","width":350,"height":200,"srcset":"https:\/\/i0.wp.com\/www.robertosedda.it\/wp-content\/uploads\/2023\/07\/IMG_20230629_225119-scaled.jpg?fit=1200%2C900&resize=350%2C200 1x, https:\/\/i0.wp.com\/www.robertosedda.it\/wp-content\/uploads\/2023\/07\/IMG_20230629_225119-scaled.jpg?fit=1200%2C900&resize=700%2C400 2x, https:\/\/i0.wp.com\/www.robertosedda.it\/wp-content\/uploads\/2023\/07\/IMG_20230629_225119-scaled.jpg?fit=1200%2C900&resize=1050%2C600 3x"},"classes":[]},{"id":16637,"url":"http:\/\/www.robertosedda.it\/?p=16637","url_meta":{"origin":15533,"position":2},"title":"Di recente sul CTM","author":"Rufus","date":"30\/04\/2019","format":false,"excerpt":"Sordit\u00e0 L'altro giorno sull'autobus mi sono seduto sul primo posto che si trova appena saliti, dall'altro lato dell'autista, una specie di nicchia che considero confortevolissima e perfino dotata di una specie di piano laterale nel quale si pu\u00f2 poggiare la borsa. Quando sono salito l'autobus era mezzo vuoto ma subito\u2026","rel":"","context":"In &quot;Coordinate&quot;","block_context":{"text":"Coordinate","link":"http:\/\/www.robertosedda.it\/?cat=52"},"img":{"alt_text":"","src":"https:\/\/i0.wp.com\/www.robertosedda.it\/wp-content\/uploads\/2019\/04\/Bus-CTM.jpg?fit=1200%2C674&resize=350%2C200","width":350,"height":200,"srcset":"https:\/\/i0.wp.com\/www.robertosedda.it\/wp-content\/uploads\/2019\/04\/Bus-CTM.jpg?fit=1200%2C674&resize=350%2C200 1x, https:\/\/i0.wp.com\/www.robertosedda.it\/wp-content\/uploads\/2019\/04\/Bus-CTM.jpg?fit=1200%2C674&resize=700%2C400 2x, https:\/\/i0.wp.com\/www.robertosedda.it\/wp-content\/uploads\/2019\/04\/Bus-CTM.jpg?fit=1200%2C674&resize=1050%2C600 3x"},"classes":[]},{"id":15691,"url":"http:\/\/www.robertosedda.it\/?p=15691","url_meta":{"origin":15533,"position":3},"title":"Se dieci anni vi sembran pochi","author":"Rufus","date":"27\/09\/2018","format":false,"excerpt":"Mi ha fatto molta impressione, l'altro giorno, invitare un amico, studente universitario, all'incontro delle Scuole popolari di economia che si terr\u00e0 a Cagliari domani e dopo e rendermi conto che per la maggior parte della sua vita sociale cosciente, da adulto, ha convissuto con la crisi, che conta ormai dieci\u2026","rel":"","context":"In &quot;Banche e finanza&quot;","block_context":{"text":"Banche e finanza","link":"http:\/\/www.robertosedda.it\/?cat=72"},"img":{"alt_text":"","src":"https:\/\/i0.wp.com\/www.robertosedda.it\/wp-content\/uploads\/2018\/09\/SPE-Cagliari-web.jpg?fit=996%2C547&resize=350%2C200","width":350,"height":200,"srcset":"https:\/\/i0.wp.com\/www.robertosedda.it\/wp-content\/uploads\/2018\/09\/SPE-Cagliari-web.jpg?fit=996%2C547&resize=350%2C200 1x, https:\/\/i0.wp.com\/www.robertosedda.it\/wp-content\/uploads\/2018\/09\/SPE-Cagliari-web.jpg?fit=996%2C547&resize=700%2C400 2x"},"classes":[]},{"id":15837,"url":"http:\/\/www.robertosedda.it\/?p=15837","url_meta":{"origin":15533,"position":4},"title":"La mediocre ottima sceneggiatura","author":"Rufus","date":"13\/11\/2018","format":"video","excerpt":"Tutti lo sanno (Asghar Farhadi, Spagna, Francia Italia 2018) Ai bei tempi, il critico cinematografico di\u00a0Famiglia Cristiana era uso accompagnare le sue recensioni con due parole riassuntive, che contenevano anche una sorta di avvertimento morale per le famiglie perbene: che so, un film della serie de\u00a0Il Monnezza era probabilmente etichettato\u2026","rel":"","context":"In &quot;Coordinate&quot;","block_context":{"text":"Coordinate","link":"http:\/\/www.robertosedda.it\/?cat=52"},"img":{"alt_text":"","src":"https:\/\/i0.wp.com\/www.robertosedda.it\/wp-content\/uploads\/2018\/11\/Tutti-lo-sanno.jpg?fit=677%2C381&resize=350%2C200","width":350,"height":200},"classes":[]},{"id":7842,"url":"http:\/\/www.robertosedda.it\/?p=7842","url_meta":{"origin":15533,"position":5},"title":"Brividi agghiaccianti sulla linea PF","author":"Rufus","date":"26\/06\/2014","format":false,"excerpt":"Avviso: questo articolo contiene parecchio turpiloquio, a dimostrazione del modo con cui le\u00a0giovani generazioni reagiscono allo stress. Siamo sul PF, di ritorno dal mare. A fianco a me due ragazzine adolescenti. Una alta, formosa, con un bel sorriso e l'aria un po' incompiuta. L'altra bassottina, aggressiva, vivace. Quest'ultima chiede all'amica:\u2026","rel":"","context":"In &quot;Coordinate&quot;","block_context":{"text":"Coordinate","link":"http:\/\/www.robertosedda.it\/?cat=52"},"img":{"alt_text":"","src":"https:\/\/i0.wp.com\/www.robertosedda.it\/wp-content\/uploads\/2014\/04\/Poetto-6.jpg?fit=1200%2C900&resize=350%2C200","width":350,"height":200,"srcset":"https:\/\/i0.wp.com\/www.robertosedda.it\/wp-content\/uploads\/2014\/04\/Poetto-6.jpg?fit=1200%2C900&resize=350%2C200 1x, https:\/\/i0.wp.com\/www.robertosedda.it\/wp-content\/uploads\/2014\/04\/Poetto-6.jpg?fit=1200%2C900&resize=700%2C400 2x, https:\/\/i0.wp.com\/www.robertosedda.it\/wp-content\/uploads\/2014\/04\/Poetto-6.jpg?fit=1200%2C900&resize=1050%2C600 3x"},"classes":[]}],"_links":{"self":[{"href":"http:\/\/www.robertosedda.it\/index.php?rest_route=\/wp\/v2\/posts\/15533"}],"collection":[{"href":"http:\/\/www.robertosedda.it\/index.php?rest_route=\/wp\/v2\/posts"}],"about":[{"href":"http:\/\/www.robertosedda.it\/index.php?rest_route=\/wp\/v2\/types\/post"}],"author":[{"embeddable":true,"href":"http:\/\/www.robertosedda.it\/index.php?rest_route=\/wp\/v2\/users\/1"}],"replies":[{"embeddable":true,"href":"http:\/\/www.robertosedda.it\/index.php?rest_route=%2Fwp%2Fv2%2Fcomments&post=15533"}],"version-history":[{"count":5,"href":"http:\/\/www.robertosedda.it\/index.php?rest_route=\/wp\/v2\/posts\/15533\/revisions"}],"predecessor-version":[{"id":15547,"href":"http:\/\/www.robertosedda.it\/index.php?rest_route=\/wp\/v2\/posts\/15533\/revisions\/15547"}],"wp:featuredmedia":[{"embeddable":true,"href":"http:\/\/www.robertosedda.it\/index.php?rest_route=\/wp\/v2\/media\/15540"}],"wp:attachment":[{"href":"http:\/\/www.robertosedda.it\/index.php?rest_route=%2Fwp%2Fv2%2Fmedia&parent=15533"}],"wp:term":[{"taxonomy":"category","embeddable":true,"href":"http:\/\/www.robertosedda.it\/index.php?rest_route=%2Fwp%2Fv2%2Fcategories&post=15533"},{"taxonomy":"post_tag","embeddable":true,"href":"http:\/\/www.robertosedda.it\/index.php?rest_route=%2Fwp%2Fv2%2Ftags&post=15533"}],"curies":[{"name":"wp","href":"https:\/\/api.w.org\/{rel}","templated":true}]}}