{"id":1551,"date":"2012-12-04T11:04:39","date_gmt":"2012-12-04T10:04:39","guid":{"rendered":"http:\/\/www.robertosedda.it\/?p=1551"},"modified":"2012-12-04T11:05:53","modified_gmt":"2012-12-04T10:05:53","slug":"radio-days","status":"publish","type":"post","link":"http:\/\/www.robertosedda.it\/?p=1551","title":{"rendered":"Radio Days"},"content":{"rendered":"<p>Su gentile invito di <a href=\"http:\/\/www.facebook.com\/events\/356102031152472\/356106291152046\/?comment_id=356111421151533&amp;ref=notif&amp;notif_t=event_mall_reply#!\/dongiu?fref=ts\">don Giulio Madeddu<\/a> e sotto l&#8217;ala protettiva e amichevole di <a href=\"http:\/\/www.facebook.com\/events\/356102031152472\/356106291152046\/?comment_id=356111421151533&amp;ref=notif&amp;notif_t=event_mall_reply#!\/andrea.pala.75?fref=ts\">Andrea Pala<\/a>, dal 6 dicembre conduco (la parola, lo ammetto, mi fa impressione) una trasmissione radio, in cui parlo di libri <em>fantasy<\/em> e fantascientifici (per una prima serie di una dozzina di puntate:\u00a0in futuro parler\u00f2 anche di gialli, di avventure di mare e di terra e credo proprio che far\u00f2 anche una serie sulle grandi storie d&#8217;amore, cos\u00ec ho la scusa per parlare di Jane Austen).<\/p>\n<p>La radio in questione \u00e8 <a href=\"http:\/\/www.radiokalaritana.it\/\"><em>Radio Kalaritana<\/em><\/a>, e il programma va in onda ogni gioved\u00ec dalle 19.10 e in replica il venerd\u00ec alle 8.30 sui 97.500 (a Cagliari, pi\u00f9 sotto vi riassumo le altre frequenze, e c&#8217;\u00e8 anche lo <a href=\"http:\/\/www.radiokalaritana.it\/orainonda.aspx\"><em>streaming<\/em><\/a>).<\/p>\n<p>Com&#8217;\u00e8 che sono finito a parlare di <em>fantasy<\/em> e fantascienza? Beh, lo dico con onest\u00e0: non so parlare di altro&#8230; Alla redazione faceva piacere che ci fosse uno spazio sui libri, ma io ero un po&#8217; in imbarazzo: non leggo abbastanza novit\u00e0 da <em>reggere<\/em> una rasmissione settimanale (a parte che leggo un sacco in inglese e altri libri di difficile reperibilit\u00e0, che non ha molto senso consigliare). Allora\u00a0mi \u00e8 venuto in mente di tornare alla base, ai libri che conosco bene: che per me \u00e8 la letteratura cosiddetta <em>di genere<\/em>. Ho pensato quindi alla trasmissione come a una porta aperta verso il mondo della fantasia (Sergio Bonelli avrebbe usato la parola <em>Avventura<\/em>): ci sar\u00e0 la porta della\u00a0fantasy favolistica,\u00a0oppure\u00a0il classico tema\u00a0dell&#8217;invasione aliena, la fantascienza politica, il <em>cyberpunk<\/em>, la fantasy filosofica, il <em>fantasy<\/em> umoristico, e la <em>sword &amp; sorcery<\/em>, ovviamente&#8230;\u00a0se tutto va bene ognuno potr\u00e0 trovare la porta adatta a lui.<\/p>\n<p>Per lo stesso motivo ho deciso che prima di ogni puntata controller\u00f2 che il libro trattato (saranno tutti libri che ho letto personalmente) devono essere reperibili in circolazione con facilit\u00e0, e preferibilmente anche presenti nella biblioteca comunale di Cagliari o nelle altre dell&#8217;<em>hinterland<\/em>: perch\u00e9 \u00e8 inutile indicare una porta verso la fantasia se poi quella porta \u00e8 chiusa e invalicabile.<\/p>\n<p>Sulla <a href=\"http:\/\/www.facebook.com\/#!\/events\/356102031152472\/\">pagina <em>Facebook<\/em><\/a> vorrei\u00a0pubblicare materiali aggiuntivi (foto,\u00a0o interpretazioni grafiche del libro della settimana, o video di eventuali <em>film<\/em> tratti dal libro), mentre qui cercher\u00f2 di pubblicare il testo della puntata: scrivere tutta la trasmissione \u00e8 un po&#8217; una fatica in pi\u00f9, ma magari chi non pu\u00f2 seguirmi in radio ha comunque piacere di leggere qualcosa e di farsi un&#8217;idea di quel che racconto. E poi, diciamolo: la trasmissione dura solo un quarto d&#8217;ora, e mi sono gi\u00e0 accorto che il tempo \u00e8 tiranno; rispetto a tutte le cose che vorrei dire dovr\u00f2 sempre tagliare qualcosa, e cos\u00ec invece almeno terr\u00f2 traccia di tutto quello che avevo in testa e che magari&#8230; si \u00e8 perso.<\/p>\n<p>Cominciamo con lo <em>Hobbit<\/em>, cos\u00ec in qualche modo <em>copriamo<\/em> anche l&#8217;uscita del film, e poi presenter\u00f2 <em>L&#8217;Eternauta<\/em>, che ci sta bene col tema della profezia dei Maya e la fine del mondo: non potrete dire che non cercher\u00f2 di stare sul pezzo!<\/p>\n<p style=\"text-align: center;\"><a href=\"https:\/\/i0.wp.com\/www.robertosedda.it\/wp-content\/uploads\/2012\/12\/197882_4997567705416_1682811050_n.jpg\"><img data-attachment-id=\"1552\" data-permalink=\"http:\/\/www.robertosedda.it\/?attachment_id=1552\" data-orig-file=\"https:\/\/i0.wp.com\/www.robertosedda.it\/wp-content\/uploads\/2012\/12\/197882_4997567705416_1682811050_n.jpg?fit=750%2C865\" data-orig-size=\"750,865\" data-comments-opened=\"1\" data-image-meta=\"{&quot;aperture&quot;:&quot;0&quot;,&quot;credit&quot;:&quot;&quot;,&quot;camera&quot;:&quot;&quot;,&quot;caption&quot;:&quot;&quot;,&quot;created_timestamp&quot;:&quot;0&quot;,&quot;copyright&quot;:&quot;&quot;,&quot;focal_length&quot;:&quot;0&quot;,&quot;iso&quot;:&quot;0&quot;,&quot;shutter_speed&quot;:&quot;0&quot;,&quot;title&quot;:&quot;&quot;}\" data-image-title=\"197882_4997567705416_1682811050_n\" data-image-description=\"\" data-image-caption=\"\" data-medium-file=\"https:\/\/i0.wp.com\/www.robertosedda.it\/wp-content\/uploads\/2012\/12\/197882_4997567705416_1682811050_n.jpg?fit=260%2C300\" data-large-file=\"https:\/\/i0.wp.com\/www.robertosedda.it\/wp-content\/uploads\/2012\/12\/197882_4997567705416_1682811050_n.jpg?fit=510%2C588\" decoding=\"async\" loading=\"lazy\" class=\"aligncenter  wp-image-1552\" title=\"197882_4997567705416_1682811050_n\" src=\"https:\/\/i0.wp.com\/www.robertosedda.it\/wp-content\/uploads\/2012\/12\/197882_4997567705416_1682811050_n.jpg?resize=750%2C865\" alt=\"\" width=\"750\" height=\"865\" srcset=\"https:\/\/i0.wp.com\/www.robertosedda.it\/wp-content\/uploads\/2012\/12\/197882_4997567705416_1682811050_n.jpg?w=750 750w, https:\/\/i0.wp.com\/www.robertosedda.it\/wp-content\/uploads\/2012\/12\/197882_4997567705416_1682811050_n.jpg?resize=260%2C300 260w, https:\/\/i0.wp.com\/www.robertosedda.it\/wp-content\/uploads\/2012\/12\/197882_4997567705416_1682811050_n.jpg?resize=700%2C807 700w\" sizes=\"(max-width: 750px) 100vw, 750px\" data-recalc-dims=\"1\" \/><\/a><\/p>\n","protected":false},"excerpt":{"rendered":"<p>Su gentile invito di don Giulio Madeddu e sotto l&#8217;ala protettiva e amichevole di Andrea Pala, dal 6 dicembre conduco<\/p>\n","protected":false},"author":1,"featured_media":1552,"comment_status":"open","ping_status":"open","sticky":false,"template":"","format":"standard","meta":{"_mi_skip_tracking":false,"_monsterinsights_sitenote_active":false,"_monsterinsights_sitenote_note":"","_monsterinsights_sitenote_category":0,"jetpack_post_was_ever_published":false,"_jetpack_newsletter_access":"","jetpack_publicize_message":"","jetpack_is_tweetstorm":false,"jetpack_publicize_feature_enabled":true,"jetpack_social_post_already_shared":false,"jetpack_social_options":{"image_generator_settings":{"template":"highway","enabled":false}}},"categories":[52,53,17,16],"tags":[],"jetpack_publicize_connections":[],"jetpack_featured_media_url":"https:\/\/i0.wp.com\/www.robertosedda.it\/wp-content\/uploads\/2012\/12\/197882_4997567705416_1682811050_n.jpg?fit=750%2C865","jetpack_sharing_enabled":true,"jetpack_shortlink":"https:\/\/wp.me\/p4jV2T-p1","jetpack_likes_enabled":true,"jetpack-related-posts":[{"id":7291,"url":"http:\/\/www.robertosedda.it\/?p=7291","url_meta":{"origin":1551,"position":0},"title":"Avviso ai radionaviganti e #wrcita","author":"Rufus","date":"07\/05\/2014","format":false,"excerpt":"Gioved\u00ec 8 maggio alle 10 mi intervistano su unicaradio, la web radio degli studenti dell'Universit\u00e0 di Cagliari. I ragazzi sono impegnati in una gara con altre radio studentesche di otto diversi paesi (Italia, Spagna, Messico, Germania, Inghilterra, Turchia, Finlandia, e Singapore): una maratona di 72 ore ininterrotte per realizzare la\u2026","rel":"","context":"In &quot;Coordinate&quot;","block_context":{"text":"Coordinate","link":"http:\/\/www.robertosedda.it\/?cat=52"},"img":{"alt_text":"","src":"https:\/\/i0.wp.com\/www.robertosedda.it\/wp-content\/uploads\/2014\/05\/Unica-Radio.jpg?fit=1200%2C461&resize=350%2C200","width":350,"height":200,"srcset":"https:\/\/i0.wp.com\/www.robertosedda.it\/wp-content\/uploads\/2014\/05\/Unica-Radio.jpg?fit=1200%2C461&resize=350%2C200 1x, https:\/\/i0.wp.com\/www.robertosedda.it\/wp-content\/uploads\/2014\/05\/Unica-Radio.jpg?fit=1200%2C461&resize=700%2C400 2x, https:\/\/i0.wp.com\/www.robertosedda.it\/wp-content\/uploads\/2014\/05\/Unica-Radio.jpg?fit=1200%2C461&resize=1050%2C600 3x"},"classes":[]},{"id":12235,"url":"http:\/\/www.robertosedda.it\/?p=12235","url_meta":{"origin":1551,"position":1},"title":"Prossima stazione America","author":"Rufus","date":"14\/07\/2016","format":false,"excerpt":"Credo sappiate che il tema dei viaggi in treno mi appassiona da un po' (probabilmente da quando andai a Vienna in treno dopo la maturit\u00e0, credo, ma quella \u00e8 un'altra storia e sar\u00e0 raccontata un'altra volta). E avevo gi\u00e0 segnalato il lavoro del regista Duccio Chiarini\u00a0e le sue interviste sui\u2026","rel":"","context":"In &quot;Coordinate&quot;","block_context":{"text":"Coordinate","link":"http:\/\/www.robertosedda.it\/?cat=52"},"img":{"alt_text":"","src":"https:\/\/i0.wp.com\/www.robertosedda.it\/wp-content\/uploads\/2016\/07\/Prossima-stazione-America.jpg?fit=850%2C480&resize=350%2C200","width":350,"height":200,"srcset":"https:\/\/i0.wp.com\/www.robertosedda.it\/wp-content\/uploads\/2016\/07\/Prossima-stazione-America.jpg?fit=850%2C480&resize=350%2C200 1x, https:\/\/i0.wp.com\/www.robertosedda.it\/wp-content\/uploads\/2016\/07\/Prossima-stazione-America.jpg?fit=850%2C480&resize=700%2C400 2x"},"classes":[]},{"id":9879,"url":"http:\/\/www.robertosedda.it\/?p=9879","url_meta":{"origin":1551,"position":2},"title":"URGENTE!!1!!1! FATE GIRARE!!1!1!!","author":"Rufus","date":"01\/04\/2015","format":false,"excerpt":"Ok, adesso che ho la vostra attenzione, il mio problema \u00e8 questo: ... ... pronti? Insomma: sono quasi tre anni che faccio Oggi parliamo di libri e non ho mai nessuna reazione. Non so manco se qualcuno mi ascolta (a parte mia mamma, santa donna, e un paio di amici\u2026","rel":"","context":"In &quot;Coordinate&quot;","block_context":{"text":"Coordinate","link":"http:\/\/www.robertosedda.it\/?cat=52"},"img":{"alt_text":"","src":"https:\/\/i0.wp.com\/www.robertosedda.it\/wp-content\/uploads\/2012\/12\/197882_4997567705416_1682811050_n.jpg?fit=750%2C865&resize=350%2C200","width":350,"height":200,"srcset":"https:\/\/i0.wp.com\/www.robertosedda.it\/wp-content\/uploads\/2012\/12\/197882_4997567705416_1682811050_n.jpg?fit=750%2C865&resize=350%2C200 1x, https:\/\/i0.wp.com\/www.robertosedda.it\/wp-content\/uploads\/2012\/12\/197882_4997567705416_1682811050_n.jpg?fit=750%2C865&resize=700%2C400 2x"},"classes":[]},{"id":12472,"url":"http:\/\/www.robertosedda.it\/?p=12472","url_meta":{"origin":1551,"position":3},"title":"Cos\u00ec fin\u00ec Oggi parliamo di libri","author":"Rufus","date":"06\/09\/2016","format":false,"excerpt":"Trovate qui sotto l'ultima puntata della stagione 2015\/2016 di\u00a0Oggi parliamo di libri, dedicata a\u00a0Liol\u00e0\u00a0di Pirandello: si tratta anche dell'ultima puntata in generale della trasmissione, perch\u00e9 per l'anno prossimo mi piacerebbe molto che venisse accettata la mia proposta di parlare di giochi\u00a0(se si parte si parte ad ottobre, ma mi pare\u2026","rel":"","context":"In &quot;Coordinate&quot;","block_context":{"text":"Coordinate","link":"http:\/\/www.robertosedda.it\/?cat=52"},"img":{"alt_text":"","src":"https:\/\/i0.wp.com\/www.robertosedda.it\/wp-content\/uploads\/2016\/09\/Oggi-parliamo-di-libri-1.jpg?fit=480%2C360&resize=350%2C200","width":350,"height":200},"classes":[]},{"id":9011,"url":"http:\/\/www.robertosedda.it\/?p=9011","url_meta":{"origin":1551,"position":4},"title":"Ascoltate Cinematica!!","author":"Rufus","date":"06\/12\/2014","format":false,"excerpt":"Devo confessare, anche se \u00e8 una trasmissione della concorrenza, che sono un fan sfegatato di Cinematica, la trasmissione ideata e condotta da Gianmarco Diana e dedicata alla musica da, per, intorno, sopra e sotto il cinema. Non \u00e8 solo che la trasmissione mi consente di mettere insieme due passioni come\u2026","rel":"","context":"In &quot;Coordinate&quot;","block_context":{"text":"Coordinate","link":"http:\/\/www.robertosedda.it\/?cat=52"},"img":{"alt_text":"","src":"","width":0,"height":0},"classes":[]},{"id":3858,"url":"http:\/\/www.robertosedda.it\/?p=3858","url_meta":{"origin":1551,"position":5},"title":"\u00c8 in linea l&#8217;intervista su Banca Etica a Radio X","author":"Rufus","date":"04\/07\/2013","format":false,"excerpt":"Ho visto che su Radio X \u00e8 stata messa on line la puntata di ieri di Extralive! in cui sono stato intervistato da Vito Biolchini su Banca Etica. In sala c'eravamo io, Maria Bonaria (grazie alle sue arti promozionali e a quelle di Viviana siamo stati invitati) e Gaetano, i\u2026","rel":"","context":"In &quot;Banche e finanza&quot;","block_context":{"text":"Banche e finanza","link":"http:\/\/www.robertosedda.it\/?cat=72"},"img":{"alt_text":"","src":"https:\/\/i0.wp.com\/www.robertosedda.it\/wp-content\/uploads\/2013\/07\/20130703_190126.jpg?fit=1200%2C900&resize=350%2C200","width":350,"height":200,"srcset":"https:\/\/i0.wp.com\/www.robertosedda.it\/wp-content\/uploads\/2013\/07\/20130703_190126.jpg?fit=1200%2C900&resize=350%2C200 1x, https:\/\/i0.wp.com\/www.robertosedda.it\/wp-content\/uploads\/2013\/07\/20130703_190126.jpg?fit=1200%2C900&resize=700%2C400 2x, https:\/\/i0.wp.com\/www.robertosedda.it\/wp-content\/uploads\/2013\/07\/20130703_190126.jpg?fit=1200%2C900&resize=1050%2C600 3x"},"classes":[]}],"_links":{"self":[{"href":"http:\/\/www.robertosedda.it\/index.php?rest_route=\/wp\/v2\/posts\/1551"}],"collection":[{"href":"http:\/\/www.robertosedda.it\/index.php?rest_route=\/wp\/v2\/posts"}],"about":[{"href":"http:\/\/www.robertosedda.it\/index.php?rest_route=\/wp\/v2\/types\/post"}],"author":[{"embeddable":true,"href":"http:\/\/www.robertosedda.it\/index.php?rest_route=\/wp\/v2\/users\/1"}],"replies":[{"embeddable":true,"href":"http:\/\/www.robertosedda.it\/index.php?rest_route=%2Fwp%2Fv2%2Fcomments&post=1551"}],"version-history":[{"count":2,"href":"http:\/\/www.robertosedda.it\/index.php?rest_route=\/wp\/v2\/posts\/1551\/revisions"}],"predecessor-version":[{"id":1554,"href":"http:\/\/www.robertosedda.it\/index.php?rest_route=\/wp\/v2\/posts\/1551\/revisions\/1554"}],"wp:featuredmedia":[{"embeddable":true,"href":"http:\/\/www.robertosedda.it\/index.php?rest_route=\/wp\/v2\/media\/1552"}],"wp:attachment":[{"href":"http:\/\/www.robertosedda.it\/index.php?rest_route=%2Fwp%2Fv2%2Fmedia&parent=1551"}],"wp:term":[{"taxonomy":"category","embeddable":true,"href":"http:\/\/www.robertosedda.it\/index.php?rest_route=%2Fwp%2Fv2%2Fcategories&post=1551"},{"taxonomy":"post_tag","embeddable":true,"href":"http:\/\/www.robertosedda.it\/index.php?rest_route=%2Fwp%2Fv2%2Ftags&post=1551"}],"curies":[{"name":"wp","href":"https:\/\/api.w.org\/{rel}","templated":true}]}}