{"id":15453,"date":"2018-07-11T17:48:37","date_gmt":"2018-07-11T15:48:37","guid":{"rendered":"http:\/\/www.robertosedda.it\/?p=15453"},"modified":"2023-07-18T17:31:10","modified_gmt":"2023-07-18T15:31:10","slug":"la-strada-di-firenze","status":"publish","type":"post","link":"http:\/\/www.robertosedda.it\/?p=15453","title":{"rendered":"La strada di Firenze"},"content":{"rendered":"<p>L&#8217;altro giorno mi \u00e8 stato commissionato un breve articolo a commento della <a href=\"http:\/\/www.gruppolapiracagliari.it\/giorgio-la-pira-riconosciuto-venerabile-e-festa-anche-per-noi\/\">proclamazione della venerabilit\u00e0 di Giorgio La Pira<\/a>; per scriverlo sono andato a rivedermi, fra le altre cose, la <a href=\"http:\/\/www.gruppolapiracagliari.it\/wp-content\/uploads\/2017\/03\/Discorso-IPALMO.pdf\"><em>Premessa di Cagliari<\/em><\/a>, cio\u00e8 il discorso che La Pira tenne a Cagliari nel 1973 per introdurre il convegno dell&#8217;IPALMO, l&#8217;Istituto per le relazioni tra Italia e i Paesi dell&#8217;Africa, America Latina e Medio Oriente.\u00a0 Nel discorso La Pira ripercorre storia dei colloqui di pace fiorentini da lui condotti e lascia intuire molto di quella diplomazia dal basso che conduceva ormai da anni, ma non \u00e8 questo che mi ha colpito, quanto la sicurezza con la quale, in una fase in cui era sicuramente gi\u00e0 stanco e malato e nella quale i colloqui fiorentini erano ormai terminati, confermava la sua visione della storia e delle relazioni nel Mediterraneo.<a href=\"https:\/\/i0.wp.com\/www.robertosedda.it\/wp-content\/uploads\/2018\/07\/La-Pira-2.jpg\"><img data-attachment-id=\"15455\" data-permalink=\"http:\/\/www.robertosedda.it\/?attachment_id=15455\" data-orig-file=\"https:\/\/i0.wp.com\/www.robertosedda.it\/wp-content\/uploads\/2018\/07\/La-Pira-2.jpg?fit=720%2C625\" data-orig-size=\"720,625\" data-comments-opened=\"1\" data-image-meta=\"{&quot;aperture&quot;:&quot;0&quot;,&quot;credit&quot;:&quot;&quot;,&quot;camera&quot;:&quot;&quot;,&quot;caption&quot;:&quot;&quot;,&quot;created_timestamp&quot;:&quot;0&quot;,&quot;copyright&quot;:&quot;&quot;,&quot;focal_length&quot;:&quot;0&quot;,&quot;iso&quot;:&quot;0&quot;,&quot;shutter_speed&quot;:&quot;0&quot;,&quot;title&quot;:&quot;&quot;,&quot;orientation&quot;:&quot;0&quot;}\" data-image-title=\"La Pira 2\" data-image-description=\"\" data-image-caption=\"\" data-medium-file=\"https:\/\/i0.wp.com\/www.robertosedda.it\/wp-content\/uploads\/2018\/07\/La-Pira-2.jpg?fit=300%2C260\" data-large-file=\"https:\/\/i0.wp.com\/www.robertosedda.it\/wp-content\/uploads\/2018\/07\/La-Pira-2.jpg?fit=510%2C443\" decoding=\"async\" loading=\"lazy\" class=\"aligncenter size-full wp-image-15455\" src=\"https:\/\/i0.wp.com\/www.robertosedda.it\/wp-content\/uploads\/2018\/07\/La-Pira-2.jpg?resize=720%2C625\" alt=\"\" width=\"720\" height=\"625\" srcset=\"https:\/\/i0.wp.com\/www.robertosedda.it\/wp-content\/uploads\/2018\/07\/La-Pira-2.jpg?w=720 720w, https:\/\/i0.wp.com\/www.robertosedda.it\/wp-content\/uploads\/2018\/07\/La-Pira-2.jpg?resize=150%2C130 150w, https:\/\/i0.wp.com\/www.robertosedda.it\/wp-content\/uploads\/2018\/07\/La-Pira-2.jpg?resize=300%2C260 300w, https:\/\/i0.wp.com\/www.robertosedda.it\/wp-content\/uploads\/2018\/07\/La-Pira-2.jpg?resize=510%2C443 510w, https:\/\/i0.wp.com\/www.robertosedda.it\/wp-content\/uploads\/2018\/07\/La-Pira-2.jpg?resize=700%2C608 700w\" sizes=\"(max-width: 720px) 100vw, 720px\" data-recalc-dims=\"1\" \/><\/a><\/p>\n<blockquote><p>A questo punto sorge inevitabile la domanda: nonostante tutto, l\u2019esperienza fiorentina resta valida anche oggi?<\/p>\n<p>Resta sempre valida l\u2019ipotesi di lavoro che l\u2019ha ispirata e diretta?<\/p>\n<p>Sempre necessaria \u2013 per l\u2019unit\u00e0 del mondo \u2013 la convergenza e l\u2019unit\u00e0 della famiglia abramitica dei popoli mediterranei?<\/p>\n<p>La risposta a me sembra tanto chiara: nonostante tutto, questa validit\u00e0 sussiste: l\u2019ipotesi fiorentina appare sempre pi\u00f9 una ipotesi senza alternativa. E infatti se sono validi i \u00abtre punti\u00bb in cui si articola la nostra ipotesi, cio\u00e8 1) inevitabilit\u00e0 nell\u2019et\u00e0 atomica della soluzione politica, pacifica dei problemi del mondo; 2) unit\u00e0, giustizia e pace quale inevitabile foce del fiume storico; 3) inevitabile convergenza ed unit\u00e0 dei popoli mediterranei della famiglia abramitica a causa del comune mandato spirituale e storico che ad essi la storia (la Provvidenza!) assegna per la edificazione della \u00abnuova casa planetaria\u00bb del mondo, allora la conseguenza non pu\u00f2 essere che questa: si, quell\u2019esperienza e quella ipotesi sono \u2013 nonostante tutto \u2013 ancora valide; anzi, oggi pi\u00f9 valide di ieri!<\/p>\n<p>Ed allora?<\/p>\n<p>Allora non c\u2019\u00e8 che da riprendere \u2013 per cos\u00ec dire \u2013 la strada di Firenze; la strada cio\u00e8 della convergenza, dell\u2019incontro, che il profeta Isaia indic\u00f2 con tanta profetica precisione: \u00abin quel tempo vi sar\u00e0 una strada dall\u2019Egitto alla Siria e il siro si recher\u00e0 in Egitto e l\u2019egiziano andr\u00e0 in Siria ed Egitto e Siria serviranno il Signore: e in quel tempo Israele, terza con l\u2019Egitto e la Siria, sar\u00e0 benedetta in mezzo alla terra. Li benedir\u00e0 il Signore dicendo benedetto l\u2019Egitto, mio popolo, la Siria, opera delle mie mani ed Israele, mia eredit\u00e0\u00bb (19,23).<\/p>\n<p>La strada che il Corano (III, 64,) indica dicendo: \u00abO gente del Libro! Venite ad un accordo equo fra noi e voi, decidiamo cio\u00e8 di non adorare che Dio e di non associare a Lui cosa alcuna, di non sceglierci fra noi padrone alcuno che non sia Dio\u00bb.<\/p><\/blockquote>\n","protected":false},"excerpt":{"rendered":"<p>L&#8217;altro giorno mi \u00e8 stato commissionato un breve articolo a commento della proclamazione della venerabilit\u00e0 di Giorgio La Pira; per<\/p>\n","protected":false},"author":1,"featured_media":15455,"comment_status":"open","ping_status":"open","sticky":false,"template":"","format":"standard","meta":{"_mi_skip_tracking":false,"_monsterinsights_sitenote_active":false,"_monsterinsights_sitenote_note":"","_monsterinsights_sitenote_category":0,"jetpack_post_was_ever_published":false,"_jetpack_newsletter_access":"","jetpack_publicize_message":"","jetpack_is_tweetstorm":false,"jetpack_publicize_feature_enabled":true,"jetpack_social_post_already_shared":true,"jetpack_social_options":{"image_generator_settings":{"template":"highway","enabled":false}}},"categories":[52,54,17,16,74],"tags":[],"jetpack_publicize_connections":[],"jetpack_featured_media_url":"https:\/\/i0.wp.com\/www.robertosedda.it\/wp-content\/uploads\/2018\/07\/La-Pira-2.jpg?fit=720%2C625","jetpack_sharing_enabled":true,"jetpack_shortlink":"https:\/\/wp.me\/p4jV2T-41f","jetpack_likes_enabled":true,"jetpack-related-posts":[{"id":11217,"url":"http:\/\/www.robertosedda.it\/?p=11217","url_meta":{"origin":15453,"position":0},"title":"Dieci anni non sono pochi","author":"Rufus","date":"24\/11\/2015","format":false,"excerpt":"Domani, con un piccolo rinfresco, il gruppo \"La Pira\" celebra dieci anni di vita. Pu\u00f2 non sembrare molto a confronto di molte venerande associazioni parrocchiali, la cui esistenza supera agevolmente il secolo, ma chi questa vita l'ha vissuta non pu\u00f2 che girarsi indietro e restare sbigottito: \u00abGi\u00e0 dieci anni?\u00bb. La\u2026","rel":"","context":"In &quot;Azione Cattolica&quot;","block_context":{"text":"Azione Cattolica","link":"http:\/\/www.robertosedda.it\/?cat=76"},"img":{"alt_text":"","src":"https:\/\/i0.wp.com\/www.robertosedda.it\/wp-content\/uploads\/2015\/11\/Gruppo-La-Pira-Pasquetta-2014.jpg?fit=1024%2C414&resize=350%2C200","width":350,"height":200,"srcset":"https:\/\/i0.wp.com\/www.robertosedda.it\/wp-content\/uploads\/2015\/11\/Gruppo-La-Pira-Pasquetta-2014.jpg?fit=1024%2C414&resize=350%2C200 1x, https:\/\/i0.wp.com\/www.robertosedda.it\/wp-content\/uploads\/2015\/11\/Gruppo-La-Pira-Pasquetta-2014.jpg?fit=1024%2C414&resize=700%2C400 2x"},"classes":[]},{"id":15472,"url":"http:\/\/www.robertosedda.it\/?p=15472","url_meta":{"origin":15453,"position":1},"title":"Gli articoli su La Pira del Portico","author":"Rufus","date":"16\/07\/2018","format":false,"excerpt":"Come ho raccontato l'altro giorno ho scritto un articolo per Il Portico, il settimanale diocesano, sull'impegno per la pace di Giorgio La Pira. Lo riporto qui sotto, segnalandovi che sul giornale trovate anche un\u00a0 articolo sul gruppo diocesano Giorgio La Pira, ne quale mi onoro di militare, e un editoriale\u2026","rel":"","context":"In &quot;Coordinate&quot;","block_context":{"text":"Coordinate","link":"http:\/\/www.robertosedda.it\/?cat=52"},"img":{"alt_text":"","src":"https:\/\/i0.wp.com\/www.robertosedda.it\/wp-content\/uploads\/2018\/07\/giorgio-la-pira-uomo-di-pace-dialogo.jpg?resize=350%2C200","width":350,"height":200,"srcset":"https:\/\/i0.wp.com\/www.robertosedda.it\/wp-content\/uploads\/2018\/07\/giorgio-la-pira-uomo-di-pace-dialogo.jpg?resize=350%2C200 1x, https:\/\/i0.wp.com\/www.robertosedda.it\/wp-content\/uploads\/2018\/07\/giorgio-la-pira-uomo-di-pace-dialogo.jpg?resize=700%2C400 2x"},"classes":[]},{"id":16188,"url":"http:\/\/www.robertosedda.it\/?p=16188","url_meta":{"origin":15453,"position":2},"title":"Di buona politica","author":"Rufus","date":"28\/01\/2019","format":false,"excerpt":"Mi \u00e8 arrivato il numero di gennaio di Mosaico di pace, tutto dedicato alla buona politica. Mi sembra molto interessante e ci sono un sacco di articoli davvero buoni che legger\u00f2 con interesse Poi, probabilmente meno buono, ce n'\u00e8 uno mio che parla di La Pira, che avevo preannunciato tempo\u2026","rel":"","context":"In &quot;Coordinate&quot;","block_context":{"text":"Coordinate","link":"http:\/\/www.robertosedda.it\/?cat=52"},"img":{"alt_text":"","src":"https:\/\/i0.wp.com\/www.robertosedda.it\/wp-content\/uploads\/2019\/01\/Mosaico-di-pace-politica.png?fit=560%2C281&resize=350%2C200","width":350,"height":200},"classes":[]},{"id":10173,"url":"http:\/\/www.robertosedda.it\/?p=10173","url_meta":{"origin":15453,"position":3},"title":"REBLOG: Basta con questa carneficina","author":"Rufus","date":"05\/05\/2015","format":false,"excerpt":"Rilancio volentieri, sulla scia della Fondazione \"Giorgio La Pira\", l'appello dei capi religiosi della comunit\u00e0 fiorentina sull'immigrazione.","rel":"","context":"In &quot;Segnalazioni&quot;","block_context":{"text":"Segnalazioni","link":"http:\/\/www.robertosedda.it\/?cat=95"},"img":{"alt_text":"","src":"","width":0,"height":0},"classes":[]},{"id":6672,"url":"http:\/\/www.robertosedda.it\/?p=6672","url_meta":{"origin":15453,"position":4},"title":"Una mattina di sabato, sotto un magnifico retablo, a discutere di Cagliari","author":"Rufus","date":"10\/03\/2014","format":false,"excerpt":"Domande di politica e quel gruppo a cui non viene mai detto di no Non so se ricordate un articolo di un po' di tempo fa in cui mi facevo, e facevo a tutti, delle domande su Cagliari. Erano domande politiche, ma nella discussione successiva, sia sulla rete che di\u2026","rel":"","context":"In &quot;Coordinate&quot;","block_context":{"text":"Coordinate","link":"http:\/\/www.robertosedda.it\/?cat=52"},"img":{"alt_text":"","src":"https:\/\/i0.wp.com\/www.robertosedda.it\/wp-content\/uploads\/2013\/11\/SantEfisio.jpg?fit=640%2C428&resize=350%2C200","width":350,"height":200},"classes":[]},{"id":7516,"url":"http:\/\/www.robertosedda.it\/?p=7516","url_meta":{"origin":15453,"position":5},"title":"Pubblicato il resoconto del seminario su Cagliari","author":"Rufus","date":"25\/05\/2014","format":false,"excerpt":"Il gruppo La Pira ha finalmente completato il report del seminario di studio sulla situazione della citt\u00e0 di Cagliari che si \u00e8 tenuto ormai pi\u00f9 di due mesi fa, l'8 marzo. Per il momento il gruppo non ha un proprio sito e il report \u00e8 stato inviato direttamente ai partecipanti:\u2026","rel":"","context":"In &quot;Coordinate&quot;","block_context":{"text":"Coordinate","link":"http:\/\/www.robertosedda.it\/?cat=52"},"img":{"alt_text":"","src":"https:\/\/i0.wp.com\/www.robertosedda.it\/wp-content\/uploads\/2014\/05\/Report-otto-marzo-2014-Cagliari.jpg?fit=849%2C1200&resize=350%2C200","width":350,"height":200,"srcset":"https:\/\/i0.wp.com\/www.robertosedda.it\/wp-content\/uploads\/2014\/05\/Report-otto-marzo-2014-Cagliari.jpg?fit=849%2C1200&resize=350%2C200 1x, https:\/\/i0.wp.com\/www.robertosedda.it\/wp-content\/uploads\/2014\/05\/Report-otto-marzo-2014-Cagliari.jpg?fit=849%2C1200&resize=700%2C400 2x"},"classes":[]}],"_links":{"self":[{"href":"http:\/\/www.robertosedda.it\/index.php?rest_route=\/wp\/v2\/posts\/15453"}],"collection":[{"href":"http:\/\/www.robertosedda.it\/index.php?rest_route=\/wp\/v2\/posts"}],"about":[{"href":"http:\/\/www.robertosedda.it\/index.php?rest_route=\/wp\/v2\/types\/post"}],"author":[{"embeddable":true,"href":"http:\/\/www.robertosedda.it\/index.php?rest_route=\/wp\/v2\/users\/1"}],"replies":[{"embeddable":true,"href":"http:\/\/www.robertosedda.it\/index.php?rest_route=%2Fwp%2Fv2%2Fcomments&post=15453"}],"version-history":[{"count":2,"href":"http:\/\/www.robertosedda.it\/index.php?rest_route=\/wp\/v2\/posts\/15453\/revisions"}],"predecessor-version":[{"id":15456,"href":"http:\/\/www.robertosedda.it\/index.php?rest_route=\/wp\/v2\/posts\/15453\/revisions\/15456"}],"wp:featuredmedia":[{"embeddable":true,"href":"http:\/\/www.robertosedda.it\/index.php?rest_route=\/wp\/v2\/media\/15455"}],"wp:attachment":[{"href":"http:\/\/www.robertosedda.it\/index.php?rest_route=%2Fwp%2Fv2%2Fmedia&parent=15453"}],"wp:term":[{"taxonomy":"category","embeddable":true,"href":"http:\/\/www.robertosedda.it\/index.php?rest_route=%2Fwp%2Fv2%2Fcategories&post=15453"},{"taxonomy":"post_tag","embeddable":true,"href":"http:\/\/www.robertosedda.it\/index.php?rest_route=%2Fwp%2Fv2%2Ftags&post=15453"}],"curies":[{"name":"wp","href":"https:\/\/api.w.org\/{rel}","templated":true}]}}