{"id":15415,"date":"2018-07-02T11:33:06","date_gmt":"2018-07-02T09:33:06","guid":{"rendered":"http:\/\/www.robertosedda.it\/?p=15415"},"modified":"2018-07-02T12:06:42","modified_gmt":"2018-07-02T10:06:42","slug":"reblog-calcio-politica-e-integrazione","status":"publish","type":"post","link":"http:\/\/www.robertosedda.it\/?p=15415","title":{"rendered":"REBLOG: Calcio, politica e integrazione"},"content":{"rendered":"<p><a href=\"http:\/\/www.ultimouomo.com\/politica-calcio-francia\/\">Un bell&#8217;articolo da <em>ultimouomo<\/em>, sul rapporto ambivalente e altalenante fra calcio e politica in Francia e sulla presenza in nazionale di atleti appartenenti alla terza o quarta generazione di famiglie immigrate. Una lettura interessante nel momento in cui il Mondiale lancia alla ribalta uno di questi atleti, cio\u00e8 Mbapp\u00e9, e in cui il successo della staffetta 4&#215;400 femminile porta temi simili nel dibattito culturale\u00a0 e politico italiano.<\/a><\/p>\n","protected":false},"excerpt":{"rendered":"<p>Un bell&#8217;articolo da ultimouomo, sul rapporto ambivalente e altalenante fra calcio e politica in Francia e sulla presenza in nazionale<\/p>\n","protected":false},"author":1,"featured_media":15416,"comment_status":"open","ping_status":"open","sticky":false,"template":"","format":"standard","meta":{"_mi_skip_tracking":false,"_monsterinsights_sitenote_active":false,"_monsterinsights_sitenote_note":"","_monsterinsights_sitenote_category":0,"jetpack_post_was_ever_published":false,"_jetpack_newsletter_access":"","jetpack_publicize_message":"","jetpack_is_tweetstorm":false,"jetpack_publicize_feature_enabled":true,"jetpack_social_post_already_shared":true,"jetpack_social_options":{"image_generator_settings":{"template":"highway","enabled":false}}},"categories":[52,95],"tags":[],"jetpack_publicize_connections":[],"jetpack_featured_media_url":"https:\/\/i0.wp.com\/www.robertosedda.it\/wp-content\/uploads\/2018\/07\/Mbapp\u00e9.jpg?fit=400%2C500","jetpack_sharing_enabled":true,"jetpack_shortlink":"https:\/\/wp.me\/p4jV2T-40D","jetpack_likes_enabled":true,"jetpack-related-posts":[{"id":6789,"url":"http:\/\/www.robertosedda.it\/?p=6789","url_meta":{"origin":15415,"position":0},"title":"Lo stesso spettacolo","author":"Rufus","date":"20\/03\/2014","format":false,"excerpt":"Ieri, festa di San Giuseppe, siamo andati a mangiarci una pizza a casa del mitico Pino (una pizza di Lollove Pizza con casizzolu, salsiccia al cannonau e funghi, roba seria). Siccome era casa del mitico Pino, abbiamo guardato la televisione (tutti sanno che a casa di Maria Bonaria e mia\u2026","rel":"","context":"In &quot;Coordinate&quot;","block_context":{"text":"Coordinate","link":"http:\/\/www.robertosedda.it\/?cat=52"},"img":{"alt_text":"","src":"https:\/\/i0.wp.com\/www.robertosedda.it\/wp-content\/uploads\/2013\/10\/Rufus-clown.jpg?fit=604%2C415&resize=350%2C200","width":350,"height":200},"classes":[]},{"id":15000,"url":"http:\/\/www.robertosedda.it\/?p=15000","url_meta":{"origin":15415,"position":1},"title":"Atleti che hanno qualcosa da dire","author":"Rufus","date":"12\/04\/2018","format":false,"excerpt":"Seguendo un\u00a0link suggerito dal sempre ottimo sito\u00a0L'ultimo uomo ho scoperto\u00a0The Players' Tribune, un curioso sito di informazione sportiva diretto e fondato da Derek Jeter, un grandissimo del\u00a0baseball che \u00e8 gi\u00e0 un personaggio fuori dalle righe per conto suo. Come sito di informazione sportiva\u00a0The Players' Tribune\u00a0 \u00e8 particolare perch\u00e9, semplicemente, non\u2026","rel":"","context":"In &quot;Coordinate&quot;","block_context":{"text":"Coordinate","link":"http:\/\/www.robertosedda.it\/?cat=52"},"img":{"alt_text":"","src":"https:\/\/i0.wp.com\/www.robertosedda.it\/wp-content\/uploads\/2018\/04\/Application.jpg?resize=350%2C200","width":350,"height":200,"srcset":"https:\/\/i0.wp.com\/www.robertosedda.it\/wp-content\/uploads\/2018\/04\/Application.jpg?resize=350%2C200 1x, https:\/\/i0.wp.com\/www.robertosedda.it\/wp-content\/uploads\/2018\/04\/Application.jpg?resize=700%2C400 2x, https:\/\/i0.wp.com\/www.robertosedda.it\/wp-content\/uploads\/2018\/04\/Application.jpg?resize=1050%2C600 3x, https:\/\/i0.wp.com\/www.robertosedda.it\/wp-content\/uploads\/2018\/04\/Application.jpg?resize=1400%2C800 4x"},"classes":[]},{"id":4447,"url":"http:\/\/www.robertosedda.it\/?p=4447","url_meta":{"origin":15415,"position":2},"title":"L&#8217;arbitro","author":"Rufus","date":"16\/09\/2013","format":"video","excerpt":"Sembra scritto dalla penna di Osvaldo Soriano (e infatti mi \u00e8 subito venuta voglia di rileggere Futbol) L'arbitro di Paolo Zucca. Come faceva Soriano, infatti, Zucca (e Barbara Alberti, co-sceneggiatrice) prende una vicenda di calcio con tutti i suoi classici addentellati - la rivalit\u00e0 fra le tifoserie, gli allenatori come\u2026","rel":"","context":"In &quot;Coordinate&quot;","block_context":{"text":"Coordinate","link":"http:\/\/www.robertosedda.it\/?cat=52"},"img":{"alt_text":"","src":"https:\/\/i0.wp.com\/www.robertosedda.it\/wp-content\/uploads\/2013\/09\/Soriano-Futbol.jpg?fit=458%2C744&resize=350%2C200","width":350,"height":200},"classes":[]},{"id":15289,"url":"http:\/\/www.robertosedda.it\/?p=15289","url_meta":{"origin":15415,"position":3},"title":"Datevi al baseball. O alla politica","author":"Rufus","date":"29\/05\/2018","format":false,"excerpt":"Citazioni (non) intramontabili Una delle mie citazioni preferite di Brecht fa, pi\u00f9 o meno, Quali tempi son questi, quando un dialogo sugli alberi\u00a0\u00e8 quasi un delitto perch\u00e9 su troppe stragi comporta il silenzio! Nel caso specifico il dialogo sugli alberi era un genere di poesia bucolica, e il combattivo Bertolt\u2026","rel":"","context":"In &quot;Coordinate&quot;","block_context":{"text":"Coordinate","link":"http:\/\/www.robertosedda.it\/?cat=52"},"img":{"alt_text":"","src":"https:\/\/i0.wp.com\/www.robertosedda.it\/wp-content\/uploads\/2018\/05\/Sono-vietate-le-discussioni-politiche.jpg?fit=966%2C212&resize=350%2C200","width":350,"height":200,"srcset":"https:\/\/i0.wp.com\/www.robertosedda.it\/wp-content\/uploads\/2018\/05\/Sono-vietate-le-discussioni-politiche.jpg?fit=966%2C212&resize=350%2C200 1x, https:\/\/i0.wp.com\/www.robertosedda.it\/wp-content\/uploads\/2018\/05\/Sono-vietate-le-discussioni-politiche.jpg?fit=966%2C212&resize=700%2C400 2x"},"classes":[]},{"id":16720,"url":"http:\/\/www.robertosedda.it\/?p=16720","url_meta":{"origin":15415,"position":4},"title":"Banchetti di nozze","author":"Rufus","date":"22\/05\/2019","format":false,"excerpt":"L'altra sera, di ritorno dall'Assemblea di Banca Etica ci siamo trovati in tre, io, Bonaria e l'Inossidabile, su un aereo che tornava a tarda notte da Milano. A bordo, a parte noi e poche altre persone normali, squadre sportive, squadre sportive ovunque, a perdita d'occhio: ragazzine che giocano a calcio,\u2026","rel":"","context":"In &quot;Coordinate&quot;","block_context":{"text":"Coordinate","link":"http:\/\/www.robertosedda.it\/?cat=52"},"img":{"alt_text":"","src":"https:\/\/i0.wp.com\/www.robertosedda.it\/wp-content\/uploads\/2019\/05\/Austen-Weddng.jpg?fit=480%2C720&resize=350%2C200","width":350,"height":200},"classes":[]},{"id":18723,"url":"http:\/\/www.robertosedda.it\/?p=18723","url_meta":{"origin":15415,"position":5},"title":"L&#8217;amabile Rufus e il meraviglioso mondo dei podcast","author":"Rufus","date":"03\/06\/2021","format":false,"excerpt":"A fine agosto dell'anno scorso, quando gi\u00e0 si intuiva che avremmo passato altri lunghi mesi pi\u00f9 o meno reclusi, ho cominciato a camminare. Pu\u00f2 darsi che la cosa abbia avuto inizio perch\u00e9 mi sono detto che era meglio tenere d'occhio la pressione, ma in realt\u00e0 col senno di poi credo\u2026","rel":"","context":"In &quot;Coordinate&quot;","block_context":{"text":"Coordinate","link":"http:\/\/www.robertosedda.it\/?cat=52"},"img":{"alt_text":"","src":"https:\/\/i0.wp.com\/www.robertosedda.it\/wp-content\/uploads\/2021\/05\/La-riserva.jpg?fit=494%2C879&resize=350%2C200","width":350,"height":200},"classes":[]}],"_links":{"self":[{"href":"http:\/\/www.robertosedda.it\/index.php?rest_route=\/wp\/v2\/posts\/15415"}],"collection":[{"href":"http:\/\/www.robertosedda.it\/index.php?rest_route=\/wp\/v2\/posts"}],"about":[{"href":"http:\/\/www.robertosedda.it\/index.php?rest_route=\/wp\/v2\/types\/post"}],"author":[{"embeddable":true,"href":"http:\/\/www.robertosedda.it\/index.php?rest_route=\/wp\/v2\/users\/1"}],"replies":[{"embeddable":true,"href":"http:\/\/www.robertosedda.it\/index.php?rest_route=%2Fwp%2Fv2%2Fcomments&post=15415"}],"version-history":[{"count":2,"href":"http:\/\/www.robertosedda.it\/index.php?rest_route=\/wp\/v2\/posts\/15415\/revisions"}],"predecessor-version":[{"id":15418,"href":"http:\/\/www.robertosedda.it\/index.php?rest_route=\/wp\/v2\/posts\/15415\/revisions\/15418"}],"wp:featuredmedia":[{"embeddable":true,"href":"http:\/\/www.robertosedda.it\/index.php?rest_route=\/wp\/v2\/media\/15416"}],"wp:attachment":[{"href":"http:\/\/www.robertosedda.it\/index.php?rest_route=%2Fwp%2Fv2%2Fmedia&parent=15415"}],"wp:term":[{"taxonomy":"category","embeddable":true,"href":"http:\/\/www.robertosedda.it\/index.php?rest_route=%2Fwp%2Fv2%2Fcategories&post=15415"},{"taxonomy":"post_tag","embeddable":true,"href":"http:\/\/www.robertosedda.it\/index.php?rest_route=%2Fwp%2Fv2%2Ftags&post=15415"}],"curies":[{"name":"wp","href":"https:\/\/api.w.org\/{rel}","templated":true}]}}