{"id":1540,"date":"2012-11-30T06:09:07","date_gmt":"2012-11-30T05:09:07","guid":{"rendered":"http:\/\/www.robertosedda.it\/?p=1540"},"modified":"2012-11-30T06:09:07","modified_gmt":"2012-11-30T05:09:07","slug":"stare-in-rete-o-essere-in-rete","status":"publish","type":"post","link":"http:\/\/www.robertosedda.it\/?p=1540","title":{"rendered":"&#8220;Stare&#8221; in rete o &#8220;essere&#8221; in rete"},"content":{"rendered":"<p>Sono molto grato a Carla Anolfo, Vicepresidente per il Settore adulti della nostra AC diocesana che, nel suo quotidiano sforzo di animazione della pagina <a href=\"http:\/\/www.facebook.com\/#%21\/groups\/83905919303\/\"><em>Facebook<\/em><\/a> dell\u2019AC, ha segnalato un importante <a href=\"http:\/\/www2.azionecattolica.it\/la-rete-risorsa-di-senso\">articolo<\/a> di padre Antonio Spadaro, SJ, intitolato\u00a0<em>\u00abLa rete, risorsa di senso\u00bb<\/em>, che mi era del tutto sfuggito.<\/p>\n<p>Di Padre Spadaro ho ordinato l\u2019ultimo libro, sempre sulla presenza in rete, che da almeno una decina di giorni\u00a0mi attende\u00a0in <a href=\"http:\/\/www.repubblicalibri.it\/index.html\">libreria<\/a> senza che io riesca mai a passare a ritirarlo. Padre Spadaro \u00e8 direttore della <a href=\"http:\/\/www.laciviltacattolica.it\/it\/\">Civilt\u00e0 Cattolica<\/a>, componente del Pontificio Consiglio per le Comunicazioni Sociali e uno dei massimi esperti della comunit\u00e0 cristiana sulla presenza in rete (tiene tra l\u2019altro un paio di <em>blog<\/em> abbastanza seguiti, di cui <a href=\"http:\/\/www.antoniospadaro.net\/sito\/\">questo<\/a> \u00e8 il principale): era quindi la persona giusta da chiamare a commentare sul <a href=\"http:\/\/www.azionecattolica.it\/\">sito<\/a> nazionale dell\u2019AC il tema, <a href=\"http:\/\/www.pccs.va\/index.php\/it\/component\/k2\/itemlist\/tag\/Giornata%20Mondiale%20delle%20Comunicazioni%20Sociali\">annunciato<\/a> dal Papa pochi giorni fa, della 47\u00aa giornata delle comunicazioni Sociali: <a href=\"http:\/\/press.catholica.va\/news_services\/bulletin\/news\/29757.php?index=29757&amp;po_date=29.09.2012&amp;lang=ge#TEMA%20DELLA%20GIORNATA\"><em>\u00abReti Sociali: porte di verit\u00e0 e di fede; nuovi spazi di evangelizzazione\u00bb<\/em><\/a>.\u00a0La giornata si celebrer\u00e0 nella domenica precedente la Pentecoste (12 maggio), e il messaggio vero e proprio della giornata \u00e8 pubblicato tradizionalmente\u00a0il 24\u00a0gennaio, festa di San Francesco\u00a0di Sales, <strong>patrono<\/strong> dei giornalisti.<\/p>\n<p>L\u2019articolo di padre Spadaro \u00e8 molto condivisibile. Al contrario della (cattiva) interpretazione che del suo pensiero ha dato il titolista di <em><a href=\"http:\/\/www.news.va\/it\/news\/giornata-comunicazioni-sociali-2013-sulle-reti-soc\">news.va<\/a> <\/em>(l\u2019organo di informazione digitale della Santa Sede), che ha scritto: \u00abGiornata Comunicazioni Sociali 2013 sulle \u201cReti Sociali\u201d. P. Spadaro: il Papa ci esorta a evangelizzare Internet\u00bb, il suo pensiero \u00e8 del tutto contrario:<\/p>\n<blockquote><p>La sfida \u00e8 chiara: non vedere nella Rete una realt\u00e0 parallela, ma uno spazio antropologico interconnesso radicalmente con gli altri della nostra vita. Siamo chiamati, dunque, a vivere bene sapendo che la Rete \u00e8 parte del nostro ambiente vitale, e che in essa ormai si sviluppa una parte della nostra capacit\u00e0 di fare esperienza.<\/p><\/blockquote>\n<p>Il pensiero \u00e8 cio\u00e8 quello che non si tratta di \u201cevangelizzare Internet\u201d (che \u00e8 una tecnologia, e non si evangelizza una tecnologia: pensiamo come ci suonerebbe la frase: <em>\u00aboccorre evangelizzare il telefono\u00bb<\/em>) ma di superare il<\/p>\n<blockquote><p>\u00a0\u00abdualismo digitale\u00bb. Finch\u00e9 si manterr\u00e0 il dualismo on\/off si moltiplicheranno le alienazioni. Finch\u00e9 si dir\u00e0 che bisogna uscire dalle relazioni in Rete per vivere relazioni reali si confermer\u00e0 la schizofrenia<\/p><\/blockquote>\n<p>che porta a separare gli ambiti vitali finendo,\u00a0in questo\u00a0modo, per frammentare anche l\u2019esperienza di vita delle persone (e\u00a0alla persona frammentata e divisa non si pu\u00f2 annunciare il Vangelo, come\u00a0insegna l\u2019episodio del giovane indemoniato gadareno di Mc 5,1-20)\u00a0. L\u2019articolo prosegue con riflessioni che sono indubbiamente\u00a0di maggior peso, ma questo mi sembra il punto centrale.<\/p>\n<p>Per dirla in altro modo, sto leggendo in questo periodo un altro <a href=\"http:\/\/www.apogeonline.com\/libri\/9788850328802\/scheda\">libro<\/a> sulla presenza in rete e la costruzione di comunit\u00e0 digitali, di Mafe de Baggis (spero di recensirlo presto): vi si ripete come un mantra una (scomoda) verit\u00e0, cio\u00e8 che non si pu\u00f2 costruire socialit\u00e0 in rete se non si \u00e8 mai sperimentata, se non si vive, la capacit\u00e0 di socialit\u00e0 <em>offline<\/em>: perch\u00e9 non sono due cose diverse, ma la stessa. Ed \u00e8 l\u2019ignoranza di questa semplice verit\u00e0 che porta, spesso, a rendere velleitari tanti progetti di socialit\u00e0 sulla rete pensati in ambito parrocchiale o associativo.<\/p>\n<p>Il che non vuol dire, naturalmente, che la conoscenza degli strumenti digitali e il saperli usare non sia necessario, e anzi decisivo: proprio la pubblicazione del nuovo <a href=\"http:\/\/www.chiesadicagliari.it\/\">sito<\/a> diocesano della Chiesa cattolica di Cagliari, di cui abbiamo <a href=\"https:\/\/ultimotriennio.wordpress.com\/2012\/11\/27\/on-line-iol-nuovo-sito-web-della-dicoesi-di-cagliari\/\">parlato<\/a> avantieri, \u00a0dimostra come un buono strumento pu\u00f2 rendere pi\u00f9 facile, piacevole ed efficace la comunicazione e aiutare a costruire comunit\u00e0. L\u2019importante \u00e8 non confondere lo strumento col fine, e credere che un buono strumento di comunicazione faccia gi\u00e0 di per s\u00e9 buona evangelizzazione.<\/p>\n<p>Sotto il punto di vista della consapevolezza e della capacit\u00e0 di utilizzo dei mezzi informatici non possiamo nasconderci che molte delle nostre parrocchie o associazioni cristiane, come pure tutto il vasto mondo della cooperazione sociale e dell\u2019associazionismo anche laico, spesso faccia fatica. Si tratta di un <strong>limite<\/strong> di mezzi a disposizione, anche, perch\u00e9 negarlo? finanziari, ma anche di un problema di formazione.<\/p>\n<p>\u00c8 seguendo un po\u2019 questa linea di pensiero che, con Andrea Salidu (che collabora pi\u00f9 o meno con <em>ultimotriennio<\/em>), sto preparando una serie di seminari sulla presenza in rete della realt\u00e0, associazioni e imprese, sociali, sostenibili e solidali (fra le quali rientra del tutto anche l\u2019associazionismo cattolico). Io lo faccio per <a href=\"http:\/\/www.bancaetica.com\/\">Banca Etica<\/a>, e Andrea per la sua societ\u00e0<a href=\"http:\/\/www.etandu.it\/formazione\/comunicazione\"> <em>E-Tandu<\/em><\/a>, ma non credo che sia un caso il fatto che entrambi abbiamo maturato la nostra sensibilit\u00e0 in Azione Cattolica.<\/p>\n<p>Il primo seminario \u00e8 domenica prossima: per varie cose, vede una presenza maggiore delle realt\u00e0 economiche pi\u00f9 che della comunit\u00e0 cristiana. Abbiamo ancora posti liberi, ma non \u00e8 questo il punto: \u00e8 che le esigenze sono simili, e che mettere in cantiere percorsi simili (anche, naturalmente, non organizzati da noi, sarebbe probabilmente una buona idea anche per la comunit\u00e0 cristiana).<\/p>\n<p><a href=\"https:\/\/i0.wp.com\/www.robertosedda.it\/wp-content\/uploads\/2012\/11\/impariamo_a_stare_in_rete.gif\"><img data-attachment-id=\"1542\" data-permalink=\"http:\/\/www.robertosedda.it\/?attachment_id=1542\" data-orig-file=\"https:\/\/i0.wp.com\/www.robertosedda.it\/wp-content\/uploads\/2012\/11\/impariamo_a_stare_in_rete.gif?fit=826%2C1169\" data-orig-size=\"826,1169\" data-comments-opened=\"1\" data-image-meta=\"{&quot;aperture&quot;:&quot;0&quot;,&quot;credit&quot;:&quot;&quot;,&quot;camera&quot;:&quot;&quot;,&quot;caption&quot;:&quot;&quot;,&quot;created_timestamp&quot;:&quot;0&quot;,&quot;copyright&quot;:&quot;&quot;,&quot;focal_length&quot;:&quot;0&quot;,&quot;iso&quot;:&quot;0&quot;,&quot;shutter_speed&quot;:&quot;0&quot;,&quot;title&quot;:&quot;&quot;}\" data-image-title=\"impariamo_a_stare_in_rete\" data-image-description=\"\" data-image-caption=\"\" data-medium-file=\"https:\/\/i0.wp.com\/www.robertosedda.it\/wp-content\/uploads\/2012\/11\/impariamo_a_stare_in_rete.gif?fit=211%2C300\" data-large-file=\"https:\/\/i0.wp.com\/www.robertosedda.it\/wp-content\/uploads\/2012\/11\/impariamo_a_stare_in_rete.gif?fit=510%2C722\" decoding=\"async\" loading=\"lazy\" class=\"aligncenter size-large wp-image-1542\" title=\"impariamo_a_stare_in_rete\" src=\"https:\/\/i0.wp.com\/www.robertosedda.it\/wp-content\/uploads\/2012\/11\/impariamo_a_stare_in_rete.gif?resize=700%2C991\" alt=\"\" width=\"700\" height=\"991\" srcset=\"https:\/\/i0.wp.com\/www.robertosedda.it\/wp-content\/uploads\/2012\/11\/impariamo_a_stare_in_rete.gif?resize=723%2C1024 723w, https:\/\/i0.wp.com\/www.robertosedda.it\/wp-content\/uploads\/2012\/11\/impariamo_a_stare_in_rete.gif?resize=211%2C300 211w, https:\/\/i0.wp.com\/www.robertosedda.it\/wp-content\/uploads\/2012\/11\/impariamo_a_stare_in_rete.gif?resize=700%2C990 700w, https:\/\/i0.wp.com\/www.robertosedda.it\/wp-content\/uploads\/2012\/11\/impariamo_a_stare_in_rete.gif?w=826 826w\" sizes=\"(max-width: 700px) 100vw, 700px\" data-recalc-dims=\"1\" \/><\/a><\/p>\n","protected":false},"excerpt":{"rendered":"<p>Sono molto grato a Carla Anolfo, Vicepresidente per il Settore adulti della nostra AC diocesana che, nel suo quotidiano sforzo<\/p>\n","protected":false},"author":1,"featured_media":1542,"comment_status":"open","ping_status":"open","sticky":false,"template":"","format":"standard","meta":{"_mi_skip_tracking":false,"_monsterinsights_sitenote_active":false,"_monsterinsights_sitenote_note":"","_monsterinsights_sitenote_category":0,"jetpack_post_was_ever_published":false,"_jetpack_newsletter_access":"","jetpack_publicize_message":"","jetpack_is_tweetstorm":false,"jetpack_publicize_feature_enabled":true,"jetpack_social_post_already_shared":false,"jetpack_social_options":{"image_generator_settings":{"template":"highway","enabled":false}}},"categories":[52,64,55,17,16],"tags":[],"jetpack_publicize_connections":[],"jetpack_featured_media_url":"https:\/\/i0.wp.com\/www.robertosedda.it\/wp-content\/uploads\/2012\/11\/impariamo_a_stare_in_rete.gif?fit=826%2C1169","jetpack_sharing_enabled":true,"jetpack_shortlink":"https:\/\/wp.me\/p4jV2T-oQ","jetpack_likes_enabled":true,"jetpack-related-posts":[{"id":2109,"url":"http:\/\/www.robertosedda.it\/?p=2109","url_meta":{"origin":1540,"position":0},"title":"Le impreviste delusioni di padre Spadaro (e quel certo moralismo&#8230;)","author":"Rufus","date":"30\/01\/2013","format":false,"excerpt":"Aperture di credito Qualche settimana fa grazie a un articolo sul sito dell'Azione Cattolica ho scoperto padre Antonio Spadaro: gesuita, direttore della Civilt\u00e0 Cattolica, teologo esperto delle dinamiche del web, animatore culturale e acuto critico di Flannery O'Connor\u00a0(si dice anche che sia lui il consulente principale del Papa per la\u2026","rel":"","context":"In &quot;Coordinate&quot;","block_context":{"text":"Coordinate","link":"http:\/\/www.robertosedda.it\/?cat=52"},"img":{"alt_text":"","src":"https:\/\/i0.wp.com\/www.robertosedda.it\/wp-content\/uploads\/2013\/01\/Web-2.0-Spadaro.jpg?fit=276%2C437&resize=350%2C200","width":350,"height":200},"classes":[]},{"id":13946,"url":"http:\/\/www.robertosedda.it\/?p=13946","url_meta":{"origin":1540,"position":1},"title":"L&#8217;ecumenismo dell&#8217;odio","author":"Rufus","date":"17\/07\/2017","format":false,"excerpt":"Civilt\u00e0 Cattolica ha pubblicato nel suo ultimo numero un articolo a firma congiunta di Padre Spadaro, direttore della testata, e del pastore protestante e collaboratore della rivista Marcelo Figueroa, dal titolo\u00a0Fondamentalismo evangelicale e integralismo cattolico. Un sorprendente ecumenismo. Ok, lo dico subito: la mia prima reazione \u00e8 stata di pensare,\u2026","rel":"","context":"In &quot;Coordinate&quot;","block_context":{"text":"Coordinate","link":"http:\/\/www.robertosedda.it\/?cat=52"},"img":{"alt_text":"","src":"https:\/\/i0.wp.com\/www.robertosedda.it\/wp-content\/uploads\/2017\/07\/Civilt\u00e0-Cattolica.jpg?fit=1200%2C612&resize=350%2C200","width":350,"height":200,"srcset":"https:\/\/i0.wp.com\/www.robertosedda.it\/wp-content\/uploads\/2017\/07\/Civilt\u00e0-Cattolica.jpg?fit=1200%2C612&resize=350%2C200 1x, https:\/\/i0.wp.com\/www.robertosedda.it\/wp-content\/uploads\/2017\/07\/Civilt\u00e0-Cattolica.jpg?fit=1200%2C612&resize=700%2C400 2x, https:\/\/i0.wp.com\/www.robertosedda.it\/wp-content\/uploads\/2017\/07\/Civilt\u00e0-Cattolica.jpg?fit=1200%2C612&resize=1050%2C600 3x"},"classes":[]},{"id":2061,"url":"http:\/\/www.robertosedda.it\/?p=2061","url_meta":{"origin":1540,"position":2},"title":"Primo: ascoltare","author":"Rufus","date":"25\/01\/2013","format":false,"excerpt":"Diversi anni fa, quando frequentavo i gruppi Usenet, leggevo e scrivevo intensamente su it.arti.cinema: e l\u00ec ho incontrato la Mafe. Per diversi anni ci siamo scambiati (insieme con un buon numero di altre persone) almeno un messaggio al giorno, spesso di pi\u00f9. Abbiamo parlato di tutto, abbiamo concordato su molte\u2026","rel":"","context":"In &quot;Coordinate&quot;","block_context":{"text":"Coordinate","link":"http:\/\/www.robertosedda.it\/?cat=52"},"img":{"alt_text":"","src":"https:\/\/i0.wp.com\/www.robertosedda.it\/wp-content\/uploads\/2013\/01\/8850328802p400.gif?fit=400%2C622&resize=350%2C200","width":350,"height":200},"classes":[]},{"id":7217,"url":"http:\/\/www.robertosedda.it\/?p=7217","url_meta":{"origin":1540,"position":3},"title":"Ho esplorato DeoSpace, social network cattolico","author":"Rufus","date":"28\/04\/2014","format":false,"excerpt":"Mentre cercavo una versione digitale del decreto\u00a0Inter Mirifica\u00a0del Concilio Vaticano II mi sono imbattuto in una serie di agenzie di stampa di fine marzo che annunciavano l'inaugurazione di un social network\u00a0 cattolico, di nome DeoSpace. Incuriosito ho seguito il\u00a0link e mi sono iscritto, vagabondandoci un po' dentro.\u00a0\u00c8 stata una sperimentazione\u2026","rel":"","context":"In &quot;Coordinate&quot;","block_context":{"text":"Coordinate","link":"http:\/\/www.robertosedda.it\/?cat=52"},"img":{"alt_text":"","src":"https:\/\/i0.wp.com\/www.robertosedda.it\/wp-content\/uploads\/2014\/04\/DeoSpace-3.jpg?fit=964%2C654&resize=350%2C200","width":350,"height":200,"srcset":"https:\/\/i0.wp.com\/www.robertosedda.it\/wp-content\/uploads\/2014\/04\/DeoSpace-3.jpg?fit=964%2C654&resize=350%2C200 1x, https:\/\/i0.wp.com\/www.robertosedda.it\/wp-content\/uploads\/2014\/04\/DeoSpace-3.jpg?fit=964%2C654&resize=700%2C400 2x"},"classes":[]},{"id":605,"url":"http:\/\/www.robertosedda.it\/?p=605","url_meta":{"origin":1540,"position":4},"title":"Uso personale di ultimotriennio","author":"Rufus","date":"22\/08\/2012","format":"video","excerpt":"Oggi chiedo ospitalit\u00e0 al blog per una mia esigenza personale. Mi \u00e8 capitato ieri di sentirmi chiedere a bruciapelo cosa \u00e8 l'Azione Cattolica. Devo dire che non me l'aspettavo e in qualche modo non sono abituato: fra le persone che frequento, la maggior parte mi conosce da tempo e sa\u2026","rel":"","context":"In &quot;Azione Cattolica&quot;","block_context":{"text":"Azione Cattolica","link":"http:\/\/www.robertosedda.it\/?cat=76"},"img":{"alt_text":"","src":"https:\/\/i0.wp.com\/img.youtube.com\/vi\/JS_t6CJK7bI\/0.jpg?resize=350%2C200","width":350,"height":200},"classes":[]},{"id":562,"url":"http:\/\/www.robertosedda.it\/?p=562","url_meta":{"origin":1540,"position":5},"title":"Acqua bene comune","author":"Rufus","date":"22\/08\/2012","format":false,"excerpt":"Il prossimo 12 giugno si terr\u00e0 una importante consultazione referendaria che prevede, fra gli altri, anche due quesiti sulla gestione delle risorse idriche. Sulla questione si \u00e8 espressa anche la Presidenza nazionale di Azione Cattolica, con una dichiarazione che potete leggere qui. Il gruppo diocesano \u201cLa Pira\u201d ha prodotto in\u2026","rel":"","context":"In &quot;Coordinate&quot;","block_context":{"text":"Coordinate","link":"http:\/\/www.robertosedda.it\/?cat=52"},"img":{"alt_text":"","src":"https:\/\/i0.wp.com\/www.robertosedda.it\/wp-content\/uploads\/2012\/08\/249762_1914023302173_8196898_n.jpg?fit=720%2C540&resize=350%2C200","width":350,"height":200,"srcset":"https:\/\/i0.wp.com\/www.robertosedda.it\/wp-content\/uploads\/2012\/08\/249762_1914023302173_8196898_n.jpg?fit=720%2C540&resize=350%2C200 1x, https:\/\/i0.wp.com\/www.robertosedda.it\/wp-content\/uploads\/2012\/08\/249762_1914023302173_8196898_n.jpg?fit=720%2C540&resize=700%2C400 2x"},"classes":[]}],"_links":{"self":[{"href":"http:\/\/www.robertosedda.it\/index.php?rest_route=\/wp\/v2\/posts\/1540"}],"collection":[{"href":"http:\/\/www.robertosedda.it\/index.php?rest_route=\/wp\/v2\/posts"}],"about":[{"href":"http:\/\/www.robertosedda.it\/index.php?rest_route=\/wp\/v2\/types\/post"}],"author":[{"embeddable":true,"href":"http:\/\/www.robertosedda.it\/index.php?rest_route=\/wp\/v2\/users\/1"}],"replies":[{"embeddable":true,"href":"http:\/\/www.robertosedda.it\/index.php?rest_route=%2Fwp%2Fv2%2Fcomments&post=1540"}],"version-history":[{"count":1,"href":"http:\/\/www.robertosedda.it\/index.php?rest_route=\/wp\/v2\/posts\/1540\/revisions"}],"predecessor-version":[{"id":1543,"href":"http:\/\/www.robertosedda.it\/index.php?rest_route=\/wp\/v2\/posts\/1540\/revisions\/1543"}],"wp:featuredmedia":[{"embeddable":true,"href":"http:\/\/www.robertosedda.it\/index.php?rest_route=\/wp\/v2\/media\/1542"}],"wp:attachment":[{"href":"http:\/\/www.robertosedda.it\/index.php?rest_route=%2Fwp%2Fv2%2Fmedia&parent=1540"}],"wp:term":[{"taxonomy":"category","embeddable":true,"href":"http:\/\/www.robertosedda.it\/index.php?rest_route=%2Fwp%2Fv2%2Fcategories&post=1540"},{"taxonomy":"post_tag","embeddable":true,"href":"http:\/\/www.robertosedda.it\/index.php?rest_route=%2Fwp%2Fv2%2Ftags&post=1540"}],"curies":[{"name":"wp","href":"https:\/\/api.w.org\/{rel}","templated":true}]}}