{"id":15397,"date":"2018-06-25T18:59:01","date_gmt":"2018-06-25T16:59:01","guid":{"rendered":"http:\/\/www.robertosedda.it\/?p=15397"},"modified":"2021-06-25T09:34:40","modified_gmt":"2021-06-25T07:34:40","slug":"piccola-storia-torbida","status":"publish","type":"post","link":"http:\/\/www.robertosedda.it\/?p=15397","title":{"rendered":"Piccola storia torbida"},"content":{"rendered":"<p>Ieri a un certo punto del pomeriggio pioveva fortissimo. Piazza del Cimitero era allagata, l&#8217;acqua scendeva a fiumi dalla salita di Bonaria e poi si scaricava all&#8217;incrocio con via Bottego, sotto casa.<\/p>\n<p>C&#8217;erano le le ragazzine a casa e ci siamo messi alla finestra a guardare. Proprio sotto di noi si vedevano due turisti che si erano rifugiati sotto la tettoia del distributore di benzina, proprio l\u00ec di fronte al torrente, dove la corrente si infrangeva su quel lieve rialzo.<\/p>\n<p>A un certo punto zia Bonnie ha cominciato a gridare: \u00abUn topo! Un topo!\u00bb. Aveva ragione: c&#8217;era un ratto&nbsp;<em>enorme<\/em> che era trascinato dalla corrente e nuotava valorosamente verso il distributore. Anche i due turisti l&#8217;hanno visto, e hanno cominciato a schizzargli contro coi piedi e le mani dell&#8217;acqua,&nbsp;per farlo deviare.<\/p>\n<p>Ma quello niente: gli \u00e8 arrivato praticamente addosso e allora i turisti hanno cominciato a fare dei balzi altissimi e frenetici,&nbsp;ora su un piede ora sull&#8217;altro, per cercare di evitarlo, mentre quello, pi\u00f9 turbato di loro, gli girava in mezzo.<\/p>\n<p>Abbiamo riso molto.<\/p>\n<p>Poi, siccome ci siamo vergognati, abbiamo aperto la finestra e gli abbiamo fatto grandi cenni per dirgli se volevano salire e ripararsi da noi.<\/p>\n<p>\u00abNo, no, it&#8217;s okay\u00bb, ci hanno risposto, un po&#8217; stravolti.<\/p>\n","protected":false},"excerpt":{"rendered":"<p>Ieri a un certo punto del pomeriggio pioveva fortissimo. Piazza del Cimitero era allagata, l&#8217;acqua scendeva a fiumi dalla salita<\/p>\n","protected":false},"author":1,"featured_media":7662,"comment_status":"open","ping_status":"open","sticky":false,"template":"","format":"standard","meta":{"_mi_skip_tracking":false,"_monsterinsights_sitenote_active":false,"_monsterinsights_sitenote_note":"","_monsterinsights_sitenote_category":0,"jetpack_post_was_ever_published":false,"_jetpack_newsletter_access":"","jetpack_publicize_message":"","jetpack_is_tweetstorm":false,"jetpack_publicize_feature_enabled":true,"jetpack_social_post_already_shared":true,"jetpack_social_options":{"image_generator_settings":{"template":"highway","enabled":false}}},"categories":[52,86,53,18,16],"tags":[],"jetpack_publicize_connections":[],"jetpack_featured_media_url":"https:\/\/i0.wp.com\/www.robertosedda.it\/wp-content\/uploads\/2014\/06\/Basilica-Bonaria-2.jpg?fit=960%2C540","jetpack_sharing_enabled":true,"jetpack_shortlink":"https:\/\/wp.me\/p4jV2T-40l","jetpack_likes_enabled":true,"jetpack-related-posts":[{"id":20070,"url":"http:\/\/www.robertosedda.it\/?p=20070","url_meta":{"origin":15397,"position":0},"title":"Discutere con i cretini","author":"Rufus","date":"22\/06\/2023","format":false,"excerpt":"Premessa: in questo articolo, per proteggere gli innocenti (cio\u00e8 me) dalla riprovazione dei polemisti di professione, non ci si riferir\u00e0 a situazioni reali ma, per prudenza, a cugini inesistenti che discutono di paperi e topi. Primo stadio Libro dei Proverbi, 26,4 Riflettevo, in questi giorni, che \u00e8 diffusa la battuta\u2026","rel":"","context":"In &quot;Coordinate&quot;","block_context":{"text":"Coordinate","link":"http:\/\/www.robertosedda.it\/?cat=52"},"img":{"alt_text":"","src":"https:\/\/i0.wp.com\/www.robertosedda.it\/wp-content\/uploads\/2023\/06\/Hogtez.png?fit=894%2C493&resize=350%2C200","width":350,"height":200,"srcset":"https:\/\/i0.wp.com\/www.robertosedda.it\/wp-content\/uploads\/2023\/06\/Hogtez.png?fit=894%2C493&resize=350%2C200 1x, https:\/\/i0.wp.com\/www.robertosedda.it\/wp-content\/uploads\/2023\/06\/Hogtez.png?fit=894%2C493&resize=700%2C400 2x"},"classes":[]},{"id":8278,"url":"http:\/\/www.robertosedda.it\/?p=8278","url_meta":{"origin":15397,"position":1},"title":"Ho salvato due turisti in viale Cimitero (\u00e8 per questo che il turismo cos\u00ec tanto svilupp\u00f2)","author":"Rufus","date":"01\/09\/2014","format":false,"excerpt":"Anni fa sono stato a Genova con Maria Bonaria, per un seminario formativo del\u00a0CPPP (che sarebbe il\u00a0Centro psicopedagogico per la pace\u00a0di Daniele Novara) e un po' di turismo. Una cosa che ci aveva colpito \u00e8 che appena tiravamo fuori la cartina c'era subito qualcuno, gentilissimo, che ci diceva: \u00abVi servono\u2026","rel":"","context":"In &quot;Coordinate&quot;","block_context":{"text":"Coordinate","link":"http:\/\/www.robertosedda.it\/?cat=52"},"img":{"alt_text":"","src":"https:\/\/i0.wp.com\/www.robertosedda.it\/wp-content\/uploads\/2014\/09\/DSCN0873.jpg?fit=1200%2C900&resize=350%2C200","width":350,"height":200,"srcset":"https:\/\/i0.wp.com\/www.robertosedda.it\/wp-content\/uploads\/2014\/09\/DSCN0873.jpg?fit=1200%2C900&resize=350%2C200 1x, https:\/\/i0.wp.com\/www.robertosedda.it\/wp-content\/uploads\/2014\/09\/DSCN0873.jpg?fit=1200%2C900&resize=700%2C400 2x, https:\/\/i0.wp.com\/www.robertosedda.it\/wp-content\/uploads\/2014\/09\/DSCN0873.jpg?fit=1200%2C900&resize=1050%2C600 3x"},"classes":[]},{"id":3627,"url":"http:\/\/www.robertosedda.it\/?p=3627","url_meta":{"origin":15397,"position":2},"title":"Da un teaser su Cagliari all&#8217;altro","author":"Rufus","date":"21\/06\/2013","format":"video","excerpt":"Ieri, mentre preparavo la recensione della Cagliari Unofficial Guide, ho trovato un video che voglio farvi vedere. \u00c8 una pubblicit\u00e0 (si scopre a met\u00e0 del video) ma prima di tutto \u00e8 una descrizione di Cagliari a uso turisti, secondo me tra l'altro fatta piuttosto bene, divertente e accattivante. Ma quello\u2026","rel":"","context":"In &quot;Coordinate&quot;","block_context":{"text":"Coordinate","link":"http:\/\/www.robertosedda.it\/?cat=52"},"img":{"alt_text":"","src":"https:\/\/i0.wp.com\/www.robertosedda.it\/wp-content\/uploads\/2013\/06\/Teaser-Cagliari.png?fit=1200%2C673&resize=350%2C200","width":350,"height":200,"srcset":"https:\/\/i0.wp.com\/www.robertosedda.it\/wp-content\/uploads\/2013\/06\/Teaser-Cagliari.png?fit=1200%2C673&resize=350%2C200 1x, https:\/\/i0.wp.com\/www.robertosedda.it\/wp-content\/uploads\/2013\/06\/Teaser-Cagliari.png?fit=1200%2C673&resize=700%2C400 2x, https:\/\/i0.wp.com\/www.robertosedda.it\/wp-content\/uploads\/2013\/06\/Teaser-Cagliari.png?fit=1200%2C673&resize=1050%2C600 3x"},"classes":[]},{"id":3632,"url":"http:\/\/www.robertosedda.it\/?p=3632","url_meta":{"origin":15397,"position":3},"title":"La Cagliari Unofficial Guide","author":"Rufus","date":"20\/06\/2013","format":"video","excerpt":"\u00c8 successo un po' gradatamente e non tutti ce ne siamo accorti, ma Cagliari \u00e8 diventata una citt\u00e0 turistica. Che sia l'effetto di tutta quella gente che mentre se ne stava a Villasimius o Nora intanto se ne veniva a fare la spesa o passare una giornata in citt\u00e0 (sentita\u2026","rel":"","context":"In &quot;Coordinate&quot;","block_context":{"text":"Coordinate","link":"http:\/\/www.robertosedda.it\/?cat=52"},"img":{"alt_text":"","src":"https:\/\/i0.wp.com\/www.robertosedda.it\/wp-content\/uploads\/2013\/06\/cagliari-unofficial-426x268.png?fit=426%2C268&resize=350%2C200","width":350,"height":200},"classes":[]},{"id":3978,"url":"http:\/\/www.robertosedda.it\/?p=3978","url_meta":{"origin":15397,"position":4},"title":"Ancora al Festival delle Terre","author":"Rufus","date":"15\/07\/2013","format":"video","excerpt":"Dopo un'assenza dovuta alla partecipazione a una grigliata di famiglia ieri sono tornato al Festival delle Terre. In programma c'erano un reading dei Mama Sabot su Quirra e due cortometraggi. Sul reading, che era di fatto propedeutico alla prima proiezione, passo. Non l'ho trovato efficacissimo - temo che la scrittura\u2026","rel":"","context":"In &quot;Coordinate&quot;","block_context":{"text":"Coordinate","link":"http:\/\/www.robertosedda.it\/?cat=52"},"img":{"alt_text":"","src":"https:\/\/i0.wp.com\/www.robertosedda.it\/wp-content\/uploads\/2013\/07\/Materia-oscura.png?fit=998%2C513&resize=350%2C200","width":350,"height":200,"srcset":"https:\/\/i0.wp.com\/www.robertosedda.it\/wp-content\/uploads\/2013\/07\/Materia-oscura.png?fit=998%2C513&resize=350%2C200 1x, https:\/\/i0.wp.com\/www.robertosedda.it\/wp-content\/uploads\/2013\/07\/Materia-oscura.png?fit=998%2C513&resize=700%2C400 2x"},"classes":[]},{"id":4489,"url":"http:\/\/www.robertosedda.it\/?p=4489","url_meta":{"origin":15397,"position":5},"title":"La mia vita con il Papa &#8211; le premesse","author":"Rufus","date":"22\/09\/2013","format":false,"excerpt":"Il Papa in Sardegna. A Cagliari. A Bonaria. Cio\u00e8... da me. Come tutti sanno domani il Papa viene a Cagliari. Forse non tutti invece sanno che casa mia \u00e8 esattamente al centro della zona focale della visita del Papa. Due mesi fa la cosa sembrava tanto carina: ci affacceremo al\u2026","rel":"","context":"In &quot;Coordinate&quot;","block_context":{"text":"Coordinate","link":"http:\/\/www.robertosedda.it\/?cat=52"},"img":{"alt_text":"","src":"https:\/\/i0.wp.com\/www.robertosedda.it\/wp-content\/uploads\/2013\/09\/ALIM3040.jpg?fit=1200%2C900&resize=350%2C200","width":350,"height":200,"srcset":"https:\/\/i0.wp.com\/www.robertosedda.it\/wp-content\/uploads\/2013\/09\/ALIM3040.jpg?fit=1200%2C900&resize=350%2C200 1x, https:\/\/i0.wp.com\/www.robertosedda.it\/wp-content\/uploads\/2013\/09\/ALIM3040.jpg?fit=1200%2C900&resize=700%2C400 2x, https:\/\/i0.wp.com\/www.robertosedda.it\/wp-content\/uploads\/2013\/09\/ALIM3040.jpg?fit=1200%2C900&resize=1050%2C600 3x"},"classes":[]}],"_links":{"self":[{"href":"http:\/\/www.robertosedda.it\/index.php?rest_route=\/wp\/v2\/posts\/15397"}],"collection":[{"href":"http:\/\/www.robertosedda.it\/index.php?rest_route=\/wp\/v2\/posts"}],"about":[{"href":"http:\/\/www.robertosedda.it\/index.php?rest_route=\/wp\/v2\/types\/post"}],"author":[{"embeddable":true,"href":"http:\/\/www.robertosedda.it\/index.php?rest_route=\/wp\/v2\/users\/1"}],"replies":[{"embeddable":true,"href":"http:\/\/www.robertosedda.it\/index.php?rest_route=%2Fwp%2Fv2%2Fcomments&post=15397"}],"version-history":[{"count":2,"href":"http:\/\/www.robertosedda.it\/index.php?rest_route=\/wp\/v2\/posts\/15397\/revisions"}],"predecessor-version":[{"id":18892,"href":"http:\/\/www.robertosedda.it\/index.php?rest_route=\/wp\/v2\/posts\/15397\/revisions\/18892"}],"wp:featuredmedia":[{"embeddable":true,"href":"http:\/\/www.robertosedda.it\/index.php?rest_route=\/wp\/v2\/media\/7662"}],"wp:attachment":[{"href":"http:\/\/www.robertosedda.it\/index.php?rest_route=%2Fwp%2Fv2%2Fmedia&parent=15397"}],"wp:term":[{"taxonomy":"category","embeddable":true,"href":"http:\/\/www.robertosedda.it\/index.php?rest_route=%2Fwp%2Fv2%2Fcategories&post=15397"},{"taxonomy":"post_tag","embeddable":true,"href":"http:\/\/www.robertosedda.it\/index.php?rest_route=%2Fwp%2Fv2%2Ftags&post=15397"}],"curies":[{"name":"wp","href":"https:\/\/api.w.org\/{rel}","templated":true}]}}