{"id":15366,"date":"2018-06-15T13:15:33","date_gmt":"2018-06-15T11:15:33","guid":{"rendered":"http:\/\/www.robertosedda.it\/?p=15366"},"modified":"2022-06-16T08:17:04","modified_gmt":"2022-06-16T06:17:04","slug":"cose-di-cui-non-parlare","status":"publish","type":"post","link":"http:\/\/www.robertosedda.it\/?p=15366","title":{"rendered":"Cose di cui non parlare"},"content":{"rendered":"<p>Ho letto tempo fa un articolo interessante, che purtroppo non riesco a ritrovare, sugli argomenti che gli americani non avrebbero voluto toccare all&#8217;ultima festa del Ringraziamento.<\/p>\n<p><a href=\"https:\/\/i0.wp.com\/www.robertosedda.it\/wp-content\/uploads\/2018\/06\/Thanksgiving.jpg\"><img data-attachment-id=\"15368\" data-permalink=\"http:\/\/www.robertosedda.it\/?attachment_id=15368\" data-orig-file=\"https:\/\/i0.wp.com\/www.robertosedda.it\/wp-content\/uploads\/2018\/06\/Thanksgiving.jpg?fit=768%2C488\" data-orig-size=\"768,488\" data-comments-opened=\"1\" data-image-meta=\"{&quot;aperture&quot;:&quot;0&quot;,&quot;credit&quot;:&quot;&quot;,&quot;camera&quot;:&quot;&quot;,&quot;caption&quot;:&quot;&quot;,&quot;created_timestamp&quot;:&quot;0&quot;,&quot;copyright&quot;:&quot;&quot;,&quot;focal_length&quot;:&quot;0&quot;,&quot;iso&quot;:&quot;0&quot;,&quot;shutter_speed&quot;:&quot;0&quot;,&quot;title&quot;:&quot;&quot;,&quot;orientation&quot;:&quot;0&quot;}\" data-image-title=\"Thanksgiving\" data-image-description=\"\" data-image-caption=\"\" data-medium-file=\"https:\/\/i0.wp.com\/www.robertosedda.it\/wp-content\/uploads\/2018\/06\/Thanksgiving.jpg?fit=300%2C191\" data-large-file=\"https:\/\/i0.wp.com\/www.robertosedda.it\/wp-content\/uploads\/2018\/06\/Thanksgiving.jpg?fit=510%2C324\" decoding=\"async\" loading=\"lazy\" class=\"aligncenter size-full wp-image-15368\" src=\"https:\/\/i0.wp.com\/www.robertosedda.it\/wp-content\/uploads\/2018\/06\/Thanksgiving.jpg?resize=768%2C488\" alt=\"\" width=\"768\" height=\"488\" srcset=\"https:\/\/i0.wp.com\/www.robertosedda.it\/wp-content\/uploads\/2018\/06\/Thanksgiving.jpg?w=768 768w, https:\/\/i0.wp.com\/www.robertosedda.it\/wp-content\/uploads\/2018\/06\/Thanksgiving.jpg?resize=150%2C95 150w, https:\/\/i0.wp.com\/www.robertosedda.it\/wp-content\/uploads\/2018\/06\/Thanksgiving.jpg?resize=300%2C191 300w, https:\/\/i0.wp.com\/www.robertosedda.it\/wp-content\/uploads\/2018\/06\/Thanksgiving.jpg?resize=510%2C324 510w, https:\/\/i0.wp.com\/www.robertosedda.it\/wp-content\/uploads\/2018\/06\/Thanksgiving.jpg?resize=700%2C445 700w\" sizes=\"(max-width: 768px) 100vw, 768px\" data-recalc-dims=\"1\" \/><\/a>Si tratta di un sondaggio che viene fatto tutti gli anni, perch\u00e9 pare che tradizionalmente il Ringraziamento, che rimette insieme famiglie che magari non si vedono in nessun&#8217;altra occasione, sia spesso una grande fonte di imbarazzo e anche di frizioni. Gli argomenti che di solito la gente non vorrebbe che venissero toccati durante la festa sono abitualmente cose tipo i soldi (per evitare che il cugino del Wisconsin ti chieda magari aiuto per pagare il mutuo), la salute (affinch\u00e9 la zia di Cleveland non possa entrare in troppi dettagli sulla nuovissima cura per le ragadi anali che sta sperimentando), la religione e le preferenze sessuali (che spesso in America e altrove sono un po&#8217; lo stesso argomento).<\/p>\n<p>Questo di solito: la grande novit\u00e0 del 2017 era che la gente riteneva che il modo migliore di rovinare la festa sarebbe stato parlare di Trump. Molto meglio le ragadi anali, il cugino che adesso si chiama Ramona, le prescrizioni alimentari di una esotica setta ebraica newyorkese e perfino il mutuo del Wisconsin, ma Trump proprio no. Una richiesta cos\u00ec maggioritaria nei numeri che \u00e8 certo che alla fine se uno ha anche solo provato a dire: \u00abAvete visto che Tr&#8230;\u00bb tutti i parenti sicuramente l&#8217;hanno preso, cucito dentro il tacchino e lasciato chiuso nella dispensa fino alla fine della festa, cos\u00ec impara.<\/p>\n<p>Mi ritornava in mente l&#8217;episodio nei giorni scorsi, quando mi \u00e8 capitato di vedere un certo numero di razzisti salviniani (non c&#8217;\u00e8 altra parola) allargarsi a condividere <em>meme<\/em>, filmati e altre minchiate (scusate, non c&#8217;\u00e8 altra parola) nei posti pi\u00f9 impensati.<\/p>\n<p>Ora, non parlo dei\u00a0<em>social<\/em>. L\u00ec la cosa fa parte delle regole del gioco e ognuno condivide quel che gli pare (quel che \u00e8 strano, ovviamente, sono quelli che si offendono se gli rispondi, ma questo \u00e8 un altro discorso). E sui <em>social<\/em>, oltretutto, in questo periodo non sono solo i razzisti salviniani a essere tossici: c&#8217;\u00e8 una vasta scelta a disposizione per tutti i gusti, che occupa tutte le sfumature possibili della destra, dal PD a Casapound, e anche parecchie sfumature non di destra.<\/p>\n<p>No, quello che voglio dire \u00e8 che tu sei l\u00ec nel gruppo, che so, degli esperti dei profilati in ferro, o nella lista\u00a0<em>WhatsApp<\/em> che deve organizzare la pizzata per i dieci anni di Mariuccia, e c&#8217;\u00e8 uno che improvvisamente ti piazza la storia che \u00e8 finita la pacchia, o cose del genere.<\/p>\n<p>E io mi chiedo: \u00abMa perch\u00e9?\u00bb. Normalmente uno non \u00e8 che, per dire, va in un posto dove non conosce nessuno, mettiamo lo studio del medico, e dice: \u00abAaaah, meno male che qui non ci sono ricchioni di merda\u00bb. Perch\u00e9 il rischio normale \u00e8 che la signora a fianco a te, che si \u00e8 appena trasferita dall&#8217;America e ha un figlio che si chiama Ramona, ti faccia mangiare la borsetta, no? Non \u00e8 che conosci un cliente potenziale e subito gli racconti una barzelletta sui grillini scemi, perch\u00e9 se \u00e8 grillino ti dice che, sai che c&#8217;\u00e8, lui va a fare acquisti altrove. Non vai alla cena di Natale dove la cugina Liliana ha appena portato il fidanzato nuovo e parli male dei siciliani, non finch\u00e9 hai controllato che sia nato sopra lo Stretto.<\/p>\n<p>Nei posti che non conosce tanto bene\u00a0 uno di solito si tiene tranquillo. Le vecchie\u00a0<em>tzie\u00a0<\/em>di Orani che ho conosciuto, massima autorit\u00e0 mai esistita sul <em>savoir faire<\/em>, prima di dare un giudizio su qualunque cosa intraprendevano percorsi esplorativi che al confronto il dottor Livingstone era un dilettante. E poi i giudizi li davano, ma sempre con la dovuta accortezza. In societ\u00e0 \u00e8 questa la prassi\u00a0<em>normale<\/em>, salvo che uno non voglia passare l&#8217;intera giornata a rompere le palle agli altri e rompersele lui di rimando: ma quelli si chiamano sociopatici.<\/p>\n<p>E quindi mi chiedo: ma questi qui tronfi che, non so, nel gruppo del taglia e cuci\u00a0 postano un elogio delle camere a gas come se fosse la cosa pi\u00f9 naturale e appropriata del mondo, ma dove (non) hanno imparato a vivere?<\/p>\n<p>E la seconda cosa che un po&#8217; mi meraviglia \u00e8 che noto che fra tutti i tossici che si aggirano per i\u00a0<em>social<\/em>\u00a0gli unici che hanno la protervia gradassa di mettersi l\u00ec a sputare sentenze in luoghi impropri come se il mondo corrispondesse totalmente alla loro immagine sono appunto i razzisti salviniani e un po&#8217; mi chiedo come mai, cio\u00e8 come mai fra i tanti deliri paranoidi che quotidianamente ci assediano &#8211; mi cito: da poco ho scritto su <em>Facebook<\/em><\/p>\n<blockquote><p>Quelli di voi che &#8220;vedono&#8221; un categoria a scelta qualunque fra gli immigrati, i cinquestelle, gli analfabeti funzionali, i cattolici, i nazisti, i leghisti, i comunisti, i gufi, i renziani, i novax, i vegani, i buonisti, le ONG, i fascisti, i populisti eccetera non secondo la realt\u00e0 ma secondo categorie accuratamente selezionate dalla propria immaginazione per confermare i propri preconcetti, in termini tecnici si chiama &#8220;delirio&#8221;: fatevi vedere. Da uno bravo.<br \/>\nOh, dico a te che hai appena scosso la testa con compatimento, eh.<br \/>\nE te che hai pensato: &#8220;ah, e allora questa prova provata che mi hanno condiviso che dimostra che [inserire uno a scelta fra &#8220;immigrati, i cinquestelle, gli analfabeti funzionali&#8230;] sono proprio cos\u00ec&#8221;, rileggi con attenzione la parte con &#8220;categorie accuratamente selezionate&#8221;.<br \/>\n<a class=\"_58cn\" href=\"https:\/\/www.facebook.com\/hashtag\/mabravoeh?source=feed_text\" data-ft=\"{&quot;tn&quot;:&quot;*N&quot;,&quot;type&quot;:104}\"><span class=\"_5afx\"><span class=\"_58cl _5afz\" aria-label=\"hashtag\">#<\/span><span class=\"_58cm\">mabravoeh<\/span><\/span><\/a><\/p><\/blockquote>\n<p>&#8211; fra tutti questi deliri, dicevo, questo sia l&#8217;unico che sente il bisogno di essere espansivo e condivisivo.<\/p>\n<p>Un po&#8217; come quelli che postano foto di tettone seminude, dando per scontato che a tutti piacciano.<\/p>\n<p>Onanisti, praticamente.<\/p>\n","protected":false},"excerpt":{"rendered":"<p>Ho letto tempo fa un articolo interessante, che purtroppo non riesco a ritrovare, sugli argomenti che gli americani non avrebbero<\/p>\n","protected":false},"author":1,"featured_media":15368,"comment_status":"open","ping_status":"open","sticky":false,"template":"","format":"standard","meta":{"_mi_skip_tracking":false,"_monsterinsights_sitenote_active":false,"_monsterinsights_sitenote_note":"","_monsterinsights_sitenote_category":0,"jetpack_post_was_ever_published":false,"_jetpack_newsletter_access":"","jetpack_publicize_message":"","jetpack_is_tweetstorm":false,"jetpack_publicize_feature_enabled":true,"jetpack_social_post_already_shared":true,"jetpack_social_options":{"image_generator_settings":{"template":"highway","enabled":false}}},"categories":[52,57,17,59,16],"tags":[],"jetpack_publicize_connections":[],"jetpack_featured_media_url":"https:\/\/i0.wp.com\/www.robertosedda.it\/wp-content\/uploads\/2018\/06\/Thanksgiving.jpg?fit=768%2C488","jetpack_sharing_enabled":true,"jetpack_shortlink":"https:\/\/wp.me\/p4jV2T-3ZQ","jetpack_likes_enabled":true,"jetpack-related-posts":[{"id":8098,"url":"http:\/\/www.robertosedda.it\/?p=8098","url_meta":{"origin":15366,"position":0},"title":"Nuove foto del bookcrossing","author":"Rufus","date":"31\/07\/2014","format":"gallery","excerpt":"A distanza di diverse settimane dalla festa dei cinquant'anni mi ritrovo un altro po' di foto relative all'evento (una prima serie di foto \u00e8 gi\u00e0 state pubblicata tempo fa). Pubblico anche queste sebbene sia passato del tempo un po' perch\u00e9... s\u00ec, un po' perch\u00e9 magari qualcuno ci si riconosce e\u2026","rel":"","context":"In &quot;Coordinate&quot;","block_context":{"text":"Coordinate","link":"http:\/\/www.robertosedda.it\/?cat=52"},"img":{"alt_text":"","src":"https:\/\/i0.wp.com\/www.robertosedda.it\/wp-content\/uploads\/2014\/07\/Amici-1.jpg?resize=350%2C200","width":350,"height":200},"classes":[]},{"id":12353,"url":"http:\/\/www.robertosedda.it\/?p=12353","url_meta":{"origin":15366,"position":1},"title":"Lo dico sinceramente&#8230;","author":"Rufus","date":"25\/08\/2016","format":false,"excerpt":"\u00c8 stato pubblicato oggi\u00a0sul sito di Banca Etica l'annuncio ufficiale del fatto\u00a0che il 23 settembre inauguriamo ufficialmente la nuova sede del banchiere ambulante a Cagliari. E quindi ciao, arrivederci, \u00e8 stato bello conoscervi: fino al 23 io non esisto pi\u00f9,\u00a0kaputt, c'\u00e8 un monte impressionante di cose da fare, perch\u00e9 ci\u2026","rel":"","context":"In &quot;Banche e finanza&quot;","block_context":{"text":"Banche e finanza","link":"http:\/\/www.robertosedda.it\/?cat=72"},"img":{"alt_text":"","src":"https:\/\/i0.wp.com\/www.robertosedda.it\/wp-content\/uploads\/2016\/08\/Banca-Etica-Cagliari.jpg?fit=962%2C726&resize=350%2C200","width":350,"height":200,"srcset":"https:\/\/i0.wp.com\/www.robertosedda.it\/wp-content\/uploads\/2016\/08\/Banca-Etica-Cagliari.jpg?fit=962%2C726&resize=350%2C200 1x, https:\/\/i0.wp.com\/www.robertosedda.it\/wp-content\/uploads\/2016\/08\/Banca-Etica-Cagliari.jpg?fit=962%2C726&resize=700%2C400 2x"},"classes":[]},{"id":20488,"url":"http:\/\/www.robertosedda.it\/?p=20488","url_meta":{"origin":15366,"position":2},"title":"La parentesi spagnola","author":"Rufus","date":"09\/05\/2024","format":false,"excerpt":"L'anno scorso il gruppo dei soci della Sardegna meridionale di Banca Popolare Etica ha fatto un gemellaggio coi soci andalusi, e fra le altre cose siamo andati alcuni giorni a Granada. Abbiamo incontrato realt\u00e0 dell'economa sociale locale (alcune straordinarie), abbiamo fatto un po' di turismo - l'Alhambra \u00e8 uno dei\u2026","rel":"","context":"In &quot;Coordinate&quot;","block_context":{"text":"Coordinate","link":"http:\/\/www.robertosedda.it\/?cat=52"},"img":{"alt_text":"","src":"https:\/\/i0.wp.com\/www.robertosedda.it\/wp-content\/uploads\/2024\/05\/Granada-feria-scaled.jpg?fit=1200%2C900&resize=350%2C200","width":350,"height":200,"srcset":"https:\/\/i0.wp.com\/www.robertosedda.it\/wp-content\/uploads\/2024\/05\/Granada-feria-scaled.jpg?fit=1200%2C900&resize=350%2C200 1x, https:\/\/i0.wp.com\/www.robertosedda.it\/wp-content\/uploads\/2024\/05\/Granada-feria-scaled.jpg?fit=1200%2C900&resize=700%2C400 2x, https:\/\/i0.wp.com\/www.robertosedda.it\/wp-content\/uploads\/2024\/05\/Granada-feria-scaled.jpg?fit=1200%2C900&resize=1050%2C600 3x"},"classes":[]},{"id":8285,"url":"http:\/\/www.robertosedda.it\/?p=8285","url_meta":{"origin":15366,"position":3},"title":"Bilancio e ringraziamenti annuali","author":"Rufus","date":"01\/09\/2014","format":false,"excerpt":"Col 31 agosto il sito ha festeggiato due anni di vita e quindi \u00e8 tempo di bilanci. Non tanto perch\u00e9 i numeri siano rilevanti:\u00a0La casa di Roberto resta, come \u00e8 giusto che sia, un sito assolutamente minuscolo\u00a0nel vasto mondo della rete, con numeri di visitatori molto bassi. Cio\u00e8, sono numeri\u2026","rel":"","context":"In &quot;Coordinate&quot;","block_context":{"text":"Coordinate","link":"http:\/\/www.robertosedda.it\/?cat=52"},"img":{"alt_text":"","src":"https:\/\/i0.wp.com\/www.robertosedda.it\/wp-content\/uploads\/2014\/09\/Pasquetta-2004-019.jpg?fit=1200%2C900&resize=350%2C200","width":350,"height":200,"srcset":"https:\/\/i0.wp.com\/www.robertosedda.it\/wp-content\/uploads\/2014\/09\/Pasquetta-2004-019.jpg?fit=1200%2C900&resize=350%2C200 1x, https:\/\/i0.wp.com\/www.robertosedda.it\/wp-content\/uploads\/2014\/09\/Pasquetta-2004-019.jpg?fit=1200%2C900&resize=700%2C400 2x, https:\/\/i0.wp.com\/www.robertosedda.it\/wp-content\/uploads\/2014\/09\/Pasquetta-2004-019.jpg?fit=1200%2C900&resize=1050%2C600 3x"},"classes":[]},{"id":16352,"url":"http:\/\/www.robertosedda.it\/?p=16352","url_meta":{"origin":15366,"position":4},"title":"Cosa dice Sedda","author":"Rufus","date":"15\/03\/2019","format":false,"excerpt":"Carlo Cefaloni di Citt\u00e0 Nuova mi ha fatto un paio di domande sulla situazione della Sardegna. Io gli ho risposto con tre pagine di divagazioni su argomenti sui quali non ho alcun titolo per parlare, ci sono stati un po' di tagli e alla fine alla fine il risultato \u00e8\u2026","rel":"","context":"In &quot;Segnalazioni&quot;","block_context":{"text":"Segnalazioni","link":"http:\/\/www.robertosedda.it\/?cat=95"},"img":{"alt_text":"","src":"https:\/\/i0.wp.com\/www.robertosedda.it\/wp-content\/uploads\/2019\/03\/capture_decran_2017-07-12_a_14.30.08.png?fit=750%2C250&resize=350%2C200","width":350,"height":200,"srcset":"https:\/\/i0.wp.com\/www.robertosedda.it\/wp-content\/uploads\/2019\/03\/capture_decran_2017-07-12_a_14.30.08.png?fit=750%2C250&resize=350%2C200 1x, https:\/\/i0.wp.com\/www.robertosedda.it\/wp-content\/uploads\/2019\/03\/capture_decran_2017-07-12_a_14.30.08.png?fit=750%2C250&resize=700%2C400 2x"},"classes":[]},{"id":14058,"url":"http:\/\/www.robertosedda.it\/?p=14058","url_meta":{"origin":15366,"position":5},"title":"Si riprende!","author":"Rufus","date":"21\/08\/2017","format":false,"excerpt":"Vedo che l'ultimo articolo su questo blog l'ho scritto il 3 agosto. Il 6 sono andato in vacanza e non ho pi\u00f9 scritto: rispetto agli anni scorsi la vacanza era pi\u00f9 intensa, il tempo minore, la connessione wi-fi dell'albergo meno efficiente, e insomma non ho scritto. Facebook era molto preoccupato.\u2026","rel":"","context":"In &quot;Coordinate&quot;","block_context":{"text":"Coordinate","link":"http:\/\/www.robertosedda.it\/?cat=52"},"img":{"alt_text":"","src":"https:\/\/i0.wp.com\/www.robertosedda.it\/wp-content\/uploads\/2017\/08\/ALIM4919.jpg?fit=1200%2C900&resize=350%2C200","width":350,"height":200,"srcset":"https:\/\/i0.wp.com\/www.robertosedda.it\/wp-content\/uploads\/2017\/08\/ALIM4919.jpg?fit=1200%2C900&resize=350%2C200 1x, https:\/\/i0.wp.com\/www.robertosedda.it\/wp-content\/uploads\/2017\/08\/ALIM4919.jpg?fit=1200%2C900&resize=700%2C400 2x, https:\/\/i0.wp.com\/www.robertosedda.it\/wp-content\/uploads\/2017\/08\/ALIM4919.jpg?fit=1200%2C900&resize=1050%2C600 3x"},"classes":[]}],"_links":{"self":[{"href":"http:\/\/www.robertosedda.it\/index.php?rest_route=\/wp\/v2\/posts\/15366"}],"collection":[{"href":"http:\/\/www.robertosedda.it\/index.php?rest_route=\/wp\/v2\/posts"}],"about":[{"href":"http:\/\/www.robertosedda.it\/index.php?rest_route=\/wp\/v2\/types\/post"}],"author":[{"embeddable":true,"href":"http:\/\/www.robertosedda.it\/index.php?rest_route=\/wp\/v2\/users\/1"}],"replies":[{"embeddable":true,"href":"http:\/\/www.robertosedda.it\/index.php?rest_route=%2Fwp%2Fv2%2Fcomments&post=15366"}],"version-history":[{"count":3,"href":"http:\/\/www.robertosedda.it\/index.php?rest_route=\/wp\/v2\/posts\/15366\/revisions"}],"predecessor-version":[{"id":19743,"href":"http:\/\/www.robertosedda.it\/index.php?rest_route=\/wp\/v2\/posts\/15366\/revisions\/19743"}],"wp:featuredmedia":[{"embeddable":true,"href":"http:\/\/www.robertosedda.it\/index.php?rest_route=\/wp\/v2\/media\/15368"}],"wp:attachment":[{"href":"http:\/\/www.robertosedda.it\/index.php?rest_route=%2Fwp%2Fv2%2Fmedia&parent=15366"}],"wp:term":[{"taxonomy":"category","embeddable":true,"href":"http:\/\/www.robertosedda.it\/index.php?rest_route=%2Fwp%2Fv2%2Fcategories&post=15366"},{"taxonomy":"post_tag","embeddable":true,"href":"http:\/\/www.robertosedda.it\/index.php?rest_route=%2Fwp%2Fv2%2Ftags&post=15366"}],"curies":[{"name":"wp","href":"https:\/\/api.w.org\/{rel}","templated":true}]}}