{"id":1520,"date":"2012-11-27T19:15:23","date_gmt":"2012-11-27T18:15:23","guid":{"rendered":"http:\/\/www.robertosedda.it\/?p=1520"},"modified":"2013-12-05T12:02:39","modified_gmt":"2013-12-05T11:02:39","slug":"storie-che-non-capisco","status":"publish","type":"post","link":"http:\/\/www.robertosedda.it\/?p=1520","title":{"rendered":"Storie che non capisco"},"content":{"rendered":"<p>Come molti appassionati di fumetti, ho aspettato con una certa trepidazione l&#8217;uscita della nuova collana Bonelli <a href=\"http:\/\/www.sergiobonellieditore.it\/auto\/cpers_index?pers=lestorie\"><em>Le storie<\/em><\/a>: alla gente della mia generazione fa effetto\u00a0una pubblicit\u00e0 che annuncia\u00a0che una nuova uscita si propone di raccogliere l&#8217;eredit\u00e0 di una serie ormai leggendaria come la collana\u00a0<a href=\"http:\/\/it.wikipedia.org\/wiki\/Un_uomo_un%27avventura\"><em>Un uomo, un&#8217;avventura<\/em><\/a>.<\/p>\n<h2>Territori gi\u00e0 battuti<\/h2>\n<p>In realt\u00e0, credo che tutti sappiano che <em>Un uomo, un&#8217;avventura<\/em> \u00e8, semplicemente, irripetibile: perch\u00e9 negli anni &#8217;70 la fantasia era molto pi\u00f9 ingenua e l&#8217;idea salgariana di un lungo viaggio attorno al mondo e in tutte le epoche, in cui venisse proposta ogni volta la vicenda esemplare di un personaggio di fantasia collocato dentro eventi di grande portata, aveva un inimitabile fascino in s\u00e9. Oggi i territori della fantasia e dell&#8217;avventura sono stati ampiamente esplorati (e saccheggiati) in lungo e in largo, tutti siamo molto pi\u00f9 scafati\u00a0ed \u00e8 molto pi\u00f9 difficile proporre storie che\u00a0aprano\u00a0visuali inaspettate. Ma ugualmente l&#8217;idea di\u00a0mettere 110 pagine a disposizione dei migliori disegnatori e sceneggiatori, non solo italiani, perch\u00e9 propongano una storia <em>unica<\/em> e (possibilmente) indimenticabile\u00a0era di quelle da far venire l&#8217;acquolina in bocca.<\/p>\n<h2>Dubbi amletici<\/h2>\n<p>Dopo la seconda uscita delle <em>Storie<\/em>&#8230; sono perplesso.<\/p>\n<p><a href=\"https:\/\/i0.wp.com\/www.robertosedda.it\/wp-content\/uploads\/2012\/11\/92_1334481194.jpg\"><img data-attachment-id=\"1521\" data-permalink=\"http:\/\/www.robertosedda.it\/?attachment_id=1521\" data-orig-file=\"https:\/\/i0.wp.com\/www.robertosedda.it\/wp-content\/uploads\/2012\/11\/92_1334481194.jpg?fit=447%2C335\" data-orig-size=\"447,335\" data-comments-opened=\"1\" data-image-meta=\"{&quot;aperture&quot;:&quot;0&quot;,&quot;credit&quot;:&quot;&quot;,&quot;camera&quot;:&quot;&quot;,&quot;caption&quot;:&quot;&quot;,&quot;created_timestamp&quot;:&quot;0&quot;,&quot;copyright&quot;:&quot;&quot;,&quot;focal_length&quot;:&quot;0&quot;,&quot;iso&quot;:&quot;0&quot;,&quot;shutter_speed&quot;:&quot;0&quot;,&quot;title&quot;:&quot;&quot;}\" data-image-title=\"92_1334481194\" data-image-description=\"\" data-image-caption=\"\" data-medium-file=\"https:\/\/i0.wp.com\/www.robertosedda.it\/wp-content\/uploads\/2012\/11\/92_1334481194.jpg?fit=300%2C224\" data-large-file=\"https:\/\/i0.wp.com\/www.robertosedda.it\/wp-content\/uploads\/2012\/11\/92_1334481194.jpg?fit=447%2C335\" decoding=\"async\" loading=\"lazy\" class=\"alignright size-full wp-image-1521\" title=\"92_1334481194\" alt=\"\" src=\"https:\/\/i0.wp.com\/www.robertosedda.it\/wp-content\/uploads\/2012\/11\/92_1334481194.jpg?resize=447%2C335\" width=\"447\" height=\"335\" srcset=\"https:\/\/i0.wp.com\/www.robertosedda.it\/wp-content\/uploads\/2012\/11\/92_1334481194.jpg?w=447 447w, https:\/\/i0.wp.com\/www.robertosedda.it\/wp-content\/uploads\/2012\/11\/92_1334481194.jpg?resize=300%2C224 300w, https:\/\/i0.wp.com\/www.robertosedda.it\/wp-content\/uploads\/2012\/11\/92_1334481194.jpg?resize=268%2C200 268w\" sizes=\"(max-width: 447px) 100vw, 447px\" data-recalc-dims=\"1\" \/><\/a>Intendiamoci: non \u00e8 il tarlo del dubbio che in fondo in fondo <a href=\"http:\/\/www.sergiobonellieditore.it\/auto\/cpers_index?pers=saguaro\"><em>Saguaro<\/em><\/a> sia una serie mediocre e tutto sommato una fregatura (che ci farei una malattia, se fosse cos\u00ec), n\u00e9 il dubbio che dietro la cura meticolosa della ricostruzione storica di <a href=\"http:\/\/www.sergiobonellieditore.it\/auto\/cpers_index?pers=shanghai\"><em>Shangai Devil <\/em><\/a>ci sia una storia che non va da nessuna parte e che <a href=\"http:\/\/www.robertosedda.it\/?p=1033\">si sistema solo con una bella battaglia finale<\/a>. I primi due numeri delle <em>Storie<\/em> si collocano comunque in una fascia <em>alta<\/em> della produzione fumettistica. E per\u00f2, per il momento, per me rimangono in fondo in fondo insoddifacenti, e insomma ho deciso di manifestare qui i miei dubbi per vedere se, fra un&#8217;altra mezza dozzina di numeri, potr\u00f2 guardarmi indietro e pensare che ci avevo azzeccato oppure dichiarare l&#8217;errore e pentirmi amaramente della sottovalutazione.<\/p>\n<h2><a href=\"https:\/\/i0.wp.com\/www.robertosedda.it\/wp-content\/uploads\/2012\/11\/le_storie_1.jpeg\"><img data-attachment-id=\"1522\" data-permalink=\"http:\/\/www.robertosedda.it\/?attachment_id=1522\" data-orig-file=\"https:\/\/i0.wp.com\/www.robertosedda.it\/wp-content\/uploads\/2012\/11\/le_storie_1.jpeg?fit=379%2C499\" data-orig-size=\"379,499\" data-comments-opened=\"1\" data-image-meta=\"{&quot;aperture&quot;:&quot;0&quot;,&quot;credit&quot;:&quot;&quot;,&quot;camera&quot;:&quot;&quot;,&quot;caption&quot;:&quot;&quot;,&quot;created_timestamp&quot;:&quot;0&quot;,&quot;copyright&quot;:&quot;&quot;,&quot;focal_length&quot;:&quot;0&quot;,&quot;iso&quot;:&quot;0&quot;,&quot;shutter_speed&quot;:&quot;0&quot;,&quot;title&quot;:&quot;&quot;}\" data-image-title=\"le_storie_1\" data-image-description=\"\" data-image-caption=\"\" data-medium-file=\"https:\/\/i0.wp.com\/www.robertosedda.it\/wp-content\/uploads\/2012\/11\/le_storie_1.jpeg?fit=227%2C300\" data-large-file=\"https:\/\/i0.wp.com\/www.robertosedda.it\/wp-content\/uploads\/2012\/11\/le_storie_1.jpeg?fit=379%2C499\" decoding=\"async\" loading=\"lazy\" class=\"alignleft size-full wp-image-1522\" title=\"le_storie_1\" alt=\"\" src=\"https:\/\/i0.wp.com\/www.robertosedda.it\/wp-content\/uploads\/2012\/11\/le_storie_1.jpeg?resize=379%2C499\" width=\"379\" height=\"499\" srcset=\"https:\/\/i0.wp.com\/www.robertosedda.it\/wp-content\/uploads\/2012\/11\/le_storie_1.jpeg?w=379 379w, https:\/\/i0.wp.com\/www.robertosedda.it\/wp-content\/uploads\/2012\/11\/le_storie_1.jpeg?resize=227%2C300 227w\" sizes=\"(max-width: 379px) 100vw, 379px\" data-recalc-dims=\"1\" \/><\/a>Il boia di Parigi<\/h2>\n<p>E quindi dichiaro ufficialmente che l&#8217;albo di esordio,\u00a0<em>Il boia di Parigi<\/em>, con protagonista il famoso boia della rivoluzione e del Terrore Sanson, ha un&#8217;idea di base della trama molto interessante (la sceneggiatura \u00e8 di Paola Barbato) e alcune belle pennellate <em>horror<\/em>. Per\u00f2, insomma, lo spunto \u00e8 di quelli che negli anni &#8217;80 della mia formazione fumettistica avrebbero costituito la base di un <em>libero<\/em> di <em>Skorpio<\/em> o <em>Lanciostory<\/em>: e l\u00ec sarebbe durato 16 tavole, non 110. \u00c8 una misura della qualit\u00e0 della serie che in nessun momento della lettura si abbia la sensazione di un brodo allungato oltre misura, ma certo alla fine, apprezzata doverosamente la battuta e lo scioglimento finale, rimane una ben definita sensazione di incompletezza: <em>E quindi? Tutto qui?!<\/em> Sar\u00e0 perch\u00e9 la parte <em>horror<\/em> e la parte politica non sono bene armonizzate fra loro, forse, e scivolano una da un lato e l&#8217;altra dall&#8217;altro, tenute insieme a fatica dal gigantesco (in tutti i sensi) personaggio del boia: del quale per\u00f2, alla fine, sembra non rimanere nulla;\u00a0oppure, detto in altro modo,\u00a0la sua vendetta fa virare tutta la storia verso una riflessione su popoli ed eroi, governanti e\u00a0potere,\u00a0che non c&#8217;entra niente col fascino discreto della morte su cui si era ragionato fino a poche pagine prima.<\/p>\n<p><a href=\"https:\/\/i0.wp.com\/www.robertosedda.it\/wp-content\/uploads\/2012\/11\/LST_001_067.jpg\"><img data-attachment-id=\"1523\" data-permalink=\"http:\/\/www.robertosedda.it\/?attachment_id=1523\" data-orig-file=\"https:\/\/i0.wp.com\/www.robertosedda.it\/wp-content\/uploads\/2012\/11\/LST_001_067.jpg?fit=580%2C534\" data-orig-size=\"580,534\" data-comments-opened=\"1\" data-image-meta=\"{&quot;aperture&quot;:&quot;0&quot;,&quot;credit&quot;:&quot;&quot;,&quot;camera&quot;:&quot;&quot;,&quot;caption&quot;:&quot;&quot;,&quot;created_timestamp&quot;:&quot;0&quot;,&quot;copyright&quot;:&quot;&quot;,&quot;focal_length&quot;:&quot;0&quot;,&quot;iso&quot;:&quot;0&quot;,&quot;shutter_speed&quot;:&quot;0&quot;,&quot;title&quot;:&quot;&quot;}\" data-image-title=\"LST_001_067\" data-image-description=\"\" data-image-caption=\"\" data-medium-file=\"https:\/\/i0.wp.com\/www.robertosedda.it\/wp-content\/uploads\/2012\/11\/LST_001_067.jpg?fit=300%2C276\" data-large-file=\"https:\/\/i0.wp.com\/www.robertosedda.it\/wp-content\/uploads\/2012\/11\/LST_001_067.jpg?fit=510%2C470\" decoding=\"async\" loading=\"lazy\" class=\"alignleft size-medium wp-image-1523\" title=\"LST_001_067\" alt=\"\" src=\"https:\/\/i0.wp.com\/www.robertosedda.it\/wp-content\/uploads\/2012\/11\/LST_001_067.jpg?resize=300%2C276\" width=\"300\" height=\"276\" srcset=\"https:\/\/i0.wp.com\/www.robertosedda.it\/wp-content\/uploads\/2012\/11\/LST_001_067.jpg?resize=300%2C276 300w, https:\/\/i0.wp.com\/www.robertosedda.it\/wp-content\/uploads\/2012\/11\/LST_001_067.jpg?w=580 580w\" sizes=\"(max-width: 300px) 100vw, 300px\" data-recalc-dims=\"1\" \/><\/a>O forse sono io che non sono all&#8217;altezza:\u00a0lo dico seriamente, <a href=\"http:\/\/www.ubcfumetti.com\/bonelli\/?26311\">leggo recensioni entusiastiche da parte di appassionati ben pi\u00f9 ferrati di me<\/a> e rimango doppiamente perplesso. Non vorrei fare come quello che si era infilato contromano sull&#8217;autostrada, e credere che stanno\u00a0sempre sbagliando gli altri. Per\u00f2 leggo che la resa grafica dell&#8217;albo, di Casertano (che \u00e8 senz&#8217;altro un signor disegnatore e anche qui lo dimostra), \u00e8 <em>sontuosa<\/em>, e continuo a rimanere perplesso: un paio di volte non sono riuscito a capire che un personaggio era lo stesso di un paio di pagine prima, il che non \u00e8 mai un buon segno, e altre volte certe soluzioni non mi sono sembrate volutamente caricaturali, ma semplicemente poco riuscite. Sospetto che l&#8217;ansia di dare &#8220;colore&#8221; alla storia (vedi la tavola qui a fianco, molto forte), di enfatizzare il tono <em>noir<\/em> abbia portato a trascurare altri aspetti, altrettanto importanti. O forse la Barbato ha sbagliato a dare troppa lenza al disegnatore, e questi, nell&#8217;ansia di <em>caricare<\/em> la storia, ha occupato territori non suoi. O forse Barbato e Casertano si sono molto divertiti e entusiasmati e l&#8217;hanno voluto fare proprio cos\u00ec, e non si sono presi la briga di guardarsi dall&#8217;esterno. O forse sono io, davvero non so.<\/p>\n<h2><a href=\"https:\/\/i0.wp.com\/www.robertosedda.it\/wp-content\/uploads\/2012\/11\/le-storie-2-la-redenzione-del-samurai-recchio-L-nsg92C.png\"><img data-attachment-id=\"1525\" data-permalink=\"http:\/\/www.robertosedda.it\/?attachment_id=1525\" data-orig-file=\"https:\/\/i0.wp.com\/www.robertosedda.it\/wp-content\/uploads\/2012\/11\/le-storie-2-la-redenzione-del-samurai-recchio-L-nsg92C.png?fit=249%2C325\" data-orig-size=\"249,325\" data-comments-opened=\"1\" data-image-meta=\"{&quot;aperture&quot;:&quot;0&quot;,&quot;credit&quot;:&quot;&quot;,&quot;camera&quot;:&quot;&quot;,&quot;caption&quot;:&quot;&quot;,&quot;created_timestamp&quot;:&quot;0&quot;,&quot;copyright&quot;:&quot;&quot;,&quot;focal_length&quot;:&quot;0&quot;,&quot;iso&quot;:&quot;0&quot;,&quot;shutter_speed&quot;:&quot;0&quot;,&quot;title&quot;:&quot;&quot;}\" data-image-title=\"le-storie-2-la-redenzione-del-samurai-recchio-L-nsg92C\" data-image-description=\"\" data-image-caption=\"\" data-medium-file=\"https:\/\/i0.wp.com\/www.robertosedda.it\/wp-content\/uploads\/2012\/11\/le-storie-2-la-redenzione-del-samurai-recchio-L-nsg92C.png?fit=229%2C300\" data-large-file=\"https:\/\/i0.wp.com\/www.robertosedda.it\/wp-content\/uploads\/2012\/11\/le-storie-2-la-redenzione-del-samurai-recchio-L-nsg92C.png?fit=249%2C325\" decoding=\"async\" loading=\"lazy\" class=\"alignleft size-full wp-image-1525\" title=\"le-storie-2-la-redenzione-del-samurai-recchio-L-nsg92C\" alt=\"\" src=\"https:\/\/i0.wp.com\/www.robertosedda.it\/wp-content\/uploads\/2012\/11\/le-storie-2-la-redenzione-del-samurai-recchio-L-nsg92C.png?resize=249%2C325\" width=\"249\" height=\"325\" srcset=\"https:\/\/i0.wp.com\/www.robertosedda.it\/wp-content\/uploads\/2012\/11\/le-storie-2-la-redenzione-del-samurai-recchio-L-nsg92C.png?w=249 249w, https:\/\/i0.wp.com\/www.robertosedda.it\/wp-content\/uploads\/2012\/11\/le-storie-2-la-redenzione-del-samurai-recchio-L-nsg92C.png?resize=229%2C300 229w\" sizes=\"(max-width: 249px) 100vw, 249px\" data-recalc-dims=\"1\" \/><\/a>Citazionismo a <em>go-go<\/em><\/h2>\n<p>Pi\u00f9 sicuro mi sento sul giudizio su <em>La redenzione del Samurai<\/em>, di Roberto Recchioni (di cui spesso seguo il <a href=\"http:\/\/www.ubcfumetti.com\/bonelli\/?26311\"><em>blog<\/em><\/a>, trovandomi quasi sempre del tutto a met\u00e0 d&#8217;accordo con lui) e disegnato da Andrea Accardi. Che \u00e8 fuffa, disegnata magnificamente (qui non ho dubbi) e sceneggiata con piglio molto sicuro. Per\u00f2 fuffa: oltretutto tirata in lungo in maniera insopportabile: pagine di viaggi, pagine di combattimenti, pagine di dialoghi. Cio\u00e8, per carit\u00e0: duelli, avventure, battaglie notturne, tradimenti eccetera eccetera. Una lettura piacevole. Solo che non c&#8217;\u00e8 <em>niente<\/em> che non sia gi\u00e0 visto, e si dimostra la verit\u00e0 del detto: <em>copiare da uno \u00e8 plagio, copiare da molti \u00e8&#8230;<\/em> citare. Recchioni \u00e8 un maestro del citazionismo, ma in <em>John Doe<\/em>, per esempio, lo trasformava in un modo intelligente per rileggere la letteratura popolare e altri <em>media<\/em>, dalla TV agli stessi fumetti, piazzandoci dei guizzi inaspettati e talvolta dei calci nello stomaco. Qui il citazionismo sfugge del tutto di mano, diventa fine a se stesso e alla fine onestamente il gioco non vale la candela &#8211; anche a me come a\u00a0Recchioni piacciono i samurai, ma se devo farmi un&#8217;<em>overdose<\/em> tanto vale che mi legga\u00a0o che mi riguardi gli originali. Che sarebbe gratis, oltretutto.<\/p>\n<h2><a href=\"https:\/\/i0.wp.com\/www.robertosedda.it\/wp-content\/uploads\/2012\/11\/le-storie-2-la-redenzione-del-samurai-recchio-L-iOfv1n.jpg\"><img data-attachment-id=\"1527\" data-permalink=\"http:\/\/www.robertosedda.it\/?attachment_id=1527\" data-orig-file=\"https:\/\/i0.wp.com\/www.robertosedda.it\/wp-content\/uploads\/2012\/11\/le-storie-2-la-redenzione-del-samurai-recchio-L-iOfv1n.jpg?fit=600%2C280\" data-orig-size=\"600,280\" data-comments-opened=\"1\" data-image-meta=\"{&quot;aperture&quot;:&quot;0&quot;,&quot;credit&quot;:&quot;&quot;,&quot;camera&quot;:&quot;&quot;,&quot;caption&quot;:&quot;&quot;,&quot;created_timestamp&quot;:&quot;0&quot;,&quot;copyright&quot;:&quot;&quot;,&quot;focal_length&quot;:&quot;0&quot;,&quot;iso&quot;:&quot;0&quot;,&quot;shutter_speed&quot;:&quot;0&quot;,&quot;title&quot;:&quot;&quot;}\" data-image-title=\"le-storie-2-la-redenzione-del-samurai-recchio-L-iOfv1n\" data-image-description=\"\" data-image-caption=\"\" data-medium-file=\"https:\/\/i0.wp.com\/www.robertosedda.it\/wp-content\/uploads\/2012\/11\/le-storie-2-la-redenzione-del-samurai-recchio-L-iOfv1n.jpg?fit=300%2C140\" data-large-file=\"https:\/\/i0.wp.com\/www.robertosedda.it\/wp-content\/uploads\/2012\/11\/le-storie-2-la-redenzione-del-samurai-recchio-L-iOfv1n.jpg?fit=510%2C238\" decoding=\"async\" loading=\"lazy\" class=\"aligncenter size-medium wp-image-1527\" title=\"le-storie-2-la-redenzione-del-samurai-recchio-L-iOfv1n\" alt=\"\" src=\"https:\/\/i0.wp.com\/www.robertosedda.it\/wp-content\/uploads\/2012\/11\/le-storie-2-la-redenzione-del-samurai-recchio-L-iOfv1n.jpg?resize=300%2C140\" width=\"300\" height=\"140\" srcset=\"https:\/\/i0.wp.com\/www.robertosedda.it\/wp-content\/uploads\/2012\/11\/le-storie-2-la-redenzione-del-samurai-recchio-L-iOfv1n.jpg?resize=300%2C140 300w, https:\/\/i0.wp.com\/www.robertosedda.it\/wp-content\/uploads\/2012\/11\/le-storie-2-la-redenzione-del-samurai-recchio-L-iOfv1n.jpg?w=600 600w\" sizes=\"(max-width: 300px) 100vw, 300px\" data-recalc-dims=\"1\" \/><\/a>Ipotesi<\/h2>\n<p>Spero onestamente che Recchioni ci abbia guadagnato sontuosamente e che <em>La redenzione del\u00a0Samurai<\/em> gli permetta di dedicarsi con pi\u00f9 tranquillit\u00e0 a cose pi\u00f9 personali come <a href=\"http:\/\/edizioninpe.blogspot.it\/2012\/09\/asso-di-roberto-recchioni.html\"><em>Asso<\/em><\/a>\u00a0(<a href=\"http:\/\/www.robertosedda.it\/?p=1249\">cos\u00ec come attendo con molta curiosit\u00e0 <em>Davvero<\/em> della Barbato<\/a>).<\/p>\n<p>Nel frattempo rimango moderatamente deluso dalle <em>Storie<\/em>: belle realizzazioni grafiche, storie zoppicanti. Pu\u00f2 essere, ripeto per l&#8217;ennesima volta, che sia io ipercritico, per\u00f2 visto che ho iniziato a fare il saccente arrivo fino in fondo: secondo me il problema di queste due prime uscite \u00e8 che, per quanto la cifra stilistica degli sceneggiatori sia evidente, sono troppo poco <em>personali<\/em>, troppo costruite a tavolino: come se la grande capacit\u00e0 della Bonelli di fare un lavoro professionale, di programmare e\u00a0progettare giocasse contro di loro. Una collana come questa richiederebbe forse che\u00a0ogni albo\u00a0sia affidato a un unico autore &#8211; sceneggiatore e disegnatore insieme, per quanto sia una figura professionale sempre pi\u00f9 rara &#8211;\u00a0oppure a una accoppiata consolidata, alla Berardi &amp; Milazzo dei bei tempi, non a due autori della scuderia accoppiati per l&#8217;occasione.<\/p>\n<p>O forse vale il dubbio iniziale: i territori dell&#8217;avventura sono stati gi\u00e0 tutti esplorati&#8230;<\/p>\n","protected":false},"excerpt":{"rendered":"<p>Come molti appassionati di fumetti, ho aspettato con una certa trepidazione l&#8217;uscita della nuova collana Bonelli Le storie: alla gente<\/p>\n","protected":false},"author":1,"featured_media":1525,"comment_status":"open","ping_status":"open","sticky":false,"template":"","format":"standard","meta":{"_mi_skip_tracking":false,"_monsterinsights_sitenote_active":false,"_monsterinsights_sitenote_note":"","_monsterinsights_sitenote_category":0,"jetpack_post_was_ever_published":false,"_jetpack_newsletter_access":"","jetpack_publicize_message":"","jetpack_is_tweetstorm":false,"jetpack_publicize_feature_enabled":true,"jetpack_social_post_already_shared":false,"jetpack_social_options":{"image_generator_settings":{"template":"highway","enabled":false}}},"categories":[70,52,20,56,12],"tags":[],"jetpack_publicize_connections":[],"jetpack_featured_media_url":"https:\/\/i0.wp.com\/www.robertosedda.it\/wp-content\/uploads\/2012\/11\/le-storie-2-la-redenzione-del-samurai-recchio-L-nsg92C.png?fit=249%2C325","jetpack_sharing_enabled":true,"jetpack_shortlink":"https:\/\/wp.me\/p4jV2T-ow","jetpack_likes_enabled":true,"jetpack-related-posts":[{"id":10650,"url":"http:\/\/www.robertosedda.it\/?p=10650","url_meta":{"origin":1520,"position":0},"title":"Buone abitudini fumettistiche (e segnalazioni)","author":"Rufus","date":"20\/08\/2015","format":false,"excerpt":"Dopo pi\u00f9 o meno un anno di interruzione (o forse pi\u00f9) ho ripreso a comprare Skorpio e Lanciostory, un'abitudine di lettura che mi ha accompagnato fin dalla giovinezza e che sicuramente ha avuto un gran peso nel formare il mio gusto in termini di fumetti e di racconti di avventura\u2026","rel":"","context":"In &quot;Cappe e spade&quot;","block_context":{"text":"Cappe e spade","link":"http:\/\/www.robertosedda.it\/?cat=70"},"img":{"alt_text":"","src":"https:\/\/i0.wp.com\/www.robertosedda.it\/wp-content\/uploads\/2015\/08\/Nestor-Burma.gif?fit=368%2C475&resize=350%2C200","width":350,"height":200},"classes":[]},{"id":4751,"url":"http:\/\/www.robertosedda.it\/?p=4751","url_meta":{"origin":1520,"position":1},"title":"Fumetti da non perdere (e no)","author":"Rufus","date":"22\/10\/2013","format":false,"excerpt":"Una segnalazione su un'uscita in edicola imperdibile per tutti gli appassionati di fumetti e un paio di altri aggiornamenti. Ma andiamo con ordine: Almanacco dell'Avventura Bonelli 2014 L'Almanacco \u00e8 dedicato a due artisti scomparsi relativamente di recente: Sergio Toppi, uno dei pi\u00f9 grandi illustratori, disegnatori e sceneggiatori italiani, e Decio\u2026","rel":"","context":"In &quot;Cappe e spade&quot;","block_context":{"text":"Cappe e spade","link":"http:\/\/www.robertosedda.it\/?cat=70"},"img":{"alt_text":"","src":"https:\/\/i0.wp.com\/www.robertosedda.it\/wp-content\/uploads\/2013\/10\/Almanacco-avventura-Bonelli-2014.jpg?fit=381%2C502&resize=350%2C200","width":350,"height":200},"classes":[]},{"id":8372,"url":"http:\/\/www.robertosedda.it\/?p=8372","url_meta":{"origin":1520,"position":2},"title":"Fumetti che ho fatto bene a continuare a comprare","author":"Rufus","date":"10\/09\/2014","format":false,"excerpt":"Dragonero Speciale (Enoch\/Vietti e Cucina\/Morrone e Francescutti e Alberti, Sergio Bonelli Editore luglio 2014) Ho visto che l'ultima volta che ho parlato di Dragonero (dopo il numero con la riunione di condominio del sindacato lavoratori del fantasy) sono stato piuttosto urticante. Mi sembra corretto notare, a distanza di un anno,\u2026","rel":"","context":"In &quot;Coordinate&quot;","block_context":{"text":"Coordinate","link":"http:\/\/www.robertosedda.it\/?cat=52"},"img":{"alt_text":"","src":"https:\/\/i0.wp.com\/www.robertosedda.it\/wp-content\/uploads\/2014\/09\/Pagina-Speciale-estivo-Dragonero.jpg?resize=350%2C200","width":350,"height":200},"classes":[]},{"id":8002,"url":"http:\/\/www.robertosedda.it\/?p=8002","url_meta":{"origin":1520,"position":3},"title":"Duelli e pennelli","author":"Rufus","date":"22\/07\/2014","format":false,"excerpt":"Uccidete Caravaggio (De Nardo - Casertano - Florean,\u00a0Sergio Bonelli Editore\u00a02014) La recensione Ho comprato e trovato molto bello lo speciale della collana\u00a0Le storie della Bonelli\u00a0intitolato\u00a0Uccidete Caravaggio!, di cui vedete la copertina qui a fianco. Lo sceneggiatore De Nardo intreccia abilmente i fatti veri dell'ultima parte della vita di Caravaggio con\u2026","rel":"","context":"In &quot;Cappe e spade&quot;","block_context":{"text":"Cappe e spade","link":"http:\/\/www.robertosedda.it\/?cat=70"},"img":{"alt_text":"","src":"https:\/\/i0.wp.com\/www.robertosedda.it\/wp-content\/uploads\/2014\/07\/Uccidete-Caravaggio-Storie-Bonelli.jpg?fit=381%2C502&resize=350%2C200","width":350,"height":200},"classes":[]},{"id":4046,"url":"http:\/\/www.robertosedda.it\/?p=4046","url_meta":{"origin":1520,"position":4},"title":"Corto Maltese e i suoi valori","author":"Rufus","date":"17\/07\/2013","format":"video","excerpt":"Non sono convintissimo della puntata: la premessa, in cui parlo del progressivo \"esaurimento\" del genere avventuroso fino al rischio della sua sclerotizzazione (diciamo la parte fino alla pausa musicale) \u00e8 uscita pi\u00f9 o meno come volevo, ma la seconda parte, cio\u00e8 esattamente quella che riguardava Corto, \u00e8 andata molto meno\u2026","rel":"","context":"In &quot;Cappe e spade&quot;","block_context":{"text":"Cappe e spade","link":"http:\/\/www.robertosedda.it\/?cat=70"},"img":{"alt_text":"","src":"https:\/\/i0.wp.com\/img.youtube.com\/vi\/llOp1pyA3NA\/0.jpg?resize=350%2C200","width":350,"height":200},"classes":[]},{"id":13904,"url":"http:\/\/www.robertosedda.it\/?p=13904","url_meta":{"origin":1520,"position":5},"title":"Avventure, avventure&#8230; per bambine","author":"Rufus","date":"04\/07\/2017","format":false,"excerpt":"L'altro giorno ero al mare, beatamente seduto sotto l'ombrellone con\u00a0Skorpio e Lanciostory\u00a0e mia nipote Agnese mi ha chiesto: \u00abChe leggi, zio?\u00bb. Stavo leggendo in quel momento\u00a0Aria, e ho risposto: \u00abLa storia di una ragazza che ha nella sua memoria i ricordi di un grande bardo dell'antichit\u00e0 e che con questi\u2026","rel":"","context":"In &quot;Cappe e spade&quot;","block_context":{"text":"Cappe e spade","link":"http:\/\/www.robertosedda.it\/?cat=70"},"img":{"alt_text":"","src":"https:\/\/i0.wp.com\/www.robertosedda.it\/wp-content\/uploads\/2017\/07\/Lanciostory.jpg?fit=497%2C709&resize=350%2C200","width":350,"height":200},"classes":[]}],"_links":{"self":[{"href":"http:\/\/www.robertosedda.it\/index.php?rest_route=\/wp\/v2\/posts\/1520"}],"collection":[{"href":"http:\/\/www.robertosedda.it\/index.php?rest_route=\/wp\/v2\/posts"}],"about":[{"href":"http:\/\/www.robertosedda.it\/index.php?rest_route=\/wp\/v2\/types\/post"}],"author":[{"embeddable":true,"href":"http:\/\/www.robertosedda.it\/index.php?rest_route=\/wp\/v2\/users\/1"}],"replies":[{"embeddable":true,"href":"http:\/\/www.robertosedda.it\/index.php?rest_route=%2Fwp%2Fv2%2Fcomments&post=1520"}],"version-history":[{"count":7,"href":"http:\/\/www.robertosedda.it\/index.php?rest_route=\/wp\/v2\/posts\/1520\/revisions"}],"predecessor-version":[{"id":5311,"href":"http:\/\/www.robertosedda.it\/index.php?rest_route=\/wp\/v2\/posts\/1520\/revisions\/5311"}],"wp:featuredmedia":[{"embeddable":true,"href":"http:\/\/www.robertosedda.it\/index.php?rest_route=\/wp\/v2\/media\/1525"}],"wp:attachment":[{"href":"http:\/\/www.robertosedda.it\/index.php?rest_route=%2Fwp%2Fv2%2Fmedia&parent=1520"}],"wp:term":[{"taxonomy":"category","embeddable":true,"href":"http:\/\/www.robertosedda.it\/index.php?rest_route=%2Fwp%2Fv2%2Fcategories&post=1520"},{"taxonomy":"post_tag","embeddable":true,"href":"http:\/\/www.robertosedda.it\/index.php?rest_route=%2Fwp%2Fv2%2Ftags&post=1520"}],"curies":[{"name":"wp","href":"https:\/\/api.w.org\/{rel}","templated":true}]}}