{"id":15093,"date":"2018-04-27T16:59:12","date_gmt":"2018-04-27T14:59:12","guid":{"rendered":"http:\/\/www.robertosedda.it\/?p=15093"},"modified":"2018-05-29T17:46:18","modified_gmt":"2018-05-29T15:46:18","slug":"esemplare","status":"publish","type":"post","link":"http:\/\/www.robertosedda.it\/?p=15093","title":{"rendered":"Esemplare"},"content":{"rendered":"<p>Mi mandano da Orgosolo la foto del monumento ai Caduti.<\/p>\n<p>Questo:<br \/>\n<a href=\"https:\/\/i0.wp.com\/www.robertosedda.it\/wp-content\/uploads\/2018\/04\/Orgosolo-caduti.jpg\"><img data-attachment-id=\"15097\" data-permalink=\"http:\/\/www.robertosedda.it\/?attachment_id=15097\" data-orig-file=\"https:\/\/i0.wp.com\/www.robertosedda.it\/wp-content\/uploads\/2018\/04\/Orgosolo-caduti.jpg?fit=899%2C896\" data-orig-size=\"899,896\" data-comments-opened=\"1\" data-image-meta=\"{&quot;aperture&quot;:&quot;0&quot;,&quot;credit&quot;:&quot;&quot;,&quot;camera&quot;:&quot;&quot;,&quot;caption&quot;:&quot;&quot;,&quot;created_timestamp&quot;:&quot;0&quot;,&quot;copyright&quot;:&quot;&quot;,&quot;focal_length&quot;:&quot;0&quot;,&quot;iso&quot;:&quot;0&quot;,&quot;shutter_speed&quot;:&quot;0&quot;,&quot;title&quot;:&quot;&quot;,&quot;orientation&quot;:&quot;0&quot;}\" data-image-title=\"Orgosolo caduti\" data-image-description=\"\" data-image-caption=\"\" data-medium-file=\"https:\/\/i0.wp.com\/www.robertosedda.it\/wp-content\/uploads\/2018\/04\/Orgosolo-caduti.jpg?fit=300%2C300\" data-large-file=\"https:\/\/i0.wp.com\/www.robertosedda.it\/wp-content\/uploads\/2018\/04\/Orgosolo-caduti.jpg?fit=510%2C508\" decoding=\"async\" loading=\"lazy\" class=\"aligncenter size-full wp-image-15097\" src=\"https:\/\/i0.wp.com\/www.robertosedda.it\/wp-content\/uploads\/2018\/04\/Orgosolo-caduti.jpg?resize=800%2C797\" alt=\"\" width=\"800\" height=\"797\" srcset=\"https:\/\/i0.wp.com\/www.robertosedda.it\/wp-content\/uploads\/2018\/04\/Orgosolo-caduti.jpg?w=899 899w, https:\/\/i0.wp.com\/www.robertosedda.it\/wp-content\/uploads\/2018\/04\/Orgosolo-caduti.jpg?resize=150%2C150 150w, https:\/\/i0.wp.com\/www.robertosedda.it\/wp-content\/uploads\/2018\/04\/Orgosolo-caduti.jpg?resize=300%2C300 300w, https:\/\/i0.wp.com\/www.robertosedda.it\/wp-content\/uploads\/2018\/04\/Orgosolo-caduti.jpg?resize=510%2C508 510w, https:\/\/i0.wp.com\/www.robertosedda.it\/wp-content\/uploads\/2018\/04\/Orgosolo-caduti.jpg?resize=100%2C100 100w, https:\/\/i0.wp.com\/www.robertosedda.it\/wp-content\/uploads\/2018\/04\/Orgosolo-caduti.jpg?resize=700%2C698 700w\" sizes=\"(max-width: 800px) 100vw, 800px\" data-recalc-dims=\"1\" \/><\/a>Il monumento <a href=\"http:\/\/www.lanuovasardegna.it\/regione\/2011\/10\/30\/news\/orgosolo-ha-il-suo-monumento-ai-caduti-in-guerra-1.3573293\">\u00e8 del 2011<\/a> ma evidentemente nelle varie occasioni nelle quali nel frattempo sono passato per il paese non l&#8217;ho mai visto, e quindi sono stato preso completamente di sorpresa.<\/p>\n<p>Sto ancora cercando di riprendermi, diciamo.<\/p>\n<p>Devo dire che, in realt\u00e0, appena l&#8217;ho visto non mi ha tanto colpito la bruttezza straordinaria, n\u00e9 la capacit\u00e0 davvero notevole di combinare il peggior cattivo gusto di cento anni fa con quello di oggi, quanto il fatto che l&#8217;ho trovato un monumento capace di dar fastidio a un sacco di gente: soprattutto <em>esattamente<\/em> a quelli ai quali sembra rivolgersi, e cio\u00e8 a tutta quella galassia di persone con una posizione politica sulla Sardegna di tipo identitario, se non autonomista, se non sovranista, se non indipendentista, ecco.<\/p>\n<p>Solo che, se quelli sono il tuo obiettivo, non lo stai facendo proprio proprio bene: perch\u00e9 agli invitti guerrieri sardi accoppi quel tricolore cos\u00ec esibito, nel quale i quattro mori sostanzialmente affogano. E la lettura della I Guerra Mondiale che sembra suggerire, quel tricolore, rimanda a miti della fedelt\u00e0 dei sardi al Re e alla Patria italiana che ultimamente, col declino di Casa Savoia e l&#8217;antipatia per Carlo Felice e i suoi discendenti, non sembra proprio di moda. E se non ci stiamo rivolgendo\u00a0 quelli non si capisce l&#8217;esibizione del guerriero nuragico, no?<\/p>\n<p>\u00abQualcuno aveva le idee un po&#8217; confuse\u00bb, ho pensato.<\/p>\n<p>E invece, mi sono reso conto poi, non \u00e8 cos\u00ec: perch\u00e9 \u00e8 un monumento perfettamente coerente, solo che \u00e8 espressione di un&#8217;altra visione, esibita platealmente spero ben oltre la volont\u00e0 degli autori &#8211; \u00e8 un monumento di estrema destra: col povero fantaccino della I Guerra Mondiale sostituito dall&#8217;ardito mussoliniano (che del Duce ha anche il mascellone), quelle statue in posa da quartiere dell&#8217;EUR e quel tricolore che assume la forma della fiamma.<\/p>\n<p>Fantastico.<\/p>\n<p>Perch\u00e9 in questo modo diventa un monumento esemplare: esemplare del piano inclinato che intraprende chi fa del nazionalismo e dei suoi miti la via per riflettere sulla Sardegna: inizi con un po&#8217; di innocui miti da propinare ai turisti &#8211; gli <em>Shardana<\/em>, i guerrieri nuragici &#8211; prosegui col recupero in chiave nazionale del mito della guerra, anche macelli immani come la <em>Prima Guerra<\/em>, trasfiguri le sofferenze di tanta povera gente in nome del mito della Patria, strizzi l&#8217;occhio al mito della virilit\u00e0 maschile (direi che possiamo serenamente ammettere che l&#8217;ardito possiede le palle d&#8217;ordinanza) e alla fine approdi all&#8217;estrema destra.<\/p>\n<p>Oh, brutto rimane brutto, eh. Per\u00f2 esemplare.<\/p>\n<p>Davvero esemplare.<\/p>\n","protected":false},"excerpt":{"rendered":"<p>Mi mandano da Orgosolo la foto del monumento ai Caduti. Questo: Il monumento \u00e8 del 2011 ma evidentemente nelle varie<\/p>\n","protected":false},"author":1,"featured_media":15097,"comment_status":"open","ping_status":"open","sticky":false,"template":"","format":"standard","meta":{"_mi_skip_tracking":false,"_monsterinsights_sitenote_active":false,"_monsterinsights_sitenote_note":"","_monsterinsights_sitenote_category":0,"jetpack_post_was_ever_published":false,"_jetpack_newsletter_access":"","jetpack_publicize_message":"","jetpack_is_tweetstorm":false,"jetpack_publicize_feature_enabled":true,"jetpack_social_post_already_shared":true,"jetpack_social_options":{"image_generator_settings":{"template":"highway","enabled":false}}},"categories":[52,57,17,59,16],"tags":[],"jetpack_publicize_connections":[],"jetpack_featured_media_url":"https:\/\/i0.wp.com\/www.robertosedda.it\/wp-content\/uploads\/2018\/04\/Orgosolo-caduti.jpg?fit=899%2C896","jetpack_sharing_enabled":true,"jetpack_shortlink":"https:\/\/wp.me\/p4jV2T-3Vr","jetpack_likes_enabled":true,"jetpack-related-posts":[{"id":2677,"url":"http:\/\/www.robertosedda.it\/?p=2677","url_meta":{"origin":15093,"position":0},"title":"Nel blu dipinto di blu","author":"Rufus","date":"27\/03\/2013","format":false,"excerpt":"La statua contro il femminicidio di Ancona Ad Ancona \u00e8 stato inaugurato, per la prima volta in Europa,\u00a0un monumento contro il femminicidio. Si potrebbe discutere su cosa voglia dire fare un monumento contro, ma non stiamo a sottilizzare. C'\u00e8 ben altro. Il monumento \u00e8 questo: La statua \u00e8 in bronzo:\u2026","rel":"","context":"In &quot;Coordinate&quot;","block_context":{"text":"Coordinate","link":"http:\/\/www.robertosedda.it\/?cat=52"},"img":{"alt_text":"","src":"https:\/\/i0.wp.com\/www.robertosedda.it\/wp-content\/uploads\/2013\/03\/743459-Violenza_donne.jpg?fit=680%2C380&resize=350%2C200","width":350,"height":200},"classes":[]},{"id":3102,"url":"http:\/\/www.robertosedda.it\/?p=3102","url_meta":{"origin":15093,"position":1},"title":"Monumenti aperti e le mura che non parlano","author":"Rufus","date":"14\/05\/2013","format":false,"excerpt":"Sabato 11 e domenica 12 maggio i cagliaritani hanno potuto godere di Monumenti Aperti. In decine di migliaia si sono accuratamente messi in fila per visitare chiese e siti archeologici altrimenti chiusi per tutto l'anno. Una grande festa civile, una operazione culturale intelligente, una bella occasione per riprendersi la citt\u00e0\u2026","rel":"","context":"In &quot;Coordinate&quot;","block_context":{"text":"Coordinate","link":"http:\/\/www.robertosedda.it\/?cat=52"},"img":{"alt_text":"","src":"","width":0,"height":0},"classes":[]},{"id":2696,"url":"http:\/\/www.robertosedda.it\/?p=2696","url_meta":{"origin":15093,"position":2},"title":"La pi\u00f9 piccola delle citt\u00e0 di Giuda","author":"Rufus","date":"28\/03\/2013","format":false,"excerpt":"Premessa biblica a discorsi di ben altro tipo Nel Vangelo di Matteo Erode si informa, dopo la visita dei Magi, circa il luogo della nascita di Ges\u00f9. Gli viene risposto (Mt 2,5b-6a) \u00abA Betlemme di Giudea, perch\u00e9 cos\u00ec \u00e8 scritto per mezzo del profeta: E tu, Betlemme, terra di Giuda,\u2026","rel":"","context":"In &quot;Coordinate&quot;","block_context":{"text":"Coordinate","link":"http:\/\/www.robertosedda.it\/?cat=52"},"img":{"alt_text":"","src":"https:\/\/i0.wp.com\/www.robertosedda.it\/wp-content\/uploads\/2013\/03\/NEEVAxLOLLOVE.jpg?fit=1200%2C1200&resize=350%2C200","width":350,"height":200,"srcset":"https:\/\/i0.wp.com\/www.robertosedda.it\/wp-content\/uploads\/2013\/03\/NEEVAxLOLLOVE.jpg?fit=1200%2C1200&resize=350%2C200 1x, https:\/\/i0.wp.com\/www.robertosedda.it\/wp-content\/uploads\/2013\/03\/NEEVAxLOLLOVE.jpg?fit=1200%2C1200&resize=700%2C400 2x, https:\/\/i0.wp.com\/www.robertosedda.it\/wp-content\/uploads\/2013\/03\/NEEVAxLOLLOVE.jpg?fit=1200%2C1200&resize=1050%2C600 3x"},"classes":[]},{"id":19761,"url":"http:\/\/www.robertosedda.it\/?p=19761","url_meta":{"origin":15093,"position":3},"title":"La (non) vittoria del no profit inglese","author":"Rufus","date":"28\/06\/2022","format":false,"excerpt":"La settima scorsa ero in Scozia con Maria Bonaria, al matrimonio di Andrea Veneruzzo (s\u00ec, quello del criterio Veneruzzo), e ne abbiamo approfittato per trattenerci un paio di giorni nella regione del Border. \u00c8 stata una bella vacanza, che sicuramente era necessaria, nella quale ci sono successe un sacco di\u2026","rel":"","context":"In &quot;Coordinate&quot;","block_context":{"text":"Coordinate","link":"http:\/\/www.robertosedda.it\/?cat=52"},"img":{"alt_text":"","src":"https:\/\/i0.wp.com\/www.robertosedda.it\/wp-content\/uploads\/2022\/06\/ALIM5109r.jpg?fit=1200%2C900&resize=350%2C200","width":350,"height":200,"srcset":"https:\/\/i0.wp.com\/www.robertosedda.it\/wp-content\/uploads\/2022\/06\/ALIM5109r.jpg?fit=1200%2C900&resize=350%2C200 1x, https:\/\/i0.wp.com\/www.robertosedda.it\/wp-content\/uploads\/2022\/06\/ALIM5109r.jpg?fit=1200%2C900&resize=700%2C400 2x, https:\/\/i0.wp.com\/www.robertosedda.it\/wp-content\/uploads\/2022\/06\/ALIM5109r.jpg?fit=1200%2C900&resize=1050%2C600 3x"},"classes":[]},{"id":11423,"url":"http:\/\/www.robertosedda.it\/?p=11423","url_meta":{"origin":15093,"position":4},"title":"Macbeth in slow motion","author":"Rufus","date":"22\/01\/2016","format":"video","excerpt":"Lo so che parlo spesso di Shakespeare, ultimamente: \u00e8 una coincidenza, abbiate pazienza. Quel bisogno di stupire Ho visto la settimana scorsa il\u00a0Macbeth di Justin Kurzel. Mettere in scena Shakespeare, soprattutto al cinema, \u00e8 un po' come fare il regista dell'opera lirica: anche solo per distinguersi \u00e8 necessario interpretare,\u00a0quindi gli\u2026","rel":"","context":"In &quot;Coordinate&quot;","block_context":{"text":"Coordinate","link":"http:\/\/www.robertosedda.it\/?cat=52"},"img":{"alt_text":"","src":"https:\/\/i0.wp.com\/www.robertosedda.it\/wp-content\/uploads\/2016\/01\/Macbeth-Kurzel.jpg?fit=1200%2C675&resize=350%2C200","width":350,"height":200,"srcset":"https:\/\/i0.wp.com\/www.robertosedda.it\/wp-content\/uploads\/2016\/01\/Macbeth-Kurzel.jpg?fit=1200%2C675&resize=350%2C200 1x, https:\/\/i0.wp.com\/www.robertosedda.it\/wp-content\/uploads\/2016\/01\/Macbeth-Kurzel.jpg?fit=1200%2C675&resize=700%2C400 2x, https:\/\/i0.wp.com\/www.robertosedda.it\/wp-content\/uploads\/2016\/01\/Macbeth-Kurzel.jpg?fit=1200%2C675&resize=1050%2C600 3x"},"classes":[]},{"id":13037,"url":"http:\/\/www.robertosedda.it\/?p=13037","url_meta":{"origin":15093,"position":5},"title":"I loop di Ai Weiwei","author":"Rufus","date":"03\/01\/2017","format":false,"excerpt":"Durante la recente trasferta natalizia toscana (uno degli eventi pi\u00f9 umidi della mia vita) sono andato con Maria Bonaria e l'Inossidabile a vedere la mostra\u00a0Libero a Palazzo Strozzi,\u00a0una personale piuttosto ampia dedicata a Ai Weiwei, un artista contemporaneo cinese del quale non sapevo praticamente nulla - salvo che una rapida\u2026","rel":"","context":"In &quot;Coordinate&quot;","block_context":{"text":"Coordinate","link":"http:\/\/www.robertosedda.it\/?cat=52"},"img":{"alt_text":"","src":"https:\/\/i0.wp.com\/www.robertosedda.it\/wp-content\/uploads\/2017\/01\/Ai-Weiewi-urne.jpg?fit=600%2C400&resize=350%2C200","width":350,"height":200},"classes":[]}],"_links":{"self":[{"href":"http:\/\/www.robertosedda.it\/index.php?rest_route=\/wp\/v2\/posts\/15093"}],"collection":[{"href":"http:\/\/www.robertosedda.it\/index.php?rest_route=\/wp\/v2\/posts"}],"about":[{"href":"http:\/\/www.robertosedda.it\/index.php?rest_route=\/wp\/v2\/types\/post"}],"author":[{"embeddable":true,"href":"http:\/\/www.robertosedda.it\/index.php?rest_route=\/wp\/v2\/users\/1"}],"replies":[{"embeddable":true,"href":"http:\/\/www.robertosedda.it\/index.php?rest_route=%2Fwp%2Fv2%2Fcomments&post=15093"}],"version-history":[{"count":6,"href":"http:\/\/www.robertosedda.it\/index.php?rest_route=\/wp\/v2\/posts\/15093\/revisions"}],"predecessor-version":[{"id":15102,"href":"http:\/\/www.robertosedda.it\/index.php?rest_route=\/wp\/v2\/posts\/15093\/revisions\/15102"}],"wp:featuredmedia":[{"embeddable":true,"href":"http:\/\/www.robertosedda.it\/index.php?rest_route=\/wp\/v2\/media\/15097"}],"wp:attachment":[{"href":"http:\/\/www.robertosedda.it\/index.php?rest_route=%2Fwp%2Fv2%2Fmedia&parent=15093"}],"wp:term":[{"taxonomy":"category","embeddable":true,"href":"http:\/\/www.robertosedda.it\/index.php?rest_route=%2Fwp%2Fv2%2Fcategories&post=15093"},{"taxonomy":"post_tag","embeddable":true,"href":"http:\/\/www.robertosedda.it\/index.php?rest_route=%2Fwp%2Fv2%2Ftags&post=15093"}],"curies":[{"name":"wp","href":"https:\/\/api.w.org\/{rel}","templated":true}]}}