{"id":15077,"date":"2018-04-26T09:30:35","date_gmt":"2018-04-26T07:30:35","guid":{"rendered":"http:\/\/www.robertosedda.it\/?p=15077"},"modified":"2022-05-03T16:49:12","modified_gmt":"2022-05-03T14:49:12","slug":"haiku","status":"publish","type":"post","link":"http:\/\/www.robertosedda.it\/?p=15077","title":{"rendered":"Haiku"},"content":{"rendered":"<figure id=\"attachment_15078\" aria-describedby=\"caption-attachment-15078\" style=\"width: 1024px\" class=\"wp-caption aligncenter\"><a href=\"https:\/\/i0.wp.com\/www.robertosedda.it\/wp-content\/uploads\/2018\/04\/IMG-20180425-WA0008.jpg\"><img data-attachment-id=\"15078\" data-permalink=\"http:\/\/www.robertosedda.it\/?attachment_id=15078\" data-orig-file=\"https:\/\/i0.wp.com\/www.robertosedda.it\/wp-content\/uploads\/2018\/04\/IMG-20180425-WA0008.jpg?fit=1024%2C346\" data-orig-size=\"1024,346\" data-comments-opened=\"1\" data-image-meta=\"{&quot;aperture&quot;:&quot;0&quot;,&quot;credit&quot;:&quot;&quot;,&quot;camera&quot;:&quot;&quot;,&quot;caption&quot;:&quot;&quot;,&quot;created_timestamp&quot;:&quot;0&quot;,&quot;copyright&quot;:&quot;&quot;,&quot;focal_length&quot;:&quot;0&quot;,&quot;iso&quot;:&quot;0&quot;,&quot;shutter_speed&quot;:&quot;0&quot;,&quot;title&quot;:&quot;&quot;,&quot;orientation&quot;:&quot;0&quot;}\" data-image-title=\"Fenicottero\" data-image-description=\"\" data-image-caption=\"&lt;p&gt;Foto di Alberto Nardi&lt;\/p&gt;\n\" data-medium-file=\"https:\/\/i0.wp.com\/www.robertosedda.it\/wp-content\/uploads\/2018\/04\/IMG-20180425-WA0008.jpg?fit=300%2C101\" data-large-file=\"https:\/\/i0.wp.com\/www.robertosedda.it\/wp-content\/uploads\/2018\/04\/IMG-20180425-WA0008.jpg?fit=510%2C172\" decoding=\"async\" loading=\"lazy\" class=\"size-full wp-image-15078\" src=\"https:\/\/i0.wp.com\/www.robertosedda.it\/wp-content\/uploads\/2018\/04\/IMG-20180425-WA0008.jpg?resize=800%2C270\" alt=\"\" width=\"800\" height=\"270\" srcset=\"https:\/\/i0.wp.com\/www.robertosedda.it\/wp-content\/uploads\/2018\/04\/IMG-20180425-WA0008.jpg?w=1024 1024w, https:\/\/i0.wp.com\/www.robertosedda.it\/wp-content\/uploads\/2018\/04\/IMG-20180425-WA0008.jpg?resize=150%2C51 150w, https:\/\/i0.wp.com\/www.robertosedda.it\/wp-content\/uploads\/2018\/04\/IMG-20180425-WA0008.jpg?resize=300%2C101 300w, https:\/\/i0.wp.com\/www.robertosedda.it\/wp-content\/uploads\/2018\/04\/IMG-20180425-WA0008.jpg?resize=510%2C172 510w, https:\/\/i0.wp.com\/www.robertosedda.it\/wp-content\/uploads\/2018\/04\/IMG-20180425-WA0008.jpg?resize=700%2C237 700w\" sizes=\"(max-width: 800px) 100vw, 800px\" data-recalc-dims=\"1\" \/><\/a><figcaption id=\"caption-attachment-15078\" class=\"wp-caption-text\">Foto di Alberto Nardi<\/figcaption><\/figure>\n<p>Prendo la bici<br \/>\nstormi di fenicotteri<br \/>\nmi accompagnano.<\/p>\n<p>EDIT del giorno dopo. Mi sono accorto che l&#8217;<em>haiku<\/em>, composto al volo pedalando a Molentargius,\u00a0\u00e8 rovinato da un errore: dovrebbe avere uno schema 5\/7\/5 e invece il secondo verso ha otto sillabe (lasciamo perdere che dovrebbero essere more).<\/p>\n<p>Pi\u00f9 corretto dovrebbe essere:<\/p>\n<p><em>Prendo la bici<br \/>\ntanti fenicotteri<br \/>\nmi accompagnano<\/em><\/p>\n<p>che non \u00e8 molto carino.<\/p>\n<p>Dopo essermene reso conto ero comunque preso dalla vena poetica, e quindi ho composto un\u00a0<em>limerick<\/em>, una mia vecchia passione.<\/p>\n<h3><em>Limerick di Molentargius<\/em><\/h3>\n<p><em>Un robusto signore sardo<br \/>\npedalando un po&#8217; in ritardo<br \/>\nincontr\u00f2 i fenicotteri<br \/>\nparevano elicotteri<br \/>\nquel barbuto ciclista sardo.<\/em><\/p>\n","protected":false},"excerpt":{"rendered":"<p>Prendo la bici stormi di fenicotteri mi accompagnano. EDIT del giorno dopo. Mi sono accorto che l&#8217;haiku, composto al volo<\/p>\n","protected":false},"author":1,"featured_media":15078,"comment_status":"open","ping_status":"open","sticky":false,"template":"","format":"standard","meta":{"_mi_skip_tracking":false,"_monsterinsights_sitenote_active":false,"_monsterinsights_sitenote_note":"","_monsterinsights_sitenote_category":0,"jetpack_post_was_ever_published":false,"_jetpack_newsletter_access":"","jetpack_publicize_message":"","jetpack_is_tweetstorm":false,"jetpack_publicize_feature_enabled":true,"jetpack_social_post_already_shared":true,"jetpack_social_options":{"image_generator_settings":{"template":"highway","enabled":false}}},"categories":[52,53,75,18,16],"tags":[],"jetpack_publicize_connections":[],"jetpack_featured_media_url":"https:\/\/i0.wp.com\/www.robertosedda.it\/wp-content\/uploads\/2018\/04\/IMG-20180425-WA0008.jpg?fit=1024%2C346","jetpack_sharing_enabled":true,"jetpack_shortlink":"https:\/\/wp.me\/s4jV2T-haiku","jetpack_likes_enabled":true,"jetpack-related-posts":[{"id":17061,"url":"http:\/\/www.robertosedda.it\/?p=17061","url_meta":{"origin":15077,"position":0},"title":"Un giorno a Cagliari","author":"Rufus","date":"24\/08\/2019","format":false,"excerpt":"Vedo che Cagliari ha un nuovo video istituzionale di presentazione per i turisti. https:\/\/www.youtube.com\/watch?v=V0zYpeuUA2E&fbclid=IwAR1ywZfCwsJVj1PeijRzLzjE6_x6cmtZUfmKRGOS_yDmNxZDOhPCuxbMjKI Resto un pochino perplesso per un paio di insistenze su certi esercizi commerciali rispetto ad altri, per alcune clamorose omissioni (niente Museo Archeologico, niente lungomare Poetto con quelli che fanno sport o si godono la vita,\u2026","rel":"","context":"In &quot;Coordinate&quot;","block_context":{"text":"Coordinate","link":"http:\/\/www.robertosedda.it\/?cat=52"},"img":{"alt_text":"","src":"https:\/\/i0.wp.com\/www.robertosedda.it\/wp-content\/uploads\/2019\/08\/Logo-Cagliari.jpg?fit=1200%2C758&resize=350%2C200","width":350,"height":200,"srcset":"https:\/\/i0.wp.com\/www.robertosedda.it\/wp-content\/uploads\/2019\/08\/Logo-Cagliari.jpg?fit=1200%2C758&resize=350%2C200 1x, https:\/\/i0.wp.com\/www.robertosedda.it\/wp-content\/uploads\/2019\/08\/Logo-Cagliari.jpg?fit=1200%2C758&resize=700%2C400 2x, https:\/\/i0.wp.com\/www.robertosedda.it\/wp-content\/uploads\/2019\/08\/Logo-Cagliari.jpg?fit=1200%2C758&resize=1050%2C600 3x"},"classes":[]},{"id":2568,"url":"http:\/\/www.robertosedda.it\/?p=2568","url_meta":{"origin":15077,"position":1},"title":"Cose da fare a Cagliari almeno una volta nella vita","author":"Rufus","date":"21\/03\/2013","format":false,"excerpt":"Un articolo carino sul blog dell'osservatore baggiano mi ha fatto ricordare che anni fa, dopo aver scoperto che esisteva\u00a0il libro 101 cose da fare a Milano almeno una volta nella vita, anche il gruppo \"La Pira\" aveva iniziato a stilare il suo elenco di \"cose da fare a Cagliari almeno\u2026","rel":"","context":"In &quot;Coordinate&quot;","block_context":{"text":"Coordinate","link":"http:\/\/www.robertosedda.it\/?cat=52"},"img":{"alt_text":"","src":"https:\/\/i0.wp.com\/www.robertosedda.it\/wp-content\/uploads\/2013\/11\/Panorama-Cagliari.jpg?fit=640%2C428&resize=350%2C200","width":350,"height":200},"classes":[]},{"id":1727,"url":"http:\/\/www.robertosedda.it\/?p=1727","url_meta":{"origin":15077,"position":2},"title":"Belle foto della Sardegna","author":"Rufus","date":"19\/12\/2012","format":"image","excerpt":"Mio cognato Alberto, maledetto toscano, ha la passione per la fotografia e ottiene risultati mi sembra non disprezzabili, a parte coi fenicotteri (ma questa \u00e8 un'altra storia e sar\u00e0 raccontata un'altra volta). \u00c8 anche l'autore di alcune delle foto che compaiono in testata - quelle pi\u00f9 belle, le altre sono\u2026","rel":"","context":"In &quot;Coordinate&quot;","block_context":{"text":"Coordinate","link":"http:\/\/www.robertosedda.it\/?cat=52"},"img":{"alt_text":"Poster","src":"https:\/\/i0.wp.com\/www.robertosedda.it\/wp-content\/uploads\/2012\/12\/Temporary-Poster-5-1024x722.jpg?resize=350%2C200","width":350,"height":200,"srcset":"https:\/\/i0.wp.com\/www.robertosedda.it\/wp-content\/uploads\/2012\/12\/Temporary-Poster-5-1024x722.jpg?resize=350%2C200 1x, https:\/\/i0.wp.com\/www.robertosedda.it\/wp-content\/uploads\/2012\/12\/Temporary-Poster-5-1024x722.jpg?resize=700%2C400 2x"},"classes":[]},{"id":8278,"url":"http:\/\/www.robertosedda.it\/?p=8278","url_meta":{"origin":15077,"position":3},"title":"Ho salvato due turisti in viale Cimitero (\u00e8 per questo che il turismo cos\u00ec tanto svilupp\u00f2)","author":"Rufus","date":"01\/09\/2014","format":false,"excerpt":"Anni fa sono stato a Genova con Maria Bonaria, per un seminario formativo del\u00a0CPPP (che sarebbe il\u00a0Centro psicopedagogico per la pace\u00a0di Daniele Novara) e un po' di turismo. Una cosa che ci aveva colpito \u00e8 che appena tiravamo fuori la cartina c'era subito qualcuno, gentilissimo, che ci diceva: \u00abVi servono\u2026","rel":"","context":"In &quot;Coordinate&quot;","block_context":{"text":"Coordinate","link":"http:\/\/www.robertosedda.it\/?cat=52"},"img":{"alt_text":"","src":"https:\/\/i0.wp.com\/www.robertosedda.it\/wp-content\/uploads\/2014\/09\/DSCN0873.jpg?fit=1200%2C900&resize=350%2C200","width":350,"height":200,"srcset":"https:\/\/i0.wp.com\/www.robertosedda.it\/wp-content\/uploads\/2014\/09\/DSCN0873.jpg?fit=1200%2C900&resize=350%2C200 1x, https:\/\/i0.wp.com\/www.robertosedda.it\/wp-content\/uploads\/2014\/09\/DSCN0873.jpg?fit=1200%2C900&resize=700%2C400 2x, https:\/\/i0.wp.com\/www.robertosedda.it\/wp-content\/uploads\/2014\/09\/DSCN0873.jpg?fit=1200%2C900&resize=1050%2C600 3x"},"classes":[]},{"id":18240,"url":"http:\/\/www.robertosedda.it\/?p=18240","url_meta":{"origin":15077,"position":4},"title":"Cucine esotiche con polemica politica finale","author":"Rufus","date":"04\/08\/2020","format":false,"excerpt":"Ci sono cose incomprensibili nel cuore di Cagliari. Come questo avviso di prossima apertura: No, la cosa incomprensibile non \u00e8 l'ortografia (che pure...). No, \u00e8 l'idea che si possano attrarre i futuri clienti con quel richiamo ai sapori di una... comunque. Come se quella sola frase evocasse in tutti noi\u2026","rel":"","context":"In &quot;Antropologia&quot;","block_context":{"text":"Antropologia","link":"http:\/\/www.robertosedda.it\/?cat=97"},"img":{"alt_text":"","src":"https:\/\/i0.wp.com\/www.robertosedda.it\/wp-content\/uploads\/2020\/08\/Trattoria-bielorussa.jpg?fit=1200%2C900&resize=350%2C200","width":350,"height":200,"srcset":"https:\/\/i0.wp.com\/www.robertosedda.it\/wp-content\/uploads\/2020\/08\/Trattoria-bielorussa.jpg?fit=1200%2C900&resize=350%2C200 1x, https:\/\/i0.wp.com\/www.robertosedda.it\/wp-content\/uploads\/2020\/08\/Trattoria-bielorussa.jpg?fit=1200%2C900&resize=700%2C400 2x, https:\/\/i0.wp.com\/www.robertosedda.it\/wp-content\/uploads\/2020\/08\/Trattoria-bielorussa.jpg?fit=1200%2C900&resize=1050%2C600 3x"},"classes":[]},{"id":12319,"url":"http:\/\/www.robertosedda.it\/?p=12319","url_meta":{"origin":15077,"position":5},"title":"La guerra su ruote come metafora sociale","author":"Rufus","date":"19\/08\/2016","format":"video","excerpt":"Lo spunto casuale Ho visto da poco a Stintino, durante l'ottima rassegna Life after oil\u00a0(cio\u00e8 \"la vita dopo il petrolio\") il documentario\u00a0Bikes vs Cars (\"bici contro auto\"). https:\/\/www.youtube.com\/watch?v=et8iEIPhooM Non ne faccio una vera e propria recensione (in tre parole: molto interessante, un po' lungo, un pelo datato); dico piuttosto che\u2026","rel":"","context":"In &quot;Coordinate&quot;","block_context":{"text":"Coordinate","link":"http:\/\/www.robertosedda.it\/?cat=52"},"img":{"alt_text":"","src":"https:\/\/i0.wp.com\/www.robertosedda.it\/wp-content\/uploads\/2016\/08\/Poor-biker.jpg?fit=1200%2C943&resize=350%2C200","width":350,"height":200,"srcset":"https:\/\/i0.wp.com\/www.robertosedda.it\/wp-content\/uploads\/2016\/08\/Poor-biker.jpg?fit=1200%2C943&resize=350%2C200 1x, https:\/\/i0.wp.com\/www.robertosedda.it\/wp-content\/uploads\/2016\/08\/Poor-biker.jpg?fit=1200%2C943&resize=700%2C400 2x, https:\/\/i0.wp.com\/www.robertosedda.it\/wp-content\/uploads\/2016\/08\/Poor-biker.jpg?fit=1200%2C943&resize=1050%2C600 3x"},"classes":[]}],"_links":{"self":[{"href":"http:\/\/www.robertosedda.it\/index.php?rest_route=\/wp\/v2\/posts\/15077"}],"collection":[{"href":"http:\/\/www.robertosedda.it\/index.php?rest_route=\/wp\/v2\/posts"}],"about":[{"href":"http:\/\/www.robertosedda.it\/index.php?rest_route=\/wp\/v2\/types\/post"}],"author":[{"embeddable":true,"href":"http:\/\/www.robertosedda.it\/index.php?rest_route=\/wp\/v2\/users\/1"}],"replies":[{"embeddable":true,"href":"http:\/\/www.robertosedda.it\/index.php?rest_route=%2Fwp%2Fv2%2Fcomments&post=15077"}],"version-history":[{"count":3,"href":"http:\/\/www.robertosedda.it\/index.php?rest_route=\/wp\/v2\/posts\/15077\/revisions"}],"predecessor-version":[{"id":15092,"href":"http:\/\/www.robertosedda.it\/index.php?rest_route=\/wp\/v2\/posts\/15077\/revisions\/15092"}],"wp:featuredmedia":[{"embeddable":true,"href":"http:\/\/www.robertosedda.it\/index.php?rest_route=\/wp\/v2\/media\/15078"}],"wp:attachment":[{"href":"http:\/\/www.robertosedda.it\/index.php?rest_route=%2Fwp%2Fv2%2Fmedia&parent=15077"}],"wp:term":[{"taxonomy":"category","embeddable":true,"href":"http:\/\/www.robertosedda.it\/index.php?rest_route=%2Fwp%2Fv2%2Fcategories&post=15077"},{"taxonomy":"post_tag","embeddable":true,"href":"http:\/\/www.robertosedda.it\/index.php?rest_route=%2Fwp%2Fv2%2Ftags&post=15077"}],"curies":[{"name":"wp","href":"https:\/\/api.w.org\/{rel}","templated":true}]}}