{"id":15056,"date":"2018-04-23T10:25:12","date_gmt":"2018-04-23T08:25:12","guid":{"rendered":"http:\/\/www.robertosedda.it\/?p=15056"},"modified":"2019-05-21T10:30:10","modified_gmt":"2019-05-21T08:30:10","slug":"facile-moralismo","status":"publish","type":"post","link":"http:\/\/www.robertosedda.it\/?p=15056","title":{"rendered":"Facile moralismo"},"content":{"rendered":"<p>Stamattina mi sono visto passare il&nbsp;<em>6<\/em> sotto il naso, per una volta che ero riuscito a uscire di casa puntuale.<\/p>\n<p><a href=\"https:\/\/i0.wp.com\/www.robertosedda.it\/wp-content\/uploads\/2018\/04\/189095_1008070813927_9322_n.jpg\"><img data-attachment-id=\"15059\" data-permalink=\"http:\/\/www.robertosedda.it\/?attachment_id=15059\" data-orig-file=\"https:\/\/i0.wp.com\/www.robertosedda.it\/wp-content\/uploads\/2018\/04\/189095_1008070813927_9322_n.jpg?fit=604%2C453\" data-orig-size=\"604,453\" data-comments-opened=\"1\" data-image-meta=\"{&quot;aperture&quot;:&quot;0&quot;,&quot;credit&quot;:&quot;&quot;,&quot;camera&quot;:&quot;&quot;,&quot;caption&quot;:&quot;&quot;,&quot;created_timestamp&quot;:&quot;0&quot;,&quot;copyright&quot;:&quot;&quot;,&quot;focal_length&quot;:&quot;0&quot;,&quot;iso&quot;:&quot;0&quot;,&quot;shutter_speed&quot;:&quot;0&quot;,&quot;title&quot;:&quot;&quot;,&quot;orientation&quot;:&quot;0&quot;}\" data-image-title=\"189095_1008070813927_9322_n\" data-image-description=\"\" data-image-caption=\"\" data-medium-file=\"https:\/\/i0.wp.com\/www.robertosedda.it\/wp-content\/uploads\/2018\/04\/189095_1008070813927_9322_n.jpg?fit=300%2C225\" data-large-file=\"https:\/\/i0.wp.com\/www.robertosedda.it\/wp-content\/uploads\/2018\/04\/189095_1008070813927_9322_n.jpg?fit=510%2C383\" decoding=\"async\" loading=\"lazy\" class=\"aligncenter size-full wp-image-15059\" src=\"https:\/\/i0.wp.com\/www.robertosedda.it\/wp-content\/uploads\/2018\/04\/189095_1008070813927_9322_n.jpg?resize=604%2C453\" alt=\"\" width=\"604\" height=\"453\" srcset=\"https:\/\/i0.wp.com\/www.robertosedda.it\/wp-content\/uploads\/2018\/04\/189095_1008070813927_9322_n.jpg?w=604 604w, https:\/\/i0.wp.com\/www.robertosedda.it\/wp-content\/uploads\/2018\/04\/189095_1008070813927_9322_n.jpg?resize=150%2C113 150w, https:\/\/i0.wp.com\/www.robertosedda.it\/wp-content\/uploads\/2018\/04\/189095_1008070813927_9322_n.jpg?resize=300%2C225 300w, https:\/\/i0.wp.com\/www.robertosedda.it\/wp-content\/uploads\/2018\/04\/189095_1008070813927_9322_n.jpg?resize=510%2C383 510w, https:\/\/i0.wp.com\/www.robertosedda.it\/wp-content\/uploads\/2018\/04\/189095_1008070813927_9322_n.jpg?resize=268%2C200 268w\" sizes=\"(max-width: 604px) 100vw, 604px\" data-recalc-dims=\"1\" \/><\/a>Per fortuna un attimo dopo passa il&nbsp;<em>31<\/em>, scarica l&#8217;abituale orda di ragazzini diretti alle scuole della zona e prosegue, con a bordo un&#8217;altra orda di altri ragazzini, sei immigrati africani, uno che sembra un controllore ma non lo \u00e8, me, due signore, un signore grasso e un tizio cinese.<\/p>\n<p>Cio\u00e8, veramente no, non prosegue.<\/p>\n<p>Rimane fermo, con le portine aperte. Un minuto, due minuti, tre.<\/p>\n<p>Ci guardiamo l&#8217;un l&#8217;altro un po&#8217; stupiti, perlomeno quelli che hanno il senso della realt\u00e0 circostante: quattro ragazzine hanno sequestrato i sedili messi uno di fronte all&#8217;altro per farne un salotto nel quale si dibattono argomenti <em>interessantissimi<\/em>, un altro paio di passeggeri sono persi negli&nbsp;<em>smartphone<\/em>, due sono sprofondati nei meandri della passione.<\/p>\n<p>Dalla postazione dell&#8217;autista proviene una sorta di borbottio indistinto; un rimprovero, pare di capire. Ci guardiamo attorno, perplessi.<\/p>\n<p>\u00abScusi, non abbiamo capito\u00bb, grido, chiedendomi poi, in realt\u00e0, perch\u00e9 debba mettermi a gridare: altri autisti del&nbsp;<em>CTM<\/em> semplicemente si alzano e dettano le regole a voce alta, di solito.<\/p>\n<p>Altri borbottii, fra i quali pare capirsi: \u00ab&#8230; mettere a posto i vetri\u00bb.<\/p>\n<p>Boh, le finestrelle sembrano in ordine. Le due signore, impegnate in una discussione su quella l\u00e0 che si \u00e8 presa le ferie, si fermano un attimo per attestare: \u00abS\u00ec, i finestrini sono a posto\u00bb.<\/p>\n<p>I ragazzini &#8211; soprattutto ragazzine &#8211; sghignazzano. Il tempo passa, l&#8217;autista borbotta: \u00ab&#8230; stupidi scherzi\u00bb.<\/p>\n<p>Faccio due passi avanti e dico ai due signori che mi precedono: \u00abScusate, magari noi che siamo adulti possiamo andare avanti e chiedere cosa sta succedendo, no?\u00bb.<\/p>\n<p>Quello grasso tiene lo sguardo fisso in avanti, sopra la testa la nuvoletta: \u00abNon voglio grane\u00bb. L&#8217;altro si gira ed \u00e8 cinese, e mi guarda come a dire: \u00ab\u6211\u6ca1\u6709\u53d1\u751f\u8fc7\u00bb. Allora vado avanti io e mi rivolgo a quello che sembra il controllore: \u00abMi scusi, non abbiamo capito, possiamo sapere cosa succede?\u00bb.<\/p>\n<p>Solo che quello non \u00e8 il controllore, \u00e8 un passeggero anche lui con camicia azzurra e maglione blu, ma siccome viaggia attaccato al parabrezza ha deciso di ritagliarsi il ruolo di&nbsp;<em>bodyguard<\/em> &#8211; muta, peraltro &#8211; dell&#8217;autista. Il quale, comunque, non solo \u00e8 basso ma sta sprofondato nella sedia, quindi parlare con lui \u00e8 come rivolgersi alle profondit\u00e0 dell&#8217;autobus.<\/p>\n<p>Alla fine capisco che il problema \u00e8 che qualcuno ha girato la rotella di apertura automatica della porta posteriore, e l&#8217;autista con le porte aperte non riparte.<\/p>\n<p>\u00abScusi, e non le pu\u00f2 rimettere a posto?\u00bb.<\/p>\n<p>\u00abIo?! A me non spetta. Rimettetele a posto voi\u00bb.<\/p>\n<p>A casa mia lui sarebbe pure responsabile del mezzo, ma magari mi sbaglio. \u00abE scusi, allora ci dice cosa dobbiamo fare, come le possiamo aggiustare?\u00bb.<\/p>\n<p>\u00abA loro chiedetelo, cosa hanno fatto e come si pu\u00f2 aggiustare&#8230;\u00bb.<\/p>\n<p>A questo punto, essendo l&#8217;amichevole Rufus che non perde mai la calma che conoscete, sono un po&#8217; alterato: \u00abMa senta, ma lei blocca il pullman cos\u00ec, per una ripicca?\u00bb.<\/p>\n<p>\u00abIo non sto bloccando niente, loro sono che lo bloccano\u00bb. E a un nuovo affondo prosegue: \u00abIo non sto sequestrando proprio nessuno, le portiere sono aperte\u00bb.<\/p>\n<p>Vista l&#8217;impossibilit\u00e0, decido di chiamare l&#8217;assistenza del <em>CTM<\/em> e protestare. Il cinese, perplesso, mi chiede: \u00abScusi, perch\u00e9 non riparte?\u00bb. Alle mie spiegazioni fa: \u00abScemo!\u00bb.<\/p>\n<p>L&#8217;autista, intanto, che mi ha visto col telefono in mano, la centrale la chiama lui. Si sente che gli dicono, evidentemente, che se la potrebbe cavare in un attimo e lui risponde che non pu\u00f2 stare l\u00e0 tutta l&#8217;ora a aggiustare rotelle. Quelli, boh, a quanto pare desistono.<\/p>\n<p>Oh, se fosse che l&#8217;autobus \u00e8 in mano a teppisti che ripetono lo scherzo ogni secondo, avrebbe pure ragione. Ma ci guardiamo attorno: l&#8217;intera parte posteriore dell&#8217;autobus \u00e8 occupata da studentesse che non sembrano proprio propense agli scherzi, tranne un ragazzotto che comunque \u00e8 perso nei suddetti meandri della passione con una delle suddette studentesse, peraltro certo meritevole di attenzione. L&#8217;opinione corrente \u00e8 che gli autori dello scherzo probabilmente sono gi\u00e0 scesi, anzi grosso modo ora devono essere non solo a scuola, ma gi\u00e0 intenti alla ricreazione. L&#8217;autista replica che ci dovremmo preoccupare di educarli meglio, i nostri figli. Per un attimo penso che si possa mettere a piangere.<\/p>\n<p>Nel frattempo arriva un altro autobus. Scendiamo tutti, poi si scopre che \u00e8 il <em>5<\/em>&nbsp;che va da un&#8217;altra parte e risaliamo. Una ragazzina si alza e <a href=\"http:\/\/www.robertosedda.it\/?p=879\">gira la rotella<\/a>, precedendomi. La portiera posteriore si chiude, quella in mezzo rimane aperta.<\/p>\n<p>Boh.<\/p>\n<p>Arriva il&nbsp;<em>30<\/em>. Scendiamo di nuovo e trasbordiamo. Il cinese scuote la testa e mi rivolge un sorriso complice, robe da matti.<\/p>\n<p>Ovviamente perdo la coincidenza col&nbsp;<em>10<\/em> e arrivo in ritardo al lavoro, mannaggia.<\/p>\n<p>Ah, e il moralismo? In due parole, e senza voler entrare nei dibattiti sul (presunto) bullismo di questi giorni: ma come definire il comportamento dell&#8217;autista se non&nbsp;<em>capricci isterici da adolescente<\/em>?<\/p>\n","protected":false},"excerpt":{"rendered":"<p>Stamattina mi sono visto passare il&nbsp;6 sotto il naso, per una volta che ero riuscito a uscire di casa puntuale.<\/p>\n","protected":false},"author":1,"featured_media":15059,"comment_status":"open","ping_status":"open","sticky":false,"template":"","format":"standard","meta":{"_mi_skip_tracking":false,"_monsterinsights_sitenote_active":false,"_monsterinsights_sitenote_note":"","_monsterinsights_sitenote_category":0,"jetpack_post_was_ever_published":false,"_jetpack_newsletter_access":"","jetpack_publicize_message":"","jetpack_is_tweetstorm":false,"jetpack_publicize_feature_enabled":true,"jetpack_social_post_already_shared":true,"jetpack_social_options":{"image_generator_settings":{"template":"highway","enabled":false}}},"categories":[52,56,82,18,16],"tags":[],"jetpack_publicize_connections":[],"jetpack_featured_media_url":"https:\/\/i0.wp.com\/www.robertosedda.it\/wp-content\/uploads\/2018\/04\/189095_1008070813927_9322_n.jpg?fit=604%2C453","jetpack_sharing_enabled":true,"jetpack_shortlink":"https:\/\/wp.me\/p4jV2T-3UQ","jetpack_likes_enabled":true,"jetpack-related-posts":[{"id":2294,"url":"http:\/\/www.robertosedda.it\/?p=2294","url_meta":{"origin":15056,"position":0},"title":"Io non voto (storia triste)","author":"Rufus","date":"21\/02\/2013","format":false,"excerpt":"L'altro giorno ero alla fermata dell'autobus. Seduti sulla panchina, due signori anziani discutevano. Cio\u00e8: uno parlava, l'altro ascoltava. In sardo, ma ve lo traduco (anche perch\u00e9 non sono sicuro dell'ortografia). \u00abIo non voto. Tutti ladroni, devo votare a loro? Ladroni. Mia moglie \u00e8 morta un anno fa\u00bb. Effettivamente non colgo\u2026","rel":"","context":"In &quot;Coordinate&quot;","block_context":{"text":"Coordinate","link":"http:\/\/www.robertosedda.it\/?cat=52"},"img":{"alt_text":"","src":"","width":0,"height":0},"classes":[]},{"id":6808,"url":"http:\/\/www.robertosedda.it\/?p=6808","url_meta":{"origin":15056,"position":1},"title":"Politiche di riduzione del danno","author":"Rufus","date":"24\/03\/2014","format":false,"excerpt":"Sgarrare al catechismo? Io e Maria Bonaria, di solito, andiamo alla Messa delle dieci della domenica mattina, che \u00e8 anche la Messa dei bambini del catechismo. Ieri ci siamo trovati su una panca subito dietro i ragazzini\u00a0 e le ragazzine che si preparano alla Cresima:\u00a0 a quell'et\u00e0 maldestra fra i\u2026","rel":"","context":"In &quot;Coordinate&quot;","block_context":{"text":"Coordinate","link":"http:\/\/www.robertosedda.it\/?cat=52"},"img":{"alt_text":"","src":"https:\/\/i0.wp.com\/www.robertosedda.it\/wp-content\/uploads\/2014\/03\/A-Olzai-coi-giovanissimi-e1648137071330.jpg?fit=600%2C443&resize=350%2C200","width":350,"height":200},"classes":[]},{"id":2880,"url":"http:\/\/www.robertosedda.it\/?p=2880","url_meta":{"origin":15056,"position":2},"title":"Tre conversazioni flash","author":"Rufus","date":"16\/04\/2013","format":false,"excerpt":"\u00abEhia!!\u00bb Salgo sul 31 e noto un ragazzino seduto. Ha una mohicana appiattita sulla cima della testa, una carnagione scurissima, un'aria complessiva da ragazzino di quartieri popolari. Se lo noto \u00e8 perch\u00e9 in spregio alle leggi della fisica riesce nell'impresa di apparire comodamente sdraiato sui sedili degli autobus del CTM,\u2026","rel":"","context":"In &quot;Coordinate&quot;","block_context":{"text":"Coordinate","link":"http:\/\/www.robertosedda.it\/?cat=52"},"img":{"alt_text":"","src":"","width":0,"height":0},"classes":[]},{"id":16637,"url":"http:\/\/www.robertosedda.it\/?p=16637","url_meta":{"origin":15056,"position":3},"title":"Di recente sul CTM","author":"Rufus","date":"30\/04\/2019","format":false,"excerpt":"Sordit\u00e0 L'altro giorno sull'autobus mi sono seduto sul primo posto che si trova appena saliti, dall'altro lato dell'autista, una specie di nicchia che considero confortevolissima e perfino dotata di una specie di piano laterale nel quale si pu\u00f2 poggiare la borsa. Quando sono salito l'autobus era mezzo vuoto ma subito\u2026","rel":"","context":"In &quot;Coordinate&quot;","block_context":{"text":"Coordinate","link":"http:\/\/www.robertosedda.it\/?cat=52"},"img":{"alt_text":"","src":"https:\/\/i0.wp.com\/www.robertosedda.it\/wp-content\/uploads\/2019\/04\/Bus-CTM.jpg?fit=1200%2C674&resize=350%2C200","width":350,"height":200,"srcset":"https:\/\/i0.wp.com\/www.robertosedda.it\/wp-content\/uploads\/2019\/04\/Bus-CTM.jpg?fit=1200%2C674&resize=350%2C200 1x, https:\/\/i0.wp.com\/www.robertosedda.it\/wp-content\/uploads\/2019\/04\/Bus-CTM.jpg?fit=1200%2C674&resize=700%2C400 2x, https:\/\/i0.wp.com\/www.robertosedda.it\/wp-content\/uploads\/2019\/04\/Bus-CTM.jpg?fit=1200%2C674&resize=1050%2C600 3x"},"classes":[]},{"id":8267,"url":"http:\/\/www.robertosedda.it\/?p=8267","url_meta":{"origin":15056,"position":4},"title":"Fenomenologia della distribuzione dei posti a sedere: l&#8217;Avvoltoio del CTM","author":"Rufus","date":"28\/08\/2014","format":false,"excerpt":"Oggi sull'autobus ho incontrato l'Avvoltoio. Ma andiamo con ordine. Le persone che sull'autobus desiderano sedersi e trovano i posti occupati tendono a comportarsi in maniera diversa. A un estremo ci sono quelli che sopportano, e restano in piedi. O quelli giovani, che non hanno diritto. O quelli\u00a0della mia et\u00e0,\u00a0che se\u2026","rel":"","context":"In &quot;Coordinate&quot;","block_context":{"text":"Coordinate","link":"http:\/\/www.robertosedda.it\/?cat=52"},"img":{"alt_text":"","src":"https:\/\/i0.wp.com\/www.robertosedda.it\/wp-content\/uploads\/2014\/08\/Avvoltoio.jpg?fit=252%2C333&resize=350%2C200","width":350,"height":200},"classes":[]},{"id":854,"url":"http:\/\/www.robertosedda.it\/?p=854","url_meta":{"origin":15056,"position":5},"title":"\u00abCamminiamo\u00bb","author":"Rufus","date":"12\/09\/2012","format":false,"excerpt":"Ieri arrivo a Cagliari dall'aereoporto veramente tardi. Alla fermata dell'autobus c'\u00e8 un gruppo di ragazzini, et\u00e0\u00a0da scuola superiore, cinque maschi e due femmine. Con delusione scopriamo che l'ultimo autobus \u00e8 gi\u00e0 andato via. Le due ragazzine sclerano: \u00abCapperi, capperi! Questa \u00e8 la notte che mia mamma commette atti contronatura su\u2026","rel":"","context":"In &quot;Coordinate&quot;","block_context":{"text":"Coordinate","link":"http:\/\/www.robertosedda.it\/?cat=52"},"img":{"alt_text":"","src":"","width":0,"height":0},"classes":[]}],"_links":{"self":[{"href":"http:\/\/www.robertosedda.it\/index.php?rest_route=\/wp\/v2\/posts\/15056"}],"collection":[{"href":"http:\/\/www.robertosedda.it\/index.php?rest_route=\/wp\/v2\/posts"}],"about":[{"href":"http:\/\/www.robertosedda.it\/index.php?rest_route=\/wp\/v2\/types\/post"}],"author":[{"embeddable":true,"href":"http:\/\/www.robertosedda.it\/index.php?rest_route=\/wp\/v2\/users\/1"}],"replies":[{"embeddable":true,"href":"http:\/\/www.robertosedda.it\/index.php?rest_route=%2Fwp%2Fv2%2Fcomments&post=15056"}],"version-history":[{"count":5,"href":"http:\/\/www.robertosedda.it\/index.php?rest_route=\/wp\/v2\/posts\/15056\/revisions"}],"predecessor-version":[{"id":16647,"href":"http:\/\/www.robertosedda.it\/index.php?rest_route=\/wp\/v2\/posts\/15056\/revisions\/16647"}],"wp:featuredmedia":[{"embeddable":true,"href":"http:\/\/www.robertosedda.it\/index.php?rest_route=\/wp\/v2\/media\/15059"}],"wp:attachment":[{"href":"http:\/\/www.robertosedda.it\/index.php?rest_route=%2Fwp%2Fv2%2Fmedia&parent=15056"}],"wp:term":[{"taxonomy":"category","embeddable":true,"href":"http:\/\/www.robertosedda.it\/index.php?rest_route=%2Fwp%2Fv2%2Fcategories&post=15056"},{"taxonomy":"post_tag","embeddable":true,"href":"http:\/\/www.robertosedda.it\/index.php?rest_route=%2Fwp%2Fv2%2Ftags&post=15056"}],"curies":[{"name":"wp","href":"https:\/\/api.w.org\/{rel}","templated":true}]}}