{"id":15033,"date":"2018-04-17T19:13:04","date_gmt":"2018-04-17T17:13:04","guid":{"rendered":"http:\/\/www.robertosedda.it\/?p=15033"},"modified":"2018-07-12T10:08:30","modified_gmt":"2018-07-12T08:08:30","slug":"dilemma-ebraico","status":"publish","type":"post","link":"http:\/\/www.robertosedda.it\/?p=15033","title":{"rendered":"Dilemma ebraico"},"content":{"rendered":"<p>Bene, al contrario del solito questo articolo non servir\u00e0 a permettermi di esternare con molta sicumera le mie opinioni, come faccio di solito, ma invece consister\u00e0 esclusivamente dell&#8217;esposizione di un dubbio per il quale non ho la soluzione.<\/p>\n<p>La storia \u00e8 questa: per diversi anni ho partecipato, o organizzato, in varie comunit\u00e0 ecclesiali &#8211; la parrocchia, l&#8217;Azione Cattolica, il gruppo\u00a0<em>La Pira<\/em> &#8211; a celebrazioni della cena pasquale ebraica.<\/p>\n<p>Si tratta, sostanzialmente, di una paraliturgia &#8211; cio\u00e8 di un incontro di preghiera molto strutturato &#8211; basato su testi e gesti desunti da ci\u00f2 che gli ebrei celebrano nel <a href=\"http:\/\/www.treccani.it\/enciclopedia\/seder\/\"><em>seder di Pesach<\/em><\/a>, cio\u00e8 la Pasqua ebraica: chi vuole avere un&#8217;idea del rito pu\u00f2 trovare in rete il <a href=\"http:\/\/www.torah.it\/aggada%202004.pdf\">testo completo<\/a>\u00a0(c&#8217;\u00e8 anche una <a href=\"http:\/\/www.einaudi.it\/libri\/libro\/aa-vv-\/haggadah\/978880619452\">buona edizione di <em>Einaudi<\/em><\/a>).<\/p>\n<p><a href=\"https:\/\/i0.wp.com\/www.robertosedda.it\/wp-content\/uploads\/2018\/04\/Omar-Carena.jpg\"><img data-attachment-id=\"15034\" data-permalink=\"http:\/\/www.robertosedda.it\/?attachment_id=15034\" data-orig-file=\"https:\/\/i0.wp.com\/www.robertosedda.it\/wp-content\/uploads\/2018\/04\/Omar-Carena.jpg?fit=200%2C300\" data-orig-size=\"200,300\" data-comments-opened=\"1\" data-image-meta=\"{&quot;aperture&quot;:&quot;0&quot;,&quot;credit&quot;:&quot;&quot;,&quot;camera&quot;:&quot;&quot;,&quot;caption&quot;:&quot;&quot;,&quot;created_timestamp&quot;:&quot;0&quot;,&quot;copyright&quot;:&quot;&quot;,&quot;focal_length&quot;:&quot;0&quot;,&quot;iso&quot;:&quot;0&quot;,&quot;shutter_speed&quot;:&quot;0&quot;,&quot;title&quot;:&quot;&quot;,&quot;orientation&quot;:&quot;0&quot;}\" data-image-title=\"Omar Carena\" data-image-description=\"\" data-image-caption=\"\" data-medium-file=\"https:\/\/i0.wp.com\/www.robertosedda.it\/wp-content\/uploads\/2018\/04\/Omar-Carena.jpg?fit=200%2C300\" data-large-file=\"https:\/\/i0.wp.com\/www.robertosedda.it\/wp-content\/uploads\/2018\/04\/Omar-Carena.jpg?fit=200%2C300\" decoding=\"async\" loading=\"lazy\" class=\"size-full wp-image-15034 alignleft\" src=\"https:\/\/i0.wp.com\/www.robertosedda.it\/wp-content\/uploads\/2018\/04\/Omar-Carena.jpg?resize=200%2C300\" alt=\"\" width=\"200\" height=\"300\" srcset=\"https:\/\/i0.wp.com\/www.robertosedda.it\/wp-content\/uploads\/2018\/04\/Omar-Carena.jpg?w=200 200w, https:\/\/i0.wp.com\/www.robertosedda.it\/wp-content\/uploads\/2018\/04\/Omar-Carena.jpg?resize=100%2C150 100w\" sizes=\"(max-width: 200px) 100vw, 200px\" data-recalc-dims=\"1\" \/><\/a>L&#8217;idea di celebrare in ambito cristiano un rito che ricalca sostanzialmente un atto liturgico di un&#8217;altra religione &#8211; un uso diffusosi a partire dai tardi anni &#8217;80 anche per la presenza dell&#8217;ottimo supporto costituito dal libro di Omar Carena\u00a0<a href=\"https:\/\/www.ibs.it\/cena-pasquale-ebraica-per-comunita-libro-omar-carena\/e\/9788821164583?inventoryId=47538282\"><em>Cena pasquale ebraica per comunit\u00e0 cristiane<\/em><\/a>, pubblicato da Marietti &#8211; ha bisogno di qualche spiegazione: prima di tutto conviene dire che cosa\u00a0<em>non <\/em>rappresenta.<\/p>\n<p>Intanto, non \u00e8 un modo per rivivere l&#8217;ultima cena vissuta da Ges\u00f9 coi suoi discepoli, prima di tutto per l&#8217;ottimo motivo che quella \u00e8 la Messa e poi anche perch\u00e9 <em>l&#8217;h\u0101ggad\u0101h<\/em>, cio\u00e8 l&#8217;insieme dei\u00a0testi per il\u00a0<em>seder<\/em> attualmente in uso, \u00e8\u00a0<em>posteriore<\/em> all&#8217;epoca di Ges\u00f9 essendo stata redatta da rabbini diversi in epoca successiva alla distruzione del Tempio nel 72 d.C.: \u00e8 chiaro che riprender\u00e0 preghiere e situazioni gi\u00e0 precedentemente in uso nelle comunit\u00e0 ebraiche, oltre che direttamente testi biblici come i salmi alleluiatici, ma certo non \u00e8\u00a0<em>esattamente<\/em> il modo col quale Ges\u00f9 ha pregato prima di morire. Piuttosto celebrare il <em>seder<\/em> in ambito cristiano &#8211; di solito nei primi giorni della Settimana Santa, o nel periodo pasquale successivo &#8211; vuol dire fare uno sforzo consapevole di ricollegarsi a una tradizione religiosa dalla quale noi stessi, dopo tutto, sgorghiamo, comprendere meglio le nostre radici e anche accostarsi con rispetto alla fede dei\u00a0<em>fratelli maggiori<\/em>, in vista di una migliore convivenza e coesistenza.<\/p>\n<p>Nell&#8217;epoca nella quale l&#8217;Azione Cattolica di Cagliari o il gruppo di Bonaria, come molte altre comunit\u00e0, organizzava ogni anno la cena ebraica questo tipo di conseguenze benefiche erano evidenti ed erano certamente in linea con le intenzioni di Carena e con altri fenomeni culturali dell&#8217;epoca: era il tempo della maggior fama di Moni Ovadia, di <em>Train de vie<\/em>, della visita di Giovanni Paolo II alla Sinagoga di Roma,<em>\u00a0<\/em>della riscoperta in ambienti cristiani e non solo della letteratura <em>chassidica<\/em> e cos\u00ec via, a parte che i grandi narratori americani di cultura ebraica &#8211; i Singer, Bellow, Roth &#8211; e i loro ricordi familiari erano gi\u00e0 popolari per conto loro e che io proprio in Azione Cattolica avevo scoperto Martin Buber. Se qualche voce si alzava contro il\u00a0<em>seder<\/em> era quella di fondamentalisti di taglio preconciliare, pronti a vedere la pagliuzza dell&#8217;eresia dappertutto: a me stesso capit\u00f2, su un gruppo\u00a0<em>usenet<\/em> tipo\u00a0<em>it.cultura.cattolica<\/em>, di venire apostrofato come\u00a0<em>quello che celebra riti ebraici<\/em>,\u00a0come se la cosa avesse in s\u00e9 un tono sinistro.<\/p>\n<p><a href=\"https:\/\/i0.wp.com\/www.robertosedda.it\/wp-content\/uploads\/2018\/04\/Seder-Sarajevo.jpg\"><img data-attachment-id=\"15035\" data-permalink=\"http:\/\/www.robertosedda.it\/?attachment_id=15035\" data-orig-file=\"https:\/\/i0.wp.com\/www.robertosedda.it\/wp-content\/uploads\/2018\/04\/Seder-Sarajevo.jpg?fit=400%2C519\" data-orig-size=\"400,519\" data-comments-opened=\"1\" data-image-meta=\"{&quot;aperture&quot;:&quot;0&quot;,&quot;credit&quot;:&quot;&quot;,&quot;camera&quot;:&quot;&quot;,&quot;caption&quot;:&quot;&quot;,&quot;created_timestamp&quot;:&quot;0&quot;,&quot;copyright&quot;:&quot;&quot;,&quot;focal_length&quot;:&quot;0&quot;,&quot;iso&quot;:&quot;0&quot;,&quot;shutter_speed&quot;:&quot;0&quot;,&quot;title&quot;:&quot;&quot;,&quot;orientation&quot;:&quot;0&quot;}\" data-image-title=\"Seder Sarajevo\" data-image-description=\"\" data-image-caption=\"\" data-medium-file=\"https:\/\/i0.wp.com\/www.robertosedda.it\/wp-content\/uploads\/2018\/04\/Seder-Sarajevo.jpg?fit=231%2C300\" data-large-file=\"https:\/\/i0.wp.com\/www.robertosedda.it\/wp-content\/uploads\/2018\/04\/Seder-Sarajevo.jpg?fit=400%2C519\" decoding=\"async\" loading=\"lazy\" class=\"aligncenter size-full wp-image-15035\" src=\"https:\/\/i0.wp.com\/www.robertosedda.it\/wp-content\/uploads\/2018\/04\/Seder-Sarajevo.jpg?resize=400%2C519\" alt=\"\" width=\"400\" height=\"519\" srcset=\"https:\/\/i0.wp.com\/www.robertosedda.it\/wp-content\/uploads\/2018\/04\/Seder-Sarajevo.jpg?w=400 400w, https:\/\/i0.wp.com\/www.robertosedda.it\/wp-content\/uploads\/2018\/04\/Seder-Sarajevo.jpg?resize=116%2C150 116w, https:\/\/i0.wp.com\/www.robertosedda.it\/wp-content\/uploads\/2018\/04\/Seder-Sarajevo.jpg?resize=231%2C300 231w\" sizes=\"(max-width: 400px) 100vw, 400px\" data-recalc-dims=\"1\" \/><\/a>Man mano, per\u00f2, anche sicuramente per l&#8217;influenza della nuova situazione geopolitica per la quale le religioni sono ridiventate un tema sensibile e forse anche perch\u00e9 a quelli degli anni &#8217;80 sono succeduti altri\u00a0<em>leader<\/em>\u00a0religiosi di taglio diverso, in ambito cristiano si \u00e8 cominciato a vedere la celebrazione del <em>seder <\/em>all&#8217;interno delle proprie comunit\u00e0 con occhio diverso: se l&#8217;uso rimane tuttora diffuso &#8211; basta vedere la quantit\u00e0 di testi e manualetti gi\u00e0 pronti pubblicati sul\u00a0<em>web<\/em>\u00a0da infinite comunit\u00e0 e parrocchie, alcune delle quali, purtroppo, del tutto convinte di ricreare l&#8217;Ultima Cena &#8211; in diversi ci si \u00e8 cominciati a chiedere se la celebrazione non comportasse un rischio di, diciamo, <a href=\"https:\/\/it.wikipedia.org\/wiki\/Appropriazione_culturale\">appropriazione culturale<\/a>, cio\u00e8 di sottrazione, banalizzazione o stravolgimento di qualcosa che nella comunit\u00e0 o cultura originaria \u00e8 importante e identitario e che, nell&#8217;uso che ne fa chi se ne appropria, viene svalutato o, peggio, deriso o ridicolizzato.<\/p>\n<p>Dico subito francamente che, all&#8217;interno della mia generale antipatia per il <em>politicamente corretto<\/em>, non ho una grande opinione del modo col quale comunemente viene invocato il concetto di appropriazione culturale, ma qui almeno un po&#8217; di fondamento c&#8217;\u00e8 ed \u00e8 questo, credo, il motivo per il quale quando quest&#8217;anno siamo andati a cercare sull&#8217;<em>hard drive<\/em> i\u00a0<em>file\u00a0<\/em>per la celebrazione della cena pasquale ci siamo resi conto, con una certa sorpresa, che il gruppo\u00a0<em>La Pira<\/em> non l&#8217;ha organizzata pi\u00f9 certamente almeno dal 2010, se non prima. \u00c8 questa del resto la linea di un <a href=\"http:\/\/www.aecroma.it\/files\/seder_pasquale_in_ambienti_cristiani.pdf\">testo molto cauto<\/a>\u00a0(e molto interessante) pubblicato dall&#8217;ormai defunto\u00a0<a href=\"https:\/\/it.wikipedia.org\/wiki\/Service_International_de_Documentation_Jud%C3%A9o-Chr%C3%A9tienne\"><em>Service International de Documentation Jud\u00e9o-Chr\u00e9tienne<\/em><\/a><\/p>\n<blockquote><p>Parlare di seder cristiano \u00e8 ambiguo e storicamente inesatto e va evitato.\u00a0Altrettanto ambigua e da evitare \u00e8 l&#8217;espressione \u00abcelebrazione cristiana del\u00a0seder pasquale\u00bb: perch\u00e9 il seder pasquale appartiene alla tradizione ebraica e\u00a0solo gli ebrei ne sono i soggetti celebranti. Pu\u00f2 essere invece corretto parlare\u00a0di seder pasquale per comunit\u00e0 cristiane oppure di celebrazioni cristiane con\u00a0testi del seder pasquale.<\/p>\n<p>In casi come questi si potranno utilizzare, nel corso di una preghiera o di una\u00a0paraliturgia cristiana, elementi testuali o rituali del seder pasquale ebraico,\u00a0ispirandosi al principio secondo cui da sempre la tradizione cristiana ha\u00a0arricchito la sua liturgia di elementi della tradizione ebraica: dalla lettura\u00a0della Torah e dei Profeti alla preghiera dei salmi. Ma deve essere chiaro, in\u00a0casi come questi, che non si tratta di appropriarsi del rito ebraico ma di riscoprire la propria fede alla luce della tradizione ebraica alla quale aprirsi\u00a0con riconoscenza.<\/p><\/blockquote>\n<p>Il problema \u00e8 che, se non ci si vuole\u00a0appropriare\u00a0<em>interamente<\/em> del rito, ci si dovrebbe limitare a\u00a0<em>elementi<\/em> tratti dal <em>seder<\/em>, dentro una celebrazione pi\u00f9 ampia e complessa: l&#8217;uso, invece, \u00e8 quello di prendere pi\u00f9 o meno <em>tutto<\/em> il testo e i riti, i quattordici passaggi, i gesti, i quattro bicchieri di vino eccetera; in questo senso l&#8217;appropriazione, se non nelle intenzioni, \u00e8 nei fatti (e d&#8217;altra parte l&#8217;elemento costitutivo del <em>seder<\/em>\u00a0&#8211;<em>\u00a0<\/em>parola che dopotutto significa\u00a0<em>ordine<\/em> &#8211; \u00e8 proprio nel suo svolgersi complessivo, non nel singolo\u00a0<em>midrash<\/em> o benedizione). E infatti sempre il <em>SIDIC<\/em>, nelle soluzioni che suggerisce, di fatto elimina la possibilit\u00e0 celebrativa autonoma: prevede infatti come migliore soluzione quella di farsi invitare da una famiglia ebraica amica<\/p>\n<blockquote><p>L&#8217;ideale sarebbe di partecipare ad\u00a0un seder pasquale invitati da\u00a0amici ebrei nella loro casa.\u00a0 Si\u00a0sarebbe cos\u00ec veramente &#8220;ospiti&#8221;\u00a0della tradizione e della fede\u00a0ebraica<\/p><\/blockquote>\n<p>Ho scoperto che alcune tradizioni ebraiche, per esempio negli USA, celebrano il <em>seder<\/em> come evento pubblico, ma ho il dubbio che molte famiglie ebree italiane non considererebbero la cosa del tutto ortodossa e comunque solo col gruppo <em>La Pira<\/em> eravamo una dozzina e non \u00e8 un numero di ospiti proprio semplicissimo da inserire in una famiglia normale, anche se non bisogna sottovalutare le capacit\u00e0 organizzative e di ospitalit\u00e0 delle madri di famiglia ebree &#8211; o di quelle sarde.<a href=\"https:\/\/i0.wp.com\/www.robertosedda.it\/wp-content\/uploads\/2018\/04\/Seder-Spagna.jpg\"><img data-attachment-id=\"15036\" data-permalink=\"http:\/\/www.robertosedda.it\/?attachment_id=15036\" data-orig-file=\"https:\/\/i0.wp.com\/www.robertosedda.it\/wp-content\/uploads\/2018\/04\/Seder-Spagna.jpg?fit=900%2C1024\" data-orig-size=\"900,1024\" data-comments-opened=\"1\" data-image-meta=\"{&quot;aperture&quot;:&quot;0&quot;,&quot;credit&quot;:&quot;&quot;,&quot;camera&quot;:&quot;&quot;,&quot;caption&quot;:&quot;&quot;,&quot;created_timestamp&quot;:&quot;0&quot;,&quot;copyright&quot;:&quot;&quot;,&quot;focal_length&quot;:&quot;0&quot;,&quot;iso&quot;:&quot;0&quot;,&quot;shutter_speed&quot;:&quot;0&quot;,&quot;title&quot;:&quot;&quot;,&quot;orientation&quot;:&quot;0&quot;}\" data-image-title=\"Seder Spagna\" data-image-description=\"\" data-image-caption=\"\" data-medium-file=\"https:\/\/i0.wp.com\/www.robertosedda.it\/wp-content\/uploads\/2018\/04\/Seder-Spagna.jpg?fit=264%2C300\" data-large-file=\"https:\/\/i0.wp.com\/www.robertosedda.it\/wp-content\/uploads\/2018\/04\/Seder-Spagna.jpg?fit=510%2C580\" decoding=\"async\" loading=\"lazy\" class=\"aligncenter size-full wp-image-15036\" src=\"https:\/\/i0.wp.com\/www.robertosedda.it\/wp-content\/uploads\/2018\/04\/Seder-Spagna.jpg?resize=800%2C910\" alt=\"\" width=\"800\" height=\"910\" srcset=\"https:\/\/i0.wp.com\/www.robertosedda.it\/wp-content\/uploads\/2018\/04\/Seder-Spagna.jpg?w=900 900w, https:\/\/i0.wp.com\/www.robertosedda.it\/wp-content\/uploads\/2018\/04\/Seder-Spagna.jpg?resize=132%2C150 132w, https:\/\/i0.wp.com\/www.robertosedda.it\/wp-content\/uploads\/2018\/04\/Seder-Spagna.jpg?resize=264%2C300 264w, https:\/\/i0.wp.com\/www.robertosedda.it\/wp-content\/uploads\/2018\/04\/Seder-Spagna.jpg?resize=510%2C580 510w, https:\/\/i0.wp.com\/www.robertosedda.it\/wp-content\/uploads\/2018\/04\/Seder-Spagna.jpg?resize=700%2C796 700w\" sizes=\"(max-width: 800px) 100vw, 800px\" data-recalc-dims=\"1\" \/><\/a><\/p>\n<p>In alternativa, se ci si trova fra soli cristiani il <em>SIDIC<\/em> suggerisce di prendere in mano il testo del <em>seder<\/em> non per una celebrazione ma per uno studio:<\/p>\n<blockquote><p>In questo caso un&#8217;ipotesi potrebbe essere di invitare, nel proprio gruppo o\u00a0comunit\u00e0, un rabbino o un ebreo osservante, cio\u00e8 una persona veramente\u00a0competente, chiedendogli di condividere la sua esperienza e la sua lettura del\u00a0seder pasquale: testi, riti, simbolismi e storia.<\/p>\n<p>Qualora non si potesse avere la presenza di un rabbino, i cristiani possono\u00a0accostarsi da soli o in gruppo al seder pasquale studiandone la struttura,\u00a0leggendone i testi e spiegandone i riti, con l&#8217;aiuto di una persona sensibile e\u00a0esperta. \u00c8 chiaro che in casi come questi, non si pu\u00f2 parlare di celebrazione\u00a0del seder pasquale, ma di un suo studio in chiave pedagogica e didattica.<\/p><\/blockquote>\n<p>Ho un vago ricordo che sia stato sotto l&#8217;influsso di questo testo che abbiamo smesso di celebrare il <em>seder<\/em>. D&#8217;altra parte\u00a0<em>studiare<\/em> una celebrazione non \u00e8, semplicemente, la stessa cosa che <em>viverla<\/em>: ho scoperto l&#8217;altro giorno a teatro che don Milani si \u00e8 convertito\u00a0<em>leggendo<\/em> il Messale, ma lui era don Milani ed era un santo, una testa fina e un supremo rompipalle: per la gente normale i testi liturgici vanno usati, non letti.\u00a0 La soluzione del <em>SIDIC<\/em> \u00e8 impraticabile ed \u00e8 qui, credo, il dilemma irrisolvibile del quale parlavo all&#8217;inizio: l&#8217;alternativa sembrerebbe essere fra rinunciare totalmente oppure offendere le sensibilit\u00e0 altrui &#8211; o anche stravolgere il <em>seder<\/em> usandone solo\u00a0<em>alcuni<\/em> elementi, che \u00e8 un&#8217;altra sconfitta.<\/p>\n<p>Naturalmente, come direbbe il comandante Kirk a proposito della\u00a0<a href=\"https:\/\/it.wikipedia.org\/wiki\/Test_della_Kobayashi_Maru\"><em>Kobayashi Maru<\/em><\/a>, la presenza di un dilemma non \u00e8 necessariamente un invito all&#8217;inazione: il tema \u00e8 piuttosto quello di agire prendendosi le proprie responsabilit\u00e0 (noi quest&#8217;anno, dopo matura ponderazione, abbiamo deciso di fare la celebrazione), per\u00f2 in questo caso il dilemma c&#8217;\u00e8, rimane tutto in ogni caso e mi \u00e8 sembrato interessante raccontarvelo.<\/p>\n","protected":false},"excerpt":{"rendered":"<p>Bene, al contrario del solito questo articolo non servir\u00e0 a permettermi di esternare con molta sicumera le mie opinioni, come<\/p>\n","protected":false},"author":1,"featured_media":15035,"comment_status":"open","ping_status":"open","sticky":false,"template":"","format":"standard","meta":{"_mi_skip_tracking":false,"_monsterinsights_sitenote_active":false,"_monsterinsights_sitenote_note":"","_monsterinsights_sitenote_category":0,"jetpack_post_was_ever_published":false,"_jetpack_newsletter_access":"","jetpack_publicize_message":"","jetpack_is_tweetstorm":false,"jetpack_publicize_feature_enabled":true,"jetpack_social_post_already_shared":true,"jetpack_social_options":{"image_generator_settings":{"template":"highway","enabled":false}}},"categories":[52,54,17,62,16],"tags":[],"jetpack_publicize_connections":[],"jetpack_featured_media_url":"https:\/\/i0.wp.com\/www.robertosedda.it\/wp-content\/uploads\/2018\/04\/Seder-Sarajevo.jpg?fit=400%2C519","jetpack_sharing_enabled":true,"jetpack_shortlink":"https:\/\/wp.me\/p4jV2T-3Ut","jetpack_likes_enabled":true,"jetpack-related-posts":[{"id":17246,"url":"http:\/\/www.robertosedda.it\/?p=17246","url_meta":{"origin":15033,"position":0},"title":"Sette pericolose","author":"Rufus","date":"15\/09\/2019","format":false,"excerpt":"Sul sito della BBC ho letto, e mi rammarico di non avere tempo di tradurre, la storia (raccontata dalla giornalista Cherry Wilson) molto disturbante della morte di Joy Morgan, una giovane studentessa inglese di colore uccisa da un uomo che aveva conosciuto frequentando una strana setta, la Israel United in\u2026","rel":"","context":"In &quot;Coordinate&quot;","block_context":{"text":"Coordinate","link":"http:\/\/www.robertosedda.it\/?cat=52"},"img":{"alt_text":"","src":"https:\/\/i0.wp.com\/www.robertosedda.it\/wp-content\/uploads\/2019\/09\/Joy-Morrigan.jpg?resize=350%2C200","width":350,"height":200,"srcset":"https:\/\/i0.wp.com\/www.robertosedda.it\/wp-content\/uploads\/2019\/09\/Joy-Morrigan.jpg?resize=350%2C200 1x, https:\/\/i0.wp.com\/www.robertosedda.it\/wp-content\/uploads\/2019\/09\/Joy-Morrigan.jpg?resize=700%2C400 2x"},"classes":[]},{"id":11844,"url":"http:\/\/www.robertosedda.it\/?p=11844","url_meta":{"origin":15033,"position":1},"title":"Il cibo migliore del rabbino","author":"Rufus","date":"18\/04\/2016","format":false,"excerpt":"Quando le prescrizioni religiose producono cibo migliore: Dan Barber alla caccia del gusto del segreto del pane non lievitato. Questo articolo, segnalato su Hacker News, \u00e8 stato pubblicato originariamente sul New York Times e mi \u00e8 sembrato utile tradurlo. \u00c8 dedicato alle mie amiche Vania Statzu e Silvia Doneddu, per\u2026","rel":"","context":"In &quot;Cibo e cucine&quot;","block_context":{"text":"Cibo e cucine","link":"http:\/\/www.robertosedda.it\/?cat=71"},"img":{"alt_text":"","src":"https:\/\/i0.wp.com\/www.robertosedda.it\/wp-content\/uploads\/2016\/04\/Rabbino-grano.jpg?fit=1200%2C1200&resize=350%2C200","width":350,"height":200,"srcset":"https:\/\/i0.wp.com\/www.robertosedda.it\/wp-content\/uploads\/2016\/04\/Rabbino-grano.jpg?fit=1200%2C1200&resize=350%2C200 1x, https:\/\/i0.wp.com\/www.robertosedda.it\/wp-content\/uploads\/2016\/04\/Rabbino-grano.jpg?fit=1200%2C1200&resize=700%2C400 2x, https:\/\/i0.wp.com\/www.robertosedda.it\/wp-content\/uploads\/2016\/04\/Rabbino-grano.jpg?fit=1200%2C1200&resize=1050%2C600 3x"},"classes":[]},{"id":15366,"url":"http:\/\/www.robertosedda.it\/?p=15366","url_meta":{"origin":15033,"position":2},"title":"Cose di cui non parlare","author":"Rufus","date":"15\/06\/2018","format":false,"excerpt":"Ho letto tempo fa un articolo interessante, che purtroppo non riesco a ritrovare, sugli argomenti che gli americani non avrebbero voluto toccare all'ultima festa del Ringraziamento. Si tratta di un sondaggio che viene fatto tutti gli anni, perch\u00e9 pare che tradizionalmente il Ringraziamento, che rimette insieme famiglie che magari non\u2026","rel":"","context":"In &quot;Coordinate&quot;","block_context":{"text":"Coordinate","link":"http:\/\/www.robertosedda.it\/?cat=52"},"img":{"alt_text":"","src":"https:\/\/i0.wp.com\/www.robertosedda.it\/wp-content\/uploads\/2018\/06\/Thanksgiving.jpg?fit=768%2C488&resize=350%2C200","width":350,"height":200,"srcset":"https:\/\/i0.wp.com\/www.robertosedda.it\/wp-content\/uploads\/2018\/06\/Thanksgiving.jpg?fit=768%2C488&resize=350%2C200 1x, https:\/\/i0.wp.com\/www.robertosedda.it\/wp-content\/uploads\/2018\/06\/Thanksgiving.jpg?fit=768%2C488&resize=700%2C400 2x"},"classes":[]},{"id":13480,"url":"http:\/\/www.robertosedda.it\/?p=13480","url_meta":{"origin":15033,"position":3},"title":"Dove stanno gli utenti del web &#8211; di oggi e del futuro","author":"Rufus","date":"29\/03\/2017","format":false,"excerpt":"Nei giorni scorsi l'account su\u00a0Twitter di biblioShare\u00a0ha condiviso la mia vecchia traduzione del discorso sulle biblioteche di Neil Gaiman. Guardando i profili delle varie persone che a loro volta hanno rilanciato il\u00a0tweet mi sono imbattuto in una segnalazione di Lucio Beltrami\u00a0che mi \u00e8 sembrata interessante perch\u00e9 riprende temi dell'articolo recente\u2026","rel":"","context":"In &quot;Coordinate&quot;","block_context":{"text":"Coordinate","link":"http:\/\/www.robertosedda.it\/?cat=52"},"img":{"alt_text":"","src":"https:\/\/i0.wp.com\/www.robertosedda.it\/wp-content\/uploads\/2017\/03\/Utenti-internet.jpg?fit=697%2C599&resize=350%2C200","width":350,"height":200},"classes":[]},{"id":11443,"url":"http:\/\/www.robertosedda.it\/?p=11443","url_meta":{"origin":15033,"position":4},"title":"Ma gli ebrei si salvano?","author":"Rufus","date":"25\/01\/2016","format":false,"excerpt":"Nota preliminare: ci sono un po' di divagazioni, ma magari sono interessanti. Molti anni fa, credo fra il 1982 e il 1985, l'Azione Cattolica diocesana fece una serie di incontri e di attivit\u00e0 nelle foranie (cio\u00e8 gruppi di parrocchie non urbane) di Senorb\u00ec e Mandas. La chiamammo, probabilmente impropriamente, scuola\u2026","rel":"","context":"In &quot;Coordinate&quot;","block_context":{"text":"Coordinate","link":"http:\/\/www.robertosedda.it\/?cat=52"},"img":{"alt_text":"","src":"https:\/\/i0.wp.com\/www.robertosedda.it\/wp-content\/uploads\/2016\/01\/Wojtyla-e-Toaff.jpg?fit=600%2C571&resize=350%2C200","width":350,"height":200},"classes":[]},{"id":10237,"url":"http:\/\/www.robertosedda.it\/?p=10237","url_meta":{"origin":15033,"position":5},"title":"Il suo regno \u00e8 un regno eterno&#8230;","author":"Rufus","date":"21\/05\/2015","format":"video","excerpt":"Le rivolte giudaiche (Giulio Firpo, Laterza 1999) Nei vari cicli di puntate di Oggi parliamo di libri quella su\u00a0Le rivolte giudaiche\u00a0occupa un posto un po' singolare: perch\u00e9 non mi ero mai occupato prima di saggistica se non in maniera molto tangenziale e perch\u00e9 quest'anno ho parlato esclusivamente di storie d'amore\u2026","rel":"","context":"In &quot;Coordinate&quot;","block_context":{"text":"Coordinate","link":"http:\/\/www.robertosedda.it\/?cat=52"},"img":{"alt_text":"","src":"https:\/\/i0.wp.com\/www.robertosedda.it\/wp-content\/uploads\/2015\/05\/Rivolte-giudaiche-Firpo-200x300.jpg?resize=350%2C200","width":350,"height":200},"classes":[]}],"_links":{"self":[{"href":"http:\/\/www.robertosedda.it\/index.php?rest_route=\/wp\/v2\/posts\/15033"}],"collection":[{"href":"http:\/\/www.robertosedda.it\/index.php?rest_route=\/wp\/v2\/posts"}],"about":[{"href":"http:\/\/www.robertosedda.it\/index.php?rest_route=\/wp\/v2\/types\/post"}],"author":[{"embeddable":true,"href":"http:\/\/www.robertosedda.it\/index.php?rest_route=\/wp\/v2\/users\/1"}],"replies":[{"embeddable":true,"href":"http:\/\/www.robertosedda.it\/index.php?rest_route=%2Fwp%2Fv2%2Fcomments&post=15033"}],"version-history":[{"count":6,"href":"http:\/\/www.robertosedda.it\/index.php?rest_route=\/wp\/v2\/posts\/15033\/revisions"}],"predecessor-version":[{"id":15459,"href":"http:\/\/www.robertosedda.it\/index.php?rest_route=\/wp\/v2\/posts\/15033\/revisions\/15459"}],"wp:featuredmedia":[{"embeddable":true,"href":"http:\/\/www.robertosedda.it\/index.php?rest_route=\/wp\/v2\/media\/15035"}],"wp:attachment":[{"href":"http:\/\/www.robertosedda.it\/index.php?rest_route=%2Fwp%2Fv2%2Fmedia&parent=15033"}],"wp:term":[{"taxonomy":"category","embeddable":true,"href":"http:\/\/www.robertosedda.it\/index.php?rest_route=%2Fwp%2Fv2%2Fcategories&post=15033"},{"taxonomy":"post_tag","embeddable":true,"href":"http:\/\/www.robertosedda.it\/index.php?rest_route=%2Fwp%2Fv2%2Ftags&post=15033"}],"curies":[{"name":"wp","href":"https:\/\/api.w.org\/{rel}","templated":true}]}}