{"id":14995,"date":"2018-04-11T10:18:37","date_gmt":"2018-04-11T08:18:37","guid":{"rendered":"http:\/\/www.robertosedda.it\/?p=14995"},"modified":"2018-04-11T10:18:37","modified_gmt":"2018-04-11T08:18:37","slug":"sponsorizzata","status":"publish","type":"post","link":"http:\/\/www.robertosedda.it\/?p=14995","title":{"rendered":"Sponsorizzata"},"content":{"rendered":"<p>Per la prima volta ho fatto una promozione sul <em>Facebook<\/em>: esattamente 14 euro per una settimana per cercare di avere pi\u00f9 <a href=\"http:\/\/www.robertosedda.it\/?p=14977\">suggerimenti di brani\u00a0<em>jazz<\/em> da ascoltare<\/a>. Mi serve anche un po&#8217; per capire come funziona, ovviamente, visto che non l&#8217;avevo mai fatto direttamente. Mi sembra gi\u00e0 tutto chiaro: in ogni caso vi racconter\u00f2 pi\u00f9 avanti.<a href=\"https:\/\/i0.wp.com\/www.robertosedda.it\/wp-content\/uploads\/2018\/04\/Promozione-Facebook.jpg\"><img data-attachment-id=\"14996\" data-permalink=\"http:\/\/www.robertosedda.it\/?attachment_id=14996\" data-orig-file=\"https:\/\/i0.wp.com\/www.robertosedda.it\/wp-content\/uploads\/2018\/04\/Promozione-Facebook.jpg?fit=538%2C480\" data-orig-size=\"538,480\" data-comments-opened=\"1\" data-image-meta=\"{&quot;aperture&quot;:&quot;0&quot;,&quot;credit&quot;:&quot;Roberto Sedda&quot;,&quot;camera&quot;:&quot;&quot;,&quot;caption&quot;:&quot;&quot;,&quot;created_timestamp&quot;:&quot;1523441830&quot;,&quot;copyright&quot;:&quot;&quot;,&quot;focal_length&quot;:&quot;0&quot;,&quot;iso&quot;:&quot;0&quot;,&quot;shutter_speed&quot;:&quot;0&quot;,&quot;title&quot;:&quot;&quot;,&quot;orientation&quot;:&quot;0&quot;}\" data-image-title=\"Promozione Facebook\" data-image-description=\"\" data-image-caption=\"\" data-medium-file=\"https:\/\/i0.wp.com\/www.robertosedda.it\/wp-content\/uploads\/2018\/04\/Promozione-Facebook.jpg?fit=300%2C268\" data-large-file=\"https:\/\/i0.wp.com\/www.robertosedda.it\/wp-content\/uploads\/2018\/04\/Promozione-Facebook.jpg?fit=510%2C455\" decoding=\"async\" loading=\"lazy\" class=\"aligncenter size-full wp-image-14996\" src=\"https:\/\/i0.wp.com\/www.robertosedda.it\/wp-content\/uploads\/2018\/04\/Promozione-Facebook.jpg?resize=538%2C480\" alt=\"\" width=\"538\" height=\"480\" srcset=\"https:\/\/i0.wp.com\/www.robertosedda.it\/wp-content\/uploads\/2018\/04\/Promozione-Facebook.jpg?w=538 538w, https:\/\/i0.wp.com\/www.robertosedda.it\/wp-content\/uploads\/2018\/04\/Promozione-Facebook.jpg?resize=150%2C134 150w, https:\/\/i0.wp.com\/www.robertosedda.it\/wp-content\/uploads\/2018\/04\/Promozione-Facebook.jpg?resize=300%2C268 300w, https:\/\/i0.wp.com\/www.robertosedda.it\/wp-content\/uploads\/2018\/04\/Promozione-Facebook.jpg?resize=510%2C455 510w\" sizes=\"(max-width: 538px) 100vw, 538px\" data-recalc-dims=\"1\" \/><\/a><\/p>\n","protected":false},"excerpt":{"rendered":"<p>Per la prima volta ho fatto una promozione sul Facebook: esattamente 14 euro per una settimana per cercare di avere<\/p>\n","protected":false},"author":1,"featured_media":14996,"comment_status":"open","ping_status":"open","sticky":false,"template":"","format":"status","meta":{"_mi_skip_tracking":false,"_monsterinsights_sitenote_active":false,"_monsterinsights_sitenote_note":"","_monsterinsights_sitenote_category":0,"jetpack_post_was_ever_published":false,"_jetpack_newsletter_access":"","jetpack_publicize_message":"","jetpack_is_tweetstorm":false,"jetpack_publicize_feature_enabled":true,"jetpack_social_post_already_shared":true,"jetpack_social_options":{"image_generator_settings":{"template":"highway","enabled":false}}},"categories":[1],"tags":[],"jetpack_publicize_connections":[],"jetpack_featured_media_url":"https:\/\/i0.wp.com\/www.robertosedda.it\/wp-content\/uploads\/2018\/04\/Promozione-Facebook.jpg?fit=538%2C480","jetpack_sharing_enabled":true,"jetpack_shortlink":"https:\/\/wp.me\/p4jV2T-3TR","jetpack_likes_enabled":true,"jetpack-related-posts":[{"id":18477,"url":"http:\/\/www.robertosedda.it\/?p=18477","url_meta":{"origin":14995,"position":0},"title":"Pubblicato!","author":"Rufus","date":"02\/03\/2021","format":false,"excerpt":"I pi\u00f9 attenti e longevi seguaci di questo blog ricorderanno che quasi esattamente due anni fa, alla Jam del 2019, avevo fatto un gioco di nome The Law. All'epoca, in un articolo piuttosto esaustivo, avevo scritto: Andrea e io ci stiamo gi\u00e0 continuando a lavorare: vogliamo tradurlo in italiano (attualmente\u2026","rel":"","context":"In &quot;Coordinate&quot;","block_context":{"text":"Coordinate","link":"http:\/\/www.robertosedda.it\/?cat=52"},"img":{"alt_text":"","src":"https:\/\/i0.wp.com\/www.robertosedda.it\/wp-content\/uploads\/2019\/01\/schermata-iniziale2.jpg?fit=1200%2C675&resize=350%2C200","width":350,"height":200,"srcset":"https:\/\/i0.wp.com\/www.robertosedda.it\/wp-content\/uploads\/2019\/01\/schermata-iniziale2.jpg?fit=1200%2C675&resize=350%2C200 1x, https:\/\/i0.wp.com\/www.robertosedda.it\/wp-content\/uploads\/2019\/01\/schermata-iniziale2.jpg?fit=1200%2C675&resize=700%2C400 2x, https:\/\/i0.wp.com\/www.robertosedda.it\/wp-content\/uploads\/2019\/01\/schermata-iniziale2.jpg?fit=1200%2C675&resize=1050%2C600 3x"},"classes":[]},{"id":11375,"url":"http:\/\/www.robertosedda.it\/?p=11375","url_meta":{"origin":14995,"position":1},"title":"Dura vita per i librai","author":"Rufus","date":"07\/01\/2016","format":false,"excerpt":"Mi ero\u00a0segnato da un paio di giorni di rilanciare un articolo di\u00a0Mashable\u00a0(la notizia \u00e8 uscita comunque ovunque) riguardo al fatto che da qualche tempo a Hong Kong scompaiono i librai. Non nel senso che chiudono i negozi di libri: scompaiono proprio i librai, nel senso che escono di casa e\u2026","rel":"","context":"In &quot;Coordinate&quot;","block_context":{"text":"Coordinate","link":"http:\/\/www.robertosedda.it\/?cat=52"},"img":{"alt_text":"","src":"https:\/\/i0.wp.com\/www.robertosedda.it\/wp-content\/uploads\/2016\/01\/Manifestazione-Hong-Kong.jpg?fit=950%2C534&resize=350%2C200","width":350,"height":200,"srcset":"https:\/\/i0.wp.com\/www.robertosedda.it\/wp-content\/uploads\/2016\/01\/Manifestazione-Hong-Kong.jpg?fit=950%2C534&resize=350%2C200 1x, https:\/\/i0.wp.com\/www.robertosedda.it\/wp-content\/uploads\/2016\/01\/Manifestazione-Hong-Kong.jpg?fit=950%2C534&resize=700%2C400 2x"},"classes":[]},{"id":16250,"url":"http:\/\/www.robertosedda.it\/?p=16250","url_meta":{"origin":14995,"position":2},"title":"Non passa pi\u00f9","author":"Rufus","date":"11\/02\/2019","format":false,"excerpt":"Trovo nella buona intervista di Zerocalcare a Sapiens: Quando hai pubblicato un manifesto per un\u2019iniziativa No Tav, per\u00f2, in molti hanno avuto una reazione negativa.\u00abVenduto ai No Tav\u00bb, mi hanno detto. Ho fatto il giro di tutti i profili e ho risposto a uno a uno: 50 persone a cui\u2026","rel":"","context":"In &quot;Segnalazioni&quot;","block_context":{"text":"Segnalazioni","link":"http:\/\/www.robertosedda.it\/?cat=95"},"img":{"alt_text":"","src":"https:\/\/i0.wp.com\/www.robertosedda.it\/wp-content\/uploads\/2019\/02\/Calcare.jpg?fit=806%2C700&resize=350%2C200","width":350,"height":200,"srcset":"https:\/\/i0.wp.com\/www.robertosedda.it\/wp-content\/uploads\/2019\/02\/Calcare.jpg?fit=806%2C700&resize=350%2C200 1x, https:\/\/i0.wp.com\/www.robertosedda.it\/wp-content\/uploads\/2019\/02\/Calcare.jpg?fit=806%2C700&resize=700%2C400 2x"},"classes":[]},{"id":12912,"url":"http:\/\/www.robertosedda.it\/?p=12912","url_meta":{"origin":14995,"position":3},"title":"Politiche di riduzione del danno &#8211; 2","author":"Rufus","date":"05\/12\/2016","format":false,"excerpt":"Ieri a Messa, come ci capita altre volte, guardavamo i bambini\u00a0seduti nei banchi pi\u00f9 avanti. C'era una ragazzina con la mamma e il babbo: la mamma teneva in braccio un fratellino piccolissimo. La bambina\u00a0ha tenuto il pollice in bocca per tutta la Messa. Con l'altra mano si tormentava continuamente i\u2026","rel":"","context":"In &quot;Coordinate&quot;","block_context":{"text":"Coordinate","link":"http:\/\/www.robertosedda.it\/?cat=52"},"img":{"alt_text":"","src":"https:\/\/i0.wp.com\/www.robertosedda.it\/wp-content\/uploads\/2014\/07\/Basilica-Bonaria.jpg?fit=1200%2C675&resize=350%2C200","width":350,"height":200,"srcset":"https:\/\/i0.wp.com\/www.robertosedda.it\/wp-content\/uploads\/2014\/07\/Basilica-Bonaria.jpg?fit=1200%2C675&resize=350%2C200 1x, https:\/\/i0.wp.com\/www.robertosedda.it\/wp-content\/uploads\/2014\/07\/Basilica-Bonaria.jpg?fit=1200%2C675&resize=700%2C400 2x, https:\/\/i0.wp.com\/www.robertosedda.it\/wp-content\/uploads\/2014\/07\/Basilica-Bonaria.jpg?fit=1200%2C675&resize=1050%2C600 3x"},"classes":[]},{"id":3719,"url":"http:\/\/www.robertosedda.it\/?p=3719","url_meta":{"origin":14995,"position":4},"title":"Alla MEM","author":"Rufus","date":"29\/06\/2013","format":false,"excerpt":"Ieri il ciclo di incontri sull'economia sociale alla MEM di Cagliari si \u00e8 chiuso con un incontro tutto curato dal gruppo dei soci locale di Banca Etica e che era incentrato su un intervento del Presidente della banca, Ugo Biggeri, che si \u00e8 anche esibito nell'operazione inaudita di trovare un\u2026","rel":"","context":"In &quot;Banche e finanza&quot;","block_context":{"text":"Banche e finanza","link":"http:\/\/www.robertosedda.it\/?cat=72"},"img":{"alt_text":"","src":"https:\/\/i0.wp.com\/www.robertosedda.it\/wp-content\/uploads\/2013\/06\/ALIM2925.jpg?fit=1200%2C900&resize=350%2C200","width":350,"height":200,"srcset":"https:\/\/i0.wp.com\/www.robertosedda.it\/wp-content\/uploads\/2013\/06\/ALIM2925.jpg?fit=1200%2C900&resize=350%2C200 1x, https:\/\/i0.wp.com\/www.robertosedda.it\/wp-content\/uploads\/2013\/06\/ALIM2925.jpg?fit=1200%2C900&resize=700%2C400 2x, https:\/\/i0.wp.com\/www.robertosedda.it\/wp-content\/uploads\/2013\/06\/ALIM2925.jpg?fit=1200%2C900&resize=1050%2C600 3x"},"classes":[]},{"id":8620,"url":"http:\/\/www.robertosedda.it\/?p=8620","url_meta":{"origin":14995,"position":5},"title":"L&#8217;innegabile fascino di Dracula il vampiro","author":"Rufus","date":"10\/10\/2014","format":"video","excerpt":"Ho caricato oggi la puntata di\u00a0Oggi parliamo di libri caricata a Dracula di Bram Stoker. Avevo deciso da moltissimo tempo che se avessi fatto un ciclo di puntate dedicato alla letteratura\u00a0sentimentale e alle storie d'amore avrei incluso\u00a0Dracula: durante la puntata ho giustificato la scelta, in\u00a0parte, con il collegamento al \"catalogo\"\u2026","rel":"","context":"In &quot;Coordinate&quot;","block_context":{"text":"Coordinate","link":"http:\/\/www.robertosedda.it\/?cat=52"},"img":{"alt_text":"","src":"https:\/\/i0.wp.com\/www.robertosedda.it\/wp-content\/uploads\/2014\/10\/lettori.jpg?resize=350%2C200","width":350,"height":200,"srcset":"https:\/\/i0.wp.com\/www.robertosedda.it\/wp-content\/uploads\/2014\/10\/lettori.jpg?resize=350%2C200 1x, https:\/\/i0.wp.com\/www.robertosedda.it\/wp-content\/uploads\/2014\/10\/lettori.jpg?resize=700%2C400 2x, https:\/\/i0.wp.com\/www.robertosedda.it\/wp-content\/uploads\/2014\/10\/lettori.jpg?resize=1050%2C600 3x"},"classes":[]}],"_links":{"self":[{"href":"http:\/\/www.robertosedda.it\/index.php?rest_route=\/wp\/v2\/posts\/14995"}],"collection":[{"href":"http:\/\/www.robertosedda.it\/index.php?rest_route=\/wp\/v2\/posts"}],"about":[{"href":"http:\/\/www.robertosedda.it\/index.php?rest_route=\/wp\/v2\/types\/post"}],"author":[{"embeddable":true,"href":"http:\/\/www.robertosedda.it\/index.php?rest_route=\/wp\/v2\/users\/1"}],"replies":[{"embeddable":true,"href":"http:\/\/www.robertosedda.it\/index.php?rest_route=%2Fwp%2Fv2%2Fcomments&post=14995"}],"version-history":[{"count":1,"href":"http:\/\/www.robertosedda.it\/index.php?rest_route=\/wp\/v2\/posts\/14995\/revisions"}],"predecessor-version":[{"id":14997,"href":"http:\/\/www.robertosedda.it\/index.php?rest_route=\/wp\/v2\/posts\/14995\/revisions\/14997"}],"wp:featuredmedia":[{"embeddable":true,"href":"http:\/\/www.robertosedda.it\/index.php?rest_route=\/wp\/v2\/media\/14996"}],"wp:attachment":[{"href":"http:\/\/www.robertosedda.it\/index.php?rest_route=%2Fwp%2Fv2%2Fmedia&parent=14995"}],"wp:term":[{"taxonomy":"category","embeddable":true,"href":"http:\/\/www.robertosedda.it\/index.php?rest_route=%2Fwp%2Fv2%2Fcategories&post=14995"},{"taxonomy":"post_tag","embeddable":true,"href":"http:\/\/www.robertosedda.it\/index.php?rest_route=%2Fwp%2Fv2%2Ftags&post=14995"}],"curies":[{"name":"wp","href":"https:\/\/api.w.org\/{rel}","templated":true}]}}