{"id":14893,"date":"2018-03-26T10:40:33","date_gmt":"2018-03-26T08:40:33","guid":{"rendered":"http:\/\/www.robertosedda.it\/?p=14893"},"modified":"2019-03-29T14:01:24","modified_gmt":"2019-03-29T13:01:24","slug":"difesa-dellautore-da-parte-di-se-medesimo","status":"publish","type":"post","link":"http:\/\/www.robertosedda.it\/?p=14893","title":{"rendered":"Difesa dell&#8217;autore da parte di se medesimo"},"content":{"rendered":"<p><a href=\"https:\/\/i0.wp.com\/www.robertosedda.it\/wp-content\/uploads\/2018\/03\/Quattro-mori.jpg\"><img data-attachment-id=\"14895\" data-permalink=\"http:\/\/www.robertosedda.it\/?attachment_id=14895\" data-orig-file=\"https:\/\/i0.wp.com\/www.robertosedda.it\/wp-content\/uploads\/2018\/03\/Quattro-mori.jpg?fit=700%2C303\" data-orig-size=\"700,303\" data-comments-opened=\"1\" data-image-meta=\"{&quot;aperture&quot;:&quot;0&quot;,&quot;credit&quot;:&quot;&quot;,&quot;camera&quot;:&quot;&quot;,&quot;caption&quot;:&quot;&quot;,&quot;created_timestamp&quot;:&quot;0&quot;,&quot;copyright&quot;:&quot;&quot;,&quot;focal_length&quot;:&quot;0&quot;,&quot;iso&quot;:&quot;0&quot;,&quot;shutter_speed&quot;:&quot;0&quot;,&quot;title&quot;:&quot;&quot;,&quot;orientation&quot;:&quot;1&quot;}\" data-image-title=\"Quattro mori\" data-image-description=\"\" data-image-caption=\"\" data-medium-file=\"https:\/\/i0.wp.com\/www.robertosedda.it\/wp-content\/uploads\/2018\/03\/Quattro-mori.jpg?fit=300%2C130\" data-large-file=\"https:\/\/i0.wp.com\/www.robertosedda.it\/wp-content\/uploads\/2018\/03\/Quattro-mori.jpg?fit=510%2C221\" decoding=\"async\" loading=\"lazy\" class=\"aligncenter size-full wp-image-14895\" src=\"https:\/\/i0.wp.com\/www.robertosedda.it\/wp-content\/uploads\/2018\/03\/Quattro-mori.jpg?resize=700%2C303\" alt=\"\" width=\"700\" height=\"303\" srcset=\"https:\/\/i0.wp.com\/www.robertosedda.it\/wp-content\/uploads\/2018\/03\/Quattro-mori.jpg?w=700 700w, https:\/\/i0.wp.com\/www.robertosedda.it\/wp-content\/uploads\/2018\/03\/Quattro-mori.jpg?resize=150%2C65 150w, https:\/\/i0.wp.com\/www.robertosedda.it\/wp-content\/uploads\/2018\/03\/Quattro-mori.jpg?resize=300%2C130 300w, https:\/\/i0.wp.com\/www.robertosedda.it\/wp-content\/uploads\/2018\/03\/Quattro-mori.jpg?resize=510%2C221 510w\" sizes=\"(max-width: 700px) 100vw, 700px\" data-recalc-dims=\"1\" \/><\/a>Nel fine settimana sono rimasto impigliato in una polemica su una&nbsp;<em>chat<\/em> privata, polemica della quale&nbsp;<em>non<\/em> ho intenzione di parlare essendo l&#8217;ambiente, appunto, privato e anche per non indebolire con puntualizzazioni e reinterpretazioni le scuse presentate e il passo indietro fatto.<\/p>\n<p>Mi sembra per\u00f2 utile, in generale, riportare in auge alcuni vecchia articoli qui sul <em>blog<\/em> per precisare a eventuali spettatori di passaggio che io, in linea di principio, non ho obiezioni su una possibile indipendenza della Sardegna e certamente non ne ho sulla <a href=\"http:\/\/www.robertosedda.it\/?p=4519\">lingua sarda<\/a>; invece ne ho di insormontabili sui <a href=\"http:\/\/www.robertosedda.it\/?p=11229\">nazionalismi<\/a>&nbsp;e sulla <a href=\"http:\/\/www.robertosedda.it\/?p=4245\">strumentalizzazione della comunicazione<\/a>&nbsp;per sviluppare quel tipo di cultura tossica, comprese le <a href=\"http:\/\/www.robertosedda.it\/?p=14227\">invenzioni di miti storiografici<\/a>; credo anche che la&nbsp;<em>questione sarda<\/em>, qualunque essa sia, trarrebbe un gran vantaggio se si fosse capaci di <a href=\"http:\/\/www.robertosedda.it\/?p=13951\">guardarla con occhi diversi<\/a>.<\/p>\n<p>Tutto qui.<\/p>\n","protected":false},"excerpt":{"rendered":"<p>Nel fine settimana sono rimasto impigliato in una polemica su una&nbsp;chat privata, polemica della quale&nbsp;non ho intenzione di parlare essendo<\/p>\n","protected":false},"author":1,"featured_media":14895,"comment_status":"open","ping_status":"open","sticky":false,"template":"","format":"standard","meta":{"_mi_skip_tracking":false,"_monsterinsights_sitenote_active":false,"_monsterinsights_sitenote_note":"","_monsterinsights_sitenote_category":0,"jetpack_post_was_ever_published":false,"_jetpack_newsletter_access":"","jetpack_publicize_message":"","jetpack_is_tweetstorm":false,"jetpack_publicize_feature_enabled":true,"jetpack_social_post_already_shared":true,"jetpack_social_options":{"image_generator_settings":{"template":"highway","enabled":false}}},"categories":[52,57,17,59,16],"tags":[],"jetpack_publicize_connections":[],"jetpack_featured_media_url":"https:\/\/i0.wp.com\/www.robertosedda.it\/wp-content\/uploads\/2018\/03\/Quattro-mori.jpg?fit=700%2C303","jetpack_sharing_enabled":true,"jetpack_shortlink":"https:\/\/wp.me\/p4jV2T-3Sd","jetpack_likes_enabled":true,"jetpack-related-posts":[{"id":12032,"url":"http:\/\/www.robertosedda.it\/?p=12032","url_meta":{"origin":14893,"position":0},"title":"Fastidiosissimi","author":"Rufus","date":"31\/05\/2016","format":false,"excerpt":"Ci sono due cose che trovo insopportabili nella recente polemica sulla presunta influenza negativa di\u00a0Gomorra (la serie TV, non il libro). La prima \u00e8 che la polemica tocca argomenti sviscerati a fondo in pi\u00f9 e pi\u00f9 occasioni da almeno quarant'anni (io ho attraversato personalmente almeno altre due polemiche simili: quella\u2026","rel":"","context":"In &quot;Coordinate&quot;","block_context":{"text":"Coordinate","link":"http:\/\/www.robertosedda.it\/?cat=52"},"img":{"alt_text":"","src":"https:\/\/i0.wp.com\/www.robertosedda.it\/wp-content\/uploads\/2016\/05\/Gomorra-la-serie.jpg?fit=900%2C506&resize=350%2C200","width":350,"height":200,"srcset":"https:\/\/i0.wp.com\/www.robertosedda.it\/wp-content\/uploads\/2016\/05\/Gomorra-la-serie.jpg?fit=900%2C506&resize=350%2C200 1x, https:\/\/i0.wp.com\/www.robertosedda.it\/wp-content\/uploads\/2016\/05\/Gomorra-la-serie.jpg?fit=900%2C506&resize=700%2C400 2x"},"classes":[]},{"id":5618,"url":"http:\/\/www.robertosedda.it\/?p=5618","url_meta":{"origin":14893,"position":1},"title":"Il gusto acre dell&#8217;apologetica","author":"Rufus","date":"28\/12\/2013","format":"video","excerpt":"La puntata di Oggi parliamo di libri che ho messo in linea ieri, dedicata a padre Brown, \u00e8 notevole perch\u00e9 mi ha permesso di dichiararmi in disaccordo con le opinioni di Antonio Gramsci, come se anch'io fossi un intellettuale vero. Credo davvero che la lettura di Gramsci, sebbene suggestiva, sia\u2026","rel":"","context":"In &quot;Coordinate&quot;","block_context":{"text":"Coordinate","link":"http:\/\/www.robertosedda.it\/?cat=52"},"img":{"alt_text":"","src":"https:\/\/i0.wp.com\/img.youtube.com\/vi\/DClAVlhw5Tw\/0.jpg?resize=350%2C200","width":350,"height":200},"classes":[]},{"id":2080,"url":"http:\/\/www.robertosedda.it\/?p=2080","url_meta":{"origin":14893,"position":2},"title":"Cose che proseguono","author":"Rufus","date":"26\/01\/2013","format":false,"excerpt":"Non ho intenzione di tenere conto su questo blog di come evolvono tutte\u00a0le cose di cui mi capita di parlare, ma ogni tanto mi arrivano sotto mano aggiornamenti che mi fa piacere condividere. Il marchio della bestia e gli attrezzi per tracciare gli studenti Andrea Hernandez, la studentessa texana che\u2026","rel":"","context":"In &quot;Coordinate&quot;","block_context":{"text":"Coordinate","link":"http:\/\/www.robertosedda.it\/?cat=52"},"img":{"alt_text":"","src":"https:\/\/i0.wp.com\/www.robertosedda.it\/wp-content\/uploads\/2012\/11\/rfidpic.png?fit=660%2C512&resize=350%2C200","width":350,"height":200},"classes":[]},{"id":15103,"url":"http:\/\/www.robertosedda.it\/?p=15103","url_meta":{"origin":14893,"position":3},"title":"REBLOG: Femminismi in lite","author":"Rufus","date":"05\/05\/2018","format":false,"excerpt":"Segnalo su Micromega\u00a0l'articolo molto interessante di Carlo Formenti\u00a0Contro il femminismo di regime che, partendo da una recente polemica politico-filosofica, prova a attaccare contemporaneamente il cattivo universalismo di una parte del movimento femminista e dall'altra il cattivo\u00a0relativismo di altre pensatrici, e nel processo dice diverse cose molto condivisibili e cita fonti\u2026","rel":"","context":"In &quot;Coordinate&quot;","block_context":{"text":"Coordinate","link":"http:\/\/www.robertosedda.it\/?cat=52"},"img":{"alt_text":"","src":"https:\/\/i0.wp.com\/www.robertosedda.it\/wp-content\/uploads\/2018\/05\/MICROMEGA1200_728.jpg?fit=1200%2C728&resize=350%2C200","width":350,"height":200,"srcset":"https:\/\/i0.wp.com\/www.robertosedda.it\/wp-content\/uploads\/2018\/05\/MICROMEGA1200_728.jpg?fit=1200%2C728&resize=350%2C200 1x, https:\/\/i0.wp.com\/www.robertosedda.it\/wp-content\/uploads\/2018\/05\/MICROMEGA1200_728.jpg?fit=1200%2C728&resize=700%2C400 2x, https:\/\/i0.wp.com\/www.robertosedda.it\/wp-content\/uploads\/2018\/05\/MICROMEGA1200_728.jpg?fit=1200%2C728&resize=1050%2C600 3x"},"classes":[]},{"id":14299,"url":"http:\/\/www.robertosedda.it\/?p=14299","url_meta":{"origin":14893,"position":4},"title":"Dei boicottaggi","author":"Rufus","date":"16\/11\/2017","format":false,"excerpt":"Da qualche giorno rifletto sui boicottaggi. Ci sono altre attivit\u00e0 pi\u00f9 soddisfacenti, immagino, ma se non facessi queste cose non sarei il vostro amichevole Rufus che tutti stimate e amate, e quindi: i boicottaggi. Come credo tutti sappiano, il boicottaggio nasce come pratica\u00a0negoziale, pi\u00f9 o meno all'epoca e con motivazioni\u2026","rel":"","context":"In &quot;Coordinate&quot;","block_context":{"text":"Coordinate","link":"http:\/\/www.robertosedda.it\/?cat=52"},"img":{"alt_text":"","src":"https:\/\/i0.wp.com\/www.robertosedda.it\/wp-content\/uploads\/2017\/11\/Boicottaggio.jpg?fit=1200%2C600&resize=350%2C200","width":350,"height":200,"srcset":"https:\/\/i0.wp.com\/www.robertosedda.it\/wp-content\/uploads\/2017\/11\/Boicottaggio.jpg?fit=1200%2C600&resize=350%2C200 1x, https:\/\/i0.wp.com\/www.robertosedda.it\/wp-content\/uploads\/2017\/11\/Boicottaggio.jpg?fit=1200%2C600&resize=700%2C400 2x, https:\/\/i0.wp.com\/www.robertosedda.it\/wp-content\/uploads\/2017\/11\/Boicottaggio.jpg?fit=1200%2C600&resize=1050%2C600 3x"},"classes":[]},{"id":10864,"url":"http:\/\/www.robertosedda.it\/?p=10864","url_meta":{"origin":14893,"position":5},"title":"La pancia del Colosseo","author":"Rufus","date":"22\/09\/2015","format":false,"excerpt":"Sulla storia\u00a0del vergognoso decreto del Governo che fa rientrare la gestione dei siti archeologici fra i \"servizi pubblici essenziali\" arrivo buon ultimo, quindi non mi dilungo sul fatto in s\u00e9: cio\u00e8 di come venga usata un'assemblea sindacale\u00a0autorizzata in anticipo, che discute del fatto che i lavoratori non vengono pagati, per\u2026","rel":"","context":"In &quot;Coordinate&quot;","block_context":{"text":"Coordinate","link":"http:\/\/www.robertosedda.it\/?cat=52"},"img":{"alt_text":"","src":"https:\/\/i0.wp.com\/www.robertosedda.it\/wp-content\/uploads\/2015\/09\/National-Gallery.jpg?fit=707%2C281&resize=350%2C200","width":350,"height":200,"srcset":"https:\/\/i0.wp.com\/www.robertosedda.it\/wp-content\/uploads\/2015\/09\/National-Gallery.jpg?fit=707%2C281&resize=350%2C200 1x, https:\/\/i0.wp.com\/www.robertosedda.it\/wp-content\/uploads\/2015\/09\/National-Gallery.jpg?fit=707%2C281&resize=700%2C400 2x"},"classes":[]}],"_links":{"self":[{"href":"http:\/\/www.robertosedda.it\/index.php?rest_route=\/wp\/v2\/posts\/14893"}],"collection":[{"href":"http:\/\/www.robertosedda.it\/index.php?rest_route=\/wp\/v2\/posts"}],"about":[{"href":"http:\/\/www.robertosedda.it\/index.php?rest_route=\/wp\/v2\/types\/post"}],"author":[{"embeddable":true,"href":"http:\/\/www.robertosedda.it\/index.php?rest_route=\/wp\/v2\/users\/1"}],"replies":[{"embeddable":true,"href":"http:\/\/www.robertosedda.it\/index.php?rest_route=%2Fwp%2Fv2%2Fcomments&post=14893"}],"version-history":[{"count":3,"href":"http:\/\/www.robertosedda.it\/index.php?rest_route=\/wp\/v2\/posts\/14893\/revisions"}],"predecessor-version":[{"id":16473,"href":"http:\/\/www.robertosedda.it\/index.php?rest_route=\/wp\/v2\/posts\/14893\/revisions\/16473"}],"wp:featuredmedia":[{"embeddable":true,"href":"http:\/\/www.robertosedda.it\/index.php?rest_route=\/wp\/v2\/media\/14895"}],"wp:attachment":[{"href":"http:\/\/www.robertosedda.it\/index.php?rest_route=%2Fwp%2Fv2%2Fmedia&parent=14893"}],"wp:term":[{"taxonomy":"category","embeddable":true,"href":"http:\/\/www.robertosedda.it\/index.php?rest_route=%2Fwp%2Fv2%2Fcategories&post=14893"},{"taxonomy":"post_tag","embeddable":true,"href":"http:\/\/www.robertosedda.it\/index.php?rest_route=%2Fwp%2Fv2%2Ftags&post=14893"}],"curies":[{"name":"wp","href":"https:\/\/api.w.org\/{rel}","templated":true}]}}